{"id":15743,"date":"2023-09-20T18:01:16","date_gmt":"2023-09-20T16:01:16","guid":{"rendered":"https:\/\/www.minderheitensekretariat.de\/?p=15743"},"modified":"2023-09-27T17:55:37","modified_gmt":"2023-09-27T15:55:37","slug":"1-photo-ersetzenquelle-in-beschriftung-2-textauszug-erscheint-neben-bild-in-wordpress-bearbeiten-3-titel-hier-bearbeiten-in-permalink-einfuegen-4-mit-elementor-bearbeiten-4","status":"publish","type":"post","link":"https:\/\/www.minderheitensekretariat.de\/da\/2023\/09\/20\/1-photo-ersetzenquelle-in-beschriftung-2-textauszug-erscheint-neben-bild-in-wordpress-bearbeiten-3-titel-hier-bearbeiten-in-permalink-einfuegen-4-mit-elementor-bearbeiten-4\/","title":{"rendered":"Harfsthuuchsch\u00f6lj: Friesische Herbsthochschule 26.-29. Oktober"},"content":{"rendered":"\t\t<div data-elementor-type=\"wp-post\" data-elementor-id=\"15743\" class=\"elementor elementor-15743\" data-elementor-post-type=\"post\">\n\t\t\t\t\t\t<section class=\"elementor-section elementor-top-section elementor-element elementor-element-7333b6f elementor-section-boxed elementor-section-height-default elementor-section-height-default\" data-id=\"7333b6f\" data-element_type=\"section\" data-settings=\"{&quot;background_background&quot;:&quot;gradient&quot;}\">\n\t\t\t\t\t\t\t<div class=\"elementor-background-overlay\"><\/div>\n\t\t\t\t\t\t\t<div class=\"elementor-container elementor-column-gap-default\">\n\t\t\t\t\t<div class=\"elementor-column elementor-col-100 elementor-top-column elementor-element elementor-element-1b921a3\" data-id=\"1b921a3\" data-element_type=\"column\">\n\t\t\t<div class=\"elementor-widget-wrap elementor-element-populated\">\n\t\t\t\t\t\t<section class=\"elementor-section elementor-inner-section elementor-element elementor-element-b0fb436 elementor-section-full_width elementor-section-height-default elementor-section-height-default\" data-id=\"b0fb436\" data-element_type=\"section\">\n\t\t\t\t\t\t<div class=\"elementor-container elementor-column-gap-default\">\n\t\t\t\t\t<div class=\"elementor-column elementor-col-50 elementor-inner-column elementor-element elementor-element-fa2d1aa\" data-id=\"fa2d1aa\" data-element_type=\"column\">\n\t\t\t<div class=\"elementor-widget-wrap elementor-element-populated\">\n\t\t\t\t\t\t<div class=\"elementor-element elementor-element-ea2fe1b elementor-widget elementor-widget-image\" data-id=\"ea2fe1b\" data-element_type=\"widget\" data-widget_type=\"image.default\">\n\t\t\t\t<div class=\"elementor-widget-container\">\n\t\t\t\t\t\t\t\t\t\t<figure class=\"wp-caption\">\n\t\t\t\t\t\t\t\t\t\t<img fetchpriority=\"high\" decoding=\"async\" width=\"800\" height=\"296\" src=\"https:\/\/www.minderheitensekretariat.de\/wp-content\/uploads\/2023\/09\/Herbsthochschule_Friisk-Foriining-1024x379.jpg\" class=\"attachment-large size-large wp-image-15830\" alt=\"\" srcset=\"https:\/\/www.minderheitensekretariat.de\/wp-content\/uploads\/2023\/09\/Herbsthochschule_Friisk-Foriining-1024x379.jpg 1024w, https:\/\/www.minderheitensekretariat.de\/wp-content\/uploads\/2023\/09\/Herbsthochschule_Friisk-Foriining-300x111.jpg 300w, https:\/\/www.minderheitensekretariat.de\/wp-content\/uploads\/2023\/09\/Herbsthochschule_Friisk-Foriining-768x284.jpg 768w, https:\/\/www.minderheitensekretariat.de\/wp-content\/uploads\/2023\/09\/Herbsthochschule_Friisk-Foriining-1536x569.jpg 1536w, https:\/\/www.minderheitensekretariat.de\/wp-content\/uploads\/2023\/09\/Herbsthochschule_Friisk-Foriining-2048x758.jpg 2048w\" sizes=\"(max-width: 800px) 100vw, 800px\" \/>\t\t\t\t\t\t\t\t\t\t\t<figcaption class=\"widget-image-caption wp-caption-text\">(Bild: Friisk Foriining)<\/figcaption>\n\t\t\t\t\t\t\t\t\t\t<\/figure>\n\t\t\t\t\t\t\t<\/div>\n\t\t\t\t<\/div>\n\t\t\t\t\t<\/div>\n\t\t<\/div>\n\t\t\t\t<div class=\"elementor-column elementor-col-50 elementor-inner-column elementor-element elementor-element-f592ef7\" data-id=\"f592ef7\" data-element_type=\"column\">\n\t\t\t<div class=\"elementor-widget-wrap elementor-element-populated\">\n\t\t\t\t\t\t<div class=\"elementor-element elementor-element-03b0f5e elementor-widget elementor-widget-text-editor\" data-id=\"03b0f5e\" data-element_type=\"widget\" data-widget_type=\"text-editor.default\">\n\t\t\t\t<div class=\"elementor-widget-container\">\n\t\t\t\t\t\t\t20\/09\/2023\t\t\t\t\t\t<\/div>\n\t\t\t\t<\/div>\n\t\t\t\t<div class=\"elementor-element elementor-element-9bb1069 elementor-widget elementor-widget-heading\" data-id=\"9bb1069\" data-element_type=\"widget\" data-widget_type=\"heading.default\">\n\t\t\t\t<div class=\"elementor-widget-container\">\n\t\t\t<h2 class=\"elementor-heading-title elementor-size-default\">Harfsthuuchsch\u00f6lj: Friesische Herbsthochschule 26.-29. Oktober<\/h2>\t\t<\/div>\n\t\t\t\t<\/div>\n\t\t\t\t<div class=\"elementor-element elementor-element-1a51d24 elementor-widget elementor-widget-text-editor\" data-id=\"1a51d24\" data-element_type=\"widget\" data-widget_type=\"text-editor.default\">\n\t\t\t\t<div class=\"elementor-widget-container\">\n\t\t\t\t\t\t\tDie Friisk Foriining bietet vom 26. bis zum 29. Oktober wieder eine Herbsthochschule an.\t\t\t\t\t\t<\/div>\n\t\t\t\t<\/div>\n\t\t\t\t<div class=\"elementor-element elementor-element-2aa7c17 elementor-widget-divider--view-line elementor-widget elementor-widget-divider\" data-id=\"2aa7c17\" data-element_type=\"widget\" data-widget_type=\"divider.default\">\n\t\t\t\t<div class=\"elementor-widget-container\">\n\t\t\t\t\t<div class=\"elementor-divider\">\n\t\t\t<span class=\"elementor-divider-separator\">\n\t\t\t\t\t\t<\/span>\n\t\t<\/div>\n\t\t\t\t<\/div>\n\t\t\t\t<\/div>\n\t\t\t\t\t<\/div>\n\t\t<\/div>\n\t\t\t\t\t<\/div>\n\t\t<\/section>\n\t\t\t\t<div class=\"elementor-element elementor-element-87b8590 elementor-hidden-mobile elementor-invisible elementor-widget elementor-widget-image\" data-id=\"87b8590\" data-element_type=\"widget\" data-settings=\"{&quot;_animation&quot;:&quot;fadeInDown&quot;,&quot;_animation_delay&quot;:1000}\" data-widget_type=\"image.default\">\n\t\t\t\t<div class=\"elementor-widget-container\">\n\t\t\t\t\t\t\t\t\t\t\t\t\t\t<a href=\"#mehr\">\n\t\t\t\t\t\t\t<img decoding=\"async\" width=\"27\" height=\"15\" src=\"https:\/\/www.minderheitensekretariat.de\/wp-content\/uploads\/2022\/07\/arrow_down.svg\" class=\"elementor-animation-shrink attachment-large size-large wp-image-657\" alt=\"\" \/>\t\t\t\t\t\t\t\t<\/a>\n\t\t\t\t\t\t\t\t\t\t\t\t\t<\/div>\n\t\t\t\t<\/div>\n\t\t\t\t<section class=\"elementor-section elementor-inner-section elementor-element elementor-element-8629abe elementor-section-boxed elementor-section-height-default elementor-section-height-default\" data-id=\"8629abe\" data-element_type=\"section\">\n\t\t\t\t\t\t<div class=\"elementor-container elementor-column-gap-default\">\n\t\t\t\t\t<div class=\"elementor-column elementor-col-100 elementor-inner-column elementor-element elementor-element-8fa23c1\" data-id=\"8fa23c1\" data-element_type=\"column\">\n\t\t\t<div class=\"elementor-widget-wrap elementor-element-populated\">\n\t\t\t\t\t\t<div class=\"elementor-element elementor-element-c01359a elementor-widget elementor-widget-text-editor\" data-id=\"c01359a\" data-element_type=\"widget\" data-widget_type=\"text-editor.default\">\n\t\t\t\t<div class=\"elementor-widget-container\">\n\t\t\t\t\t\t\t<p><strong>Harfsthuuchsch\u00f6lj foon t\u00f6rsdi di 26ste bit saandi di 29ste oktoober<\/strong><br \/>E Friisk Foriining l\u00e5\u00e5sit uk jarling wi tu en harfsthuuchsch\u00f6lj, weer e frasche spr\u00e4ke \u00f6nj e fokus stoont. Deer w\u00e5rt frasch, fering, s\u00f6l\u00adring, \u00f6\u00f6mrang, fr\u00e4isch unti frysk sn\u00e5\u00e5ked.<br \/>Et harfsthuuchsch\u00f6lj fant st\u00e4\u00e4 \u00f6nj Jarplund. Heer kaame da diiljnaamere \u00f6nj \u00e4inkelt- unti d\u00f6\u00f6weltd\u00f6rnsche uner.<br \/>Et program bestoont \u00fct \u00fcnlike \u00e5rbesfloose, weer f\u00f6ljk wat naies liire \u00e4n uk spoos heewe koon. Uk en \u00fctfluch tut ECMI, en fordreegen \u00e4n en quizeen w\u00e5rde diilj foont program weese.<br \/>F\u00f6ljk koon uk seelew wat \u00f6njbiidje unti en latj fordreeging h\u00fc\u00fclje. Mald de bai \u00fcs, wan d\u00fc en toochte h\u00e4\u00e4st.<br \/>For da bjarne w\u00e5rt et en \u00e4in program jeewe.<br \/><br \/>Nouere Informatsjoone fine jam \u00f6nj e flyer:\u00a0<span style=\"text-decoration: underline;\"><strong><a href=\"https:\/\/friiske.us19.list-manage.com\/track\/click?u=dc081d5e6319220edcd6f8e60&amp;id=f2a7778cb3&amp;e=7c9f8cf898\" target=\"_blank\" rel=\"noopener noreferrer\">Program \/ Flyer<\/a><\/strong><\/span><\/p><p>\u00a0<\/p><p><strong>Herbsthochschule von Donnerstag den 26. bis Sonntag den 29. Oktober<\/strong><br \/>Die Friisk Foriining bietet vom auch dieses Jahr wieder eine Herbsthochschule mit einer Vielzahl von Aktivit\u00e4ten an, bei denen die friesische Sprache im Mittelpunkt steht.<br \/>Wer gerade Friesisch lernt, ist genau so herzlich willkommen wie diejenigen, die bereits Friesisch sprechen, aber gerne etwas dazulernen m\u00f6chten.<br \/>Die Herbsthochschule findet in der d\u00e4nischen Heimvolkshochschule in Jarplund statt, wo die Teilnehmer in Einzel- oder Doppelzimmern untergebracht sind.<br \/>Im umfangreichen Programm werden ver\u00adschiedene Workshops und Seminare angeboten.<br \/>Auch ein Ausflug zum ECMI, ein Vortrag und ein Quizabend\u00a0sind Teil des Programms.<br \/>Jeder kann auch selbst etwas anbieten, oder einen kleinen Vortrag halten. Melde dich gerne bei uns, wenn du Vorschl\u00e4ge hast.<br \/>F\u00fcr Kinder werden gesonderte Programmpunkte angeboten.<br \/><br \/>Mehr Informationen\u00a0findet ihr im Flyer:\u00a0<span style=\"text-decoration: underline;\"><a href=\"https:\/\/friiske.us19.list-manage.com\/track\/click?u=dc081d5e6319220edcd6f8e60&amp;id=fbea19cf3a&amp;e=7c9f8cf898\" target=\"_blank\" rel=\"noopener noreferrer\">Programm \/ Flyer<\/a><\/span><\/p><p>\u00a0<\/p><p><span style=\"color: var( --e-global-color-39532aa ); letter-spacing: 0px; background-color: transparent;\">(Quelle: Friisk Foriining, 19.09.2023<\/span><span style=\"color: var( --e-global-color-39532aa ); letter-spacing: 0px; background-color: transparent;\">)<\/span><\/p>\t\t\t\t\t\t<\/div>\n\t\t\t\t<\/div>\n\t\t\t\t\t<\/div>\n\t\t<\/div>\n\t\t\t\t\t<\/div>\n\t\t<\/section>\n\t\t\t\t<section class=\"elementor-section elementor-inner-section elementor-element elementor-element-79ac782 elementor-section-boxed elementor-section-height-default elementor-section-height-default\" data-id=\"79ac782\" data-element_type=\"section\">\n\t\t\t\t\t\t<div class=\"elementor-container elementor-column-gap-default\">\n\t\t\t\t\t<div class=\"elementor-column elementor-col-100 elementor-inner-column elementor-element elementor-element-535e876\" data-id=\"535e876\" data-element_type=\"column\">\n\t\t\t<div class=\"elementor-widget-wrap elementor-element-populated\">\n\t\t\t\t\t\t<div class=\"elementor-element elementor-element-96396bc elementor-align-center elementor-widget elementor-widget-button\" data-id=\"96396bc\" data-element_type=\"widget\" data-widget_type=\"button.default\">\n\t\t\t\t<div class=\"elementor-widget-container\">\n\t\t\t\t\t\t\t<div class=\"elementor-button-wrapper\">\n\t\t\t\t\t<a class=\"elementor-button elementor-button-link elementor-size-sm\" href=\"\/aktuelles\/\">\n\t\t\t\t\t\t<span class=\"elementor-button-content-wrapper\">\n\t\t\t\t\t\t\t\t\t<span class=\"elementor-button-text\">Zur\u00fcck zur \u00dcbersicht<\/span>\n\t\t\t\t\t<\/span>\n\t\t\t\t\t<\/a>\n\t\t\t\t<\/div>\n\t\t\t\t\t\t<\/div>\n\t\t\t\t<\/div>\n\t\t\t\t\t<\/div>\n\t\t<\/div>\n\t\t\t\t\t<\/div>\n\t\t<\/section>\n\t\t\t\t\t<\/div>\n\t\t<\/div>\n\t\t\t\t\t<\/div>\n\t\t<\/section>\n\t\t\t\t<\/div>\n\t\t","protected":false},"excerpt":{"rendered":"<p>Die Friisk Foriining bietet vom 26. bis zum 29. Oktober wieder eine Herbsthochschule an.<\/p>\n","protected":false},"author":1,"featured_media":15830,"comment_status":"closed","ping_status":"closed","sticky":false,"template":"elementor_header_footer","format":"standard","meta":{"footnotes":""},"categories":[53,49],"tags":[],"class_list":["post-15743","post","type-post","status-publish","format-standard","has-post-thumbnail","hentry","category-news","category-startseite"],"yoast_head":"<!-- This site is optimized with the Yoast SEO plugin v23.8 - https:\/\/yoast.com\/wordpress\/plugins\/seo\/ -->\n<title>Harfsthuuchsch\u00f6lj: Friesische Herbsthochschule 26.-29. Oktober - Minderheitensekretariat<\/title>\n<meta name=\"robots\" content=\"index, follow, max-snippet:-1, max-image-preview:large, max-video-preview:-1\" \/>\n<link rel=\"canonical\" href=\"https:\/\/www.minderheitensekretariat.de\/da\/2023\/09\/20\/1-photo-ersetzenquelle-in-beschriftung-2-textauszug-erscheint-neben-bild-in-wordpress-bearbeiten-3-titel-hier-bearbeiten-in-permalink-einfuegen-4-mit-elementor-bearbeiten-4\/\" \/>\n<meta property=\"og:locale\" content=\"da_DK\" \/>\n<meta property=\"og:type\" content=\"article\" \/>\n<meta property=\"og:title\" content=\"Harfsthuuchsch\u00f6lj: Friesische Herbsthochschule 26.-29. Oktober - Minderheitensekretariat\" \/>\n<meta property=\"og:description\" content=\"Die Friisk Foriining bietet vom 26. bis zum 29. Oktober wieder eine Herbsthochschule an.\" \/>\n<meta property=\"og:url\" content=\"https:\/\/www.minderheitensekretariat.de\/da\/2023\/09\/20\/1-photo-ersetzenquelle-in-beschriftung-2-textauszug-erscheint-neben-bild-in-wordpress-bearbeiten-3-titel-hier-bearbeiten-in-permalink-einfuegen-4-mit-elementor-bearbeiten-4\/\" \/>\n<meta property=\"og:site_name\" content=\"Minderheitensekretariat\" \/>\n<meta property=\"article:publisher\" content=\"https:\/\/www.facebook.com\/minderheitensekretariat.de\" \/>\n<meta property=\"article:published_time\" content=\"2023-09-20T16:01:16+00:00\" \/>\n<meta property=\"article:modified_time\" content=\"2023-09-27T15:55:37+00:00\" \/>\n<meta property=\"og:image\" content=\"https:\/\/www.minderheitensekretariat.de\/wp-content\/uploads\/2023\/09\/Herbsthochschule_Friisk-Foriining.jpg\" \/>\n\t<meta property=\"og:image:width\" content=\"2412\" \/>\n\t<meta property=\"og:image:height\" content=\"893\" \/>\n\t<meta property=\"og:image:type\" content=\"image\/jpeg\" \/>\n<meta name=\"author\" content=\"Minderheitensekretariat\" \/>\n<meta name=\"twitter:card\" content=\"summary_large_image\" \/>\n<meta name=\"twitter:label1\" content=\"Skrevet af\" \/>\n\t<meta name=\"twitter:data1\" content=\"Minderheitensekretariat\" \/>\n\t<meta name=\"twitter:label2\" content=\"Estimeret l\u00e6setid\" \/>\n\t<meta name=\"twitter:data2\" content=\"2 minutter\" \/>\n<script type=\"application\/ld+json\" class=\"yoast-schema-graph\">{\"@context\":\"https:\/\/schema.org\",\"@graph\":[{\"@type\":\"Article\",\"@id\":\"https:\/\/www.minderheitensekretariat.de\/da\/2023\/09\/20\/1-photo-ersetzenquelle-in-beschriftung-2-textauszug-erscheint-neben-bild-in-wordpress-bearbeiten-3-titel-hier-bearbeiten-in-permalink-einfuegen-4-mit-elementor-bearbeiten-4\/#article\",\"isPartOf\":{\"@id\":\"https:\/\/www.minderheitensekretariat.de\/da\/2023\/09\/20\/1-photo-ersetzenquelle-in-beschriftung-2-textauszug-erscheint-neben-bild-in-wordpress-bearbeiten-3-titel-hier-bearbeiten-in-permalink-einfuegen-4-mit-elementor-bearbeiten-4\/\"},\"author\":{\"name\":\"Minderheitensekretariat\",\"@id\":\"https:\/\/www.minderheitensekretariat.de\/da\/#\/schema\/person\/55df1c4c912f10debba5dfc9bc26c1cf\"},\"headline\":\"Harfsthuuchsch\u00f6lj: Friesische Herbsthochschule 26.-29. Oktober\",\"datePublished\":\"2023-09-20T16:01:16+00:00\",\"dateModified\":\"2023-09-27T15:55:37+00:00\",\"mainEntityOfPage\":{\"@id\":\"https:\/\/www.minderheitensekretariat.de\/da\/2023\/09\/20\/1-photo-ersetzenquelle-in-beschriftung-2-textauszug-erscheint-neben-bild-in-wordpress-bearbeiten-3-titel-hier-bearbeiten-in-permalink-einfuegen-4-mit-elementor-bearbeiten-4\/\"},\"wordCount\":299,\"publisher\":{\"@id\":\"https:\/\/www.minderheitensekretariat.de\/da\/#organization\"},\"image\":{\"@id\":\"https:\/\/www.minderheitensekretariat.de\/da\/2023\/09\/20\/1-photo-ersetzenquelle-in-beschriftung-2-textauszug-erscheint-neben-bild-in-wordpress-bearbeiten-3-titel-hier-bearbeiten-in-permalink-einfuegen-4-mit-elementor-bearbeiten-4\/#primaryimage\"},\"thumbnailUrl\":\"https:\/\/www.minderheitensekretariat.de\/wp-content\/uploads\/2023\/09\/Herbsthochschule_Friisk-Foriining.jpg\",\"articleSection\":[\"News\",\"Startseite\"],\"inLanguage\":\"da-DK\"},{\"@type\":\"WebPage\",\"@id\":\"https:\/\/www.minderheitensekretariat.de\/da\/2023\/09\/20\/1-photo-ersetzenquelle-in-beschriftung-2-textauszug-erscheint-neben-bild-in-wordpress-bearbeiten-3-titel-hier-bearbeiten-in-permalink-einfuegen-4-mit-elementor-bearbeiten-4\/\",\"url\":\"https:\/\/www.minderheitensekretariat.de\/da\/2023\/09\/20\/1-photo-ersetzenquelle-in-beschriftung-2-textauszug-erscheint-neben-bild-in-wordpress-bearbeiten-3-titel-hier-bearbeiten-in-permalink-einfuegen-4-mit-elementor-bearbeiten-4\/\",\"name\":\"Harfsthuuchsch\u00f6lj: Friesische Herbsthochschule 26.-29. Oktober - Minderheitensekretariat\",\"isPartOf\":{\"@id\":\"https:\/\/www.minderheitensekretariat.de\/da\/#website\"},\"primaryImageOfPage\":{\"@id\":\"https:\/\/www.minderheitensekretariat.de\/da\/2023\/09\/20\/1-photo-ersetzenquelle-in-beschriftung-2-textauszug-erscheint-neben-bild-in-wordpress-bearbeiten-3-titel-hier-bearbeiten-in-permalink-einfuegen-4-mit-elementor-bearbeiten-4\/#primaryimage\"},\"image\":{\"@id\":\"https:\/\/www.minderheitensekretariat.de\/da\/2023\/09\/20\/1-photo-ersetzenquelle-in-beschriftung-2-textauszug-erscheint-neben-bild-in-wordpress-bearbeiten-3-titel-hier-bearbeiten-in-permalink-einfuegen-4-mit-elementor-bearbeiten-4\/#primaryimage\"},\"thumbnailUrl\":\"https:\/\/www.minderheitensekretariat.de\/wp-content\/uploads\/2023\/09\/Herbsthochschule_Friisk-Foriining.jpg\",\"datePublished\":\"2023-09-20T16:01:16+00:00\",\"dateModified\":\"2023-09-27T15:55:37+00:00\",\"breadcrumb\":{\"@id\":\"https:\/\/www.minderheitensekretariat.de\/da\/2023\/09\/20\/1-photo-ersetzenquelle-in-beschriftung-2-textauszug-erscheint-neben-bild-in-wordpress-bearbeiten-3-titel-hier-bearbeiten-in-permalink-einfuegen-4-mit-elementor-bearbeiten-4\/#breadcrumb\"},\"inLanguage\":\"da-DK\",\"potentialAction\":[{\"@type\":\"ReadAction\",\"target\":[\"https:\/\/www.minderheitensekretariat.de\/da\/2023\/09\/20\/1-photo-ersetzenquelle-in-beschriftung-2-textauszug-erscheint-neben-bild-in-wordpress-bearbeiten-3-titel-hier-bearbeiten-in-permalink-einfuegen-4-mit-elementor-bearbeiten-4\/\"]}]},{\"@type\":\"ImageObject\",\"inLanguage\":\"da-DK\",\"@id\":\"https:\/\/www.minderheitensekretariat.de\/da\/2023\/09\/20\/1-photo-ersetzenquelle-in-beschriftung-2-textauszug-erscheint-neben-bild-in-wordpress-bearbeiten-3-titel-hier-bearbeiten-in-permalink-einfuegen-4-mit-elementor-bearbeiten-4\/#primaryimage\",\"url\":\"https:\/\/www.minderheitensekretariat.de\/wp-content\/uploads\/2023\/09\/Herbsthochschule_Friisk-Foriining.jpg\",\"contentUrl\":\"https:\/\/www.minderheitensekretariat.de\/wp-content\/uploads\/2023\/09\/Herbsthochschule_Friisk-Foriining.jpg\",\"width\":2412,\"height\":893,\"caption\":\"(Bild: Friisk Foriining)\"},{\"@type\":\"BreadcrumbList\",\"@id\":\"https:\/\/www.minderheitensekretariat.de\/da\/2023\/09\/20\/1-photo-ersetzenquelle-in-beschriftung-2-textauszug-erscheint-neben-bild-in-wordpress-bearbeiten-3-titel-hier-bearbeiten-in-permalink-einfuegen-4-mit-elementor-bearbeiten-4\/#breadcrumb\",\"itemListElement\":[{\"@type\":\"ListItem\",\"position\":1,\"name\":\"Startseite\",\"item\":\"https:\/\/www.minderheitensekretariat.de\/da\/\"},{\"@type\":\"ListItem\",\"position\":2,\"name\":\"Harfsthuuchsch\u00f6lj: Friesische Herbsthochschule 26.-29. Oktober\"}]},{\"@type\":\"WebSite\",\"@id\":\"https:\/\/www.minderheitensekretariat.de\/da\/#website\",\"url\":\"https:\/\/www.minderheitensekretariat.de\/da\/\",\"name\":\"Minderheitensekretariat\",\"description\":\"\",\"publisher\":{\"@id\":\"https:\/\/www.minderheitensekretariat.de\/da\/#organization\"},\"potentialAction\":[{\"@type\":\"SearchAction\",\"target\":{\"@type\":\"EntryPoint\",\"urlTemplate\":\"https:\/\/www.minderheitensekretariat.de\/da\/?s={search_term_string}\"},\"query-input\":{\"@type\":\"PropertyValueSpecification\",\"valueRequired\":true,\"valueName\":\"search_term_string\"}}],\"inLanguage\":\"da-DK\"},{\"@type\":\"Organization\",\"@id\":\"https:\/\/www.minderheitensekretariat.de\/da\/#organization\",\"name\":\"Minderheitensekretariat\",\"url\":\"https:\/\/www.minderheitensekretariat.de\/da\/\",\"logo\":{\"@type\":\"ImageObject\",\"inLanguage\":\"da-DK\",\"@id\":\"https:\/\/www.minderheitensekretariat.de\/da\/#\/schema\/logo\/image\/\",\"url\":\"https:\/\/www.minderheitensekretariat.de\/wp-content\/uploads\/2023\/03\/Min_sek_Logo_4c.jpg\",\"contentUrl\":\"https:\/\/www.minderheitensekretariat.de\/wp-content\/uploads\/2023\/03\/Min_sek_Logo_4c.jpg\",\"width\":984,\"height\":236,\"caption\":\"Minderheitensekretariat\"},\"image\":{\"@id\":\"https:\/\/www.minderheitensekretariat.de\/da\/#\/schema\/logo\/image\/\"},\"sameAs\":[\"https:\/\/www.facebook.com\/minderheitensekretariat.de\"]},{\"@type\":\"Person\",\"@id\":\"https:\/\/www.minderheitensekretariat.de\/da\/#\/schema\/person\/55df1c4c912f10debba5dfc9bc26c1cf\",\"name\":\"Minderheitensekretariat\",\"image\":{\"@type\":\"ImageObject\",\"inLanguage\":\"da-DK\",\"@id\":\"https:\/\/www.minderheitensekretariat.de\/da\/#\/schema\/person\/image\/\",\"url\":\"https:\/\/secure.gravatar.com\/avatar\/370caba7511c95d16d2d05ef3fa57095fae805fdb97d13f46df8534525f106da?s=96&d=mm&r=g\",\"contentUrl\":\"https:\/\/secure.gravatar.com\/avatar\/370caba7511c95d16d2d05ef3fa57095fae805fdb97d13f46df8534525f106da?s=96&d=mm&r=g\",\"caption\":\"Minderheitensekretariat\"},\"sameAs\":[\"https:\/\/www.minderheitensekretariat.de\"],\"url\":\"https:\/\/www.minderheitensekretariat.de\/da\/author\/minderheitensekretariat\/\"}]}<\/script>\n<!-- \/ Yoast SEO plugin. -->","yoast_head_json":{"title":"Harfsthuuchsch\u00f6lj: Friesische Herbsthochschule 26.-29. Oktober - Minderheitensekretariat","robots":{"index":"index","follow":"follow","max-snippet":"max-snippet:-1","max-image-preview":"max-image-preview:large","max-video-preview":"max-video-preview:-1"},"canonical":"https:\/\/www.minderheitensekretariat.de\/da\/2023\/09\/20\/1-photo-ersetzenquelle-in-beschriftung-2-textauszug-erscheint-neben-bild-in-wordpress-bearbeiten-3-titel-hier-bearbeiten-in-permalink-einfuegen-4-mit-elementor-bearbeiten-4\/","og_locale":"da_DK","og_type":"article","og_title":"Harfsthuuchsch\u00f6lj: Friesische Herbsthochschule 26.-29. Oktober - Minderheitensekretariat","og_description":"Die Friisk Foriining bietet vom 26. bis zum 29. Oktober wieder eine Herbsthochschule an.","og_url":"https:\/\/www.minderheitensekretariat.de\/da\/2023\/09\/20\/1-photo-ersetzenquelle-in-beschriftung-2-textauszug-erscheint-neben-bild-in-wordpress-bearbeiten-3-titel-hier-bearbeiten-in-permalink-einfuegen-4-mit-elementor-bearbeiten-4\/","og_site_name":"Minderheitensekretariat","article_publisher":"https:\/\/www.facebook.com\/minderheitensekretariat.de","article_published_time":"2023-09-20T16:01:16+00:00","article_modified_time":"2023-09-27T15:55:37+00:00","og_image":[{"width":2412,"height":893,"url":"https:\/\/www.minderheitensekretariat.de\/wp-content\/uploads\/2023\/09\/Herbsthochschule_Friisk-Foriining.jpg","type":"image\/jpeg"}],"author":"Minderheitensekretariat","twitter_card":"summary_large_image","twitter_misc":{"Skrevet af":"Minderheitensekretariat","Estimeret l\u00e6setid":"2 minutter"},"schema":{"@context":"https:\/\/schema.org","@graph":[{"@type":"Article","@id":"https:\/\/www.minderheitensekretariat.de\/da\/2023\/09\/20\/1-photo-ersetzenquelle-in-beschriftung-2-textauszug-erscheint-neben-bild-in-wordpress-bearbeiten-3-titel-hier-bearbeiten-in-permalink-einfuegen-4-mit-elementor-bearbeiten-4\/#article","isPartOf":{"@id":"https:\/\/www.minderheitensekretariat.de\/da\/2023\/09\/20\/1-photo-ersetzenquelle-in-beschriftung-2-textauszug-erscheint-neben-bild-in-wordpress-bearbeiten-3-titel-hier-bearbeiten-in-permalink-einfuegen-4-mit-elementor-bearbeiten-4\/"},"author":{"name":"Minderheitensekretariat","@id":"https:\/\/www.minderheitensekretariat.de\/da\/#\/schema\/person\/55df1c4c912f10debba5dfc9bc26c1cf"},"headline":"Harfsthuuchsch\u00f6lj: Friesische Herbsthochschule 26.-29. Oktober","datePublished":"2023-09-20T16:01:16+00:00","dateModified":"2023-09-27T15:55:37+00:00","mainEntityOfPage":{"@id":"https:\/\/www.minderheitensekretariat.de\/da\/2023\/09\/20\/1-photo-ersetzenquelle-in-beschriftung-2-textauszug-erscheint-neben-bild-in-wordpress-bearbeiten-3-titel-hier-bearbeiten-in-permalink-einfuegen-4-mit-elementor-bearbeiten-4\/"},"wordCount":299,"publisher":{"@id":"https:\/\/www.minderheitensekretariat.de\/da\/#organization"},"image":{"@id":"https:\/\/www.minderheitensekretariat.de\/da\/2023\/09\/20\/1-photo-ersetzenquelle-in-beschriftung-2-textauszug-erscheint-neben-bild-in-wordpress-bearbeiten-3-titel-hier-bearbeiten-in-permalink-einfuegen-4-mit-elementor-bearbeiten-4\/#primaryimage"},"thumbnailUrl":"https:\/\/www.minderheitensekretariat.de\/wp-content\/uploads\/2023\/09\/Herbsthochschule_Friisk-Foriining.jpg","articleSection":["News","Startseite"],"inLanguage":"da-DK"},{"@type":"WebPage","@id":"https:\/\/www.minderheitensekretariat.de\/da\/2023\/09\/20\/1-photo-ersetzenquelle-in-beschriftung-2-textauszug-erscheint-neben-bild-in-wordpress-bearbeiten-3-titel-hier-bearbeiten-in-permalink-einfuegen-4-mit-elementor-bearbeiten-4\/","url":"https:\/\/www.minderheitensekretariat.de\/da\/2023\/09\/20\/1-photo-ersetzenquelle-in-beschriftung-2-textauszug-erscheint-neben-bild-in-wordpress-bearbeiten-3-titel-hier-bearbeiten-in-permalink-einfuegen-4-mit-elementor-bearbeiten-4\/","name":"Harfsthuuchsch\u00f6lj: Friesische Herbsthochschule 26.-29. Oktober - Minderheitensekretariat","isPartOf":{"@id":"https:\/\/www.minderheitensekretariat.de\/da\/#website"},"primaryImageOfPage":{"@id":"https:\/\/www.minderheitensekretariat.de\/da\/2023\/09\/20\/1-photo-ersetzenquelle-in-beschriftung-2-textauszug-erscheint-neben-bild-in-wordpress-bearbeiten-3-titel-hier-bearbeiten-in-permalink-einfuegen-4-mit-elementor-bearbeiten-4\/#primaryimage"},"image":{"@id":"https:\/\/www.minderheitensekretariat.de\/da\/2023\/09\/20\/1-photo-ersetzenquelle-in-beschriftung-2-textauszug-erscheint-neben-bild-in-wordpress-bearbeiten-3-titel-hier-bearbeiten-in-permalink-einfuegen-4-mit-elementor-bearbeiten-4\/#primaryimage"},"thumbnailUrl":"https:\/\/www.minderheitensekretariat.de\/wp-content\/uploads\/2023\/09\/Herbsthochschule_Friisk-Foriining.jpg","datePublished":"2023-09-20T16:01:16+00:00","dateModified":"2023-09-27T15:55:37+00:00","breadcrumb":{"@id":"https:\/\/www.minderheitensekretariat.de\/da\/2023\/09\/20\/1-photo-ersetzenquelle-in-beschriftung-2-textauszug-erscheint-neben-bild-in-wordpress-bearbeiten-3-titel-hier-bearbeiten-in-permalink-einfuegen-4-mit-elementor-bearbeiten-4\/#breadcrumb"},"inLanguage":"da-DK","potentialAction":[{"@type":"ReadAction","target":["https:\/\/www.minderheitensekretariat.de\/da\/2023\/09\/20\/1-photo-ersetzenquelle-in-beschriftung-2-textauszug-erscheint-neben-bild-in-wordpress-bearbeiten-3-titel-hier-bearbeiten-in-permalink-einfuegen-4-mit-elementor-bearbeiten-4\/"]}]},{"@type":"ImageObject","inLanguage":"da-DK","@id":"https:\/\/www.minderheitensekretariat.de\/da\/2023\/09\/20\/1-photo-ersetzenquelle-in-beschriftung-2-textauszug-erscheint-neben-bild-in-wordpress-bearbeiten-3-titel-hier-bearbeiten-in-permalink-einfuegen-4-mit-elementor-bearbeiten-4\/#primaryimage","url":"https:\/\/www.minderheitensekretariat.de\/wp-content\/uploads\/2023\/09\/Herbsthochschule_Friisk-Foriining.jpg","contentUrl":"https:\/\/www.minderheitensekretariat.de\/wp-content\/uploads\/2023\/09\/Herbsthochschule_Friisk-Foriining.jpg","width":2412,"height":893,"caption":"(Bild: Friisk Foriining)"},{"@type":"BreadcrumbList","@id":"https:\/\/www.minderheitensekretariat.de\/da\/2023\/09\/20\/1-photo-ersetzenquelle-in-beschriftung-2-textauszug-erscheint-neben-bild-in-wordpress-bearbeiten-3-titel-hier-bearbeiten-in-permalink-einfuegen-4-mit-elementor-bearbeiten-4\/#breadcrumb","itemListElement":[{"@type":"ListItem","position":1,"name":"Startseite","item":"https:\/\/www.minderheitensekretariat.de\/da\/"},{"@type":"ListItem","position":2,"name":"Harfsthuuchsch\u00f6lj: Friesische Herbsthochschule 26.-29. Oktober"}]},{"@type":"WebSite","@id":"https:\/\/www.minderheitensekretariat.de\/da\/#website","url":"https:\/\/www.minderheitensekretariat.de\/da\/","name":"Minderheitensekretariat","description":"","publisher":{"@id":"https:\/\/www.minderheitensekretariat.de\/da\/#organization"},"potentialAction":[{"@type":"SearchAction","target":{"@type":"EntryPoint","urlTemplate":"https:\/\/www.minderheitensekretariat.de\/da\/?s={search_term_string}"},"query-input":{"@type":"PropertyValueSpecification","valueRequired":true,"valueName":"search_term_string"}}],"inLanguage":"da-DK"},{"@type":"Organization","@id":"https:\/\/www.minderheitensekretariat.de\/da\/#organization","name":"Minderheitensekretariat","url":"https:\/\/www.minderheitensekretariat.de\/da\/","logo":{"@type":"ImageObject","inLanguage":"da-DK","@id":"https:\/\/www.minderheitensekretariat.de\/da\/#\/schema\/logo\/image\/","url":"https:\/\/www.minderheitensekretariat.de\/wp-content\/uploads\/2023\/03\/Min_sek_Logo_4c.jpg","contentUrl":"https:\/\/www.minderheitensekretariat.de\/wp-content\/uploads\/2023\/03\/Min_sek_Logo_4c.jpg","width":984,"height":236,"caption":"Minderheitensekretariat"},"image":{"@id":"https:\/\/www.minderheitensekretariat.de\/da\/#\/schema\/logo\/image\/"},"sameAs":["https:\/\/www.facebook.com\/minderheitensekretariat.de"]},{"@type":"Person","@id":"https:\/\/www.minderheitensekretariat.de\/da\/#\/schema\/person\/55df1c4c912f10debba5dfc9bc26c1cf","name":"Minderheitensekretariat","image":{"@type":"ImageObject","inLanguage":"da-DK","@id":"https:\/\/www.minderheitensekretariat.de\/da\/#\/schema\/person\/image\/","url":"https:\/\/secure.gravatar.com\/avatar\/370caba7511c95d16d2d05ef3fa57095fae805fdb97d13f46df8534525f106da?s=96&d=mm&r=g","contentUrl":"https:\/\/secure.gravatar.com\/avatar\/370caba7511c95d16d2d05ef3fa57095fae805fdb97d13f46df8534525f106da?s=96&d=mm&r=g","caption":"Minderheitensekretariat"},"sameAs":["https:\/\/www.minderheitensekretariat.de"],"url":"https:\/\/www.minderheitensekretariat.de\/da\/author\/minderheitensekretariat\/"}]}},"_links":{"self":[{"href":"https:\/\/www.minderheitensekretariat.de\/da\/wp-json\/wp\/v2\/posts\/15743","targetHints":{"allow":["GET"]}}],"collection":[{"href":"https:\/\/www.minderheitensekretariat.de\/da\/wp-json\/wp\/v2\/posts"}],"about":[{"href":"https:\/\/www.minderheitensekretariat.de\/da\/wp-json\/wp\/v2\/types\/post"}],"author":[{"embeddable":true,"href":"https:\/\/www.minderheitensekretariat.de\/da\/wp-json\/wp\/v2\/users\/1"}],"replies":[{"embeddable":true,"href":"https:\/\/www.minderheitensekretariat.de\/da\/wp-json\/wp\/v2\/comments?post=15743"}],"version-history":[{"count":10,"href":"https:\/\/www.minderheitensekretariat.de\/da\/wp-json\/wp\/v2\/posts\/15743\/revisions"}],"predecessor-version":[{"id":16211,"href":"https:\/\/www.minderheitensekretariat.de\/da\/wp-json\/wp\/v2\/posts\/15743\/revisions\/16211"}],"wp:featuredmedia":[{"embeddable":true,"href":"https:\/\/www.minderheitensekretariat.de\/da\/wp-json\/wp\/v2\/media\/15830"}],"wp:attachment":[{"href":"https:\/\/www.minderheitensekretariat.de\/da\/wp-json\/wp\/v2\/media?parent=15743"}],"wp:term":[{"taxonomy":"category","embeddable":true,"href":"https:\/\/www.minderheitensekretariat.de\/da\/wp-json\/wp\/v2\/categories?post=15743"},{"taxonomy":"post_tag","embeddable":true,"href":"https:\/\/www.minderheitensekretariat.de\/da\/wp-json\/wp\/v2\/tags?post=15743"}],"curies":[{"name":"wp","href":"https:\/\/api.w.org\/{rel}","templated":true}]}}