{"id":17873,"date":"2024-09-11T11:41:02","date_gmt":"2024-09-11T09:41:02","guid":{"rendered":"https:\/\/www.minderheitensekretariat.de\/?p=17873"},"modified":"2024-09-11T12:31:56","modified_gmt":"2024-09-11T10:31:56","slug":"ruckblick-auf-das-vernetzungstreffen-vielfalt-zwischen-den-meeren-in-flensburg-19-23-juli","status":"publish","type":"post","link":"https:\/\/www.minderheitensekretariat.de\/da\/2024\/09\/11\/ruckblick-auf-das-vernetzungstreffen-vielfalt-zwischen-den-meeren-in-flensburg-19-23-juli\/","title":{"rendered":"R\u00fcckblick auf das Vernetzungstreffen \u201eVielfalt zwischen den Meeren\u201c in Flensburg (19.\u201323. Juli)"},"content":{"rendered":"\t\t<div data-elementor-type=\"wp-post\" data-elementor-id=\"17873\" class=\"elementor elementor-17873\" data-elementor-post-type=\"post\">\n\t\t\t\t\t\t<section class=\"elementor-section elementor-top-section elementor-element elementor-element-7333b6f elementor-section-boxed elementor-section-height-default elementor-section-height-default\" data-id=\"7333b6f\" data-element_type=\"section\" data-settings=\"{&quot;background_background&quot;:&quot;gradient&quot;}\">\n\t\t\t\t\t\t\t<div class=\"elementor-background-overlay\"><\/div>\n\t\t\t\t\t\t\t<div class=\"elementor-container elementor-column-gap-default\">\n\t\t\t\t\t<div class=\"elementor-column elementor-col-100 elementor-top-column elementor-element elementor-element-1b921a3\" data-id=\"1b921a3\" data-element_type=\"column\">\n\t\t\t<div class=\"elementor-widget-wrap elementor-element-populated\">\n\t\t\t\t\t\t<section class=\"elementor-section elementor-inner-section elementor-element elementor-element-b0fb436 elementor-section-full_width elementor-section-height-default elementor-section-height-default\" data-id=\"b0fb436\" data-element_type=\"section\">\n\t\t\t\t\t\t<div class=\"elementor-container elementor-column-gap-default\">\n\t\t\t\t\t<div class=\"elementor-column elementor-col-50 elementor-inner-column elementor-element elementor-element-fa2d1aa\" data-id=\"fa2d1aa\" data-element_type=\"column\">\n\t\t\t<div class=\"elementor-widget-wrap elementor-element-populated\">\n\t\t\t\t\t\t<div class=\"elementor-element elementor-element-ea2fe1b elementor-widget elementor-widget-image\" data-id=\"ea2fe1b\" data-element_type=\"widget\" data-widget_type=\"image.default\">\n\t\t\t\t<div class=\"elementor-widget-container\">\n\t\t\t\t\t\t\t\t\t\t<figure class=\"wp-caption\">\n\t\t\t\t\t\t\t\t\t\t<img fetchpriority=\"high\" decoding=\"async\" width=\"600\" height=\"350\" src=\"https:\/\/www.minderheitensekretariat.de\/wp-content\/uploads\/2024\/09\/vielfalt-zwischen-den-meeren.jpg\" class=\"attachment-large size-large wp-image-17945\" alt=\"\" srcset=\"https:\/\/www.minderheitensekretariat.de\/wp-content\/uploads\/2024\/09\/vielfalt-zwischen-den-meeren.jpg 600w, https:\/\/www.minderheitensekretariat.de\/wp-content\/uploads\/2024\/09\/vielfalt-zwischen-den-meeren-300x175.jpg 300w\" sizes=\"(max-width: 600px) 100vw, 600px\" \/>\t\t\t\t\t\t\t\t\t\t\t<figcaption class=\"widget-image-caption wp-caption-text\">Gruppenfoto der Teilnehmenden. Foto: Niederdeutschsekretariat.<\/figcaption>\n\t\t\t\t\t\t\t\t\t\t<\/figure>\n\t\t\t\t\t\t\t<\/div>\n\t\t\t\t<\/div>\n\t\t\t\t\t<\/div>\n\t\t<\/div>\n\t\t\t\t<div class=\"elementor-column elementor-col-50 elementor-inner-column elementor-element elementor-element-f592ef7\" data-id=\"f592ef7\" data-element_type=\"column\">\n\t\t\t<div class=\"elementor-widget-wrap elementor-element-populated\">\n\t\t\t\t\t\t<div class=\"elementor-element elementor-element-03b0f5e elementor-widget elementor-widget-text-editor\" data-id=\"03b0f5e\" data-element_type=\"widget\" data-widget_type=\"text-editor.default\">\n\t\t\t\t<div class=\"elementor-widget-container\">\n\t\t\t\t\t\t\t11\/09\/2024\t\t\t\t\t\t<\/div>\n\t\t\t\t<\/div>\n\t\t\t\t<div class=\"elementor-element elementor-element-1a51d24 elementor-widget elementor-widget-text-editor\" data-id=\"1a51d24\" data-element_type=\"widget\" data-widget_type=\"text-editor.default\">\n\t\t\t\t<div class=\"elementor-widget-container\">\n\t\t\t\t\t\t\tEin Bericht \u00fcber unser Vernetzungstreffen in Flensburg.\t\t\t\t\t\t<\/div>\n\t\t\t\t<\/div>\n\t\t\t\t<div class=\"elementor-element elementor-element-2aa7c17 elementor-widget-divider--view-line elementor-widget elementor-widget-divider\" data-id=\"2aa7c17\" data-element_type=\"widget\" data-widget_type=\"divider.default\">\n\t\t\t\t<div class=\"elementor-widget-container\">\n\t\t\t\t\t<div class=\"elementor-divider\">\n\t\t\t<span class=\"elementor-divider-separator\">\n\t\t\t\t\t\t<\/span>\n\t\t<\/div>\n\t\t\t\t<\/div>\n\t\t\t\t<\/div>\n\t\t\t\t\t<\/div>\n\t\t<\/div>\n\t\t\t\t\t<\/div>\n\t\t<\/section>\n\t\t\t\t<div class=\"elementor-element elementor-element-87b8590 elementor-hidden-mobile elementor-invisible elementor-widget elementor-widget-image\" data-id=\"87b8590\" data-element_type=\"widget\" data-settings=\"{&quot;_animation&quot;:&quot;fadeInDown&quot;,&quot;_animation_delay&quot;:1000}\" data-widget_type=\"image.default\">\n\t\t\t\t<div class=\"elementor-widget-container\">\n\t\t\t\t\t\t\t\t\t\t\t\t\t\t<a href=\"#mehr\">\n\t\t\t\t\t\t\t<img decoding=\"async\" width=\"27\" height=\"15\" src=\"https:\/\/www.minderheitensekretariat.de\/wp-content\/uploads\/2022\/07\/arrow_down.svg\" class=\"elementor-animation-shrink attachment-large size-large wp-image-657\" alt=\"\" \/>\t\t\t\t\t\t\t\t<\/a>\n\t\t\t\t\t\t\t\t\t\t\t\t\t<\/div>\n\t\t\t\t<\/div>\n\t\t\t\t<section class=\"elementor-section elementor-inner-section elementor-element elementor-element-8629abe elementor-section-boxed elementor-section-height-default elementor-section-height-default\" data-id=\"8629abe\" data-element_type=\"section\">\n\t\t\t\t\t\t<div class=\"elementor-container elementor-column-gap-default\">\n\t\t\t\t\t<div class=\"elementor-column elementor-col-100 elementor-inner-column elementor-element elementor-element-8fa23c1\" data-id=\"8fa23c1\" data-element_type=\"column\">\n\t\t\t<div class=\"elementor-widget-wrap elementor-element-populated\">\n\t\t\t\t\t\t<div class=\"elementor-element elementor-element-2440ca1 elementor-widget elementor-widget-heading\" data-id=\"2440ca1\" data-element_type=\"widget\" data-widget_type=\"heading.default\">\n\t\t\t\t<div class=\"elementor-widget-container\">\n\t\t\t<h2 class=\"elementor-heading-title elementor-size-default\">R\u00fcckblick auf das Vernetzungstreffen \u201eVielfalt zwischen den Meeren\u201c in Flensburg <\/h2>\t\t<\/div>\n\t\t\t\t<\/div>\n\t\t\t\t<div class=\"elementor-element elementor-element-c01359a elementor-widget elementor-widget-text-editor\" data-id=\"c01359a\" data-element_type=\"widget\" data-widget_type=\"text-editor.default\">\n\t\t\t\t<div class=\"elementor-widget-container\">\n\t\t\t\t\t\t\t<p style=\"font-weight: 400;\">Vom 19. bis 23. Juli 2023 fand in Flensburg das zweite Vernetzungstreffen der vier anerkannten autochthonen nationalen Minderheiten und Volksgruppen Deutschlands und der Sprechergruppe Niederdeutsch statt. Organisiert wurde es gemeinsam vom Minderheitensekretariat und dem Niederdeutschsekretariat. Unter dem Motto \u201eVielfalt zwischen den Meeren\u201c kamen junge Erwachsene der d\u00e4nischen Minderheit, der friesischen Volksgruppe, der Lausitzer Sorben sowie der niederdeutschen Sprechergruppe zusammen, um sich \u00fcber Themen wie Identit\u00e4t, Sprache und Kultur auszutauschen und auch f\u00fcr zuk\u00fcnftige Zusammenarbeit zu vernetzen.<\/p><p style=\"font-weight: 400;\"><strong>Tag 1: Ankunft und Er\u00f6ffnung<\/strong><\/p><p style=\"font-weight: 400;\">Das Treffen begann mit einer feierlichen Er\u00f6ffnung in der D\u00e4nischen Zentralbibliothek. Johannes Callsen, Minderheitenbeauftragter des Landes Schleswig-Holstein, begr\u00fc\u00dfte die Teilnehmenden und \u00fcberbrachte die Gr\u00fc\u00dfe des Ministerpr\u00e4sidenten Daniel G\u00fcnther. Anschlie\u00dfend las Bahar Oghalai aus ihrem Essay \u201eFreund*innenschaft als politische Praxis\u201c und diskutierte mit den Teilnehmenden. Der abschlie\u00dfende Empfang bot Gelegenheit zum weiteren Austausch und Kennenlernen.<\/p><p style=\"font-weight: 400;\"><strong>Tag 2: Die d\u00e4nische Minderheit in Flensburg<\/strong><\/p><p style=\"font-weight: 400;\">Am zweiten Tag stand die d\u00e4nische Minderheit in Flensburg im Mittelpunkt. Mats Rosenbaum (SSW \u2013 S\u00fcdschleswigscher W\u00e4hlerverband) und Jannik Beyer (SdU &#8211; Sydslesvigs danske Ungdomsforeninger e.V.) f\u00fchrten die Gruppe durch das Flensburg der d\u00e4nischen Minderheit und berichteten von ihrer Arbeit in den d\u00e4nischen Organisationen. Im anschlie\u00dfenden Workshop leitete Mads Lausten, der Vorsitzende der SdU, eine Diskussion \u00fcber das Thema Identit\u00e4t, bei der sich die Teilnehmenden intensiv austauschten. Der Tag endete mit einem \u201eBunten Abend\u201c, bei dem die verschiedenen Gruppen ihre Kultur pr\u00e4sentierten.<\/p><p style=\"font-weight: 400;\"><em>\u201eUdvekslingen har v\u00e6ret en stor succes. Det er altid dejligt at vende hjem til mindretallet igen, og jeg har en fornemmelse af, at de unge fra de andre mindretal har det p\u00e5 samme m\u00e5de. Her har vi en dyb forst\u00e5else for hinanden, og der er plads til at diskutere vores forskellige erfaringer som en del af mindretallet. Dagene var meget intensive, og man tager hjem med en god f\u00f8lelse og en masse nye venner.\u201c <\/em>\u2013 Till Rasmus H\u00f6lzl<\/p><p style=\"font-weight: 400;\"><strong>Tag 3: Niederdeutsche Sprache und Kultur im Fokus<\/strong><\/p><p style=\"font-weight: 400;\">Der Sonntag war der niederdeutschen Kultur gewidmet. Am Vormittag fand ein Poetry-Slam-Workshop mit der K\u00fcnstlerin Selina Seemann statt. Die Teilnehmenden erarbeiteten eigene Texte und pr\u00e4sentierten erste Ergebnisse in den verschiedenen Minderheitensprachen und der Regionalsprache Niederdeutsch. Am Nachmittag wurde das hybride Theaterst\u00fcck \u201eIn de Juni geev dat immer Erdbeeren\u201c der \u201eJungen L\u00fc\u00fcd ut L\u00f6wenstedt\u201c aufgef\u00fchrt. In einem anschlie\u00dfenden Gespr\u00e4ch tauschten sich die Teilnehmenden mit der Theatergruppe \u00fcber das St\u00fcck und ihre Arbeit aus.<\/p><p style=\"font-weight: 400;\"><em>\u201eDe Uttuusk \u201cT\u00fcsken de Seen\u201d was nich blot en moje Utfl\u00fcggt na Flensb\u00f6rg hen, waar al veer van de Minnerheidenspraken to finnen s\u00fcnd. Wi hebben v\u00f6\u00f6l lehrt \u00f6ver de Situation van de Spraken, waar de proot worden, man ok, mit welke Problem se to doon hebben. Up d\u00fcsse Aard kunnen wi uns uttuusken un uns f\u00f6r uns egen Spraak inspireren laten van dat, wat bi de anner beter l\u00f6ppt. Mien Highlghts van \u2019t Programm weren de Utfl\u00fcggt up de Hamb\u00f6rger Hallig, dat Programm van de Deenske Minnerheid \u00f6ver Identit\u00e4t \u2013 dat weren echt Fragen, de een s\u00fck elke paar Jahr stellen sull \u2013 un nat\u00fcrlik de Poetry Slam-Workshop, daar s\u00fcnd heel starke Texten bi entstahn. Man ok de Spraak-Nerds as ik s\u00fcnd nich to k\u00f6rt komen, umdat wi v\u00f6\u00f6l in un \u00f6ver uns Spraken proot hebben. Ik h\u00f6\u00f6g mi in elke Fall up token Jahr, wenn wi weer binanner komen.\u201c <\/em>\u2013 Lucia-Philtje Gerst<\/p><p style=\"font-weight: 400;\"><strong>Tag 4: Nordfriesische Kultur und Geschichte der Sinti und Roma<\/strong><\/p><p style=\"font-weight: 400;\">Am Montag besuchten die Teilnehmenden das Nordfriisk Instituut in Bredstedt\/Br\u00e4ist und erkundeten die Ausstellung \u201eNoordfriisk Futuur\u201c. Die Nordfriesin Helen Christiansen sprach \u00fcber die Mehrsprachigkeit in Nordfriesland und die damit verbundenen Herausforderungen. Danach ging es auf die Hamburger Hallig, um das UNESCO-Weltnaturerbe Wattenmeer zu erleben. Zur\u00fcck in Flensburg stellte Dr. Sebastian Lotto-Kusche die Geschichte der deutschen Sinti und Roma in Flensburg vor. Er sprach zudem \u00fcber die Arbeit der Forschungsstelle f\u00fcr regionale Zeitgeschichte und Public History, welche die Geschichte der Sinti und Roma im Nationalsozialismus und in der Nachkriegszeit in Schleswig-Holstein erforscht.<\/p><p style=\"font-weight: 400;\"><em>\u201eIk foon det b\u00f6\u00f6s gud tu hiaren, h\u00fc det d\u00f6n \u00f6ler manerhaiden gungt, wat bi jo gud leept, wat ei an huar wi d\u00f6nsalew probleemen haa. Ik wanske mi, det wi noch muar kontakt m\u00e4en\u00f6ler haa an wi imer maner am a proobleemen snaake, man am det, wat \u00fcs \u00fctjmaaget.\u201c<\/em> \u2013 Mareike B\u00f6hmer<\/p><p style=\"font-weight: 400;\"><strong>Abschluss und Ausblick<\/strong><\/p><p style=\"font-weight: 400;\">Das Vernetzungstreffen wurde von den Teilnehmenden als gro\u00dfer Erfolg gewertet. Besonders das wertsch\u00e4tzende Miteinander und der offene Austausch wurden hervorgehoben. Viele w\u00fcnschen sich eine Fortsetzung, m\u00f6glicherweise mit einem Besuch bei den Lausitzer Sorben. Die Teilnehmenden, trotz unterschiedlicher Hintergr\u00fcnde, verbanden ihre gemeinsamen Erfahrungen und Herausforderungen als Minderheiten und Teil der Sprechergruppe Niederdeutsch in der Mehrheitsgesellschaft.<\/p><p style=\"font-weight: 400;\"><em>\u201eWum\u011bna &#8220;Mnohotnos\u0107 mjez morjomaj&#8221; je so mi wosobinsce jara spodoba\u0142a. Njeje jeno\u017e na wotm\u011bnjawym programje zale\u017ea\u0142o, ale wosebje te\u017e na w\u0161elakich zetkanjach z lud\u017aimi na m\u011bstnje, kot\u0159i\u017e su wum\u011bnu jara wo\u017eiwili. W pomjatku je mi wosebje d\u017a\u011b\u0142arni\u010dka wo temje &#8220;identita&#8221; wosta\u0142a, w\u011bcow dop\u00f3zna\u0142a. Tute su za mnje jara pomocliwe byli a su to p\u0159eco hi\u0161\u0107e.\u201c<\/em> \u2013 Nadja Scholze<\/p><p style=\"font-weight: 400;\">Das Team des Minderheitensekretariats bedankt sich bei allen Mitwirkenden und den Kolleg*innen des Niederdeutschsekretariats f\u00fcr die vertrauensvolle und kollegiale Zusammenarbeit.<\/p><p style=\"font-weight: 400;\"><strong>Presse zum Vernetzungstreffen: <\/strong><\/p><p style=\"font-weight: 400;\"><span style=\"text-decoration: underline;\"><strong><a href=\"https:\/\/rbbmediapmdp-a.akamaihd.net\/content\/c5\/a8\/c5a84803-a77d-4db5-813c-2e31e2117ebb\/492a6680-adea-40d1-a9f9-b0b18dcb2dac_8123fb57-b669-49fc-8af4-a4ba0b15b101_128k.mp3\">Beitrag auf RBB Serbski<\/a>\u00a0<\/strong><\/span>in niedersorbischer Sprache: Beitrag von Diana Schuster mit Kun Bruning (auch Teilnehmer des Austausches) in der Sendung \u201eBubak\u201c vom 15.08.2024 (ab Minute 11:20)<\/p><p style=\"font-weight: 400;\"><span style=\"text-decoration: underline;\"><strong><a href=\"https:\/\/www.ndr.de\/kultur\/norddeutsche_sprache\/plattdeutsch\/Vielfalt-zwischen-Meeren-Austausch-junger-Leute-der-Minderheiten,minderheiten144.html\">Beitrag bei NDR Welle Nord<\/a><\/strong><\/span>: Aufbereitet von Lina Martschin in der Sendung \u201eVon Binnenland und Waterkant\u201c<\/p><p style=\"font-weight: 400;\"><span style=\"text-decoration: underline;\"><strong><a href=\"https:\/\/www.ndr.de\/903\/Wi-snackt-Platt-Junge-Lueued-griese-Hunnen-un-Barbaras-Rhabarberbar,audio1687232.html\">Beitrag bei NDR 90,3<\/a>:<\/strong><\/span> Jan Wulf im Interview mit Christiane Ehlers in der Sendung \u201eWi snackt Platt\u201c (ab Minute 3:58)<\/p><p><img decoding=\"async\" class=\"alignnone wp-image-17955 size-large\" src=\"https:\/\/www.minderheitensekretariat.de\/wp-content\/uploads\/2024\/09\/20240720TR545-2-1024x683.jpg\" alt=\"\" width=\"800\" height=\"534\" srcset=\"https:\/\/www.minderheitensekretariat.de\/wp-content\/uploads\/2024\/09\/20240720TR545-2-1024x683.jpg 1024w, https:\/\/www.minderheitensekretariat.de\/wp-content\/uploads\/2024\/09\/20240720TR545-2-300x200.jpg 300w, https:\/\/www.minderheitensekretariat.de\/wp-content\/uploads\/2024\/09\/20240720TR545-2-768x512.jpg 768w, https:\/\/www.minderheitensekretariat.de\/wp-content\/uploads\/2024\/09\/20240720TR545-2-1536x1024.jpg 1536w, https:\/\/www.minderheitensekretariat.de\/wp-content\/uploads\/2024\/09\/20240720TR545-2.jpg 1600w\" sizes=\"(max-width: 800px) 100vw, 800px\" \/> An der Duborg-Skolen mit Blick auf die Flensburger F\u00f6rde.<br \/>Foto: Tim Riediger<img loading=\"lazy\" decoding=\"async\" class=\"alignnone wp-image-17964 size-large\" src=\"https:\/\/www.minderheitensekretariat.de\/wp-content\/uploads\/2024\/09\/20240720TR534-2-1024x683.jpg\" alt=\"\" width=\"800\" height=\"534\" srcset=\"https:\/\/www.minderheitensekretariat.de\/wp-content\/uploads\/2024\/09\/20240720TR534-2-1024x683.jpg 1024w, https:\/\/www.minderheitensekretariat.de\/wp-content\/uploads\/2024\/09\/20240720TR534-2-300x200.jpg 300w, https:\/\/www.minderheitensekretariat.de\/wp-content\/uploads\/2024\/09\/20240720TR534-2-768x512.jpg 768w, https:\/\/www.minderheitensekretariat.de\/wp-content\/uploads\/2024\/09\/20240720TR534-2-1536x1024.jpg 1536w, https:\/\/www.minderheitensekretariat.de\/wp-content\/uploads\/2024\/09\/20240720TR534-2.jpg 1600w\" sizes=\"(max-width: 800px) 100vw, 800px\" \/> Die Teilnehmenden vor dem Idstedt-L\u00f6wen\/<span lang=\"da-Latn\">Istedl\u00f8ven.<\/span><br \/>Foto: Tim Riediger<\/p><p><img loading=\"lazy\" decoding=\"async\" class=\"alignnone wp-image-17973 size-large\" src=\"https:\/\/www.minderheitensekretariat.de\/wp-content\/uploads\/2024\/09\/20240720TR572-2-1024x640.jpg\" alt=\"\" width=\"800\" height=\"500\" srcset=\"https:\/\/www.minderheitensekretariat.de\/wp-content\/uploads\/2024\/09\/20240720TR572-2-1024x640.jpg 1024w, https:\/\/www.minderheitensekretariat.de\/wp-content\/uploads\/2024\/09\/20240720TR572-2-300x188.jpg 300w, https:\/\/www.minderheitensekretariat.de\/wp-content\/uploads\/2024\/09\/20240720TR572-2-768x480.jpg 768w, https:\/\/www.minderheitensekretariat.de\/wp-content\/uploads\/2024\/09\/20240720TR572-2-1536x960.jpg 1536w, https:\/\/www.minderheitensekretariat.de\/wp-content\/uploads\/2024\/09\/20240720TR572-2.jpg 1600w\" sizes=\"(max-width: 800px) 100vw, 800px\" \/> Workshop von Mads Lausten.<br \/>Foto: Tim Riediger<\/p><p><img loading=\"lazy\" decoding=\"async\" class=\"alignnone wp-image-17982 size-large\" src=\"https:\/\/www.minderheitensekretariat.de\/wp-content\/uploads\/2024\/09\/20240722_151334-e1724422798686-1024x396.jpg\" alt=\"\" width=\"800\" height=\"309\" srcset=\"https:\/\/www.minderheitensekretariat.de\/wp-content\/uploads\/2024\/09\/20240722_151334-e1724422798686-1024x396.jpg 1024w, https:\/\/www.minderheitensekretariat.de\/wp-content\/uploads\/2024\/09\/20240722_151334-e1724422798686-300x116.jpg 300w, https:\/\/www.minderheitensekretariat.de\/wp-content\/uploads\/2024\/09\/20240722_151334-e1724422798686-768x297.jpg 768w, https:\/\/www.minderheitensekretariat.de\/wp-content\/uploads\/2024\/09\/20240722_151334-e1724422798686-1536x593.jpg 1536w, https:\/\/www.minderheitensekretariat.de\/wp-content\/uploads\/2024\/09\/20240722_151334-e1724422798686.jpg 1600w\" sizes=\"(max-width: 800px) 100vw, 800px\" \/><\/p><p><span style=\"color: var( --e-global-color-39532aa ); letter-spacing: 0px; background-color: transparent;\">(Quelle: Pressemitteilung des Minderheitensekretariats, 11.09.2024<\/span><span style=\"color: var( --e-global-color-39532aa ); letter-spacing: 0px; background-color: transparent;\">)<\/span><\/p>\t\t\t\t\t\t<\/div>\n\t\t\t\t<\/div>\n\t\t\t\t\t<\/div>\n\t\t<\/div>\n\t\t\t\t\t<\/div>\n\t\t<\/section>\n\t\t\t\t<section class=\"elementor-section elementor-inner-section elementor-element elementor-element-79ac782 elementor-section-boxed elementor-section-height-default elementor-section-height-default\" data-id=\"79ac782\" data-element_type=\"section\">\n\t\t\t\t\t\t<div class=\"elementor-container elementor-column-gap-default\">\n\t\t\t\t\t<div class=\"elementor-column elementor-col-100 elementor-inner-column elementor-element elementor-element-535e876\" data-id=\"535e876\" data-element_type=\"column\">\n\t\t\t<div class=\"elementor-widget-wrap elementor-element-populated\">\n\t\t\t\t\t\t<div class=\"elementor-element elementor-element-96396bc elementor-align-center elementor-widget elementor-widget-button\" data-id=\"96396bc\" data-element_type=\"widget\" data-widget_type=\"button.default\">\n\t\t\t\t<div class=\"elementor-widget-container\">\n\t\t\t\t\t\t\t<div class=\"elementor-button-wrapper\">\n\t\t\t\t\t<a class=\"elementor-button elementor-button-link elementor-size-sm\" href=\"\/aktuelles\/\">\n\t\t\t\t\t\t<span class=\"elementor-button-content-wrapper\">\n\t\t\t\t\t\t\t\t\t<span class=\"elementor-button-text\">Zur\u00fcck zur \u00dcbersicht<\/span>\n\t\t\t\t\t<\/span>\n\t\t\t\t\t<\/a>\n\t\t\t\t<\/div>\n\t\t\t\t\t\t<\/div>\n\t\t\t\t<\/div>\n\t\t\t\t\t<\/div>\n\t\t<\/div>\n\t\t\t\t\t<\/div>\n\t\t<\/section>\n\t\t\t\t\t<\/div>\n\t\t<\/div>\n\t\t\t\t\t<\/div>\n\t\t<\/section>\n\t\t\t\t<\/div>\n\t\t","protected":false},"excerpt":{"rendered":"<p>Ein Bericht \u00fcber unser Vernetzungstreffen in Flensburg.<\/p>\n","protected":false},"author":1,"featured_media":17945,"comment_status":"closed","ping_status":"closed","sticky":false,"template":"elementor_header_footer","format":"standard","meta":{"footnotes":""},"categories":[49],"tags":[],"class_list":["post-17873","post","type-post","status-publish","format-standard","has-post-thumbnail","hentry","category-startseite"],"yoast_head":"<!-- This site is optimized with the Yoast SEO plugin v23.8 - https:\/\/yoast.com\/wordpress\/plugins\/seo\/ -->\n<title>R\u00fcckblick auf das Vernetzungstreffen \u201eVielfalt zwischen den Meeren\u201c in Flensburg (19.\u201323. Juli) - Minderheitensekretariat<\/title>\n<meta name=\"robots\" content=\"index, follow, max-snippet:-1, max-image-preview:large, max-video-preview:-1\" \/>\n<link rel=\"canonical\" href=\"https:\/\/www.minderheitensekretariat.de\/da\/2024\/09\/11\/ruckblick-auf-das-vernetzungstreffen-vielfalt-zwischen-den-meeren-in-flensburg-19-23-juli\/\" \/>\n<meta property=\"og:locale\" content=\"da_DK\" \/>\n<meta property=\"og:type\" content=\"article\" \/>\n<meta property=\"og:title\" content=\"R\u00fcckblick auf das Vernetzungstreffen \u201eVielfalt zwischen den Meeren\u201c in Flensburg (19.\u201323. Juli) - Minderheitensekretariat\" \/>\n<meta property=\"og:description\" content=\"Ein Bericht \u00fcber unser Vernetzungstreffen in Flensburg.\" \/>\n<meta property=\"og:url\" content=\"https:\/\/www.minderheitensekretariat.de\/da\/2024\/09\/11\/ruckblick-auf-das-vernetzungstreffen-vielfalt-zwischen-den-meeren-in-flensburg-19-23-juli\/\" \/>\n<meta property=\"og:site_name\" content=\"Minderheitensekretariat\" \/>\n<meta property=\"article:publisher\" content=\"https:\/\/www.facebook.com\/minderheitensekretariat.de\" \/>\n<meta property=\"article:published_time\" content=\"2024-09-11T09:41:02+00:00\" \/>\n<meta property=\"article:modified_time\" content=\"2024-09-11T10:31:56+00:00\" \/>\n<meta property=\"og:image\" content=\"https:\/\/www.minderheitensekretariat.de\/wp-content\/uploads\/2024\/09\/vielfalt-zwischen-den-meeren.jpg\" \/>\n\t<meta property=\"og:image:width\" content=\"600\" \/>\n\t<meta property=\"og:image:height\" content=\"350\" \/>\n\t<meta property=\"og:image:type\" content=\"image\/jpeg\" \/>\n<meta name=\"author\" content=\"Minderheitensekretariat\" \/>\n<meta name=\"twitter:card\" content=\"summary_large_image\" \/>\n<meta name=\"twitter:label1\" content=\"Skrevet af\" \/>\n\t<meta name=\"twitter:data1\" content=\"Minderheitensekretariat\" \/>\n\t<meta name=\"twitter:label2\" content=\"Estimeret l\u00e6setid\" \/>\n\t<meta name=\"twitter:data2\" content=\"7 minutter\" \/>\n<script type=\"application\/ld+json\" class=\"yoast-schema-graph\">{\"@context\":\"https:\/\/schema.org\",\"@graph\":[{\"@type\":\"Article\",\"@id\":\"https:\/\/www.minderheitensekretariat.de\/da\/2024\/09\/11\/ruckblick-auf-das-vernetzungstreffen-vielfalt-zwischen-den-meeren-in-flensburg-19-23-juli\/#article\",\"isPartOf\":{\"@id\":\"https:\/\/www.minderheitensekretariat.de\/da\/2024\/09\/11\/ruckblick-auf-das-vernetzungstreffen-vielfalt-zwischen-den-meeren-in-flensburg-19-23-juli\/\"},\"author\":{\"name\":\"Minderheitensekretariat\",\"@id\":\"https:\/\/www.minderheitensekretariat.de\/da\/#\/schema\/person\/55df1c4c912f10debba5dfc9bc26c1cf\"},\"headline\":\"R\u00fcckblick auf das Vernetzungstreffen \u201eVielfalt zwischen den Meeren\u201c in Flensburg (19.\u201323. Juli)\",\"datePublished\":\"2024-09-11T09:41:02+00:00\",\"dateModified\":\"2024-09-11T10:31:56+00:00\",\"mainEntityOfPage\":{\"@id\":\"https:\/\/www.minderheitensekretariat.de\/da\/2024\/09\/11\/ruckblick-auf-das-vernetzungstreffen-vielfalt-zwischen-den-meeren-in-flensburg-19-23-juli\/\"},\"wordCount\":1027,\"publisher\":{\"@id\":\"https:\/\/www.minderheitensekretariat.de\/da\/#organization\"},\"image\":{\"@id\":\"https:\/\/www.minderheitensekretariat.de\/da\/2024\/09\/11\/ruckblick-auf-das-vernetzungstreffen-vielfalt-zwischen-den-meeren-in-flensburg-19-23-juli\/#primaryimage\"},\"thumbnailUrl\":\"https:\/\/www.minderheitensekretariat.de\/wp-content\/uploads\/2024\/09\/vielfalt-zwischen-den-meeren.jpg\",\"articleSection\":[\"Startseite\"],\"inLanguage\":\"da-DK\"},{\"@type\":\"WebPage\",\"@id\":\"https:\/\/www.minderheitensekretariat.de\/da\/2024\/09\/11\/ruckblick-auf-das-vernetzungstreffen-vielfalt-zwischen-den-meeren-in-flensburg-19-23-juli\/\",\"url\":\"https:\/\/www.minderheitensekretariat.de\/da\/2024\/09\/11\/ruckblick-auf-das-vernetzungstreffen-vielfalt-zwischen-den-meeren-in-flensburg-19-23-juli\/\",\"name\":\"R\u00fcckblick auf das Vernetzungstreffen \u201eVielfalt zwischen den Meeren\u201c in Flensburg (19.\u201323. Juli) - Minderheitensekretariat\",\"isPartOf\":{\"@id\":\"https:\/\/www.minderheitensekretariat.de\/da\/#website\"},\"primaryImageOfPage\":{\"@id\":\"https:\/\/www.minderheitensekretariat.de\/da\/2024\/09\/11\/ruckblick-auf-das-vernetzungstreffen-vielfalt-zwischen-den-meeren-in-flensburg-19-23-juli\/#primaryimage\"},\"image\":{\"@id\":\"https:\/\/www.minderheitensekretariat.de\/da\/2024\/09\/11\/ruckblick-auf-das-vernetzungstreffen-vielfalt-zwischen-den-meeren-in-flensburg-19-23-juli\/#primaryimage\"},\"thumbnailUrl\":\"https:\/\/www.minderheitensekretariat.de\/wp-content\/uploads\/2024\/09\/vielfalt-zwischen-den-meeren.jpg\",\"datePublished\":\"2024-09-11T09:41:02+00:00\",\"dateModified\":\"2024-09-11T10:31:56+00:00\",\"breadcrumb\":{\"@id\":\"https:\/\/www.minderheitensekretariat.de\/da\/2024\/09\/11\/ruckblick-auf-das-vernetzungstreffen-vielfalt-zwischen-den-meeren-in-flensburg-19-23-juli\/#breadcrumb\"},\"inLanguage\":\"da-DK\",\"potentialAction\":[{\"@type\":\"ReadAction\",\"target\":[\"https:\/\/www.minderheitensekretariat.de\/da\/2024\/09\/11\/ruckblick-auf-das-vernetzungstreffen-vielfalt-zwischen-den-meeren-in-flensburg-19-23-juli\/\"]}]},{\"@type\":\"ImageObject\",\"inLanguage\":\"da-DK\",\"@id\":\"https:\/\/www.minderheitensekretariat.de\/da\/2024\/09\/11\/ruckblick-auf-das-vernetzungstreffen-vielfalt-zwischen-den-meeren-in-flensburg-19-23-juli\/#primaryimage\",\"url\":\"https:\/\/www.minderheitensekretariat.de\/wp-content\/uploads\/2024\/09\/vielfalt-zwischen-den-meeren.jpg\",\"contentUrl\":\"https:\/\/www.minderheitensekretariat.de\/wp-content\/uploads\/2024\/09\/vielfalt-zwischen-den-meeren.jpg\",\"width\":600,\"height\":350,\"caption\":\"Gruppenfoto der Teilnehmenden. Foto: Niederdeutschsekretariat.\"},{\"@type\":\"BreadcrumbList\",\"@id\":\"https:\/\/www.minderheitensekretariat.de\/da\/2024\/09\/11\/ruckblick-auf-das-vernetzungstreffen-vielfalt-zwischen-den-meeren-in-flensburg-19-23-juli\/#breadcrumb\",\"itemListElement\":[{\"@type\":\"ListItem\",\"position\":1,\"name\":\"Startseite\",\"item\":\"https:\/\/www.minderheitensekretariat.de\/da\/\"},{\"@type\":\"ListItem\",\"position\":2,\"name\":\"R\u00fcckblick auf das Vernetzungstreffen \u201eVielfalt zwischen den Meeren\u201c in Flensburg (19.\u201323. Juli)\"}]},{\"@type\":\"WebSite\",\"@id\":\"https:\/\/www.minderheitensekretariat.de\/da\/#website\",\"url\":\"https:\/\/www.minderheitensekretariat.de\/da\/\",\"name\":\"Minderheitensekretariat\",\"description\":\"\",\"publisher\":{\"@id\":\"https:\/\/www.minderheitensekretariat.de\/da\/#organization\"},\"potentialAction\":[{\"@type\":\"SearchAction\",\"target\":{\"@type\":\"EntryPoint\",\"urlTemplate\":\"https:\/\/www.minderheitensekretariat.de\/da\/?s={search_term_string}\"},\"query-input\":{\"@type\":\"PropertyValueSpecification\",\"valueRequired\":true,\"valueName\":\"search_term_string\"}}],\"inLanguage\":\"da-DK\"},{\"@type\":\"Organization\",\"@id\":\"https:\/\/www.minderheitensekretariat.de\/da\/#organization\",\"name\":\"Minderheitensekretariat\",\"url\":\"https:\/\/www.minderheitensekretariat.de\/da\/\",\"logo\":{\"@type\":\"ImageObject\",\"inLanguage\":\"da-DK\",\"@id\":\"https:\/\/www.minderheitensekretariat.de\/da\/#\/schema\/logo\/image\/\",\"url\":\"https:\/\/www.minderheitensekretariat.de\/wp-content\/uploads\/2023\/03\/Min_sek_Logo_4c.jpg\",\"contentUrl\":\"https:\/\/www.minderheitensekretariat.de\/wp-content\/uploads\/2023\/03\/Min_sek_Logo_4c.jpg\",\"width\":984,\"height\":236,\"caption\":\"Minderheitensekretariat\"},\"image\":{\"@id\":\"https:\/\/www.minderheitensekretariat.de\/da\/#\/schema\/logo\/image\/\"},\"sameAs\":[\"https:\/\/www.facebook.com\/minderheitensekretariat.de\"]},{\"@type\":\"Person\",\"@id\":\"https:\/\/www.minderheitensekretariat.de\/da\/#\/schema\/person\/55df1c4c912f10debba5dfc9bc26c1cf\",\"name\":\"Minderheitensekretariat\",\"image\":{\"@type\":\"ImageObject\",\"inLanguage\":\"da-DK\",\"@id\":\"https:\/\/www.minderheitensekretariat.de\/da\/#\/schema\/person\/image\/\",\"url\":\"https:\/\/secure.gravatar.com\/avatar\/370caba7511c95d16d2d05ef3fa57095fae805fdb97d13f46df8534525f106da?s=96&d=mm&r=g\",\"contentUrl\":\"https:\/\/secure.gravatar.com\/avatar\/370caba7511c95d16d2d05ef3fa57095fae805fdb97d13f46df8534525f106da?s=96&d=mm&r=g\",\"caption\":\"Minderheitensekretariat\"},\"sameAs\":[\"https:\/\/www.minderheitensekretariat.de\"],\"url\":\"https:\/\/www.minderheitensekretariat.de\/da\/author\/minderheitensekretariat\/\"}]}<\/script>\n<!-- \/ Yoast SEO plugin. -->","yoast_head_json":{"title":"R\u00fcckblick auf das Vernetzungstreffen \u201eVielfalt zwischen den Meeren\u201c in Flensburg (19.\u201323. Juli) - Minderheitensekretariat","robots":{"index":"index","follow":"follow","max-snippet":"max-snippet:-1","max-image-preview":"max-image-preview:large","max-video-preview":"max-video-preview:-1"},"canonical":"https:\/\/www.minderheitensekretariat.de\/da\/2024\/09\/11\/ruckblick-auf-das-vernetzungstreffen-vielfalt-zwischen-den-meeren-in-flensburg-19-23-juli\/","og_locale":"da_DK","og_type":"article","og_title":"R\u00fcckblick auf das Vernetzungstreffen \u201eVielfalt zwischen den Meeren\u201c in Flensburg (19.\u201323. Juli) - Minderheitensekretariat","og_description":"Ein Bericht \u00fcber unser Vernetzungstreffen in Flensburg.","og_url":"https:\/\/www.minderheitensekretariat.de\/da\/2024\/09\/11\/ruckblick-auf-das-vernetzungstreffen-vielfalt-zwischen-den-meeren-in-flensburg-19-23-juli\/","og_site_name":"Minderheitensekretariat","article_publisher":"https:\/\/www.facebook.com\/minderheitensekretariat.de","article_published_time":"2024-09-11T09:41:02+00:00","article_modified_time":"2024-09-11T10:31:56+00:00","og_image":[{"width":600,"height":350,"url":"https:\/\/www.minderheitensekretariat.de\/wp-content\/uploads\/2024\/09\/vielfalt-zwischen-den-meeren.jpg","type":"image\/jpeg"}],"author":"Minderheitensekretariat","twitter_card":"summary_large_image","twitter_misc":{"Skrevet af":"Minderheitensekretariat","Estimeret l\u00e6setid":"7 minutter"},"schema":{"@context":"https:\/\/schema.org","@graph":[{"@type":"Article","@id":"https:\/\/www.minderheitensekretariat.de\/da\/2024\/09\/11\/ruckblick-auf-das-vernetzungstreffen-vielfalt-zwischen-den-meeren-in-flensburg-19-23-juli\/#article","isPartOf":{"@id":"https:\/\/www.minderheitensekretariat.de\/da\/2024\/09\/11\/ruckblick-auf-das-vernetzungstreffen-vielfalt-zwischen-den-meeren-in-flensburg-19-23-juli\/"},"author":{"name":"Minderheitensekretariat","@id":"https:\/\/www.minderheitensekretariat.de\/da\/#\/schema\/person\/55df1c4c912f10debba5dfc9bc26c1cf"},"headline":"R\u00fcckblick auf das Vernetzungstreffen \u201eVielfalt zwischen den Meeren\u201c in Flensburg (19.\u201323. Juli)","datePublished":"2024-09-11T09:41:02+00:00","dateModified":"2024-09-11T10:31:56+00:00","mainEntityOfPage":{"@id":"https:\/\/www.minderheitensekretariat.de\/da\/2024\/09\/11\/ruckblick-auf-das-vernetzungstreffen-vielfalt-zwischen-den-meeren-in-flensburg-19-23-juli\/"},"wordCount":1027,"publisher":{"@id":"https:\/\/www.minderheitensekretariat.de\/da\/#organization"},"image":{"@id":"https:\/\/www.minderheitensekretariat.de\/da\/2024\/09\/11\/ruckblick-auf-das-vernetzungstreffen-vielfalt-zwischen-den-meeren-in-flensburg-19-23-juli\/#primaryimage"},"thumbnailUrl":"https:\/\/www.minderheitensekretariat.de\/wp-content\/uploads\/2024\/09\/vielfalt-zwischen-den-meeren.jpg","articleSection":["Startseite"],"inLanguage":"da-DK"},{"@type":"WebPage","@id":"https:\/\/www.minderheitensekretariat.de\/da\/2024\/09\/11\/ruckblick-auf-das-vernetzungstreffen-vielfalt-zwischen-den-meeren-in-flensburg-19-23-juli\/","url":"https:\/\/www.minderheitensekretariat.de\/da\/2024\/09\/11\/ruckblick-auf-das-vernetzungstreffen-vielfalt-zwischen-den-meeren-in-flensburg-19-23-juli\/","name":"R\u00fcckblick auf das Vernetzungstreffen \u201eVielfalt zwischen den Meeren\u201c in Flensburg (19.\u201323. Juli) - Minderheitensekretariat","isPartOf":{"@id":"https:\/\/www.minderheitensekretariat.de\/da\/#website"},"primaryImageOfPage":{"@id":"https:\/\/www.minderheitensekretariat.de\/da\/2024\/09\/11\/ruckblick-auf-das-vernetzungstreffen-vielfalt-zwischen-den-meeren-in-flensburg-19-23-juli\/#primaryimage"},"image":{"@id":"https:\/\/www.minderheitensekretariat.de\/da\/2024\/09\/11\/ruckblick-auf-das-vernetzungstreffen-vielfalt-zwischen-den-meeren-in-flensburg-19-23-juli\/#primaryimage"},"thumbnailUrl":"https:\/\/www.minderheitensekretariat.de\/wp-content\/uploads\/2024\/09\/vielfalt-zwischen-den-meeren.jpg","datePublished":"2024-09-11T09:41:02+00:00","dateModified":"2024-09-11T10:31:56+00:00","breadcrumb":{"@id":"https:\/\/www.minderheitensekretariat.de\/da\/2024\/09\/11\/ruckblick-auf-das-vernetzungstreffen-vielfalt-zwischen-den-meeren-in-flensburg-19-23-juli\/#breadcrumb"},"inLanguage":"da-DK","potentialAction":[{"@type":"ReadAction","target":["https:\/\/www.minderheitensekretariat.de\/da\/2024\/09\/11\/ruckblick-auf-das-vernetzungstreffen-vielfalt-zwischen-den-meeren-in-flensburg-19-23-juli\/"]}]},{"@type":"ImageObject","inLanguage":"da-DK","@id":"https:\/\/www.minderheitensekretariat.de\/da\/2024\/09\/11\/ruckblick-auf-das-vernetzungstreffen-vielfalt-zwischen-den-meeren-in-flensburg-19-23-juli\/#primaryimage","url":"https:\/\/www.minderheitensekretariat.de\/wp-content\/uploads\/2024\/09\/vielfalt-zwischen-den-meeren.jpg","contentUrl":"https:\/\/www.minderheitensekretariat.de\/wp-content\/uploads\/2024\/09\/vielfalt-zwischen-den-meeren.jpg","width":600,"height":350,"caption":"Gruppenfoto der Teilnehmenden. Foto: Niederdeutschsekretariat."},{"@type":"BreadcrumbList","@id":"https:\/\/www.minderheitensekretariat.de\/da\/2024\/09\/11\/ruckblick-auf-das-vernetzungstreffen-vielfalt-zwischen-den-meeren-in-flensburg-19-23-juli\/#breadcrumb","itemListElement":[{"@type":"ListItem","position":1,"name":"Startseite","item":"https:\/\/www.minderheitensekretariat.de\/da\/"},{"@type":"ListItem","position":2,"name":"R\u00fcckblick auf das Vernetzungstreffen \u201eVielfalt zwischen den Meeren\u201c in Flensburg (19.\u201323. Juli)"}]},{"@type":"WebSite","@id":"https:\/\/www.minderheitensekretariat.de\/da\/#website","url":"https:\/\/www.minderheitensekretariat.de\/da\/","name":"Minderheitensekretariat","description":"","publisher":{"@id":"https:\/\/www.minderheitensekretariat.de\/da\/#organization"},"potentialAction":[{"@type":"SearchAction","target":{"@type":"EntryPoint","urlTemplate":"https:\/\/www.minderheitensekretariat.de\/da\/?s={search_term_string}"},"query-input":{"@type":"PropertyValueSpecification","valueRequired":true,"valueName":"search_term_string"}}],"inLanguage":"da-DK"},{"@type":"Organization","@id":"https:\/\/www.minderheitensekretariat.de\/da\/#organization","name":"Minderheitensekretariat","url":"https:\/\/www.minderheitensekretariat.de\/da\/","logo":{"@type":"ImageObject","inLanguage":"da-DK","@id":"https:\/\/www.minderheitensekretariat.de\/da\/#\/schema\/logo\/image\/","url":"https:\/\/www.minderheitensekretariat.de\/wp-content\/uploads\/2023\/03\/Min_sek_Logo_4c.jpg","contentUrl":"https:\/\/www.minderheitensekretariat.de\/wp-content\/uploads\/2023\/03\/Min_sek_Logo_4c.jpg","width":984,"height":236,"caption":"Minderheitensekretariat"},"image":{"@id":"https:\/\/www.minderheitensekretariat.de\/da\/#\/schema\/logo\/image\/"},"sameAs":["https:\/\/www.facebook.com\/minderheitensekretariat.de"]},{"@type":"Person","@id":"https:\/\/www.minderheitensekretariat.de\/da\/#\/schema\/person\/55df1c4c912f10debba5dfc9bc26c1cf","name":"Minderheitensekretariat","image":{"@type":"ImageObject","inLanguage":"da-DK","@id":"https:\/\/www.minderheitensekretariat.de\/da\/#\/schema\/person\/image\/","url":"https:\/\/secure.gravatar.com\/avatar\/370caba7511c95d16d2d05ef3fa57095fae805fdb97d13f46df8534525f106da?s=96&d=mm&r=g","contentUrl":"https:\/\/secure.gravatar.com\/avatar\/370caba7511c95d16d2d05ef3fa57095fae805fdb97d13f46df8534525f106da?s=96&d=mm&r=g","caption":"Minderheitensekretariat"},"sameAs":["https:\/\/www.minderheitensekretariat.de"],"url":"https:\/\/www.minderheitensekretariat.de\/da\/author\/minderheitensekretariat\/"}]}},"_links":{"self":[{"href":"https:\/\/www.minderheitensekretariat.de\/da\/wp-json\/wp\/v2\/posts\/17873","targetHints":{"allow":["GET"]}}],"collection":[{"href":"https:\/\/www.minderheitensekretariat.de\/da\/wp-json\/wp\/v2\/posts"}],"about":[{"href":"https:\/\/www.minderheitensekretariat.de\/da\/wp-json\/wp\/v2\/types\/post"}],"author":[{"embeddable":true,"href":"https:\/\/www.minderheitensekretariat.de\/da\/wp-json\/wp\/v2\/users\/1"}],"replies":[{"embeddable":true,"href":"https:\/\/www.minderheitensekretariat.de\/da\/wp-json\/wp\/v2\/comments?post=17873"}],"version-history":[{"count":19,"href":"https:\/\/www.minderheitensekretariat.de\/da\/wp-json\/wp\/v2\/posts\/17873\/revisions"}],"predecessor-version":[{"id":18009,"href":"https:\/\/www.minderheitensekretariat.de\/da\/wp-json\/wp\/v2\/posts\/17873\/revisions\/18009"}],"wp:featuredmedia":[{"embeddable":true,"href":"https:\/\/www.minderheitensekretariat.de\/da\/wp-json\/wp\/v2\/media\/17945"}],"wp:attachment":[{"href":"https:\/\/www.minderheitensekretariat.de\/da\/wp-json\/wp\/v2\/media?parent=17873"}],"wp:term":[{"taxonomy":"category","embeddable":true,"href":"https:\/\/www.minderheitensekretariat.de\/da\/wp-json\/wp\/v2\/categories?post=17873"},{"taxonomy":"post_tag","embeddable":true,"href":"https:\/\/www.minderheitensekretariat.de\/da\/wp-json\/wp\/v2\/tags?post=17873"}],"curies":[{"name":"wp","href":"https:\/\/api.w.org\/{rel}","templated":true}]}}