{"id":18626,"date":"2025-01-13T09:26:02","date_gmt":"2025-01-13T08:26:02","guid":{"rendered":"https:\/\/www.minderheitensekretariat.de\/?p=18626"},"modified":"2025-01-13T10:28:43","modified_gmt":"2025-01-13T09:28:43","slug":"teaser-der-minderheitenrat-macht-sich-bereit-fuer-das-politische-jahr-2025","status":"publish","type":"post","link":"https:\/\/www.minderheitensekretariat.de\/da\/2025\/01\/13\/teaser-der-minderheitenrat-macht-sich-bereit-fuer-das-politische-jahr-2025\/","title":{"rendered":"Minderheitensekretariat und Minderheitenrat starten ins Jahr 2025"},"content":{"rendered":"\t\t<div data-elementor-type=\"wp-post\" data-elementor-id=\"18626\" class=\"elementor elementor-18626\" data-elementor-post-type=\"post\">\n\t\t\t\t\t\t<section class=\"elementor-section elementor-top-section elementor-element elementor-element-7333b6f elementor-section-boxed elementor-section-height-default elementor-section-height-default\" data-id=\"7333b6f\" data-element_type=\"section\" data-settings=\"{&quot;background_background&quot;:&quot;gradient&quot;}\">\n\t\t\t\t\t\t\t<div class=\"elementor-background-overlay\"><\/div>\n\t\t\t\t\t\t\t<div class=\"elementor-container elementor-column-gap-default\">\n\t\t\t\t\t<div class=\"elementor-column elementor-col-100 elementor-top-column elementor-element elementor-element-1b921a3\" data-id=\"1b921a3\" data-element_type=\"column\">\n\t\t\t<div class=\"elementor-widget-wrap elementor-element-populated\">\n\t\t\t\t\t\t<section class=\"elementor-section elementor-inner-section elementor-element elementor-element-b0fb436 elementor-section-full_width elementor-section-height-default elementor-section-height-default\" data-id=\"b0fb436\" data-element_type=\"section\">\n\t\t\t\t\t\t<div class=\"elementor-container elementor-column-gap-default\">\n\t\t\t\t\t<div class=\"elementor-column elementor-col-50 elementor-inner-column elementor-element elementor-element-fa2d1aa\" data-id=\"fa2d1aa\" data-element_type=\"column\">\n\t\t\t<div class=\"elementor-widget-wrap elementor-element-populated\">\n\t\t\t\t\t\t<div class=\"elementor-element elementor-element-ea2fe1b elementor-widget elementor-widget-image\" data-id=\"ea2fe1b\" data-element_type=\"widget\" data-widget_type=\"image.default\">\n\t\t\t\t<div class=\"elementor-widget-container\">\n\t\t\t\t\t\t\t\t\t\t<figure class=\"wp-caption\">\n\t\t\t\t\t\t\t\t\t\t<img fetchpriority=\"high\" decoding=\"async\" width=\"800\" height=\"534\" src=\"https:\/\/www.minderheitensekretariat.de\/wp-content\/uploads\/2025\/01\/1SK2615-1024x683.jpg\" class=\"attachment-large size-large wp-image-18627\" alt=\"\" srcset=\"https:\/\/www.minderheitensekretariat.de\/wp-content\/uploads\/2025\/01\/1SK2615-1024x683.jpg 1024w, https:\/\/www.minderheitensekretariat.de\/wp-content\/uploads\/2025\/01\/1SK2615-300x200.jpg 300w, https:\/\/www.minderheitensekretariat.de\/wp-content\/uploads\/2025\/01\/1SK2615-768x512.jpg 768w, https:\/\/www.minderheitensekretariat.de\/wp-content\/uploads\/2025\/01\/1SK2615-1536x1024.jpg 1536w, https:\/\/www.minderheitensekretariat.de\/wp-content\/uploads\/2025\/01\/1SK2615-2048x1365.jpg 2048w\" sizes=\"(max-width: 800px) 100vw, 800px\" \/>\t\t\t\t\t\t\t\t\t\t\t<figcaption class=\"widget-image-caption wp-caption-text\">Bundespr\u00e4sident Frank-Walter Steinmeier (r.) empf\u00e4ngt  Gitte Houggaard-Werner turnusm\u00e4\u00dfige Vorsitzende des Minderheitenrates der vier autochthonen nationalen Minderheiten und Volksgruppen Deutschlands) anl\u00e4sslich eines Neujahrsempfangs im Schloss Bellevue (l. Elke B\u00fcdenbender, Ehefrau des Bundespr\u00e4sidenten).<\/figcaption>\n\t\t\t\t\t\t\t\t\t\t<\/figure>\n\t\t\t\t\t\t\t<\/div>\n\t\t\t\t<\/div>\n\t\t\t\t\t<\/div>\n\t\t<\/div>\n\t\t\t\t<div class=\"elementor-column elementor-col-50 elementor-inner-column elementor-element elementor-element-f592ef7\" data-id=\"f592ef7\" data-element_type=\"column\">\n\t\t\t<div class=\"elementor-widget-wrap elementor-element-populated\">\n\t\t\t\t\t\t<div class=\"elementor-element elementor-element-03b0f5e elementor-widget elementor-widget-text-editor\" data-id=\"03b0f5e\" data-element_type=\"widget\" data-widget_type=\"text-editor.default\">\n\t\t\t\t<div class=\"elementor-widget-container\">\n\t\t\t\t\t\t\t13\/01\/2025\t\t\t\t\t\t<\/div>\n\t\t\t\t<\/div>\n\t\t\t\t<div class=\"elementor-element elementor-element-1a51d24 elementor-widget elementor-widget-text-editor\" data-id=\"1a51d24\" data-element_type=\"widget\" data-widget_type=\"text-editor.default\">\n\t\t\t\t<div class=\"elementor-widget-container\">\n\t\t\t\t\t\t\tWir machen uns bereit f\u00fcr das politische Jahr 2025. Gitte Hougaard-Werner nahm am Neujahrsempfang des Bundespr\u00e4sidenten teil.\t\t\t\t\t\t<\/div>\n\t\t\t\t<\/div>\n\t\t\t\t<div class=\"elementor-element elementor-element-2aa7c17 elementor-widget-divider--view-line elementor-widget elementor-widget-divider\" data-id=\"2aa7c17\" data-element_type=\"widget\" data-widget_type=\"divider.default\">\n\t\t\t\t<div class=\"elementor-widget-container\">\n\t\t\t\t\t<div class=\"elementor-divider\">\n\t\t\t<span class=\"elementor-divider-separator\">\n\t\t\t\t\t\t<\/span>\n\t\t<\/div>\n\t\t\t\t<\/div>\n\t\t\t\t<\/div>\n\t\t\t\t\t<\/div>\n\t\t<\/div>\n\t\t\t\t\t<\/div>\n\t\t<\/section>\n\t\t\t\t<div class=\"elementor-element elementor-element-87b8590 elementor-hidden-mobile elementor-invisible elementor-widget elementor-widget-image\" data-id=\"87b8590\" data-element_type=\"widget\" data-settings=\"{&quot;_animation&quot;:&quot;fadeInDown&quot;,&quot;_animation_delay&quot;:1000}\" data-widget_type=\"image.default\">\n\t\t\t\t<div class=\"elementor-widget-container\">\n\t\t\t\t\t\t\t\t\t\t\t\t\t\t<a href=\"#mehr\">\n\t\t\t\t\t\t\t<img decoding=\"async\" width=\"27\" height=\"15\" src=\"https:\/\/www.minderheitensekretariat.de\/wp-content\/uploads\/2022\/07\/arrow_down.svg\" class=\"elementor-animation-shrink attachment-large size-large wp-image-657\" alt=\"\" \/>\t\t\t\t\t\t\t\t<\/a>\n\t\t\t\t\t\t\t\t\t\t\t\t\t<\/div>\n\t\t\t\t<\/div>\n\t\t\t\t<section class=\"elementor-section elementor-inner-section elementor-element elementor-element-8629abe elementor-section-boxed elementor-section-height-default elementor-section-height-default\" data-id=\"8629abe\" data-element_type=\"section\">\n\t\t\t\t\t\t<div class=\"elementor-container elementor-column-gap-default\">\n\t\t\t\t\t<div class=\"elementor-column elementor-col-100 elementor-inner-column elementor-element elementor-element-8fa23c1\" data-id=\"8fa23c1\" data-element_type=\"column\">\n\t\t\t<div class=\"elementor-widget-wrap elementor-element-populated\">\n\t\t\t\t\t\t<div class=\"elementor-element elementor-element-2440ca1 elementor-widget elementor-widget-heading\" data-id=\"2440ca1\" data-element_type=\"widget\" data-widget_type=\"heading.default\">\n\t\t\t\t<div class=\"elementor-widget-container\">\n\t\t\t<h1 class=\"elementor-heading-title elementor-size-default\">Minderheitensekretariat und Minderheitenrat starten ins Jahr 2025<\/h1>\t\t<\/div>\n\t\t\t\t<\/div>\n\t\t\t\t<div class=\"elementor-element elementor-element-c01359a elementor-widget elementor-widget-text-editor\" data-id=\"c01359a\" data-element_type=\"widget\" data-widget_type=\"text-editor.default\">\n\t\t\t\t<div class=\"elementor-widget-container\">\n\t\t\t\t\t\t\t<p><span data-contrast=\"auto\"><span class=\"TextRun SCXW252438464 BCX8\" lang=\"DE-DE\" xml:lang=\"DE-DE\" data-contrast=\"auto\"><span class=\"NormalTextRun SCXW252438464 BCX8\">Das Minderheitensekretariat und der Minderheitenrat melden sich zur\u00fcck aus der Winterpause. Gitte <\/span><span class=\"NormalTextRun SCXW252438464 BCX8\">Hougaard<\/span><span class=\"NormalTextRun SCXW252438464 BCX8\">-Werner, Vorsitzende des <\/span><span class=\"NormalTextRun SCXW252438464 BCX8\">Sydslesvigsk<\/span> <span class=\"NormalTextRun SCXW252438464 BCX8\">Forening<\/span><span class=\"NormalTextRun SCXW252438464 BCX8\">, \u00fcbernimmt in diesem Jahr f\u00fcr die d\u00e4nische Minderheit den j\u00e4hrlich wechselnden Vorsitz des\u00a0Minderheitenrates.<\/span><\/span><span class=\"EOP SCXW252438464 BCX8\" data-ccp-props=\"{}\">\u00a0<\/span><\/span><\/p><p><span data-contrast=\"auto\">Der erste Termin f\u00fcr die neue Vorsitzende war der\u00a0Neujahrsempfang des Bundespr\u00e4sidenten Frank-Walter Steinmeier im Schloss Bellevue am 10. Januar.<\/span><span data-ccp-props=\"{}\">\u00a0<\/span><\/p><p><span data-contrast=\"auto\"><em>\u201eIch freue mich dar\u00fcber, dass ich als Vorsitzende des Minderheitenrates in diesem Jahr erneut zum Neujahrsempfang eingeladen war. Vor uns liegt ein ereignisreiches politisches Jahr. Es ist wichtig, dass die nationalen Minderheiten bei allen anstehenden Ver\u00e4nderungen an keiner Stelle vergessen werden\u201d<\/em>, betonte Gitte Hougaard-Werner.<\/span><span data-ccp-props=\"{}\">\u00a0<\/span><\/p><p><span data-contrast=\"auto\">Die Minderheitenratsvorsitzende begr\u00fc\u00dfte zudem die beiden neuen\u00a0Mitarbeiterinnen des Minderheitensekretariats. Neben Nele Feuring und Sven Daum, ist das Team seit dem 1. Januar um Marie W\u00f6rner als Projektmanagerin f\u00fcr die <span style=\"text-decoration: underline;\"><a href=\"http:\/\/www.washeissthierminderheit.de\">Wanderausstellung \u201eWas hei\u00dft hier Minderheit?\u201c<\/a><\/span> und\u00a0Carolin Renner als Referentin f\u00fcr Wissensvermittlung gewachsen.<\/span><span data-ccp-props=\"{}\">\u00a0<\/span><\/p><p><span data-contrast=\"auto\">Marie W\u00f6rner hat vergangenes Jahr ihren Master in Gesellschafts- und Wirtschaftskommunikation an der Universit\u00e4t der K\u00fcnste Berlin abgeschlossen. Sie bringt fundierte Erfahrung in Projektmanagement, interkultureller Zusammenarbeit und der Entwicklung partizipativer Konzepte mit. Mit gro\u00dfer Leidenschaft m\u00f6chte sie die Ausstellung weiterentwickeln, innovative Formate gestalten und neue Impulse setzen.<\/span><span data-ccp-props=\"{&quot;134233117&quot;:false,&quot;134233118&quot;:false,&quot;201341983&quot;:0,&quot;335551550&quot;:1,&quot;335551620&quot;:1,&quot;335559685&quot;:0,&quot;335559737&quot;:0,&quot;335559738&quot;:0,&quot;335559739&quot;:160,&quot;335559740&quot;:278}\">\u00a0<\/span><\/p><p><span data-contrast=\"auto\">Carolin Renner ist Niedersorbin, besuchte das Niedersorbische Gymnasium in Cottbus\/<span class=\"ui-provider a b c d e f g h i j k l m n o p q r s t u v w x y z ab ac ae af ag ah ai aj ak\" dir=\"ltr\">Ch\u00f3\u015bebuz<\/span> und hat in G\u00f6rlitz Kultur und Management (B.A.) sowie Management Sozialen Wandels (M.A.) studiert. Als neue Referentin f\u00fcr Wissensvermittlung freut sie sich darauf, in Zukunft die Arbeit des Minderheitensekretariats bei der Kommunikation mit Politiker*innen, der \u00d6ffentlichkeitsarbeit und der Ausarbeitung neuer Ans\u00e4tze zur Wissensvermittlung zu unterst\u00fctzen.<\/span><span data-ccp-props=\"{}\">\u00a0<\/span><\/p><p><img decoding=\"async\" class=\"aligncenter wp-image-18673 size-full\" src=\"https:\/\/www.minderheitensekretariat.de\/wp-content\/uploads\/2025\/01\/teamfoto-bearb-scaled.jpg\" alt=\"\" width=\"2560\" height=\"1704\" srcset=\"https:\/\/www.minderheitensekretariat.de\/wp-content\/uploads\/2025\/01\/teamfoto-bearb-scaled.jpg 2560w, https:\/\/www.minderheitensekretariat.de\/wp-content\/uploads\/2025\/01\/teamfoto-bearb-300x200.jpg 300w, https:\/\/www.minderheitensekretariat.de\/wp-content\/uploads\/2025\/01\/teamfoto-bearb-1024x681.jpg 1024w, https:\/\/www.minderheitensekretariat.de\/wp-content\/uploads\/2025\/01\/teamfoto-bearb-768x511.jpg 768w, https:\/\/www.minderheitensekretariat.de\/wp-content\/uploads\/2025\/01\/teamfoto-bearb-1536x1022.jpg 1536w, https:\/\/www.minderheitensekretariat.de\/wp-content\/uploads\/2025\/01\/teamfoto-bearb-2048x1363.jpg 2048w\" sizes=\"(max-width: 2560px) 100vw, 2560px\" \/><\/p><p>(Quelle: Minderheitensekretariat, 13.01.2025)<\/p>\t\t\t\t\t\t<\/div>\n\t\t\t\t<\/div>\n\t\t\t\t\t<\/div>\n\t\t<\/div>\n\t\t\t\t\t<\/div>\n\t\t<\/section>\n\t\t\t\t<section class=\"elementor-section elementor-inner-section elementor-element elementor-element-79ac782 elementor-section-boxed elementor-section-height-default elementor-section-height-default\" data-id=\"79ac782\" data-element_type=\"section\">\n\t\t\t\t\t\t<div class=\"elementor-container elementor-column-gap-default\">\n\t\t\t\t\t<div class=\"elementor-column elementor-col-100 elementor-inner-column elementor-element elementor-element-535e876\" data-id=\"535e876\" data-element_type=\"column\">\n\t\t\t<div class=\"elementor-widget-wrap elementor-element-populated\">\n\t\t\t\t\t\t<div class=\"elementor-element elementor-element-96396bc elementor-align-center elementor-widget elementor-widget-button\" data-id=\"96396bc\" data-element_type=\"widget\" data-widget_type=\"button.default\">\n\t\t\t\t<div class=\"elementor-widget-container\">\n\t\t\t\t\t\t\t<div class=\"elementor-button-wrapper\">\n\t\t\t\t\t<a class=\"elementor-button elementor-button-link elementor-size-sm\" href=\"\/aktuelles\/\">\n\t\t\t\t\t\t<span class=\"elementor-button-content-wrapper\">\n\t\t\t\t\t\t\t\t\t<span class=\"elementor-button-text\">Zur\u00fcck zur \u00dcbersicht<\/span>\n\t\t\t\t\t<\/span>\n\t\t\t\t\t<\/a>\n\t\t\t\t<\/div>\n\t\t\t\t\t\t<\/div>\n\t\t\t\t<\/div>\n\t\t\t\t\t<\/div>\n\t\t<\/div>\n\t\t\t\t\t<\/div>\n\t\t<\/section>\n\t\t\t\t\t<\/div>\n\t\t<\/div>\n\t\t\t\t\t<\/div>\n\t\t<\/section>\n\t\t\t\t<\/div>\n\t\t","protected":false},"excerpt":{"rendered":"<p>Wir machen uns bereit f\u00fcr das politische Jahr 2025. Gitte Hougaard-Werner nahm am Neujahrsempfang des Bundespr\u00e4sidenten teil.<\/p>\n","protected":false},"author":1,"featured_media":18627,"comment_status":"closed","ping_status":"closed","sticky":false,"template":"","format":"standard","meta":{"footnotes":""},"categories":[49],"tags":[],"class_list":["post-18626","post","type-post","status-publish","format-standard","has-post-thumbnail","hentry","category-startseite"],"yoast_head":"<!-- This site is optimized with the Yoast SEO plugin v23.8 - https:\/\/yoast.com\/wordpress\/plugins\/seo\/ -->\n<title>Minderheitensekretariat und Minderheitenrat starten ins Jahr 2025 - Minderheitensekretariat<\/title>\n<meta name=\"robots\" content=\"index, follow, max-snippet:-1, max-image-preview:large, max-video-preview:-1\" \/>\n<link rel=\"canonical\" href=\"https:\/\/www.minderheitensekretariat.de\/da\/2025\/01\/13\/teaser-der-minderheitenrat-macht-sich-bereit-fuer-das-politische-jahr-2025\/\" \/>\n<meta property=\"og:locale\" content=\"da_DK\" \/>\n<meta property=\"og:type\" content=\"article\" \/>\n<meta property=\"og:title\" content=\"Minderheitensekretariat und Minderheitenrat starten ins Jahr 2025 - Minderheitensekretariat\" \/>\n<meta property=\"og:description\" content=\"Wir machen uns bereit f\u00fcr das politische Jahr 2025. Gitte Hougaard-Werner nahm am Neujahrsempfang des Bundespr\u00e4sidenten teil.\" \/>\n<meta property=\"og:url\" content=\"https:\/\/www.minderheitensekretariat.de\/da\/2025\/01\/13\/teaser-der-minderheitenrat-macht-sich-bereit-fuer-das-politische-jahr-2025\/\" \/>\n<meta property=\"og:site_name\" content=\"Minderheitensekretariat\" \/>\n<meta property=\"article:publisher\" content=\"https:\/\/www.facebook.com\/minderheitensekretariat.de\" \/>\n<meta property=\"article:published_time\" content=\"2025-01-13T08:26:02+00:00\" \/>\n<meta property=\"article:modified_time\" content=\"2025-01-13T09:28:43+00:00\" \/>\n<meta property=\"og:image\" content=\"https:\/\/www.minderheitensekretariat.de\/wp-content\/uploads\/2025\/01\/1SK2615-scaled.jpg\" \/>\n\t<meta property=\"og:image:width\" content=\"2560\" \/>\n\t<meta property=\"og:image:height\" content=\"1707\" \/>\n\t<meta property=\"og:image:type\" content=\"image\/jpeg\" \/>\n<meta name=\"author\" content=\"Minderheitensekretariat\" \/>\n<meta name=\"twitter:card\" content=\"summary_large_image\" \/>\n<meta name=\"twitter:label1\" content=\"Skrevet af\" \/>\n\t<meta name=\"twitter:data1\" content=\"Minderheitensekretariat\" \/>\n\t<meta name=\"twitter:label2\" content=\"Estimeret l\u00e6setid\" \/>\n\t<meta name=\"twitter:data2\" content=\"3 minutter\" \/>\n<script type=\"application\/ld+json\" class=\"yoast-schema-graph\">{\"@context\":\"https:\/\/schema.org\",\"@graph\":[{\"@type\":\"Article\",\"@id\":\"https:\/\/www.minderheitensekretariat.de\/da\/2025\/01\/13\/teaser-der-minderheitenrat-macht-sich-bereit-fuer-das-politische-jahr-2025\/#article\",\"isPartOf\":{\"@id\":\"https:\/\/www.minderheitensekretariat.de\/da\/2025\/01\/13\/teaser-der-minderheitenrat-macht-sich-bereit-fuer-das-politische-jahr-2025\/\"},\"author\":{\"name\":\"Minderheitensekretariat\",\"@id\":\"https:\/\/www.minderheitensekretariat.de\/da\/#\/schema\/person\/55df1c4c912f10debba5dfc9bc26c1cf\"},\"headline\":\"Minderheitensekretariat und Minderheitenrat starten ins Jahr 2025\",\"datePublished\":\"2025-01-13T08:26:02+00:00\",\"dateModified\":\"2025-01-13T09:28:43+00:00\",\"mainEntityOfPage\":{\"@id\":\"https:\/\/www.minderheitensekretariat.de\/da\/2025\/01\/13\/teaser-der-minderheitenrat-macht-sich-bereit-fuer-das-politische-jahr-2025\/\"},\"wordCount\":277,\"publisher\":{\"@id\":\"https:\/\/www.minderheitensekretariat.de\/da\/#organization\"},\"image\":{\"@id\":\"https:\/\/www.minderheitensekretariat.de\/da\/2025\/01\/13\/teaser-der-minderheitenrat-macht-sich-bereit-fuer-das-politische-jahr-2025\/#primaryimage\"},\"thumbnailUrl\":\"https:\/\/www.minderheitensekretariat.de\/wp-content\/uploads\/2025\/01\/1SK2615-scaled.jpg\",\"articleSection\":[\"Startseite\"],\"inLanguage\":\"da-DK\"},{\"@type\":\"WebPage\",\"@id\":\"https:\/\/www.minderheitensekretariat.de\/da\/2025\/01\/13\/teaser-der-minderheitenrat-macht-sich-bereit-fuer-das-politische-jahr-2025\/\",\"url\":\"https:\/\/www.minderheitensekretariat.de\/da\/2025\/01\/13\/teaser-der-minderheitenrat-macht-sich-bereit-fuer-das-politische-jahr-2025\/\",\"name\":\"Minderheitensekretariat und Minderheitenrat starten ins Jahr 2025 - Minderheitensekretariat\",\"isPartOf\":{\"@id\":\"https:\/\/www.minderheitensekretariat.de\/da\/#website\"},\"primaryImageOfPage\":{\"@id\":\"https:\/\/www.minderheitensekretariat.de\/da\/2025\/01\/13\/teaser-der-minderheitenrat-macht-sich-bereit-fuer-das-politische-jahr-2025\/#primaryimage\"},\"image\":{\"@id\":\"https:\/\/www.minderheitensekretariat.de\/da\/2025\/01\/13\/teaser-der-minderheitenrat-macht-sich-bereit-fuer-das-politische-jahr-2025\/#primaryimage\"},\"thumbnailUrl\":\"https:\/\/www.minderheitensekretariat.de\/wp-content\/uploads\/2025\/01\/1SK2615-scaled.jpg\",\"datePublished\":\"2025-01-13T08:26:02+00:00\",\"dateModified\":\"2025-01-13T09:28:43+00:00\",\"breadcrumb\":{\"@id\":\"https:\/\/www.minderheitensekretariat.de\/da\/2025\/01\/13\/teaser-der-minderheitenrat-macht-sich-bereit-fuer-das-politische-jahr-2025\/#breadcrumb\"},\"inLanguage\":\"da-DK\",\"potentialAction\":[{\"@type\":\"ReadAction\",\"target\":[\"https:\/\/www.minderheitensekretariat.de\/da\/2025\/01\/13\/teaser-der-minderheitenrat-macht-sich-bereit-fuer-das-politische-jahr-2025\/\"]}]},{\"@type\":\"ImageObject\",\"inLanguage\":\"da-DK\",\"@id\":\"https:\/\/www.minderheitensekretariat.de\/da\/2025\/01\/13\/teaser-der-minderheitenrat-macht-sich-bereit-fuer-das-politische-jahr-2025\/#primaryimage\",\"url\":\"https:\/\/www.minderheitensekretariat.de\/wp-content\/uploads\/2025\/01\/1SK2615-scaled.jpg\",\"contentUrl\":\"https:\/\/www.minderheitensekretariat.de\/wp-content\/uploads\/2025\/01\/1SK2615-scaled.jpg\",\"width\":2560,\"height\":1707,\"caption\":\"Bundespr\u00e4sident Frank-Walter Steinmeier (r.) empf\u00e4ngt Gitte Houggaard-Werner turnusm\u00e4\u00dfige Vorsitzende des Minderheitenrates der vier autochthonen nationalen Minderheiten und Volksgruppen Deutschlands) anl\u00e4sslich eines Neujahrsempfangs im Schloss Bellevue (l. Elke B\u00fcdenbender, Ehefrau des Bundespr\u00e4sidenten).\"},{\"@type\":\"BreadcrumbList\",\"@id\":\"https:\/\/www.minderheitensekretariat.de\/da\/2025\/01\/13\/teaser-der-minderheitenrat-macht-sich-bereit-fuer-das-politische-jahr-2025\/#breadcrumb\",\"itemListElement\":[{\"@type\":\"ListItem\",\"position\":1,\"name\":\"Startseite\",\"item\":\"https:\/\/www.minderheitensekretariat.de\/da\/\"},{\"@type\":\"ListItem\",\"position\":2,\"name\":\"Minderheitensekretariat und Minderheitenrat starten ins Jahr 2025\"}]},{\"@type\":\"WebSite\",\"@id\":\"https:\/\/www.minderheitensekretariat.de\/da\/#website\",\"url\":\"https:\/\/www.minderheitensekretariat.de\/da\/\",\"name\":\"Minderheitensekretariat\",\"description\":\"\",\"publisher\":{\"@id\":\"https:\/\/www.minderheitensekretariat.de\/da\/#organization\"},\"potentialAction\":[{\"@type\":\"SearchAction\",\"target\":{\"@type\":\"EntryPoint\",\"urlTemplate\":\"https:\/\/www.minderheitensekretariat.de\/da\/?s={search_term_string}\"},\"query-input\":{\"@type\":\"PropertyValueSpecification\",\"valueRequired\":true,\"valueName\":\"search_term_string\"}}],\"inLanguage\":\"da-DK\"},{\"@type\":\"Organization\",\"@id\":\"https:\/\/www.minderheitensekretariat.de\/da\/#organization\",\"name\":\"Minderheitensekretariat\",\"url\":\"https:\/\/www.minderheitensekretariat.de\/da\/\",\"logo\":{\"@type\":\"ImageObject\",\"inLanguage\":\"da-DK\",\"@id\":\"https:\/\/www.minderheitensekretariat.de\/da\/#\/schema\/logo\/image\/\",\"url\":\"https:\/\/www.minderheitensekretariat.de\/wp-content\/uploads\/2023\/03\/Min_sek_Logo_4c.jpg\",\"contentUrl\":\"https:\/\/www.minderheitensekretariat.de\/wp-content\/uploads\/2023\/03\/Min_sek_Logo_4c.jpg\",\"width\":984,\"height\":236,\"caption\":\"Minderheitensekretariat\"},\"image\":{\"@id\":\"https:\/\/www.minderheitensekretariat.de\/da\/#\/schema\/logo\/image\/\"},\"sameAs\":[\"https:\/\/www.facebook.com\/minderheitensekretariat.de\"]},{\"@type\":\"Person\",\"@id\":\"https:\/\/www.minderheitensekretariat.de\/da\/#\/schema\/person\/55df1c4c912f10debba5dfc9bc26c1cf\",\"name\":\"Minderheitensekretariat\",\"image\":{\"@type\":\"ImageObject\",\"inLanguage\":\"da-DK\",\"@id\":\"https:\/\/www.minderheitensekretariat.de\/da\/#\/schema\/person\/image\/\",\"url\":\"https:\/\/secure.gravatar.com\/avatar\/370caba7511c95d16d2d05ef3fa57095fae805fdb97d13f46df8534525f106da?s=96&d=mm&r=g\",\"contentUrl\":\"https:\/\/secure.gravatar.com\/avatar\/370caba7511c95d16d2d05ef3fa57095fae805fdb97d13f46df8534525f106da?s=96&d=mm&r=g\",\"caption\":\"Minderheitensekretariat\"},\"sameAs\":[\"https:\/\/www.minderheitensekretariat.de\"],\"url\":\"https:\/\/www.minderheitensekretariat.de\/da\/author\/minderheitensekretariat\/\"}]}<\/script>\n<!-- \/ Yoast SEO plugin. -->","yoast_head_json":{"title":"Minderheitensekretariat und Minderheitenrat starten ins Jahr 2025 - Minderheitensekretariat","robots":{"index":"index","follow":"follow","max-snippet":"max-snippet:-1","max-image-preview":"max-image-preview:large","max-video-preview":"max-video-preview:-1"},"canonical":"https:\/\/www.minderheitensekretariat.de\/da\/2025\/01\/13\/teaser-der-minderheitenrat-macht-sich-bereit-fuer-das-politische-jahr-2025\/","og_locale":"da_DK","og_type":"article","og_title":"Minderheitensekretariat und Minderheitenrat starten ins Jahr 2025 - Minderheitensekretariat","og_description":"Wir machen uns bereit f\u00fcr das politische Jahr 2025. Gitte Hougaard-Werner nahm am Neujahrsempfang des Bundespr\u00e4sidenten teil.","og_url":"https:\/\/www.minderheitensekretariat.de\/da\/2025\/01\/13\/teaser-der-minderheitenrat-macht-sich-bereit-fuer-das-politische-jahr-2025\/","og_site_name":"Minderheitensekretariat","article_publisher":"https:\/\/www.facebook.com\/minderheitensekretariat.de","article_published_time":"2025-01-13T08:26:02+00:00","article_modified_time":"2025-01-13T09:28:43+00:00","og_image":[{"width":2560,"height":1707,"url":"https:\/\/www.minderheitensekretariat.de\/wp-content\/uploads\/2025\/01\/1SK2615-scaled.jpg","type":"image\/jpeg"}],"author":"Minderheitensekretariat","twitter_card":"summary_large_image","twitter_misc":{"Skrevet af":"Minderheitensekretariat","Estimeret l\u00e6setid":"3 minutter"},"schema":{"@context":"https:\/\/schema.org","@graph":[{"@type":"Article","@id":"https:\/\/www.minderheitensekretariat.de\/da\/2025\/01\/13\/teaser-der-minderheitenrat-macht-sich-bereit-fuer-das-politische-jahr-2025\/#article","isPartOf":{"@id":"https:\/\/www.minderheitensekretariat.de\/da\/2025\/01\/13\/teaser-der-minderheitenrat-macht-sich-bereit-fuer-das-politische-jahr-2025\/"},"author":{"name":"Minderheitensekretariat","@id":"https:\/\/www.minderheitensekretariat.de\/da\/#\/schema\/person\/55df1c4c912f10debba5dfc9bc26c1cf"},"headline":"Minderheitensekretariat und Minderheitenrat starten ins Jahr 2025","datePublished":"2025-01-13T08:26:02+00:00","dateModified":"2025-01-13T09:28:43+00:00","mainEntityOfPage":{"@id":"https:\/\/www.minderheitensekretariat.de\/da\/2025\/01\/13\/teaser-der-minderheitenrat-macht-sich-bereit-fuer-das-politische-jahr-2025\/"},"wordCount":277,"publisher":{"@id":"https:\/\/www.minderheitensekretariat.de\/da\/#organization"},"image":{"@id":"https:\/\/www.minderheitensekretariat.de\/da\/2025\/01\/13\/teaser-der-minderheitenrat-macht-sich-bereit-fuer-das-politische-jahr-2025\/#primaryimage"},"thumbnailUrl":"https:\/\/www.minderheitensekretariat.de\/wp-content\/uploads\/2025\/01\/1SK2615-scaled.jpg","articleSection":["Startseite"],"inLanguage":"da-DK"},{"@type":"WebPage","@id":"https:\/\/www.minderheitensekretariat.de\/da\/2025\/01\/13\/teaser-der-minderheitenrat-macht-sich-bereit-fuer-das-politische-jahr-2025\/","url":"https:\/\/www.minderheitensekretariat.de\/da\/2025\/01\/13\/teaser-der-minderheitenrat-macht-sich-bereit-fuer-das-politische-jahr-2025\/","name":"Minderheitensekretariat und Minderheitenrat starten ins Jahr 2025 - Minderheitensekretariat","isPartOf":{"@id":"https:\/\/www.minderheitensekretariat.de\/da\/#website"},"primaryImageOfPage":{"@id":"https:\/\/www.minderheitensekretariat.de\/da\/2025\/01\/13\/teaser-der-minderheitenrat-macht-sich-bereit-fuer-das-politische-jahr-2025\/#primaryimage"},"image":{"@id":"https:\/\/www.minderheitensekretariat.de\/da\/2025\/01\/13\/teaser-der-minderheitenrat-macht-sich-bereit-fuer-das-politische-jahr-2025\/#primaryimage"},"thumbnailUrl":"https:\/\/www.minderheitensekretariat.de\/wp-content\/uploads\/2025\/01\/1SK2615-scaled.jpg","datePublished":"2025-01-13T08:26:02+00:00","dateModified":"2025-01-13T09:28:43+00:00","breadcrumb":{"@id":"https:\/\/www.minderheitensekretariat.de\/da\/2025\/01\/13\/teaser-der-minderheitenrat-macht-sich-bereit-fuer-das-politische-jahr-2025\/#breadcrumb"},"inLanguage":"da-DK","potentialAction":[{"@type":"ReadAction","target":["https:\/\/www.minderheitensekretariat.de\/da\/2025\/01\/13\/teaser-der-minderheitenrat-macht-sich-bereit-fuer-das-politische-jahr-2025\/"]}]},{"@type":"ImageObject","inLanguage":"da-DK","@id":"https:\/\/www.minderheitensekretariat.de\/da\/2025\/01\/13\/teaser-der-minderheitenrat-macht-sich-bereit-fuer-das-politische-jahr-2025\/#primaryimage","url":"https:\/\/www.minderheitensekretariat.de\/wp-content\/uploads\/2025\/01\/1SK2615-scaled.jpg","contentUrl":"https:\/\/www.minderheitensekretariat.de\/wp-content\/uploads\/2025\/01\/1SK2615-scaled.jpg","width":2560,"height":1707,"caption":"Bundespr\u00e4sident Frank-Walter Steinmeier (r.) empf\u00e4ngt Gitte Houggaard-Werner turnusm\u00e4\u00dfige Vorsitzende des Minderheitenrates der vier autochthonen nationalen Minderheiten und Volksgruppen Deutschlands) anl\u00e4sslich eines Neujahrsempfangs im Schloss Bellevue (l. Elke B\u00fcdenbender, Ehefrau des Bundespr\u00e4sidenten)."},{"@type":"BreadcrumbList","@id":"https:\/\/www.minderheitensekretariat.de\/da\/2025\/01\/13\/teaser-der-minderheitenrat-macht-sich-bereit-fuer-das-politische-jahr-2025\/#breadcrumb","itemListElement":[{"@type":"ListItem","position":1,"name":"Startseite","item":"https:\/\/www.minderheitensekretariat.de\/da\/"},{"@type":"ListItem","position":2,"name":"Minderheitensekretariat und Minderheitenrat starten ins Jahr 2025"}]},{"@type":"WebSite","@id":"https:\/\/www.minderheitensekretariat.de\/da\/#website","url":"https:\/\/www.minderheitensekretariat.de\/da\/","name":"Minderheitensekretariat","description":"","publisher":{"@id":"https:\/\/www.minderheitensekretariat.de\/da\/#organization"},"potentialAction":[{"@type":"SearchAction","target":{"@type":"EntryPoint","urlTemplate":"https:\/\/www.minderheitensekretariat.de\/da\/?s={search_term_string}"},"query-input":{"@type":"PropertyValueSpecification","valueRequired":true,"valueName":"search_term_string"}}],"inLanguage":"da-DK"},{"@type":"Organization","@id":"https:\/\/www.minderheitensekretariat.de\/da\/#organization","name":"Minderheitensekretariat","url":"https:\/\/www.minderheitensekretariat.de\/da\/","logo":{"@type":"ImageObject","inLanguage":"da-DK","@id":"https:\/\/www.minderheitensekretariat.de\/da\/#\/schema\/logo\/image\/","url":"https:\/\/www.minderheitensekretariat.de\/wp-content\/uploads\/2023\/03\/Min_sek_Logo_4c.jpg","contentUrl":"https:\/\/www.minderheitensekretariat.de\/wp-content\/uploads\/2023\/03\/Min_sek_Logo_4c.jpg","width":984,"height":236,"caption":"Minderheitensekretariat"},"image":{"@id":"https:\/\/www.minderheitensekretariat.de\/da\/#\/schema\/logo\/image\/"},"sameAs":["https:\/\/www.facebook.com\/minderheitensekretariat.de"]},{"@type":"Person","@id":"https:\/\/www.minderheitensekretariat.de\/da\/#\/schema\/person\/55df1c4c912f10debba5dfc9bc26c1cf","name":"Minderheitensekretariat","image":{"@type":"ImageObject","inLanguage":"da-DK","@id":"https:\/\/www.minderheitensekretariat.de\/da\/#\/schema\/person\/image\/","url":"https:\/\/secure.gravatar.com\/avatar\/370caba7511c95d16d2d05ef3fa57095fae805fdb97d13f46df8534525f106da?s=96&d=mm&r=g","contentUrl":"https:\/\/secure.gravatar.com\/avatar\/370caba7511c95d16d2d05ef3fa57095fae805fdb97d13f46df8534525f106da?s=96&d=mm&r=g","caption":"Minderheitensekretariat"},"sameAs":["https:\/\/www.minderheitensekretariat.de"],"url":"https:\/\/www.minderheitensekretariat.de\/da\/author\/minderheitensekretariat\/"}]}},"_links":{"self":[{"href":"https:\/\/www.minderheitensekretariat.de\/da\/wp-json\/wp\/v2\/posts\/18626","targetHints":{"allow":["GET"]}}],"collection":[{"href":"https:\/\/www.minderheitensekretariat.de\/da\/wp-json\/wp\/v2\/posts"}],"about":[{"href":"https:\/\/www.minderheitensekretariat.de\/da\/wp-json\/wp\/v2\/types\/post"}],"author":[{"embeddable":true,"href":"https:\/\/www.minderheitensekretariat.de\/da\/wp-json\/wp\/v2\/users\/1"}],"replies":[{"embeddable":true,"href":"https:\/\/www.minderheitensekretariat.de\/da\/wp-json\/wp\/v2\/comments?post=18626"}],"version-history":[{"count":20,"href":"https:\/\/www.minderheitensekretariat.de\/da\/wp-json\/wp\/v2\/posts\/18626\/revisions"}],"predecessor-version":[{"id":18684,"href":"https:\/\/www.minderheitensekretariat.de\/da\/wp-json\/wp\/v2\/posts\/18626\/revisions\/18684"}],"wp:featuredmedia":[{"embeddable":true,"href":"https:\/\/www.minderheitensekretariat.de\/da\/wp-json\/wp\/v2\/media\/18627"}],"wp:attachment":[{"href":"https:\/\/www.minderheitensekretariat.de\/da\/wp-json\/wp\/v2\/media?parent=18626"}],"wp:term":[{"taxonomy":"category","embeddable":true,"href":"https:\/\/www.minderheitensekretariat.de\/da\/wp-json\/wp\/v2\/categories?post=18626"},{"taxonomy":"post_tag","embeddable":true,"href":"https:\/\/www.minderheitensekretariat.de\/da\/wp-json\/wp\/v2\/tags?post=18626"}],"curies":[{"name":"wp","href":"https:\/\/api.w.org\/{rel}","templated":true}]}}