{"id":19391,"date":"2025-03-25T14:12:02","date_gmt":"2025-03-25T13:12:02","guid":{"rendered":"https:\/\/www.minderheitensekretariat.de\/?p=19391"},"modified":"2025-03-27T11:08:56","modified_gmt":"2025-03-27T10:08:56","slug":"einladung-zur-ausstellungseroeffnung-im-sorbischen-museum-bautzen","status":"publish","type":"post","link":"https:\/\/www.minderheitensekretariat.de\/da\/2025\/03\/25\/einladung-zur-ausstellungseroeffnung-im-sorbischen-museum-bautzen\/","title":{"rendered":"Einladung zur Ausstellungser\u00f6ffnung im Sorbischen Museum Bautzen\u00a0"},"content":{"rendered":"\t\t<div data-elementor-type=\"wp-post\" data-elementor-id=\"19391\" class=\"elementor elementor-19391\" data-elementor-post-type=\"post\">\n\t\t\t\t\t\t<section class=\"elementor-section elementor-top-section elementor-element elementor-element-7333b6f elementor-section-boxed elementor-section-height-default elementor-section-height-default\" data-id=\"7333b6f\" data-element_type=\"section\" data-settings=\"{&quot;background_background&quot;:&quot;gradient&quot;}\">\n\t\t\t\t\t\t\t<div class=\"elementor-background-overlay\"><\/div>\n\t\t\t\t\t\t\t<div class=\"elementor-container elementor-column-gap-default\">\n\t\t\t\t\t<div class=\"elementor-column elementor-col-100 elementor-top-column elementor-element elementor-element-1b921a3\" data-id=\"1b921a3\" data-element_type=\"column\">\n\t\t\t<div class=\"elementor-widget-wrap elementor-element-populated\">\n\t\t\t\t\t\t<section class=\"elementor-section elementor-inner-section elementor-element elementor-element-b0fb436 elementor-section-full_width elementor-section-height-default elementor-section-height-default\" data-id=\"b0fb436\" data-element_type=\"section\">\n\t\t\t\t\t\t<div class=\"elementor-container elementor-column-gap-default\">\n\t\t\t\t\t<div class=\"elementor-column elementor-col-50 elementor-inner-column elementor-element elementor-element-fa2d1aa\" data-id=\"fa2d1aa\" data-element_type=\"column\">\n\t\t\t<div class=\"elementor-widget-wrap elementor-element-populated\">\n\t\t\t\t\t\t<div class=\"elementor-element elementor-element-ea2fe1b elementor-widget elementor-widget-image\" data-id=\"ea2fe1b\" data-element_type=\"widget\" data-widget_type=\"image.default\">\n\t\t\t\t<div class=\"elementor-widget-container\">\n\t\t\t\t\t\t\t\t\t\t<figure class=\"wp-caption\">\n\t\t\t\t\t\t\t\t\t\t<img fetchpriority=\"high\" decoding=\"async\" width=\"800\" height=\"466\" src=\"https:\/\/www.minderheitensekretariat.de\/wp-content\/uploads\/2025\/03\/2025_Doku_Minderheiten_034-1024x597.jpg\" class=\"attachment-large size-large wp-image-19392\" alt=\"\" srcset=\"https:\/\/www.minderheitensekretariat.de\/wp-content\/uploads\/2025\/03\/2025_Doku_Minderheiten_034-1024x597.jpg 1024w, https:\/\/www.minderheitensekretariat.de\/wp-content\/uploads\/2025\/03\/2025_Doku_Minderheiten_034-300x175.jpg 300w, https:\/\/www.minderheitensekretariat.de\/wp-content\/uploads\/2025\/03\/2025_Doku_Minderheiten_034-768x448.jpg 768w, https:\/\/www.minderheitensekretariat.de\/wp-content\/uploads\/2025\/03\/2025_Doku_Minderheiten_034-1536x896.jpg 1536w, https:\/\/www.minderheitensekretariat.de\/wp-content\/uploads\/2025\/03\/2025_Doku_Minderheiten_034-2048x1195.jpg 2048w\" sizes=\"(max-width: 800px) 100vw, 800px\" \/>\t\t\t\t\t\t\t\t\t\t\t<figcaption class=\"widget-image-caption wp-caption-text\">\u00a9 GDKE, E. Fischer<\/figcaption>\n\t\t\t\t\t\t\t\t\t\t<\/figure>\n\t\t\t\t\t\t\t<\/div>\n\t\t\t\t<\/div>\n\t\t\t\t\t<\/div>\n\t\t<\/div>\n\t\t\t\t<div class=\"elementor-column elementor-col-50 elementor-inner-column elementor-element elementor-element-f592ef7\" data-id=\"f592ef7\" data-element_type=\"column\">\n\t\t\t<div class=\"elementor-widget-wrap elementor-element-populated\">\n\t\t\t\t\t\t<div class=\"elementor-element elementor-element-03b0f5e elementor-widget elementor-widget-text-editor\" data-id=\"03b0f5e\" data-element_type=\"widget\" data-widget_type=\"text-editor.default\">\n\t\t\t\t<div class=\"elementor-widget-container\">\n\t\t\t\t\t\t\t25\/03\/2025\t\t\t\t\t\t<\/div>\n\t\t\t\t<\/div>\n\t\t\t\t<div class=\"elementor-element elementor-element-1a51d24 elementor-widget elementor-widget-text-editor\" data-id=\"1a51d24\" data-element_type=\"widget\" data-widget_type=\"text-editor.default\">\n\t\t\t\t<div class=\"elementor-widget-container\">\n\t\t\t\t\t\t\tDas Sorbische Museum Bautzen l\u00e4dt am 6. April 2025 um 15 Uhr zur Er\u00f6ffnung der Ausstellung \u201eWas hei\u00dft hier Minderheit?\u201c ein und zu einem spannenden Dialog \u00fcber Identit\u00e4t, Sprache und Vielfalt.\t\t\t\t\t\t<\/div>\n\t\t\t\t<\/div>\n\t\t\t\t<div class=\"elementor-element elementor-element-2aa7c17 elementor-widget-divider--view-line elementor-widget elementor-widget-divider\" data-id=\"2aa7c17\" data-element_type=\"widget\" data-widget_type=\"divider.default\">\n\t\t\t\t<div class=\"elementor-widget-container\">\n\t\t\t\t\t<div class=\"elementor-divider\">\n\t\t\t<span class=\"elementor-divider-separator\">\n\t\t\t\t\t\t<\/span>\n\t\t<\/div>\n\t\t\t\t<\/div>\n\t\t\t\t<\/div>\n\t\t\t\t\t<\/div>\n\t\t<\/div>\n\t\t\t\t\t<\/div>\n\t\t<\/section>\n\t\t\t\t<div class=\"elementor-element elementor-element-87b8590 elementor-hidden-mobile elementor-invisible elementor-widget elementor-widget-image\" data-id=\"87b8590\" data-element_type=\"widget\" data-settings=\"{&quot;_animation&quot;:&quot;fadeInDown&quot;,&quot;_animation_delay&quot;:1000}\" data-widget_type=\"image.default\">\n\t\t\t\t<div class=\"elementor-widget-container\">\n\t\t\t\t\t\t\t\t\t\t\t\t\t\t<a href=\"#mehr\">\n\t\t\t\t\t\t\t<img decoding=\"async\" width=\"27\" height=\"15\" src=\"https:\/\/www.minderheitensekretariat.de\/wp-content\/uploads\/2022\/07\/arrow_down.svg\" class=\"elementor-animation-shrink attachment-large size-large wp-image-657\" alt=\"\" \/>\t\t\t\t\t\t\t\t<\/a>\n\t\t\t\t\t\t\t\t\t\t\t\t\t<\/div>\n\t\t\t\t<\/div>\n\t\t\t\t<section class=\"elementor-section elementor-inner-section elementor-element elementor-element-8629abe elementor-section-boxed elementor-section-height-default elementor-section-height-default\" data-id=\"8629abe\" data-element_type=\"section\">\n\t\t\t\t\t\t<div class=\"elementor-container elementor-column-gap-default\">\n\t\t\t\t\t<div class=\"elementor-column elementor-col-100 elementor-inner-column elementor-element elementor-element-8fa23c1\" data-id=\"8fa23c1\" data-element_type=\"column\">\n\t\t\t<div class=\"elementor-widget-wrap elementor-element-populated\">\n\t\t\t\t\t\t<div class=\"elementor-element elementor-element-2440ca1 elementor-widget elementor-widget-heading\" data-id=\"2440ca1\" data-element_type=\"widget\" data-widget_type=\"heading.default\">\n\t\t\t\t<div class=\"elementor-widget-container\">\n\t\t\t<h2 class=\"elementor-heading-title elementor-size-default\">Einladung zur Ausstellungser\u00f6ffnung im Sorbischen Museum Bautzen\u00a0<\/h2>\t\t<\/div>\n\t\t\t\t<\/div>\n\t\t\t\t<div class=\"elementor-element elementor-element-c01359a elementor-widget elementor-widget-text-editor\" data-id=\"c01359a\" data-element_type=\"widget\" data-widget_type=\"text-editor.default\">\n\t\t\t\t<div class=\"elementor-widget-container\">\n\t\t\t\t\t\t\t<p><span data-contrast=\"auto\">Wir laden Sie herzlich ein zur feierlichen Er\u00f6ffnung der Ausstellung \u201eWas hei\u00dft hier Minderheit?\u201c im Sorbischen Museum in Bautzen am Sonntag, den 6. April 2025, um 15:00 Uhr.<\/span><span data-ccp-props=\"{}\">\u00a0<\/span><\/p><p><span data-contrast=\"auto\">Bautzen \u2013 das kulturelle Zentrum der Obersorb*innen \u2013 ist seit Jahrhunderten von sorbischem Leben, Sprache und Tradition gepr\u00e4gt. Mehrsprachigkeit und kulturelle Vielfalt geh\u00f6ren hier zum Alltag. Die Wanderausstellung \u201eWas hei\u00dft hier Minderheit?\u201c bietet die Gelegenheit, die vier autochthonen nationalen Minderheiten und Volksgruppen Deutschlands n\u00e4her kennenzulernen: die d\u00e4nische Minderheit, die deutschen Sinti und Roma, das sorbische Volk und die friesische Volksgruppe. Auch die Sprechergruppe Niederdeutsch stellt sich in der Ausstellung vor.<\/span><span data-ccp-props=\"{}\">\u00a0<\/span><\/p><p><span data-contrast=\"auto\">Die Exponate geben pers\u00f6nliche Einblicke in das Leben dieser Gruppen und regen dazu an, \u00fcber Zugeh\u00f6rigkeit und kulturelle Identit\u00e4t nachzudenken. Die Ausstellung er\u00f6ffnet neue Perspektiven auf gesellschaftliches Miteinander, die Bedeutung von Sprache und die Vielfalt unserer Gesellschaft. Sie l\u00e4dt dazu ein, gewohnte Sichtweisen zu hinterfragen und mit Offenheit und Neugier in den Dialog zu treten.<\/span><span data-ccp-props=\"{}\">\u00a0<\/span><\/p><p><span data-ccp-props=\"{}\">\u00a0<\/span><\/p><p><b><span data-contrast=\"auto\">Programm zur Er\u00f6ffnung:<\/span><\/b><span data-ccp-props=\"{}\">\u00a0<\/span><\/p><p><b><span data-contrast=\"auto\">Begr\u00fc\u00dfung:<\/span><\/b><span data-ccp-props=\"{}\">\u00a0<\/span><\/p><p><span data-contrast=\"auto\">Christina Bogusz, Direktorin des Sorbischen Museums<\/span><span data-ccp-props=\"{}\">\u00a0<\/span><\/p><p><span data-contrast=\"auto\">Gru\u00dfworte:<\/span><span data-ccp-props=\"{}\">\u00a0<\/span><\/p><p><span data-contrast=\"auto\">Dawid Statnik, Vorsitzender der Domowina, Bund Lausitzer Sorben<\/span><span data-ccp-props=\"{}\">\u00a0<\/span><\/p><p><span data-contrast=\"auto\">Franziska Brech, Leiterin des Gesch\u00e4ftsbereiches Kultur und Tourismus im S\u00e4chsischen Staatsministerium f\u00fcr Wissenschaft, Kultur und Tourismus<\/span><span data-ccp-props=\"{}\">\u00a0<\/span><\/p><p><span data-contrast=\"auto\">Ingwer Nommensen, Mitglied des Minderheitenrat<\/span><span data-contrast=\"auto\">e<\/span><span data-contrast=\"auto\">s und der Sektion Nord des Friesischen Rats (Frasche R\u00e4dj\/Friesenrat Sektion Nord e.V.)\u00a0\u00a0<\/span><span data-ccp-props=\"{}\">\u00a0<\/span><\/p><p><span data-contrast=\"auto\">Dr. Saskia Luther, Vertreterin vom Bunnsraat f\u00f6r Nedderd\u00fc\u00fctsch\u00a0<\/span><span data-ccp-props=\"{}\">\u00a0<\/span><\/p><p><span data-ccp-props=\"{}\">\u00a0<\/span><\/p><p><b><span data-contrast=\"auto\">Musikalische Umrahmung:<\/span><\/b><span data-ccp-props=\"{}\">\u00a0<\/span><\/p><p><span data-contrast=\"auto\">Helena Heiduschka (Gesang) und Simon Heiduschke (Klavier)<\/span><span data-ccp-props=\"{}\">\u00a0<\/span><\/p><p><span data-ccp-props=\"{}\">\u00a0<\/span><\/p><p><span data-contrast=\"auto\">Im Anschluss an die Ausstellungser\u00f6ffnung sind Sie herzlich eingeladen, in den direkten Austausch zu treten: An jedem Exponat begleitet Sie eine Person, die f\u00fcr pers\u00f6nliche Einblicke in die f\u00fcnf Gruppen und Gespr\u00e4che bereitsteht. Freuen Sie sich auf einen lebendigen und dialogorientierten Abend.\u00a0<\/span><span data-ccp-props=\"{}\">\u00a0<\/span><\/p><p><span data-contrast=\"auto\">Wir freuen uns auf Ihr Kommen und darauf, mit Ihnen einen besonderen Abend zu verbringen.<\/span><span data-ccp-props=\"{}\">\u00a0<\/span><\/p><p><span data-ccp-props=\"{}\">\u00a0<\/span><\/p><p><span data-contrast=\"auto\">Die Wanderausstellung ist vom 06.04.2025 bis zum 11.06.2025 Dienstag bis Sonntag zwischen 10.00 \u2013 18.00 Uhr zu sehen.<\/span><span data-ccp-props=\"{}\">\u00a0<\/span><\/p><p><span data-ccp-props=\"{}\">\u00a0<\/span><\/p><p><b><span data-contrast=\"auto\">Adresse: <\/span><\/b><span data-ccp-props=\"{&quot;134233117&quot;:false,&quot;134233118&quot;:false,&quot;335551550&quot;:0,&quot;335551620&quot;:0,&quot;335559738&quot;:240,&quot;335559739&quot;:240}\">\u00a0<\/span><\/p><p><span data-contrast=\"auto\">Serbski muzej \/ Sorbisches Museum <\/span>\u00a0<br \/><span data-contrast=\"auto\">Ortenburg 3<\/span>\u00a0<br \/><span data-contrast=\"auto\">02625 Bautzen<\/span><span data-ccp-props=\"{&quot;134233117&quot;:false,&quot;134233118&quot;:false,&quot;335551550&quot;:0,&quot;335551620&quot;:0,&quot;335559738&quot;:240,&quot;335559739&quot;:240}\">\u00a0<\/span><\/p>\t\t\t\t\t\t<\/div>\n\t\t\t\t<\/div>\n\t\t\t\t\t<\/div>\n\t\t<\/div>\n\t\t\t\t\t<\/div>\n\t\t<\/section>\n\t\t\t\t<section class=\"elementor-section elementor-inner-section elementor-element elementor-element-79ac782 elementor-section-boxed elementor-section-height-default elementor-section-height-default\" data-id=\"79ac782\" data-element_type=\"section\">\n\t\t\t\t\t\t<div class=\"elementor-container elementor-column-gap-default\">\n\t\t\t\t\t<div class=\"elementor-column elementor-col-100 elementor-inner-column elementor-element elementor-element-535e876\" data-id=\"535e876\" data-element_type=\"column\">\n\t\t\t<div class=\"elementor-widget-wrap elementor-element-populated\">\n\t\t\t\t\t\t<div class=\"elementor-element elementor-element-96396bc elementor-align-center elementor-widget elementor-widget-button\" data-id=\"96396bc\" data-element_type=\"widget\" data-widget_type=\"button.default\">\n\t\t\t\t<div class=\"elementor-widget-container\">\n\t\t\t\t\t\t\t<div class=\"elementor-button-wrapper\">\n\t\t\t\t\t<a class=\"elementor-button elementor-button-link elementor-size-sm\" href=\"\/aktuelles\/\">\n\t\t\t\t\t\t<span class=\"elementor-button-content-wrapper\">\n\t\t\t\t\t\t\t\t\t<span class=\"elementor-button-text\">Zur\u00fcck zur \u00dcbersicht<\/span>\n\t\t\t\t\t<\/span>\n\t\t\t\t\t<\/a>\n\t\t\t\t<\/div>\n\t\t\t\t\t\t<\/div>\n\t\t\t\t<\/div>\n\t\t\t\t\t<\/div>\n\t\t<\/div>\n\t\t\t\t\t<\/div>\n\t\t<\/section>\n\t\t\t\t\t<\/div>\n\t\t<\/div>\n\t\t\t\t\t<\/div>\n\t\t<\/section>\n\t\t\t\t<\/div>\n\t\t","protected":false},"excerpt":{"rendered":"<p>Das Sorbische Museum Bautzen l\u00e4dt am 6. April 2025 um 15 Uhr zur Er\u00f6ffnung der Ausstellung \u201eWas hei\u00dft hier Minderheit?\u201c ein und zu einem spannenden Dialog \u00fcber Identit\u00e4t, Sprache und Vielfalt.<\/p>\n","protected":false},"author":1,"featured_media":19392,"comment_status":"closed","ping_status":"closed","sticky":false,"template":"elementor_header_footer","format":"standard","meta":{"footnotes":""},"categories":[49],"tags":[],"class_list":["post-19391","post","type-post","status-publish","format-standard","has-post-thumbnail","hentry","category-startseite"],"yoast_head":"<!-- This site is optimized with the Yoast SEO plugin v23.8 - https:\/\/yoast.com\/wordpress\/plugins\/seo\/ -->\n<title>Einladung zur Ausstellungser\u00f6ffnung im Sorbischen Museum Bautzen\u00a0 - Minderheitensekretariat<\/title>\n<meta name=\"robots\" content=\"index, follow, max-snippet:-1, max-image-preview:large, max-video-preview:-1\" \/>\n<link rel=\"canonical\" href=\"https:\/\/www.minderheitensekretariat.de\/da\/2025\/03\/25\/einladung-zur-ausstellungseroeffnung-im-sorbischen-museum-bautzen\/\" \/>\n<meta property=\"og:locale\" content=\"da_DK\" \/>\n<meta property=\"og:type\" content=\"article\" \/>\n<meta property=\"og:title\" content=\"Einladung zur Ausstellungser\u00f6ffnung im Sorbischen Museum Bautzen\u00a0 - Minderheitensekretariat\" \/>\n<meta property=\"og:description\" content=\"Das Sorbische Museum Bautzen l\u00e4dt am 6. April 2025 um 15 Uhr zur Er\u00f6ffnung der Ausstellung \u201eWas hei\u00dft hier Minderheit?\u201c ein und zu einem spannenden Dialog \u00fcber Identit\u00e4t, Sprache und Vielfalt.\" \/>\n<meta property=\"og:url\" content=\"https:\/\/www.minderheitensekretariat.de\/da\/2025\/03\/25\/einladung-zur-ausstellungseroeffnung-im-sorbischen-museum-bautzen\/\" \/>\n<meta property=\"og:site_name\" content=\"Minderheitensekretariat\" \/>\n<meta property=\"article:publisher\" content=\"https:\/\/www.facebook.com\/minderheitensekretariat.de\" \/>\n<meta property=\"article:published_time\" content=\"2025-03-25T13:12:02+00:00\" \/>\n<meta property=\"article:modified_time\" content=\"2025-03-27T10:08:56+00:00\" \/>\n<meta property=\"og:image\" content=\"https:\/\/www.minderheitensekretariat.de\/wp-content\/uploads\/2025\/03\/2025_Doku_Minderheiten_034-scaled.jpg\" \/>\n\t<meta property=\"og:image:width\" content=\"2560\" \/>\n\t<meta property=\"og:image:height\" content=\"1493\" \/>\n\t<meta property=\"og:image:type\" content=\"image\/jpeg\" \/>\n<meta name=\"author\" content=\"Minderheitensekretariat\" \/>\n<meta name=\"twitter:card\" content=\"summary_large_image\" \/>\n<meta name=\"twitter:label1\" content=\"Skrevet af\" \/>\n\t<meta name=\"twitter:data1\" content=\"Minderheitensekretariat\" \/>\n\t<meta name=\"twitter:label2\" content=\"Estimeret l\u00e6setid\" \/>\n\t<meta name=\"twitter:data2\" content=\"3 minutter\" \/>\n<script type=\"application\/ld+json\" class=\"yoast-schema-graph\">{\"@context\":\"https:\/\/schema.org\",\"@graph\":[{\"@type\":\"Article\",\"@id\":\"https:\/\/www.minderheitensekretariat.de\/da\/2025\/03\/25\/einladung-zur-ausstellungseroeffnung-im-sorbischen-museum-bautzen\/#article\",\"isPartOf\":{\"@id\":\"https:\/\/www.minderheitensekretariat.de\/da\/2025\/03\/25\/einladung-zur-ausstellungseroeffnung-im-sorbischen-museum-bautzen\/\"},\"author\":{\"name\":\"Minderheitensekretariat\",\"@id\":\"https:\/\/www.minderheitensekretariat.de\/da\/#\/schema\/person\/55df1c4c912f10debba5dfc9bc26c1cf\"},\"headline\":\"Einladung zur Ausstellungser\u00f6ffnung im Sorbischen Museum Bautzen\u00a0\",\"datePublished\":\"2025-03-25T13:12:02+00:00\",\"dateModified\":\"2025-03-27T10:08:56+00:00\",\"mainEntityOfPage\":{\"@id\":\"https:\/\/www.minderheitensekretariat.de\/da\/2025\/03\/25\/einladung-zur-ausstellungseroeffnung-im-sorbischen-museum-bautzen\/\"},\"wordCount\":335,\"publisher\":{\"@id\":\"https:\/\/www.minderheitensekretariat.de\/da\/#organization\"},\"image\":{\"@id\":\"https:\/\/www.minderheitensekretariat.de\/da\/2025\/03\/25\/einladung-zur-ausstellungseroeffnung-im-sorbischen-museum-bautzen\/#primaryimage\"},\"thumbnailUrl\":\"https:\/\/www.minderheitensekretariat.de\/wp-content\/uploads\/2025\/03\/2025_Doku_Minderheiten_034-scaled.jpg\",\"articleSection\":[\"Startseite\"],\"inLanguage\":\"da-DK\"},{\"@type\":\"WebPage\",\"@id\":\"https:\/\/www.minderheitensekretariat.de\/da\/2025\/03\/25\/einladung-zur-ausstellungseroeffnung-im-sorbischen-museum-bautzen\/\",\"url\":\"https:\/\/www.minderheitensekretariat.de\/da\/2025\/03\/25\/einladung-zur-ausstellungseroeffnung-im-sorbischen-museum-bautzen\/\",\"name\":\"Einladung zur Ausstellungser\u00f6ffnung im Sorbischen Museum Bautzen\u00a0 - Minderheitensekretariat\",\"isPartOf\":{\"@id\":\"https:\/\/www.minderheitensekretariat.de\/da\/#website\"},\"primaryImageOfPage\":{\"@id\":\"https:\/\/www.minderheitensekretariat.de\/da\/2025\/03\/25\/einladung-zur-ausstellungseroeffnung-im-sorbischen-museum-bautzen\/#primaryimage\"},\"image\":{\"@id\":\"https:\/\/www.minderheitensekretariat.de\/da\/2025\/03\/25\/einladung-zur-ausstellungseroeffnung-im-sorbischen-museum-bautzen\/#primaryimage\"},\"thumbnailUrl\":\"https:\/\/www.minderheitensekretariat.de\/wp-content\/uploads\/2025\/03\/2025_Doku_Minderheiten_034-scaled.jpg\",\"datePublished\":\"2025-03-25T13:12:02+00:00\",\"dateModified\":\"2025-03-27T10:08:56+00:00\",\"breadcrumb\":{\"@id\":\"https:\/\/www.minderheitensekretariat.de\/da\/2025\/03\/25\/einladung-zur-ausstellungseroeffnung-im-sorbischen-museum-bautzen\/#breadcrumb\"},\"inLanguage\":\"da-DK\",\"potentialAction\":[{\"@type\":\"ReadAction\",\"target\":[\"https:\/\/www.minderheitensekretariat.de\/da\/2025\/03\/25\/einladung-zur-ausstellungseroeffnung-im-sorbischen-museum-bautzen\/\"]}]},{\"@type\":\"ImageObject\",\"inLanguage\":\"da-DK\",\"@id\":\"https:\/\/www.minderheitensekretariat.de\/da\/2025\/03\/25\/einladung-zur-ausstellungseroeffnung-im-sorbischen-museum-bautzen\/#primaryimage\",\"url\":\"https:\/\/www.minderheitensekretariat.de\/wp-content\/uploads\/2025\/03\/2025_Doku_Minderheiten_034-scaled.jpg\",\"contentUrl\":\"https:\/\/www.minderheitensekretariat.de\/wp-content\/uploads\/2025\/03\/2025_Doku_Minderheiten_034-scaled.jpg\",\"width\":2560,\"height\":1493,\"caption\":\"\u00a9 GDKE, E. Fischer\"},{\"@type\":\"BreadcrumbList\",\"@id\":\"https:\/\/www.minderheitensekretariat.de\/da\/2025\/03\/25\/einladung-zur-ausstellungseroeffnung-im-sorbischen-museum-bautzen\/#breadcrumb\",\"itemListElement\":[{\"@type\":\"ListItem\",\"position\":1,\"name\":\"Startseite\",\"item\":\"https:\/\/www.minderheitensekretariat.de\/da\/\"},{\"@type\":\"ListItem\",\"position\":2,\"name\":\"Einladung zur Ausstellungser\u00f6ffnung im Sorbischen Museum Bautzen\u00a0\"}]},{\"@type\":\"WebSite\",\"@id\":\"https:\/\/www.minderheitensekretariat.de\/da\/#website\",\"url\":\"https:\/\/www.minderheitensekretariat.de\/da\/\",\"name\":\"Minderheitensekretariat\",\"description\":\"\",\"publisher\":{\"@id\":\"https:\/\/www.minderheitensekretariat.de\/da\/#organization\"},\"potentialAction\":[{\"@type\":\"SearchAction\",\"target\":{\"@type\":\"EntryPoint\",\"urlTemplate\":\"https:\/\/www.minderheitensekretariat.de\/da\/?s={search_term_string}\"},\"query-input\":{\"@type\":\"PropertyValueSpecification\",\"valueRequired\":true,\"valueName\":\"search_term_string\"}}],\"inLanguage\":\"da-DK\"},{\"@type\":\"Organization\",\"@id\":\"https:\/\/www.minderheitensekretariat.de\/da\/#organization\",\"name\":\"Minderheitensekretariat\",\"url\":\"https:\/\/www.minderheitensekretariat.de\/da\/\",\"logo\":{\"@type\":\"ImageObject\",\"inLanguage\":\"da-DK\",\"@id\":\"https:\/\/www.minderheitensekretariat.de\/da\/#\/schema\/logo\/image\/\",\"url\":\"https:\/\/www.minderheitensekretariat.de\/wp-content\/uploads\/2023\/03\/Min_sek_Logo_4c.jpg\",\"contentUrl\":\"https:\/\/www.minderheitensekretariat.de\/wp-content\/uploads\/2023\/03\/Min_sek_Logo_4c.jpg\",\"width\":984,\"height\":236,\"caption\":\"Minderheitensekretariat\"},\"image\":{\"@id\":\"https:\/\/www.minderheitensekretariat.de\/da\/#\/schema\/logo\/image\/\"},\"sameAs\":[\"https:\/\/www.facebook.com\/minderheitensekretariat.de\"]},{\"@type\":\"Person\",\"@id\":\"https:\/\/www.minderheitensekretariat.de\/da\/#\/schema\/person\/55df1c4c912f10debba5dfc9bc26c1cf\",\"name\":\"Minderheitensekretariat\",\"image\":{\"@type\":\"ImageObject\",\"inLanguage\":\"da-DK\",\"@id\":\"https:\/\/www.minderheitensekretariat.de\/da\/#\/schema\/person\/image\/\",\"url\":\"https:\/\/secure.gravatar.com\/avatar\/370caba7511c95d16d2d05ef3fa57095fae805fdb97d13f46df8534525f106da?s=96&d=mm&r=g\",\"contentUrl\":\"https:\/\/secure.gravatar.com\/avatar\/370caba7511c95d16d2d05ef3fa57095fae805fdb97d13f46df8534525f106da?s=96&d=mm&r=g\",\"caption\":\"Minderheitensekretariat\"},\"sameAs\":[\"https:\/\/www.minderheitensekretariat.de\"],\"url\":\"https:\/\/www.minderheitensekretariat.de\/da\/author\/minderheitensekretariat\/\"}]}<\/script>\n<!-- \/ Yoast SEO plugin. -->","yoast_head_json":{"title":"Einladung zur Ausstellungser\u00f6ffnung im Sorbischen Museum Bautzen\u00a0 - Minderheitensekretariat","robots":{"index":"index","follow":"follow","max-snippet":"max-snippet:-1","max-image-preview":"max-image-preview:large","max-video-preview":"max-video-preview:-1"},"canonical":"https:\/\/www.minderheitensekretariat.de\/da\/2025\/03\/25\/einladung-zur-ausstellungseroeffnung-im-sorbischen-museum-bautzen\/","og_locale":"da_DK","og_type":"article","og_title":"Einladung zur Ausstellungser\u00f6ffnung im Sorbischen Museum Bautzen\u00a0 - Minderheitensekretariat","og_description":"Das Sorbische Museum Bautzen l\u00e4dt am 6. April 2025 um 15 Uhr zur Er\u00f6ffnung der Ausstellung \u201eWas hei\u00dft hier Minderheit?\u201c ein und zu einem spannenden Dialog \u00fcber Identit\u00e4t, Sprache und Vielfalt.","og_url":"https:\/\/www.minderheitensekretariat.de\/da\/2025\/03\/25\/einladung-zur-ausstellungseroeffnung-im-sorbischen-museum-bautzen\/","og_site_name":"Minderheitensekretariat","article_publisher":"https:\/\/www.facebook.com\/minderheitensekretariat.de","article_published_time":"2025-03-25T13:12:02+00:00","article_modified_time":"2025-03-27T10:08:56+00:00","og_image":[{"width":2560,"height":1493,"url":"https:\/\/www.minderheitensekretariat.de\/wp-content\/uploads\/2025\/03\/2025_Doku_Minderheiten_034-scaled.jpg","type":"image\/jpeg"}],"author":"Minderheitensekretariat","twitter_card":"summary_large_image","twitter_misc":{"Skrevet af":"Minderheitensekretariat","Estimeret l\u00e6setid":"3 minutter"},"schema":{"@context":"https:\/\/schema.org","@graph":[{"@type":"Article","@id":"https:\/\/www.minderheitensekretariat.de\/da\/2025\/03\/25\/einladung-zur-ausstellungseroeffnung-im-sorbischen-museum-bautzen\/#article","isPartOf":{"@id":"https:\/\/www.minderheitensekretariat.de\/da\/2025\/03\/25\/einladung-zur-ausstellungseroeffnung-im-sorbischen-museum-bautzen\/"},"author":{"name":"Minderheitensekretariat","@id":"https:\/\/www.minderheitensekretariat.de\/da\/#\/schema\/person\/55df1c4c912f10debba5dfc9bc26c1cf"},"headline":"Einladung zur Ausstellungser\u00f6ffnung im Sorbischen Museum Bautzen\u00a0","datePublished":"2025-03-25T13:12:02+00:00","dateModified":"2025-03-27T10:08:56+00:00","mainEntityOfPage":{"@id":"https:\/\/www.minderheitensekretariat.de\/da\/2025\/03\/25\/einladung-zur-ausstellungseroeffnung-im-sorbischen-museum-bautzen\/"},"wordCount":335,"publisher":{"@id":"https:\/\/www.minderheitensekretariat.de\/da\/#organization"},"image":{"@id":"https:\/\/www.minderheitensekretariat.de\/da\/2025\/03\/25\/einladung-zur-ausstellungseroeffnung-im-sorbischen-museum-bautzen\/#primaryimage"},"thumbnailUrl":"https:\/\/www.minderheitensekretariat.de\/wp-content\/uploads\/2025\/03\/2025_Doku_Minderheiten_034-scaled.jpg","articleSection":["Startseite"],"inLanguage":"da-DK"},{"@type":"WebPage","@id":"https:\/\/www.minderheitensekretariat.de\/da\/2025\/03\/25\/einladung-zur-ausstellungseroeffnung-im-sorbischen-museum-bautzen\/","url":"https:\/\/www.minderheitensekretariat.de\/da\/2025\/03\/25\/einladung-zur-ausstellungseroeffnung-im-sorbischen-museum-bautzen\/","name":"Einladung zur Ausstellungser\u00f6ffnung im Sorbischen Museum Bautzen\u00a0 - Minderheitensekretariat","isPartOf":{"@id":"https:\/\/www.minderheitensekretariat.de\/da\/#website"},"primaryImageOfPage":{"@id":"https:\/\/www.minderheitensekretariat.de\/da\/2025\/03\/25\/einladung-zur-ausstellungseroeffnung-im-sorbischen-museum-bautzen\/#primaryimage"},"image":{"@id":"https:\/\/www.minderheitensekretariat.de\/da\/2025\/03\/25\/einladung-zur-ausstellungseroeffnung-im-sorbischen-museum-bautzen\/#primaryimage"},"thumbnailUrl":"https:\/\/www.minderheitensekretariat.de\/wp-content\/uploads\/2025\/03\/2025_Doku_Minderheiten_034-scaled.jpg","datePublished":"2025-03-25T13:12:02+00:00","dateModified":"2025-03-27T10:08:56+00:00","breadcrumb":{"@id":"https:\/\/www.minderheitensekretariat.de\/da\/2025\/03\/25\/einladung-zur-ausstellungseroeffnung-im-sorbischen-museum-bautzen\/#breadcrumb"},"inLanguage":"da-DK","potentialAction":[{"@type":"ReadAction","target":["https:\/\/www.minderheitensekretariat.de\/da\/2025\/03\/25\/einladung-zur-ausstellungseroeffnung-im-sorbischen-museum-bautzen\/"]}]},{"@type":"ImageObject","inLanguage":"da-DK","@id":"https:\/\/www.minderheitensekretariat.de\/da\/2025\/03\/25\/einladung-zur-ausstellungseroeffnung-im-sorbischen-museum-bautzen\/#primaryimage","url":"https:\/\/www.minderheitensekretariat.de\/wp-content\/uploads\/2025\/03\/2025_Doku_Minderheiten_034-scaled.jpg","contentUrl":"https:\/\/www.minderheitensekretariat.de\/wp-content\/uploads\/2025\/03\/2025_Doku_Minderheiten_034-scaled.jpg","width":2560,"height":1493,"caption":"\u00a9 GDKE, E. Fischer"},{"@type":"BreadcrumbList","@id":"https:\/\/www.minderheitensekretariat.de\/da\/2025\/03\/25\/einladung-zur-ausstellungseroeffnung-im-sorbischen-museum-bautzen\/#breadcrumb","itemListElement":[{"@type":"ListItem","position":1,"name":"Startseite","item":"https:\/\/www.minderheitensekretariat.de\/da\/"},{"@type":"ListItem","position":2,"name":"Einladung zur Ausstellungser\u00f6ffnung im Sorbischen Museum Bautzen\u00a0"}]},{"@type":"WebSite","@id":"https:\/\/www.minderheitensekretariat.de\/da\/#website","url":"https:\/\/www.minderheitensekretariat.de\/da\/","name":"Minderheitensekretariat","description":"","publisher":{"@id":"https:\/\/www.minderheitensekretariat.de\/da\/#organization"},"potentialAction":[{"@type":"SearchAction","target":{"@type":"EntryPoint","urlTemplate":"https:\/\/www.minderheitensekretariat.de\/da\/?s={search_term_string}"},"query-input":{"@type":"PropertyValueSpecification","valueRequired":true,"valueName":"search_term_string"}}],"inLanguage":"da-DK"},{"@type":"Organization","@id":"https:\/\/www.minderheitensekretariat.de\/da\/#organization","name":"Minderheitensekretariat","url":"https:\/\/www.minderheitensekretariat.de\/da\/","logo":{"@type":"ImageObject","inLanguage":"da-DK","@id":"https:\/\/www.minderheitensekretariat.de\/da\/#\/schema\/logo\/image\/","url":"https:\/\/www.minderheitensekretariat.de\/wp-content\/uploads\/2023\/03\/Min_sek_Logo_4c.jpg","contentUrl":"https:\/\/www.minderheitensekretariat.de\/wp-content\/uploads\/2023\/03\/Min_sek_Logo_4c.jpg","width":984,"height":236,"caption":"Minderheitensekretariat"},"image":{"@id":"https:\/\/www.minderheitensekretariat.de\/da\/#\/schema\/logo\/image\/"},"sameAs":["https:\/\/www.facebook.com\/minderheitensekretariat.de"]},{"@type":"Person","@id":"https:\/\/www.minderheitensekretariat.de\/da\/#\/schema\/person\/55df1c4c912f10debba5dfc9bc26c1cf","name":"Minderheitensekretariat","image":{"@type":"ImageObject","inLanguage":"da-DK","@id":"https:\/\/www.minderheitensekretariat.de\/da\/#\/schema\/person\/image\/","url":"https:\/\/secure.gravatar.com\/avatar\/370caba7511c95d16d2d05ef3fa57095fae805fdb97d13f46df8534525f106da?s=96&d=mm&r=g","contentUrl":"https:\/\/secure.gravatar.com\/avatar\/370caba7511c95d16d2d05ef3fa57095fae805fdb97d13f46df8534525f106da?s=96&d=mm&r=g","caption":"Minderheitensekretariat"},"sameAs":["https:\/\/www.minderheitensekretariat.de"],"url":"https:\/\/www.minderheitensekretariat.de\/da\/author\/minderheitensekretariat\/"}]}},"_links":{"self":[{"href":"https:\/\/www.minderheitensekretariat.de\/da\/wp-json\/wp\/v2\/posts\/19391","targetHints":{"allow":["GET"]}}],"collection":[{"href":"https:\/\/www.minderheitensekretariat.de\/da\/wp-json\/wp\/v2\/posts"}],"about":[{"href":"https:\/\/www.minderheitensekretariat.de\/da\/wp-json\/wp\/v2\/types\/post"}],"author":[{"embeddable":true,"href":"https:\/\/www.minderheitensekretariat.de\/da\/wp-json\/wp\/v2\/users\/1"}],"replies":[{"embeddable":true,"href":"https:\/\/www.minderheitensekretariat.de\/da\/wp-json\/wp\/v2\/comments?post=19391"}],"version-history":[{"count":9,"href":"https:\/\/www.minderheitensekretariat.de\/da\/wp-json\/wp\/v2\/posts\/19391\/revisions"}],"predecessor-version":[{"id":19563,"href":"https:\/\/www.minderheitensekretariat.de\/da\/wp-json\/wp\/v2\/posts\/19391\/revisions\/19563"}],"wp:featuredmedia":[{"embeddable":true,"href":"https:\/\/www.minderheitensekretariat.de\/da\/wp-json\/wp\/v2\/media\/19392"}],"wp:attachment":[{"href":"https:\/\/www.minderheitensekretariat.de\/da\/wp-json\/wp\/v2\/media?parent=19391"}],"wp:term":[{"taxonomy":"category","embeddable":true,"href":"https:\/\/www.minderheitensekretariat.de\/da\/wp-json\/wp\/v2\/categories?post=19391"},{"taxonomy":"post_tag","embeddable":true,"href":"https:\/\/www.minderheitensekretariat.de\/da\/wp-json\/wp\/v2\/tags?post=19391"}],"curies":[{"name":"wp","href":"https:\/\/api.w.org\/{rel}","templated":true}]}}