{"id":20878,"date":"2025-07-15T11:44:33","date_gmt":"2025-07-15T09:44:33","guid":{"rendered":"https:\/\/www.minderheitensekretariat.de\/?p=20878"},"modified":"2025-07-15T11:47:05","modified_gmt":"2025-07-15T09:47:05","slug":"minderheitenrat-im-austausch-mit-dr-bernd-fabritius","status":"publish","type":"post","link":"https:\/\/www.minderheitensekretariat.de\/da\/2025\/07\/15\/minderheitenrat-im-austausch-mit-dr-bernd-fabritius\/","title":{"rendered":"Minderheitenrat im Austausch mit Dr. Bernd Fabritius"},"content":{"rendered":"\t\t<div data-elementor-type=\"wp-post\" data-elementor-id=\"20878\" class=\"elementor elementor-20878\" data-elementor-post-type=\"post\">\n\t\t\t\t\t\t<section class=\"elementor-section elementor-top-section elementor-element elementor-element-7333b6f elementor-section-boxed elementor-section-height-default elementor-section-height-default\" data-id=\"7333b6f\" data-element_type=\"section\" data-settings=\"{&quot;background_background&quot;:&quot;gradient&quot;}\">\n\t\t\t\t\t\t\t<div class=\"elementor-background-overlay\"><\/div>\n\t\t\t\t\t\t\t<div class=\"elementor-container elementor-column-gap-default\">\n\t\t\t\t\t<div class=\"elementor-column elementor-col-100 elementor-top-column elementor-element elementor-element-1b921a3\" data-id=\"1b921a3\" data-element_type=\"column\">\n\t\t\t<div class=\"elementor-widget-wrap elementor-element-populated\">\n\t\t\t\t\t\t<section class=\"elementor-section elementor-inner-section elementor-element elementor-element-b0fb436 elementor-section-full_width elementor-section-height-default elementor-section-height-default\" data-id=\"b0fb436\" data-element_type=\"section\">\n\t\t\t\t\t\t<div class=\"elementor-container elementor-column-gap-default\">\n\t\t\t\t\t<div class=\"elementor-column elementor-col-50 elementor-inner-column elementor-element elementor-element-fa2d1aa\" data-id=\"fa2d1aa\" data-element_type=\"column\">\n\t\t\t<div class=\"elementor-widget-wrap elementor-element-populated\">\n\t\t\t\t\t\t<div class=\"elementor-element elementor-element-ea2fe1b elementor-widget elementor-widget-image\" data-id=\"ea2fe1b\" data-element_type=\"widget\" data-widget_type=\"image.default\">\n\t\t\t\t<div class=\"elementor-widget-container\">\n\t\t\t\t\t\t\t\t\t\t<figure class=\"wp-caption\">\n\t\t\t\t\t\t\t\t\t\t<img fetchpriority=\"high\" decoding=\"async\" width=\"800\" height=\"532\" src=\"https:\/\/www.minderheitensekretariat.de\/wp-content\/uploads\/2025\/07\/DSC_9695-1024x681.jpg\" class=\"attachment-large size-large wp-image-20885\" alt=\"\" srcset=\"https:\/\/www.minderheitensekretariat.de\/wp-content\/uploads\/2025\/07\/DSC_9695-1024x681.jpg 1024w, https:\/\/www.minderheitensekretariat.de\/wp-content\/uploads\/2025\/07\/DSC_9695-300x200.jpg 300w, https:\/\/www.minderheitensekretariat.de\/wp-content\/uploads\/2025\/07\/DSC_9695-768x511.jpg 768w, https:\/\/www.minderheitensekretariat.de\/wp-content\/uploads\/2025\/07\/DSC_9695-1536x1022.jpg 1536w, https:\/\/www.minderheitensekretariat.de\/wp-content\/uploads\/2025\/07\/DSC_9695-2048x1363.jpg 2048w\" sizes=\"(max-width: 800px) 100vw, 800px\" \/>\t\t\t\t\t\t\t\t\t\t\t<figcaption class=\"widget-image-caption wp-caption-text\"><\/figcaption>\n\t\t\t\t\t\t\t\t\t\t<\/figure>\n\t\t\t\t\t\t\t<\/div>\n\t\t\t\t<\/div>\n\t\t\t\t\t<\/div>\n\t\t<\/div>\n\t\t\t\t<div class=\"elementor-column elementor-col-50 elementor-inner-column elementor-element elementor-element-f592ef7\" data-id=\"f592ef7\" data-element_type=\"column\">\n\t\t\t<div class=\"elementor-widget-wrap elementor-element-populated\">\n\t\t\t\t\t\t<div class=\"elementor-element elementor-element-03b0f5e elementor-widget elementor-widget-text-editor\" data-id=\"03b0f5e\" data-element_type=\"widget\" data-widget_type=\"text-editor.default\">\n\t\t\t\t<div class=\"elementor-widget-container\">\n\t\t\t\t\t\t\t15\/07\/2025\t\t\t\t\t\t<\/div>\n\t\t\t\t<\/div>\n\t\t\t\t<div class=\"elementor-element elementor-element-1a51d24 elementor-widget elementor-widget-text-editor\" data-id=\"1a51d24\" data-element_type=\"widget\" data-widget_type=\"text-editor.default\">\n\t\t\t\t<div class=\"elementor-widget-container\">\n\t\t\t\t\t\t\tAm 10. Juli kam der Minderheitenrat f\u00fcr eine seiner Sitzungen zusammen und sprach anschlie\u00dfend mit dem Beauftragten der Bundesregierung f\u00fcr Aussiedlerfragen und nationale Minderheiten.\t\t\t\t\t\t<\/div>\n\t\t\t\t<\/div>\n\t\t\t\t<div class=\"elementor-element elementor-element-2aa7c17 elementor-widget-divider--view-line elementor-widget elementor-widget-divider\" data-id=\"2aa7c17\" data-element_type=\"widget\" data-widget_type=\"divider.default\">\n\t\t\t\t<div class=\"elementor-widget-container\">\n\t\t\t\t\t<div class=\"elementor-divider\">\n\t\t\t<span class=\"elementor-divider-separator\">\n\t\t\t\t\t\t<\/span>\n\t\t<\/div>\n\t\t\t\t<\/div>\n\t\t\t\t<\/div>\n\t\t\t\t\t<\/div>\n\t\t<\/div>\n\t\t\t\t\t<\/div>\n\t\t<\/section>\n\t\t\t\t<div class=\"elementor-element elementor-element-87b8590 elementor-hidden-mobile elementor-invisible elementor-widget elementor-widget-image\" data-id=\"87b8590\" data-element_type=\"widget\" data-settings=\"{&quot;_animation&quot;:&quot;fadeInDown&quot;,&quot;_animation_delay&quot;:1000}\" data-widget_type=\"image.default\">\n\t\t\t\t<div class=\"elementor-widget-container\">\n\t\t\t\t\t\t\t\t\t\t\t\t\t\t<a href=\"#mehr\">\n\t\t\t\t\t\t\t<img decoding=\"async\" width=\"27\" height=\"15\" src=\"https:\/\/www.minderheitensekretariat.de\/wp-content\/uploads\/2022\/07\/arrow_down.svg\" class=\"elementor-animation-shrink attachment-large size-large wp-image-657\" alt=\"\" \/>\t\t\t\t\t\t\t\t<\/a>\n\t\t\t\t\t\t\t\t\t\t\t\t\t<\/div>\n\t\t\t\t<\/div>\n\t\t\t\t<section class=\"elementor-section elementor-inner-section elementor-element elementor-element-8629abe elementor-section-boxed elementor-section-height-default elementor-section-height-default\" data-id=\"8629abe\" data-element_type=\"section\">\n\t\t\t\t\t\t<div class=\"elementor-container elementor-column-gap-default\">\n\t\t\t\t\t<div class=\"elementor-column elementor-col-100 elementor-inner-column elementor-element elementor-element-8fa23c1\" data-id=\"8fa23c1\" data-element_type=\"column\">\n\t\t\t<div class=\"elementor-widget-wrap elementor-element-populated\">\n\t\t\t\t\t\t<div class=\"elementor-element elementor-element-2440ca1 elementor-widget elementor-widget-heading\" data-id=\"2440ca1\" data-element_type=\"widget\" data-widget_type=\"heading.default\">\n\t\t\t\t<div class=\"elementor-widget-container\">\n\t\t\t<h2 class=\"elementor-heading-title elementor-size-default\">Minderheitenrat im Austausch mit Dr. Bernd Fabritius<\/h2>\t\t<\/div>\n\t\t\t\t<\/div>\n\t\t\t\t<div class=\"elementor-element elementor-element-c01359a elementor-widget elementor-widget-text-editor\" data-id=\"c01359a\" data-element_type=\"widget\" data-widget_type=\"text-editor.default\">\n\t\t\t\t<div class=\"elementor-widget-container\">\n\t\t\t\t\t\t\t<p><strong>Berlin, 10. Juli 2025<\/strong> \u2013 Der Minderheitenrat der vier autochthonen nationalen Minderheiten und Volksgruppen Deutschlands kam am 10. Juli zu seiner dritten Sitzung in diesem Jahr zusammen. Tagungsort war das Bildungsforum gegen Antiziganismus sowie die Melde- und Informationsstelle Antiziganismus (MIA) in Berlin-Kreuzberg.<br \/><br \/>Ein zentrales Thema der Sitzung waren aktuelle Probleme bei der Umsetzung der Reform des Namensrechts. Angeh\u00f6rige der nationalen Minderheiten berichten, dass ihre Antr\u00e4ge auf Namens\u00e4nderung nach d\u00e4nischer oder friesischer Tradition abgelehnt wurden \u2013 mit der Begr\u00fcndung, sie m\u00fcssten ihre Zugeh\u00f6rigkeit zur jeweiligen Minderheit nachweisen. Solche Anforderungen widersprechen der im Rahmen\u00fcbereinkommen zum Schutz nationaler Minderheiten garantierten Bekenntnisfreiheit. Das Minderheitensekretariat dokumentiert entsprechende F\u00e4lle und setzt sich f\u00fcr eine diskriminierungsfreie Umsetzung des neuen Namensrechts ein.<br \/><br \/>Weitere Themen der Sitzung waren die Kandidatur von Jens A. Christiansen f\u00fcr das Amt des FUEN-Pr\u00e4sidenten sowie die Er\u00f6ffnung der Wanderausstellung Was hei\u00dft hier Minderheit? in Cloppenburg. Zudem berichtete das Minderheitensekretariat \u00fcber aktuelle Initiativen in Kooperation mit der Kultusministerkonferenz (KMK) und der Bundeszentrale f\u00fcr politische Bildung (BpB) sowie \u00fcber Gespr\u00e4che mit Bundestagsabgeordneten in den vergangenen Wochen.<br \/><br \/>Im Anschluss an die Sitzung fand ein Gespr\u00e4ch mit Dr. Bernd Fabritius, dem Bundesbeauftragten f\u00fcr Aussiedlerfragen und nationale Minderheiten, statt. Der Minderheitenrat gratulierte ihm zur erneuten Ernennung und nutzte die Gelegenheit, zentrale Anliegen direkt anzusprechen. Dr. Fabritius sicherte dem Minderheitenrat seine Unterst\u00fctzung zu, k\u00fcndigte Besuche bei allen vier Minderheiten an und versprach, sich auch auf europ\u00e4ischer Ebene weiterhin f\u00fcr den Schutz der Minderheitenrechte stark zu machen.<br \/><br \/>\u201e<em>Wir haben das Gespr\u00e4ch mit Dr. Fabritius als sehr offen, konstruktiv und von gegenseitigem Respekt gepr\u00e4gt erlebt\u201c, erkl\u00e4rte Gitte Hougaard-Werner, Vorsitzende des Minderheitenrats. \u201eEs ist ein wichtiges Signal, dass der Bundesbeauftragte fr\u00fchzeitig den direkten Austausch mit uns sucht. Wir freuen uns auf eine vertrauensvolle Zusammenarbeit und darauf, gemeinsam konkrete Fortschritte f\u00fcr die Minderheitenpolitik in Deutschland zu erzielen.<\/em>\u201c<\/p>\t\t\t\t\t\t<\/div>\n\t\t\t\t<\/div>\n\t\t\t\t<div class=\"elementor-element elementor-element-e9872ba elementor-widget elementor-widget-text-editor\" data-id=\"e9872ba\" data-element_type=\"widget\" data-widget_type=\"text-editor.default\">\n\t\t\t\t<div class=\"elementor-widget-container\">\n\t\t\t\t\t\t\t<p><span style=\"color: var( --e-global-color-39532aa ); letter-spacing: 0px; background-color: transparent;\">(Quelle: Minderheitensekretariat, 15.07.2025<\/span><span style=\"color: var( --e-global-color-39532aa ); letter-spacing: 0px; background-color: transparent;\">)<\/span><\/p>\t\t\t\t\t\t<\/div>\n\t\t\t\t<\/div>\n\t\t\t\t\t<\/div>\n\t\t<\/div>\n\t\t\t\t\t<\/div>\n\t\t<\/section>\n\t\t\t\t<section class=\"elementor-section elementor-inner-section elementor-element elementor-element-79ac782 elementor-section-boxed elementor-section-height-default elementor-section-height-default\" data-id=\"79ac782\" data-element_type=\"section\">\n\t\t\t\t\t\t<div class=\"elementor-container elementor-column-gap-default\">\n\t\t\t\t\t<div class=\"elementor-column elementor-col-100 elementor-inner-column elementor-element elementor-element-535e876\" data-id=\"535e876\" data-element_type=\"column\">\n\t\t\t<div class=\"elementor-widget-wrap elementor-element-populated\">\n\t\t\t\t\t\t<div class=\"elementor-element elementor-element-96396bc elementor-align-center elementor-widget elementor-widget-button\" data-id=\"96396bc\" data-element_type=\"widget\" data-widget_type=\"button.default\">\n\t\t\t\t<div class=\"elementor-widget-container\">\n\t\t\t\t\t\t\t<div class=\"elementor-button-wrapper\">\n\t\t\t\t\t<a class=\"elementor-button elementor-button-link elementor-size-sm\" href=\"\/aktuelles\/\">\n\t\t\t\t\t\t<span class=\"elementor-button-content-wrapper\">\n\t\t\t\t\t\t\t\t\t<span class=\"elementor-button-text\">Zur\u00fcck zur \u00dcbersicht<\/span>\n\t\t\t\t\t<\/span>\n\t\t\t\t\t<\/a>\n\t\t\t\t<\/div>\n\t\t\t\t\t\t<\/div>\n\t\t\t\t<\/div>\n\t\t\t\t\t<\/div>\n\t\t<\/div>\n\t\t\t\t\t<\/div>\n\t\t<\/section>\n\t\t\t\t\t<\/div>\n\t\t<\/div>\n\t\t\t\t\t<\/div>\n\t\t<\/section>\n\t\t\t\t<\/div>\n\t\t","protected":false},"excerpt":{"rendered":"<p>Am 10. Juli kam der Minderheitenrat f\u00fcr eine seiner Sitzungen zusammen und sprach anschlie\u00dfend mit dem Beauftragten der Bundesregierung f\u00fcr Aussiedlerfragen und nationale Minderheiten.<\/p>\n","protected":false},"author":1,"featured_media":20885,"comment_status":"closed","ping_status":"closed","sticky":false,"template":"elementor_header_footer","format":"standard","meta":{"footnotes":""},"categories":[49],"tags":[],"class_list":["post-20878","post","type-post","status-publish","format-standard","has-post-thumbnail","hentry","category-startseite"],"yoast_head":"<!-- This site is optimized with the Yoast SEO plugin v23.8 - https:\/\/yoast.com\/wordpress\/plugins\/seo\/ -->\n<title>Minderheitenrat im Austausch mit Dr. Bernd Fabritius - Minderheitensekretariat<\/title>\n<meta name=\"robots\" content=\"index, follow, max-snippet:-1, max-image-preview:large, max-video-preview:-1\" \/>\n<link rel=\"canonical\" href=\"https:\/\/www.minderheitensekretariat.de\/da\/2025\/07\/15\/minderheitenrat-im-austausch-mit-dr-bernd-fabritius\/\" \/>\n<meta property=\"og:locale\" content=\"da_DK\" \/>\n<meta property=\"og:type\" content=\"article\" \/>\n<meta property=\"og:title\" content=\"Minderheitenrat im Austausch mit Dr. Bernd Fabritius - Minderheitensekretariat\" \/>\n<meta property=\"og:description\" content=\"Am 10. Juli kam der Minderheitenrat f\u00fcr eine seiner Sitzungen zusammen und sprach anschlie\u00dfend mit dem Beauftragten der Bundesregierung f\u00fcr Aussiedlerfragen und nationale Minderheiten.\" \/>\n<meta property=\"og:url\" content=\"https:\/\/www.minderheitensekretariat.de\/da\/2025\/07\/15\/minderheitenrat-im-austausch-mit-dr-bernd-fabritius\/\" \/>\n<meta property=\"og:site_name\" content=\"Minderheitensekretariat\" \/>\n<meta property=\"article:publisher\" content=\"https:\/\/www.facebook.com\/minderheitensekretariat.de\" \/>\n<meta property=\"article:published_time\" content=\"2025-07-15T09:44:33+00:00\" \/>\n<meta property=\"article:modified_time\" content=\"2025-07-15T09:47:05+00:00\" \/>\n<meta property=\"og:image\" content=\"https:\/\/www.minderheitensekretariat.de\/wp-content\/uploads\/2025\/07\/DSC_9695-scaled.jpg\" \/>\n\t<meta property=\"og:image:width\" content=\"2560\" \/>\n\t<meta property=\"og:image:height\" content=\"1703\" \/>\n\t<meta property=\"og:image:type\" content=\"image\/jpeg\" \/>\n<meta name=\"author\" content=\"Minderheitensekretariat\" \/>\n<meta name=\"twitter:card\" content=\"summary_large_image\" \/>\n<meta name=\"twitter:label1\" content=\"Skrevet af\" \/>\n\t<meta name=\"twitter:data1\" content=\"Minderheitensekretariat\" \/>\n\t<meta name=\"twitter:label2\" content=\"Estimeret l\u00e6setid\" \/>\n\t<meta name=\"twitter:data2\" content=\"3 minutter\" \/>\n<script type=\"application\/ld+json\" class=\"yoast-schema-graph\">{\"@context\":\"https:\/\/schema.org\",\"@graph\":[{\"@type\":\"Article\",\"@id\":\"https:\/\/www.minderheitensekretariat.de\/da\/2025\/07\/15\/minderheitenrat-im-austausch-mit-dr-bernd-fabritius\/#article\",\"isPartOf\":{\"@id\":\"https:\/\/www.minderheitensekretariat.de\/da\/2025\/07\/15\/minderheitenrat-im-austausch-mit-dr-bernd-fabritius\/\"},\"author\":{\"name\":\"Minderheitensekretariat\",\"@id\":\"https:\/\/www.minderheitensekretariat.de\/da\/#\/schema\/person\/55df1c4c912f10debba5dfc9bc26c1cf\"},\"headline\":\"Minderheitenrat im Austausch mit Dr. Bernd Fabritius\",\"datePublished\":\"2025-07-15T09:44:33+00:00\",\"dateModified\":\"2025-07-15T09:47:05+00:00\",\"mainEntityOfPage\":{\"@id\":\"https:\/\/www.minderheitensekretariat.de\/da\/2025\/07\/15\/minderheitenrat-im-austausch-mit-dr-bernd-fabritius\/\"},\"wordCount\":328,\"publisher\":{\"@id\":\"https:\/\/www.minderheitensekretariat.de\/da\/#organization\"},\"image\":{\"@id\":\"https:\/\/www.minderheitensekretariat.de\/da\/2025\/07\/15\/minderheitenrat-im-austausch-mit-dr-bernd-fabritius\/#primaryimage\"},\"thumbnailUrl\":\"https:\/\/www.minderheitensekretariat.de\/wp-content\/uploads\/2025\/07\/DSC_9695-scaled.jpg\",\"articleSection\":[\"Startseite\"],\"inLanguage\":\"da-DK\"},{\"@type\":\"WebPage\",\"@id\":\"https:\/\/www.minderheitensekretariat.de\/da\/2025\/07\/15\/minderheitenrat-im-austausch-mit-dr-bernd-fabritius\/\",\"url\":\"https:\/\/www.minderheitensekretariat.de\/da\/2025\/07\/15\/minderheitenrat-im-austausch-mit-dr-bernd-fabritius\/\",\"name\":\"Minderheitenrat im Austausch mit Dr. Bernd Fabritius - Minderheitensekretariat\",\"isPartOf\":{\"@id\":\"https:\/\/www.minderheitensekretariat.de\/da\/#website\"},\"primaryImageOfPage\":{\"@id\":\"https:\/\/www.minderheitensekretariat.de\/da\/2025\/07\/15\/minderheitenrat-im-austausch-mit-dr-bernd-fabritius\/#primaryimage\"},\"image\":{\"@id\":\"https:\/\/www.minderheitensekretariat.de\/da\/2025\/07\/15\/minderheitenrat-im-austausch-mit-dr-bernd-fabritius\/#primaryimage\"},\"thumbnailUrl\":\"https:\/\/www.minderheitensekretariat.de\/wp-content\/uploads\/2025\/07\/DSC_9695-scaled.jpg\",\"datePublished\":\"2025-07-15T09:44:33+00:00\",\"dateModified\":\"2025-07-15T09:47:05+00:00\",\"breadcrumb\":{\"@id\":\"https:\/\/www.minderheitensekretariat.de\/da\/2025\/07\/15\/minderheitenrat-im-austausch-mit-dr-bernd-fabritius\/#breadcrumb\"},\"inLanguage\":\"da-DK\",\"potentialAction\":[{\"@type\":\"ReadAction\",\"target\":[\"https:\/\/www.minderheitensekretariat.de\/da\/2025\/07\/15\/minderheitenrat-im-austausch-mit-dr-bernd-fabritius\/\"]}]},{\"@type\":\"ImageObject\",\"inLanguage\":\"da-DK\",\"@id\":\"https:\/\/www.minderheitensekretariat.de\/da\/2025\/07\/15\/minderheitenrat-im-austausch-mit-dr-bernd-fabritius\/#primaryimage\",\"url\":\"https:\/\/www.minderheitensekretariat.de\/wp-content\/uploads\/2025\/07\/DSC_9695-scaled.jpg\",\"contentUrl\":\"https:\/\/www.minderheitensekretariat.de\/wp-content\/uploads\/2025\/07\/DSC_9695-scaled.jpg\",\"width\":2560,\"height\":1703},{\"@type\":\"BreadcrumbList\",\"@id\":\"https:\/\/www.minderheitensekretariat.de\/da\/2025\/07\/15\/minderheitenrat-im-austausch-mit-dr-bernd-fabritius\/#breadcrumb\",\"itemListElement\":[{\"@type\":\"ListItem\",\"position\":1,\"name\":\"Startseite\",\"item\":\"https:\/\/www.minderheitensekretariat.de\/da\/\"},{\"@type\":\"ListItem\",\"position\":2,\"name\":\"Minderheitenrat im Austausch mit Dr. Bernd Fabritius\"}]},{\"@type\":\"WebSite\",\"@id\":\"https:\/\/www.minderheitensekretariat.de\/da\/#website\",\"url\":\"https:\/\/www.minderheitensekretariat.de\/da\/\",\"name\":\"Minderheitensekretariat\",\"description\":\"\",\"publisher\":{\"@id\":\"https:\/\/www.minderheitensekretariat.de\/da\/#organization\"},\"potentialAction\":[{\"@type\":\"SearchAction\",\"target\":{\"@type\":\"EntryPoint\",\"urlTemplate\":\"https:\/\/www.minderheitensekretariat.de\/da\/?s={search_term_string}\"},\"query-input\":{\"@type\":\"PropertyValueSpecification\",\"valueRequired\":true,\"valueName\":\"search_term_string\"}}],\"inLanguage\":\"da-DK\"},{\"@type\":\"Organization\",\"@id\":\"https:\/\/www.minderheitensekretariat.de\/da\/#organization\",\"name\":\"Minderheitensekretariat\",\"url\":\"https:\/\/www.minderheitensekretariat.de\/da\/\",\"logo\":{\"@type\":\"ImageObject\",\"inLanguage\":\"da-DK\",\"@id\":\"https:\/\/www.minderheitensekretariat.de\/da\/#\/schema\/logo\/image\/\",\"url\":\"https:\/\/www.minderheitensekretariat.de\/wp-content\/uploads\/2023\/03\/Min_sek_Logo_4c.jpg\",\"contentUrl\":\"https:\/\/www.minderheitensekretariat.de\/wp-content\/uploads\/2023\/03\/Min_sek_Logo_4c.jpg\",\"width\":984,\"height\":236,\"caption\":\"Minderheitensekretariat\"},\"image\":{\"@id\":\"https:\/\/www.minderheitensekretariat.de\/da\/#\/schema\/logo\/image\/\"},\"sameAs\":[\"https:\/\/www.facebook.com\/minderheitensekretariat.de\"]},{\"@type\":\"Person\",\"@id\":\"https:\/\/www.minderheitensekretariat.de\/da\/#\/schema\/person\/55df1c4c912f10debba5dfc9bc26c1cf\",\"name\":\"Minderheitensekretariat\",\"image\":{\"@type\":\"ImageObject\",\"inLanguage\":\"da-DK\",\"@id\":\"https:\/\/www.minderheitensekretariat.de\/da\/#\/schema\/person\/image\/\",\"url\":\"https:\/\/secure.gravatar.com\/avatar\/370caba7511c95d16d2d05ef3fa57095fae805fdb97d13f46df8534525f106da?s=96&d=mm&r=g\",\"contentUrl\":\"https:\/\/secure.gravatar.com\/avatar\/370caba7511c95d16d2d05ef3fa57095fae805fdb97d13f46df8534525f106da?s=96&d=mm&r=g\",\"caption\":\"Minderheitensekretariat\"},\"sameAs\":[\"https:\/\/www.minderheitensekretariat.de\"],\"url\":\"https:\/\/www.minderheitensekretariat.de\/da\/author\/minderheitensekretariat\/\"}]}<\/script>\n<!-- \/ Yoast SEO plugin. -->","yoast_head_json":{"title":"Minderheitenrat im Austausch mit Dr. Bernd Fabritius - Minderheitensekretariat","robots":{"index":"index","follow":"follow","max-snippet":"max-snippet:-1","max-image-preview":"max-image-preview:large","max-video-preview":"max-video-preview:-1"},"canonical":"https:\/\/www.minderheitensekretariat.de\/da\/2025\/07\/15\/minderheitenrat-im-austausch-mit-dr-bernd-fabritius\/","og_locale":"da_DK","og_type":"article","og_title":"Minderheitenrat im Austausch mit Dr. Bernd Fabritius - Minderheitensekretariat","og_description":"Am 10. Juli kam der Minderheitenrat f\u00fcr eine seiner Sitzungen zusammen und sprach anschlie\u00dfend mit dem Beauftragten der Bundesregierung f\u00fcr Aussiedlerfragen und nationale Minderheiten.","og_url":"https:\/\/www.minderheitensekretariat.de\/da\/2025\/07\/15\/minderheitenrat-im-austausch-mit-dr-bernd-fabritius\/","og_site_name":"Minderheitensekretariat","article_publisher":"https:\/\/www.facebook.com\/minderheitensekretariat.de","article_published_time":"2025-07-15T09:44:33+00:00","article_modified_time":"2025-07-15T09:47:05+00:00","og_image":[{"width":2560,"height":1703,"url":"https:\/\/www.minderheitensekretariat.de\/wp-content\/uploads\/2025\/07\/DSC_9695-scaled.jpg","type":"image\/jpeg"}],"author":"Minderheitensekretariat","twitter_card":"summary_large_image","twitter_misc":{"Skrevet af":"Minderheitensekretariat","Estimeret l\u00e6setid":"3 minutter"},"schema":{"@context":"https:\/\/schema.org","@graph":[{"@type":"Article","@id":"https:\/\/www.minderheitensekretariat.de\/da\/2025\/07\/15\/minderheitenrat-im-austausch-mit-dr-bernd-fabritius\/#article","isPartOf":{"@id":"https:\/\/www.minderheitensekretariat.de\/da\/2025\/07\/15\/minderheitenrat-im-austausch-mit-dr-bernd-fabritius\/"},"author":{"name":"Minderheitensekretariat","@id":"https:\/\/www.minderheitensekretariat.de\/da\/#\/schema\/person\/55df1c4c912f10debba5dfc9bc26c1cf"},"headline":"Minderheitenrat im Austausch mit Dr. Bernd Fabritius","datePublished":"2025-07-15T09:44:33+00:00","dateModified":"2025-07-15T09:47:05+00:00","mainEntityOfPage":{"@id":"https:\/\/www.minderheitensekretariat.de\/da\/2025\/07\/15\/minderheitenrat-im-austausch-mit-dr-bernd-fabritius\/"},"wordCount":328,"publisher":{"@id":"https:\/\/www.minderheitensekretariat.de\/da\/#organization"},"image":{"@id":"https:\/\/www.minderheitensekretariat.de\/da\/2025\/07\/15\/minderheitenrat-im-austausch-mit-dr-bernd-fabritius\/#primaryimage"},"thumbnailUrl":"https:\/\/www.minderheitensekretariat.de\/wp-content\/uploads\/2025\/07\/DSC_9695-scaled.jpg","articleSection":["Startseite"],"inLanguage":"da-DK"},{"@type":"WebPage","@id":"https:\/\/www.minderheitensekretariat.de\/da\/2025\/07\/15\/minderheitenrat-im-austausch-mit-dr-bernd-fabritius\/","url":"https:\/\/www.minderheitensekretariat.de\/da\/2025\/07\/15\/minderheitenrat-im-austausch-mit-dr-bernd-fabritius\/","name":"Minderheitenrat im Austausch mit Dr. Bernd Fabritius - Minderheitensekretariat","isPartOf":{"@id":"https:\/\/www.minderheitensekretariat.de\/da\/#website"},"primaryImageOfPage":{"@id":"https:\/\/www.minderheitensekretariat.de\/da\/2025\/07\/15\/minderheitenrat-im-austausch-mit-dr-bernd-fabritius\/#primaryimage"},"image":{"@id":"https:\/\/www.minderheitensekretariat.de\/da\/2025\/07\/15\/minderheitenrat-im-austausch-mit-dr-bernd-fabritius\/#primaryimage"},"thumbnailUrl":"https:\/\/www.minderheitensekretariat.de\/wp-content\/uploads\/2025\/07\/DSC_9695-scaled.jpg","datePublished":"2025-07-15T09:44:33+00:00","dateModified":"2025-07-15T09:47:05+00:00","breadcrumb":{"@id":"https:\/\/www.minderheitensekretariat.de\/da\/2025\/07\/15\/minderheitenrat-im-austausch-mit-dr-bernd-fabritius\/#breadcrumb"},"inLanguage":"da-DK","potentialAction":[{"@type":"ReadAction","target":["https:\/\/www.minderheitensekretariat.de\/da\/2025\/07\/15\/minderheitenrat-im-austausch-mit-dr-bernd-fabritius\/"]}]},{"@type":"ImageObject","inLanguage":"da-DK","@id":"https:\/\/www.minderheitensekretariat.de\/da\/2025\/07\/15\/minderheitenrat-im-austausch-mit-dr-bernd-fabritius\/#primaryimage","url":"https:\/\/www.minderheitensekretariat.de\/wp-content\/uploads\/2025\/07\/DSC_9695-scaled.jpg","contentUrl":"https:\/\/www.minderheitensekretariat.de\/wp-content\/uploads\/2025\/07\/DSC_9695-scaled.jpg","width":2560,"height":1703},{"@type":"BreadcrumbList","@id":"https:\/\/www.minderheitensekretariat.de\/da\/2025\/07\/15\/minderheitenrat-im-austausch-mit-dr-bernd-fabritius\/#breadcrumb","itemListElement":[{"@type":"ListItem","position":1,"name":"Startseite","item":"https:\/\/www.minderheitensekretariat.de\/da\/"},{"@type":"ListItem","position":2,"name":"Minderheitenrat im Austausch mit Dr. Bernd Fabritius"}]},{"@type":"WebSite","@id":"https:\/\/www.minderheitensekretariat.de\/da\/#website","url":"https:\/\/www.minderheitensekretariat.de\/da\/","name":"Minderheitensekretariat","description":"","publisher":{"@id":"https:\/\/www.minderheitensekretariat.de\/da\/#organization"},"potentialAction":[{"@type":"SearchAction","target":{"@type":"EntryPoint","urlTemplate":"https:\/\/www.minderheitensekretariat.de\/da\/?s={search_term_string}"},"query-input":{"@type":"PropertyValueSpecification","valueRequired":true,"valueName":"search_term_string"}}],"inLanguage":"da-DK"},{"@type":"Organization","@id":"https:\/\/www.minderheitensekretariat.de\/da\/#organization","name":"Minderheitensekretariat","url":"https:\/\/www.minderheitensekretariat.de\/da\/","logo":{"@type":"ImageObject","inLanguage":"da-DK","@id":"https:\/\/www.minderheitensekretariat.de\/da\/#\/schema\/logo\/image\/","url":"https:\/\/www.minderheitensekretariat.de\/wp-content\/uploads\/2023\/03\/Min_sek_Logo_4c.jpg","contentUrl":"https:\/\/www.minderheitensekretariat.de\/wp-content\/uploads\/2023\/03\/Min_sek_Logo_4c.jpg","width":984,"height":236,"caption":"Minderheitensekretariat"},"image":{"@id":"https:\/\/www.minderheitensekretariat.de\/da\/#\/schema\/logo\/image\/"},"sameAs":["https:\/\/www.facebook.com\/minderheitensekretariat.de"]},{"@type":"Person","@id":"https:\/\/www.minderheitensekretariat.de\/da\/#\/schema\/person\/55df1c4c912f10debba5dfc9bc26c1cf","name":"Minderheitensekretariat","image":{"@type":"ImageObject","inLanguage":"da-DK","@id":"https:\/\/www.minderheitensekretariat.de\/da\/#\/schema\/person\/image\/","url":"https:\/\/secure.gravatar.com\/avatar\/370caba7511c95d16d2d05ef3fa57095fae805fdb97d13f46df8534525f106da?s=96&d=mm&r=g","contentUrl":"https:\/\/secure.gravatar.com\/avatar\/370caba7511c95d16d2d05ef3fa57095fae805fdb97d13f46df8534525f106da?s=96&d=mm&r=g","caption":"Minderheitensekretariat"},"sameAs":["https:\/\/www.minderheitensekretariat.de"],"url":"https:\/\/www.minderheitensekretariat.de\/da\/author\/minderheitensekretariat\/"}]}},"_links":{"self":[{"href":"https:\/\/www.minderheitensekretariat.de\/da\/wp-json\/wp\/v2\/posts\/20878","targetHints":{"allow":["GET"]}}],"collection":[{"href":"https:\/\/www.minderheitensekretariat.de\/da\/wp-json\/wp\/v2\/posts"}],"about":[{"href":"https:\/\/www.minderheitensekretariat.de\/da\/wp-json\/wp\/v2\/types\/post"}],"author":[{"embeddable":true,"href":"https:\/\/www.minderheitensekretariat.de\/da\/wp-json\/wp\/v2\/users\/1"}],"replies":[{"embeddable":true,"href":"https:\/\/www.minderheitensekretariat.de\/da\/wp-json\/wp\/v2\/comments?post=20878"}],"version-history":[{"count":5,"href":"https:\/\/www.minderheitensekretariat.de\/da\/wp-json\/wp\/v2\/posts\/20878\/revisions"}],"predecessor-version":[{"id":20898,"href":"https:\/\/www.minderheitensekretariat.de\/da\/wp-json\/wp\/v2\/posts\/20878\/revisions\/20898"}],"wp:featuredmedia":[{"embeddable":true,"href":"https:\/\/www.minderheitensekretariat.de\/da\/wp-json\/wp\/v2\/media\/20885"}],"wp:attachment":[{"href":"https:\/\/www.minderheitensekretariat.de\/da\/wp-json\/wp\/v2\/media?parent=20878"}],"wp:term":[{"taxonomy":"category","embeddable":true,"href":"https:\/\/www.minderheitensekretariat.de\/da\/wp-json\/wp\/v2\/categories?post=20878"},{"taxonomy":"post_tag","embeddable":true,"href":"https:\/\/www.minderheitensekretariat.de\/da\/wp-json\/wp\/v2\/tags?post=20878"}],"curies":[{"name":"wp","href":"https:\/\/api.w.org\/{rel}","templated":true}]}}