{"id":22438,"date":"2025-12-02T15:45:12","date_gmt":"2025-12-02T14:45:12","guid":{"rendered":"https:\/\/www.minderheitensekretariat.de\/?p=22438"},"modified":"2025-12-08T09:56:17","modified_gmt":"2025-12-08T08:56:17","slug":"minderheitensekretariat-traf-michael-brand-den-beauftragten-der-bundesregierung-gegen-antiziganismus-und-fuer-das-leben-der-sinti-und-roma-und-deutschland","status":"publish","type":"post","link":"https:\/\/www.minderheitensekretariat.de\/da\/2025\/12\/02\/minderheitensekretariat-traf-michael-brand-den-beauftragten-der-bundesregierung-gegen-antiziganismus-und-fuer-das-leben-der-sinti-und-roma-und-deutschland\/","title":{"rendered":"Minderheitensekretariat traf Michael Brand, den Beauftragten der Bundesregierung gegen Antiziganismus und f\u00fcr das Leben der Sinti und Roma in Deutschland"},"content":{"rendered":"\t\t<div data-elementor-type=\"wp-post\" data-elementor-id=\"22438\" class=\"elementor elementor-22438\" data-elementor-post-type=\"post\">\n\t\t\t\t\t\t<section class=\"elementor-section elementor-top-section elementor-element elementor-element-7333b6f elementor-section-boxed elementor-section-height-default elementor-section-height-default\" data-id=\"7333b6f\" data-element_type=\"section\" data-settings=\"{&quot;background_background&quot;:&quot;gradient&quot;}\">\n\t\t\t\t\t\t\t<div class=\"elementor-background-overlay\"><\/div>\n\t\t\t\t\t\t\t<div class=\"elementor-container elementor-column-gap-default\">\n\t\t\t\t\t<div class=\"elementor-column elementor-col-100 elementor-top-column elementor-element elementor-element-1b921a3\" data-id=\"1b921a3\" data-element_type=\"column\">\n\t\t\t<div class=\"elementor-widget-wrap elementor-element-populated\">\n\t\t\t\t\t\t<section class=\"elementor-section elementor-inner-section elementor-element elementor-element-b0fb436 elementor-section-full_width elementor-section-height-default elementor-section-height-default\" data-id=\"b0fb436\" data-element_type=\"section\">\n\t\t\t\t\t\t<div class=\"elementor-container elementor-column-gap-default\">\n\t\t\t\t\t<div class=\"elementor-column elementor-col-50 elementor-inner-column elementor-element elementor-element-fa2d1aa\" data-id=\"fa2d1aa\" data-element_type=\"column\">\n\t\t\t<div class=\"elementor-widget-wrap elementor-element-populated\">\n\t\t\t\t\t\t<div class=\"elementor-element elementor-element-ea2fe1b elementor-widget elementor-widget-image\" data-id=\"ea2fe1b\" data-element_type=\"widget\" data-widget_type=\"image.default\">\n\t\t\t\t<div class=\"elementor-widget-container\">\n\t\t\t\t\t\t\t\t\t\t<figure class=\"wp-caption\">\n\t\t\t\t\t\t\t\t\t\t<img fetchpriority=\"high\" decoding=\"async\" width=\"800\" height=\"599\" src=\"https:\/\/www.minderheitensekretariat.de\/wp-content\/uploads\/2025\/12\/20251202_131541-scaled-e1764686700802-1024x767.jpg\" class=\"attachment-large size-large wp-image-22455\" alt=\"\" srcset=\"https:\/\/www.minderheitensekretariat.de\/wp-content\/uploads\/2025\/12\/20251202_131541-scaled-e1764686700802-1024x767.jpg 1024w, https:\/\/www.minderheitensekretariat.de\/wp-content\/uploads\/2025\/12\/20251202_131541-scaled-e1764686700802-300x225.jpg 300w, https:\/\/www.minderheitensekretariat.de\/wp-content\/uploads\/2025\/12\/20251202_131541-scaled-e1764686700802-768x575.jpg 768w, https:\/\/www.minderheitensekretariat.de\/wp-content\/uploads\/2025\/12\/20251202_131541-scaled-e1764686700802-1536x1150.jpg 1536w, https:\/\/www.minderheitensekretariat.de\/wp-content\/uploads\/2025\/12\/20251202_131541-scaled-e1764686700802.jpg 1920w\" sizes=\"(max-width: 800px) 100vw, 800px\" \/>\t\t\t\t\t\t\t\t\t\t\t<figcaption class=\"widget-image-caption wp-caption-text\"><\/figcaption>\n\t\t\t\t\t\t\t\t\t\t<\/figure>\n\t\t\t\t\t\t\t<\/div>\n\t\t\t\t<\/div>\n\t\t\t\t\t<\/div>\n\t\t<\/div>\n\t\t\t\t<div class=\"elementor-column elementor-col-50 elementor-inner-column elementor-element elementor-element-f592ef7\" data-id=\"f592ef7\" data-element_type=\"column\">\n\t\t\t<div class=\"elementor-widget-wrap elementor-element-populated\">\n\t\t\t\t\t\t<div class=\"elementor-element elementor-element-03b0f5e elementor-widget elementor-widget-text-editor\" data-id=\"03b0f5e\" data-element_type=\"widget\" data-widget_type=\"text-editor.default\">\n\t\t\t\t<div class=\"elementor-widget-container\">\n\t\t\t\t\t\t\t02\/12\/2025\t\t\t\t\t\t<\/div>\n\t\t\t\t<\/div>\n\t\t\t\t<div class=\"elementor-element elementor-element-1a51d24 elementor-widget elementor-widget-text-editor\" data-id=\"1a51d24\" data-element_type=\"widget\" data-widget_type=\"text-editor.default\">\n\t\t\t\t<div class=\"elementor-widget-container\">\n\t\t\t\t\t\t\tThemen des Gespr\u00e4chs waren u.a. die Finanzierung der Institutionen, die Schwerpunkte des Antiziganismusbeauftragten sowie die Wissensvermittlung.\t\t\t\t\t\t<\/div>\n\t\t\t\t<\/div>\n\t\t\t\t<div class=\"elementor-element elementor-element-2aa7c17 elementor-widget-divider--view-line elementor-widget elementor-widget-divider\" data-id=\"2aa7c17\" data-element_type=\"widget\" data-widget_type=\"divider.default\">\n\t\t\t\t<div class=\"elementor-widget-container\">\n\t\t\t\t\t<div class=\"elementor-divider\">\n\t\t\t<span class=\"elementor-divider-separator\">\n\t\t\t\t\t\t<\/span>\n\t\t<\/div>\n\t\t\t\t<\/div>\n\t\t\t\t<\/div>\n\t\t\t\t\t<\/div>\n\t\t<\/div>\n\t\t\t\t\t<\/div>\n\t\t<\/section>\n\t\t\t\t<div class=\"elementor-element elementor-element-87b8590 elementor-hidden-mobile elementor-invisible elementor-widget elementor-widget-image\" data-id=\"87b8590\" data-element_type=\"widget\" data-settings=\"{&quot;_animation&quot;:&quot;fadeInDown&quot;,&quot;_animation_delay&quot;:1000}\" data-widget_type=\"image.default\">\n\t\t\t\t<div class=\"elementor-widget-container\">\n\t\t\t\t\t\t\t\t\t\t\t\t\t\t<a href=\"#mehr\">\n\t\t\t\t\t\t\t<img decoding=\"async\" width=\"27\" height=\"15\" src=\"https:\/\/www.minderheitensekretariat.de\/wp-content\/uploads\/2022\/07\/arrow_down.svg\" class=\"elementor-animation-shrink attachment-large size-large wp-image-657\" alt=\"\" \/>\t\t\t\t\t\t\t\t<\/a>\n\t\t\t\t\t\t\t\t\t\t\t\t\t<\/div>\n\t\t\t\t<\/div>\n\t\t\t\t<section class=\"elementor-section elementor-inner-section elementor-element elementor-element-8629abe elementor-section-boxed elementor-section-height-default elementor-section-height-default\" data-id=\"8629abe\" data-element_type=\"section\">\n\t\t\t\t\t\t<div class=\"elementor-container elementor-column-gap-default\">\n\t\t\t\t\t<div class=\"elementor-column elementor-col-100 elementor-inner-column elementor-element elementor-element-8fa23c1\" data-id=\"8fa23c1\" data-element_type=\"column\">\n\t\t\t<div class=\"elementor-widget-wrap elementor-element-populated\">\n\t\t\t\t\t\t<div class=\"elementor-element elementor-element-2440ca1 elementor-widget elementor-widget-heading\" data-id=\"2440ca1\" data-element_type=\"widget\" data-widget_type=\"heading.default\">\n\t\t\t\t<div class=\"elementor-widget-container\">\n\t\t\t<h2 class=\"elementor-heading-title elementor-size-default\">Minderheitensekretariat traf Michael Brand, den Beauftragten der Bundesregierung gegen Antiziganismus und f\u00fcr das Leben der Sinti und Roma in Deutschland<\/h2>\t\t<\/div>\n\t\t\t\t<\/div>\n\t\t\t\t<div class=\"elementor-element elementor-element-c01359a elementor-widget elementor-widget-text-editor\" data-id=\"c01359a\" data-element_type=\"widget\" data-widget_type=\"text-editor.default\">\n\t\t\t\t<div class=\"elementor-widget-container\">\n\t\t\t\t\t\t\t<p><span data-contrast=\"auto\">Heute trafen Roman K\u00fchn, Leiter des Minderheitensekretariats, und Carolin Renner, Referentin f\u00fcr Wissensvermittlung, den Parlamentarischen Staatssekret\u00e4r und Beauftragten der Bundesregierung gegen Antiziganismus und f\u00fcr das Leben der Sinti und Roma und Deutschland, Michael Brand.<\/span><span data-ccp-props=\"{}\">\u00a0<\/span><\/p><p><span data-contrast=\"auto\">Themen waren die aktuellen Vorg\u00e4nge und Fortschritte bez\u00fcglich der Empfehlungen und Entschlie\u00dfungsantr\u00e4ge der Kultusministerkonferenz und des deutschen Bundestages aus den vergangenen Jahren. Herr Brand k\u00fcndigte das n\u00e4chste Treffen der St\u00e4ndigen Bund-L\u00e4nder-Kommission gegen Antiziganismus und f\u00fcr das Leben der Sinti und Roma (BLK) am 5.12. an. Weiterhin werde an der Einsetzung einer Unabh\u00e4ngigen Kommission <\/span><span data-contrast=\"auto\">zur Aufarbeitung aller Bereiche der \u201eZweiten Verfolgung\u201c in BRD und DDR gearbeitet. <\/span><span data-ccp-props=\"{}\">\u00a0<\/span><\/p><p><span data-contrast=\"auto\">Auch das Thema der Wissensvermittlung wurde besprochen. Sowohl die L\u00e4nder als auch der Bund sind aufgefordert, Wissen \u00fcber die Sinti und Roma im schulischen und au\u00dferschulischen Kontext zu vertiefen. Der Beauftragte sagte zu, sich in der BLK auch f\u00fcr dieses Thema einzusetzen.<\/span><span data-ccp-props=\"{}\">\u00a0<\/span><\/p><p><span data-contrast=\"auto\">Wir bedanken uns bei Herrn Brand f\u00fcr sein Interesse an der Arbeit des Minderheitensekretariats und des Minderheitenrates sowie den konstruktiven Austausch und freuen uns auf eine fruchtbare k\u00fcnftige Zusammenarbeit.<\/span><span data-ccp-props=\"{&quot;335572079&quot;:12,&quot;335572080&quot;:1,&quot;335572081&quot;:4278190080,&quot;469789806&quot;:&quot;single&quot;}\">\u00a0<\/span><\/p><p><span style=\"color: var( --e-global-color-39532aa ); letter-spacing: 0px; background-color: transparent;\">(Quelle: Minderheitensekretariat, 2.12.2025<\/span><span style=\"color: var( --e-global-color-39532aa ); letter-spacing: 0px; background-color: transparent;\">)<\/span><\/p>\t\t\t\t\t\t<\/div>\n\t\t\t\t<\/div>\n\t\t\t\t\t<\/div>\n\t\t<\/div>\n\t\t\t\t\t<\/div>\n\t\t<\/section>\n\t\t\t\t<section class=\"elementor-section elementor-inner-section elementor-element elementor-element-79ac782 elementor-section-boxed elementor-section-height-default elementor-section-height-default\" data-id=\"79ac782\" data-element_type=\"section\">\n\t\t\t\t\t\t<div class=\"elementor-container elementor-column-gap-default\">\n\t\t\t\t\t<div class=\"elementor-column elementor-col-100 elementor-inner-column elementor-element elementor-element-535e876\" data-id=\"535e876\" data-element_type=\"column\">\n\t\t\t<div class=\"elementor-widget-wrap elementor-element-populated\">\n\t\t\t\t\t\t<div class=\"elementor-element elementor-element-96396bc elementor-align-center elementor-widget elementor-widget-button\" data-id=\"96396bc\" data-element_type=\"widget\" data-widget_type=\"button.default\">\n\t\t\t\t<div class=\"elementor-widget-container\">\n\t\t\t\t\t\t\t<div class=\"elementor-button-wrapper\">\n\t\t\t\t\t<a class=\"elementor-button elementor-button-link elementor-size-sm\" href=\"\/aktuelles\/\">\n\t\t\t\t\t\t<span class=\"elementor-button-content-wrapper\">\n\t\t\t\t\t\t\t\t\t<span class=\"elementor-button-text\">Zur\u00fcck zur \u00dcbersicht<\/span>\n\t\t\t\t\t<\/span>\n\t\t\t\t\t<\/a>\n\t\t\t\t<\/div>\n\t\t\t\t\t\t<\/div>\n\t\t\t\t<\/div>\n\t\t\t\t\t<\/div>\n\t\t<\/div>\n\t\t\t\t\t<\/div>\n\t\t<\/section>\n\t\t\t\t\t<\/div>\n\t\t<\/div>\n\t\t\t\t\t<\/div>\n\t\t<\/section>\n\t\t\t\t<\/div>\n\t\t","protected":false},"excerpt":{"rendered":"<p>Themen des Gespr\u00e4chs waren u.a. die Finanzierung der Institutionen, die Schwerpunkte des Antiziganismusbeauftragten sowie die Wissensvermittlung.<\/p>\n","protected":false},"author":1,"featured_media":22455,"comment_status":"closed","ping_status":"closed","sticky":false,"template":"elementor_header_footer","format":"standard","meta":{"footnotes":""},"categories":[49],"tags":[],"class_list":["post-22438","post","type-post","status-publish","format-standard","has-post-thumbnail","hentry","category-startseite"],"yoast_head":"<!-- This site is optimized with the Yoast SEO plugin v23.8 - https:\/\/yoast.com\/wordpress\/plugins\/seo\/ -->\n<title>Minderheitensekretariat traf Michael Brand, den Beauftragten der Bundesregierung gegen Antiziganismus und f\u00fcr das Leben der Sinti und Roma in Deutschland - Minderheitensekretariat<\/title>\n<meta name=\"robots\" content=\"index, follow, max-snippet:-1, max-image-preview:large, max-video-preview:-1\" \/>\n<link rel=\"canonical\" href=\"https:\/\/www.minderheitensekretariat.de\/da\/2025\/12\/02\/minderheitensekretariat-traf-michael-brand-den-beauftragten-der-bundesregierung-gegen-antiziganismus-und-fuer-das-leben-der-sinti-und-roma-und-deutschland\/\" \/>\n<meta property=\"og:locale\" content=\"da_DK\" \/>\n<meta property=\"og:type\" content=\"article\" \/>\n<meta property=\"og:title\" content=\"Minderheitensekretariat traf Michael Brand, den Beauftragten der Bundesregierung gegen Antiziganismus und f\u00fcr das Leben der Sinti und Roma in Deutschland - Minderheitensekretariat\" \/>\n<meta property=\"og:description\" content=\"Themen des Gespr\u00e4chs waren u.a. die Finanzierung der Institutionen, die Schwerpunkte des Antiziganismusbeauftragten sowie die Wissensvermittlung.\" \/>\n<meta property=\"og:url\" content=\"https:\/\/www.minderheitensekretariat.de\/da\/2025\/12\/02\/minderheitensekretariat-traf-michael-brand-den-beauftragten-der-bundesregierung-gegen-antiziganismus-und-fuer-das-leben-der-sinti-und-roma-und-deutschland\/\" \/>\n<meta property=\"og:site_name\" content=\"Minderheitensekretariat\" \/>\n<meta property=\"article:publisher\" content=\"https:\/\/www.facebook.com\/minderheitensekretariat.de\" \/>\n<meta property=\"article:published_time\" content=\"2025-12-02T14:45:12+00:00\" \/>\n<meta property=\"article:modified_time\" content=\"2025-12-08T08:56:17+00:00\" \/>\n<meta property=\"og:image\" content=\"https:\/\/www.minderheitensekretariat.de\/wp-content\/uploads\/2025\/12\/20251202_131541-scaled-e1764686700802.jpg\" \/>\n\t<meta property=\"og:image:width\" content=\"1920\" \/>\n\t<meta property=\"og:image:height\" content=\"1438\" \/>\n\t<meta property=\"og:image:type\" content=\"image\/jpeg\" \/>\n<meta name=\"author\" content=\"Minderheitensekretariat\" \/>\n<meta name=\"twitter:card\" content=\"summary_large_image\" \/>\n<meta name=\"twitter:label1\" content=\"Skrevet af\" \/>\n\t<meta name=\"twitter:data1\" content=\"Minderheitensekretariat\" \/>\n\t<meta name=\"twitter:label2\" content=\"Estimeret l\u00e6setid\" \/>\n\t<meta name=\"twitter:data2\" content=\"2 minutter\" \/>\n<script type=\"application\/ld+json\" class=\"yoast-schema-graph\">{\"@context\":\"https:\/\/schema.org\",\"@graph\":[{\"@type\":\"Article\",\"@id\":\"https:\/\/www.minderheitensekretariat.de\/da\/2025\/12\/02\/minderheitensekretariat-traf-michael-brand-den-beauftragten-der-bundesregierung-gegen-antiziganismus-und-fuer-das-leben-der-sinti-und-roma-und-deutschland\/#article\",\"isPartOf\":{\"@id\":\"https:\/\/www.minderheitensekretariat.de\/da\/2025\/12\/02\/minderheitensekretariat-traf-michael-brand-den-beauftragten-der-bundesregierung-gegen-antiziganismus-und-fuer-das-leben-der-sinti-und-roma-und-deutschland\/\"},\"author\":{\"name\":\"Minderheitensekretariat\",\"@id\":\"https:\/\/www.minderheitensekretariat.de\/da\/#\/schema\/person\/55df1c4c912f10debba5dfc9bc26c1cf\"},\"headline\":\"Minderheitensekretariat traf Michael Brand, den Beauftragten der Bundesregierung gegen Antiziganismus und f\u00fcr das Leben der Sinti und Roma in Deutschland\",\"datePublished\":\"2025-12-02T14:45:12+00:00\",\"dateModified\":\"2025-12-08T08:56:17+00:00\",\"mainEntityOfPage\":{\"@id\":\"https:\/\/www.minderheitensekretariat.de\/da\/2025\/12\/02\/minderheitensekretariat-traf-michael-brand-den-beauftragten-der-bundesregierung-gegen-antiziganismus-und-fuer-das-leben-der-sinti-und-roma-und-deutschland\/\"},\"wordCount\":215,\"publisher\":{\"@id\":\"https:\/\/www.minderheitensekretariat.de\/da\/#organization\"},\"image\":{\"@id\":\"https:\/\/www.minderheitensekretariat.de\/da\/2025\/12\/02\/minderheitensekretariat-traf-michael-brand-den-beauftragten-der-bundesregierung-gegen-antiziganismus-und-fuer-das-leben-der-sinti-und-roma-und-deutschland\/#primaryimage\"},\"thumbnailUrl\":\"https:\/\/www.minderheitensekretariat.de\/wp-content\/uploads\/2025\/12\/20251202_131541-scaled-e1764686700802.jpg\",\"articleSection\":[\"Startseite\"],\"inLanguage\":\"da-DK\"},{\"@type\":\"WebPage\",\"@id\":\"https:\/\/www.minderheitensekretariat.de\/da\/2025\/12\/02\/minderheitensekretariat-traf-michael-brand-den-beauftragten-der-bundesregierung-gegen-antiziganismus-und-fuer-das-leben-der-sinti-und-roma-und-deutschland\/\",\"url\":\"https:\/\/www.minderheitensekretariat.de\/da\/2025\/12\/02\/minderheitensekretariat-traf-michael-brand-den-beauftragten-der-bundesregierung-gegen-antiziganismus-und-fuer-das-leben-der-sinti-und-roma-und-deutschland\/\",\"name\":\"Minderheitensekretariat traf Michael Brand, den Beauftragten der Bundesregierung gegen Antiziganismus und f\u00fcr das Leben der Sinti und Roma in Deutschland - Minderheitensekretariat\",\"isPartOf\":{\"@id\":\"https:\/\/www.minderheitensekretariat.de\/da\/#website\"},\"primaryImageOfPage\":{\"@id\":\"https:\/\/www.minderheitensekretariat.de\/da\/2025\/12\/02\/minderheitensekretariat-traf-michael-brand-den-beauftragten-der-bundesregierung-gegen-antiziganismus-und-fuer-das-leben-der-sinti-und-roma-und-deutschland\/#primaryimage\"},\"image\":{\"@id\":\"https:\/\/www.minderheitensekretariat.de\/da\/2025\/12\/02\/minderheitensekretariat-traf-michael-brand-den-beauftragten-der-bundesregierung-gegen-antiziganismus-und-fuer-das-leben-der-sinti-und-roma-und-deutschland\/#primaryimage\"},\"thumbnailUrl\":\"https:\/\/www.minderheitensekretariat.de\/wp-content\/uploads\/2025\/12\/20251202_131541-scaled-e1764686700802.jpg\",\"datePublished\":\"2025-12-02T14:45:12+00:00\",\"dateModified\":\"2025-12-08T08:56:17+00:00\",\"breadcrumb\":{\"@id\":\"https:\/\/www.minderheitensekretariat.de\/da\/2025\/12\/02\/minderheitensekretariat-traf-michael-brand-den-beauftragten-der-bundesregierung-gegen-antiziganismus-und-fuer-das-leben-der-sinti-und-roma-und-deutschland\/#breadcrumb\"},\"inLanguage\":\"da-DK\",\"potentialAction\":[{\"@type\":\"ReadAction\",\"target\":[\"https:\/\/www.minderheitensekretariat.de\/da\/2025\/12\/02\/minderheitensekretariat-traf-michael-brand-den-beauftragten-der-bundesregierung-gegen-antiziganismus-und-fuer-das-leben-der-sinti-und-roma-und-deutschland\/\"]}]},{\"@type\":\"ImageObject\",\"inLanguage\":\"da-DK\",\"@id\":\"https:\/\/www.minderheitensekretariat.de\/da\/2025\/12\/02\/minderheitensekretariat-traf-michael-brand-den-beauftragten-der-bundesregierung-gegen-antiziganismus-und-fuer-das-leben-der-sinti-und-roma-und-deutschland\/#primaryimage\",\"url\":\"https:\/\/www.minderheitensekretariat.de\/wp-content\/uploads\/2025\/12\/20251202_131541-scaled-e1764686700802.jpg\",\"contentUrl\":\"https:\/\/www.minderheitensekretariat.de\/wp-content\/uploads\/2025\/12\/20251202_131541-scaled-e1764686700802.jpg\",\"width\":1920,\"height\":1438},{\"@type\":\"BreadcrumbList\",\"@id\":\"https:\/\/www.minderheitensekretariat.de\/da\/2025\/12\/02\/minderheitensekretariat-traf-michael-brand-den-beauftragten-der-bundesregierung-gegen-antiziganismus-und-fuer-das-leben-der-sinti-und-roma-und-deutschland\/#breadcrumb\",\"itemListElement\":[{\"@type\":\"ListItem\",\"position\":1,\"name\":\"Startseite\",\"item\":\"https:\/\/www.minderheitensekretariat.de\/da\/\"},{\"@type\":\"ListItem\",\"position\":2,\"name\":\"Minderheitensekretariat traf Michael Brand, den Beauftragten der Bundesregierung gegen Antiziganismus und f\u00fcr das Leben der Sinti und Roma in Deutschland\"}]},{\"@type\":\"WebSite\",\"@id\":\"https:\/\/www.minderheitensekretariat.de\/da\/#website\",\"url\":\"https:\/\/www.minderheitensekretariat.de\/da\/\",\"name\":\"Minderheitensekretariat\",\"description\":\"\",\"publisher\":{\"@id\":\"https:\/\/www.minderheitensekretariat.de\/da\/#organization\"},\"potentialAction\":[{\"@type\":\"SearchAction\",\"target\":{\"@type\":\"EntryPoint\",\"urlTemplate\":\"https:\/\/www.minderheitensekretariat.de\/da\/?s={search_term_string}\"},\"query-input\":{\"@type\":\"PropertyValueSpecification\",\"valueRequired\":true,\"valueName\":\"search_term_string\"}}],\"inLanguage\":\"da-DK\"},{\"@type\":\"Organization\",\"@id\":\"https:\/\/www.minderheitensekretariat.de\/da\/#organization\",\"name\":\"Minderheitensekretariat\",\"url\":\"https:\/\/www.minderheitensekretariat.de\/da\/\",\"logo\":{\"@type\":\"ImageObject\",\"inLanguage\":\"da-DK\",\"@id\":\"https:\/\/www.minderheitensekretariat.de\/da\/#\/schema\/logo\/image\/\",\"url\":\"https:\/\/www.minderheitensekretariat.de\/wp-content\/uploads\/2023\/03\/Min_sek_Logo_4c.jpg\",\"contentUrl\":\"https:\/\/www.minderheitensekretariat.de\/wp-content\/uploads\/2023\/03\/Min_sek_Logo_4c.jpg\",\"width\":984,\"height\":236,\"caption\":\"Minderheitensekretariat\"},\"image\":{\"@id\":\"https:\/\/www.minderheitensekretariat.de\/da\/#\/schema\/logo\/image\/\"},\"sameAs\":[\"https:\/\/www.facebook.com\/minderheitensekretariat.de\"]},{\"@type\":\"Person\",\"@id\":\"https:\/\/www.minderheitensekretariat.de\/da\/#\/schema\/person\/55df1c4c912f10debba5dfc9bc26c1cf\",\"name\":\"Minderheitensekretariat\",\"image\":{\"@type\":\"ImageObject\",\"inLanguage\":\"da-DK\",\"@id\":\"https:\/\/www.minderheitensekretariat.de\/da\/#\/schema\/person\/image\/\",\"url\":\"https:\/\/secure.gravatar.com\/avatar\/370caba7511c95d16d2d05ef3fa57095fae805fdb97d13f46df8534525f106da?s=96&d=mm&r=g\",\"contentUrl\":\"https:\/\/secure.gravatar.com\/avatar\/370caba7511c95d16d2d05ef3fa57095fae805fdb97d13f46df8534525f106da?s=96&d=mm&r=g\",\"caption\":\"Minderheitensekretariat\"},\"sameAs\":[\"https:\/\/www.minderheitensekretariat.de\"],\"url\":\"https:\/\/www.minderheitensekretariat.de\/da\/author\/minderheitensekretariat\/\"}]}<\/script>\n<!-- \/ Yoast SEO plugin. -->","yoast_head_json":{"title":"Minderheitensekretariat traf Michael Brand, den Beauftragten der Bundesregierung gegen Antiziganismus und f\u00fcr das Leben der Sinti und Roma in Deutschland - Minderheitensekretariat","robots":{"index":"index","follow":"follow","max-snippet":"max-snippet:-1","max-image-preview":"max-image-preview:large","max-video-preview":"max-video-preview:-1"},"canonical":"https:\/\/www.minderheitensekretariat.de\/da\/2025\/12\/02\/minderheitensekretariat-traf-michael-brand-den-beauftragten-der-bundesregierung-gegen-antiziganismus-und-fuer-das-leben-der-sinti-und-roma-und-deutschland\/","og_locale":"da_DK","og_type":"article","og_title":"Minderheitensekretariat traf Michael Brand, den Beauftragten der Bundesregierung gegen Antiziganismus und f\u00fcr das Leben der Sinti und Roma in Deutschland - Minderheitensekretariat","og_description":"Themen des Gespr\u00e4chs waren u.a. die Finanzierung der Institutionen, die Schwerpunkte des Antiziganismusbeauftragten sowie die Wissensvermittlung.","og_url":"https:\/\/www.minderheitensekretariat.de\/da\/2025\/12\/02\/minderheitensekretariat-traf-michael-brand-den-beauftragten-der-bundesregierung-gegen-antiziganismus-und-fuer-das-leben-der-sinti-und-roma-und-deutschland\/","og_site_name":"Minderheitensekretariat","article_publisher":"https:\/\/www.facebook.com\/minderheitensekretariat.de","article_published_time":"2025-12-02T14:45:12+00:00","article_modified_time":"2025-12-08T08:56:17+00:00","og_image":[{"width":1920,"height":1438,"url":"https:\/\/www.minderheitensekretariat.de\/wp-content\/uploads\/2025\/12\/20251202_131541-scaled-e1764686700802.jpg","type":"image\/jpeg"}],"author":"Minderheitensekretariat","twitter_card":"summary_large_image","twitter_misc":{"Skrevet af":"Minderheitensekretariat","Estimeret l\u00e6setid":"2 minutter"},"schema":{"@context":"https:\/\/schema.org","@graph":[{"@type":"Article","@id":"https:\/\/www.minderheitensekretariat.de\/da\/2025\/12\/02\/minderheitensekretariat-traf-michael-brand-den-beauftragten-der-bundesregierung-gegen-antiziganismus-und-fuer-das-leben-der-sinti-und-roma-und-deutschland\/#article","isPartOf":{"@id":"https:\/\/www.minderheitensekretariat.de\/da\/2025\/12\/02\/minderheitensekretariat-traf-michael-brand-den-beauftragten-der-bundesregierung-gegen-antiziganismus-und-fuer-das-leben-der-sinti-und-roma-und-deutschland\/"},"author":{"name":"Minderheitensekretariat","@id":"https:\/\/www.minderheitensekretariat.de\/da\/#\/schema\/person\/55df1c4c912f10debba5dfc9bc26c1cf"},"headline":"Minderheitensekretariat traf Michael Brand, den Beauftragten der Bundesregierung gegen Antiziganismus und f\u00fcr das Leben der Sinti und Roma in Deutschland","datePublished":"2025-12-02T14:45:12+00:00","dateModified":"2025-12-08T08:56:17+00:00","mainEntityOfPage":{"@id":"https:\/\/www.minderheitensekretariat.de\/da\/2025\/12\/02\/minderheitensekretariat-traf-michael-brand-den-beauftragten-der-bundesregierung-gegen-antiziganismus-und-fuer-das-leben-der-sinti-und-roma-und-deutschland\/"},"wordCount":215,"publisher":{"@id":"https:\/\/www.minderheitensekretariat.de\/da\/#organization"},"image":{"@id":"https:\/\/www.minderheitensekretariat.de\/da\/2025\/12\/02\/minderheitensekretariat-traf-michael-brand-den-beauftragten-der-bundesregierung-gegen-antiziganismus-und-fuer-das-leben-der-sinti-und-roma-und-deutschland\/#primaryimage"},"thumbnailUrl":"https:\/\/www.minderheitensekretariat.de\/wp-content\/uploads\/2025\/12\/20251202_131541-scaled-e1764686700802.jpg","articleSection":["Startseite"],"inLanguage":"da-DK"},{"@type":"WebPage","@id":"https:\/\/www.minderheitensekretariat.de\/da\/2025\/12\/02\/minderheitensekretariat-traf-michael-brand-den-beauftragten-der-bundesregierung-gegen-antiziganismus-und-fuer-das-leben-der-sinti-und-roma-und-deutschland\/","url":"https:\/\/www.minderheitensekretariat.de\/da\/2025\/12\/02\/minderheitensekretariat-traf-michael-brand-den-beauftragten-der-bundesregierung-gegen-antiziganismus-und-fuer-das-leben-der-sinti-und-roma-und-deutschland\/","name":"Minderheitensekretariat traf Michael Brand, den Beauftragten der Bundesregierung gegen Antiziganismus und f\u00fcr das Leben der Sinti und Roma in Deutschland - Minderheitensekretariat","isPartOf":{"@id":"https:\/\/www.minderheitensekretariat.de\/da\/#website"},"primaryImageOfPage":{"@id":"https:\/\/www.minderheitensekretariat.de\/da\/2025\/12\/02\/minderheitensekretariat-traf-michael-brand-den-beauftragten-der-bundesregierung-gegen-antiziganismus-und-fuer-das-leben-der-sinti-und-roma-und-deutschland\/#primaryimage"},"image":{"@id":"https:\/\/www.minderheitensekretariat.de\/da\/2025\/12\/02\/minderheitensekretariat-traf-michael-brand-den-beauftragten-der-bundesregierung-gegen-antiziganismus-und-fuer-das-leben-der-sinti-und-roma-und-deutschland\/#primaryimage"},"thumbnailUrl":"https:\/\/www.minderheitensekretariat.de\/wp-content\/uploads\/2025\/12\/20251202_131541-scaled-e1764686700802.jpg","datePublished":"2025-12-02T14:45:12+00:00","dateModified":"2025-12-08T08:56:17+00:00","breadcrumb":{"@id":"https:\/\/www.minderheitensekretariat.de\/da\/2025\/12\/02\/minderheitensekretariat-traf-michael-brand-den-beauftragten-der-bundesregierung-gegen-antiziganismus-und-fuer-das-leben-der-sinti-und-roma-und-deutschland\/#breadcrumb"},"inLanguage":"da-DK","potentialAction":[{"@type":"ReadAction","target":["https:\/\/www.minderheitensekretariat.de\/da\/2025\/12\/02\/minderheitensekretariat-traf-michael-brand-den-beauftragten-der-bundesregierung-gegen-antiziganismus-und-fuer-das-leben-der-sinti-und-roma-und-deutschland\/"]}]},{"@type":"ImageObject","inLanguage":"da-DK","@id":"https:\/\/www.minderheitensekretariat.de\/da\/2025\/12\/02\/minderheitensekretariat-traf-michael-brand-den-beauftragten-der-bundesregierung-gegen-antiziganismus-und-fuer-das-leben-der-sinti-und-roma-und-deutschland\/#primaryimage","url":"https:\/\/www.minderheitensekretariat.de\/wp-content\/uploads\/2025\/12\/20251202_131541-scaled-e1764686700802.jpg","contentUrl":"https:\/\/www.minderheitensekretariat.de\/wp-content\/uploads\/2025\/12\/20251202_131541-scaled-e1764686700802.jpg","width":1920,"height":1438},{"@type":"BreadcrumbList","@id":"https:\/\/www.minderheitensekretariat.de\/da\/2025\/12\/02\/minderheitensekretariat-traf-michael-brand-den-beauftragten-der-bundesregierung-gegen-antiziganismus-und-fuer-das-leben-der-sinti-und-roma-und-deutschland\/#breadcrumb","itemListElement":[{"@type":"ListItem","position":1,"name":"Startseite","item":"https:\/\/www.minderheitensekretariat.de\/da\/"},{"@type":"ListItem","position":2,"name":"Minderheitensekretariat traf Michael Brand, den Beauftragten der Bundesregierung gegen Antiziganismus und f\u00fcr das Leben der Sinti und Roma in Deutschland"}]},{"@type":"WebSite","@id":"https:\/\/www.minderheitensekretariat.de\/da\/#website","url":"https:\/\/www.minderheitensekretariat.de\/da\/","name":"Minderheitensekretariat","description":"","publisher":{"@id":"https:\/\/www.minderheitensekretariat.de\/da\/#organization"},"potentialAction":[{"@type":"SearchAction","target":{"@type":"EntryPoint","urlTemplate":"https:\/\/www.minderheitensekretariat.de\/da\/?s={search_term_string}"},"query-input":{"@type":"PropertyValueSpecification","valueRequired":true,"valueName":"search_term_string"}}],"inLanguage":"da-DK"},{"@type":"Organization","@id":"https:\/\/www.minderheitensekretariat.de\/da\/#organization","name":"Minderheitensekretariat","url":"https:\/\/www.minderheitensekretariat.de\/da\/","logo":{"@type":"ImageObject","inLanguage":"da-DK","@id":"https:\/\/www.minderheitensekretariat.de\/da\/#\/schema\/logo\/image\/","url":"https:\/\/www.minderheitensekretariat.de\/wp-content\/uploads\/2023\/03\/Min_sek_Logo_4c.jpg","contentUrl":"https:\/\/www.minderheitensekretariat.de\/wp-content\/uploads\/2023\/03\/Min_sek_Logo_4c.jpg","width":984,"height":236,"caption":"Minderheitensekretariat"},"image":{"@id":"https:\/\/www.minderheitensekretariat.de\/da\/#\/schema\/logo\/image\/"},"sameAs":["https:\/\/www.facebook.com\/minderheitensekretariat.de"]},{"@type":"Person","@id":"https:\/\/www.minderheitensekretariat.de\/da\/#\/schema\/person\/55df1c4c912f10debba5dfc9bc26c1cf","name":"Minderheitensekretariat","image":{"@type":"ImageObject","inLanguage":"da-DK","@id":"https:\/\/www.minderheitensekretariat.de\/da\/#\/schema\/person\/image\/","url":"https:\/\/secure.gravatar.com\/avatar\/370caba7511c95d16d2d05ef3fa57095fae805fdb97d13f46df8534525f106da?s=96&d=mm&r=g","contentUrl":"https:\/\/secure.gravatar.com\/avatar\/370caba7511c95d16d2d05ef3fa57095fae805fdb97d13f46df8534525f106da?s=96&d=mm&r=g","caption":"Minderheitensekretariat"},"sameAs":["https:\/\/www.minderheitensekretariat.de"],"url":"https:\/\/www.minderheitensekretariat.de\/da\/author\/minderheitensekretariat\/"}]}},"_links":{"self":[{"href":"https:\/\/www.minderheitensekretariat.de\/da\/wp-json\/wp\/v2\/posts\/22438","targetHints":{"allow":["GET"]}}],"collection":[{"href":"https:\/\/www.minderheitensekretariat.de\/da\/wp-json\/wp\/v2\/posts"}],"about":[{"href":"https:\/\/www.minderheitensekretariat.de\/da\/wp-json\/wp\/v2\/types\/post"}],"author":[{"embeddable":true,"href":"https:\/\/www.minderheitensekretariat.de\/da\/wp-json\/wp\/v2\/users\/1"}],"replies":[{"embeddable":true,"href":"https:\/\/www.minderheitensekretariat.de\/da\/wp-json\/wp\/v2\/comments?post=22438"}],"version-history":[{"count":8,"href":"https:\/\/www.minderheitensekretariat.de\/da\/wp-json\/wp\/v2\/posts\/22438\/revisions"}],"predecessor-version":[{"id":22472,"href":"https:\/\/www.minderheitensekretariat.de\/da\/wp-json\/wp\/v2\/posts\/22438\/revisions\/22472"}],"wp:featuredmedia":[{"embeddable":true,"href":"https:\/\/www.minderheitensekretariat.de\/da\/wp-json\/wp\/v2\/media\/22455"}],"wp:attachment":[{"href":"https:\/\/www.minderheitensekretariat.de\/da\/wp-json\/wp\/v2\/media?parent=22438"}],"wp:term":[{"taxonomy":"category","embeddable":true,"href":"https:\/\/www.minderheitensekretariat.de\/da\/wp-json\/wp\/v2\/categories?post=22438"},{"taxonomy":"post_tag","embeddable":true,"href":"https:\/\/www.minderheitensekretariat.de\/da\/wp-json\/wp\/v2\/tags?post=22438"}],"curies":[{"name":"wp","href":"https:\/\/api.w.org\/{rel}","templated":true}]}}