{"id":11512,"date":"2023-04-25T13:20:51","date_gmt":"2023-04-25T11:20:51","guid":{"rendered":"https:\/\/www.minderheitensekretariat.de\/?p=11512"},"modified":"2023-05-04T13:02:39","modified_gmt":"2023-05-04T11:02:39","slug":"beratender-ausschuss-niederdeutsch-tagt-in-berlin","status":"publish","type":"post","link":"https:\/\/www.minderheitensekretariat.de\/en\/2023\/04\/25\/beratender-ausschuss-niederdeutsch-tagt-in-berlin\/","title":{"rendered":"Beratender Ausschuss Niederdeutsch tagt in Berlin"},"content":{"rendered":"\t\t<div data-elementor-type=\"wp-post\" data-elementor-id=\"11512\" class=\"elementor elementor-11512\" data-elementor-post-type=\"post\">\n\t\t\t\t\t\t<section class=\"elementor-section elementor-top-section elementor-element elementor-element-7333b6f elementor-section-boxed elementor-section-height-default elementor-section-height-default\" data-id=\"7333b6f\" data-element_type=\"section\" data-settings=\"{&quot;background_background&quot;:&quot;gradient&quot;}\">\n\t\t\t\t\t\t\t<div class=\"elementor-background-overlay\"><\/div>\n\t\t\t\t\t\t\t<div class=\"elementor-container elementor-column-gap-default\">\n\t\t\t\t\t<div class=\"elementor-column elementor-col-100 elementor-top-column elementor-element elementor-element-1b921a3\" data-id=\"1b921a3\" data-element_type=\"column\">\n\t\t\t<div class=\"elementor-widget-wrap elementor-element-populated\">\n\t\t\t\t\t\t<section class=\"elementor-section elementor-inner-section elementor-element elementor-element-b0fb436 elementor-section-full_width elementor-section-height-default elementor-section-height-default\" data-id=\"b0fb436\" data-element_type=\"section\">\n\t\t\t\t\t\t<div class=\"elementor-container elementor-column-gap-default\">\n\t\t\t\t\t<div class=\"elementor-column elementor-col-50 elementor-inner-column elementor-element elementor-element-fa2d1aa\" data-id=\"fa2d1aa\" data-element_type=\"column\">\n\t\t\t<div class=\"elementor-widget-wrap elementor-element-populated\">\n\t\t\t\t\t\t<div class=\"elementor-element elementor-element-ea2fe1b elementor-widget elementor-widget-image\" data-id=\"ea2fe1b\" data-element_type=\"widget\" data-widget_type=\"image.default\">\n\t\t\t\t<div class=\"elementor-widget-container\">\n\t\t\t\t\t\t\t\t\t\t<figure class=\"wp-caption\">\n\t\t\t\t\t\t\t\t\t\t<img fetchpriority=\"high\" decoding=\"async\" width=\"600\" height=\"350\" src=\"https:\/\/www.minderheitensekretariat.de\/wp-content\/uploads\/2023\/04\/2023-04-Beratender-Ausschuss_Niederdeutsch.jpg\" class=\"attachment-large size-large wp-image-11534\" alt=\"\" srcset=\"https:\/\/www.minderheitensekretariat.de\/wp-content\/uploads\/2023\/04\/2023-04-Beratender-Ausschuss_Niederdeutsch.jpg 600w, https:\/\/www.minderheitensekretariat.de\/wp-content\/uploads\/2023\/04\/2023-04-Beratender-Ausschuss_Niederdeutsch-300x175.jpg 300w\" sizes=\"(max-width: 600px) 100vw, 600px\" \/>\t\t\t\t\t\t\t\t\t\t\t<figcaption class=\"widget-image-caption wp-caption-text\">Titelbild (v.l.n.r.) MdB Natalie Pawlik, MdB Filiz Polat, Christiane Ehlers und Kevin Behrens (beide Niederdeutschsekretariat) sowie MdB Gyde Jensen mit den \u201eWi snackt Platt\u201c-Schildern, die Plattdeutsch in der \u00d6ffentlichkeit sichtbarer machen sollen. (Foto: Niederdeutschsekretariat)<\/figcaption>\n\t\t\t\t\t\t\t\t\t\t<\/figure>\n\t\t\t\t\t\t\t<\/div>\n\t\t\t\t<\/div>\n\t\t\t\t\t<\/div>\n\t\t<\/div>\n\t\t\t\t<div class=\"elementor-column elementor-col-50 elementor-inner-column elementor-element elementor-element-f592ef7\" data-id=\"f592ef7\" data-element_type=\"column\">\n\t\t\t<div class=\"elementor-widget-wrap elementor-element-populated\">\n\t\t\t\t\t\t<div class=\"elementor-element elementor-element-03b0f5e elementor-widget elementor-widget-text-editor\" data-id=\"03b0f5e\" data-element_type=\"widget\" data-widget_type=\"text-editor.default\">\n\t\t\t\t<div class=\"elementor-widget-container\">\n\t\t\t\t\t\t\t25\/04\/2023\t\t\t\t\t\t<\/div>\n\t\t\t\t<\/div>\n\t\t\t\t<div class=\"elementor-element elementor-element-a21e5c4 elementor-widget elementor-widget-heading\" data-id=\"a21e5c4\" data-element_type=\"widget\" data-widget_type=\"heading.default\">\n\t\t\t\t<div class=\"elementor-widget-container\">\n\t\t\t<h2 class=\"elementor-heading-title elementor-size-default\">Beratender Ausschuss Niederdeutsch tagt in Berlin<\/h2>\t\t<\/div>\n\t\t\t\t<\/div>\n\t\t\t\t<div class=\"elementor-element elementor-element-1a51d24 elementor-widget elementor-widget-text-editor\" data-id=\"1a51d24\" data-element_type=\"widget\" data-widget_type=\"text-editor.default\">\n\t\t\t\t<div class=\"elementor-widget-container\">\n\t\t\t\t\t\t\tAm 19. April 2023 kam der Beratende Ausschuss f\u00fcr Fragen der niederdeutschen Sprachgruppe zu seiner j\u00e4hrlichen Sitzung zusammen.\t\t\t\t\t\t<\/div>\n\t\t\t\t<\/div>\n\t\t\t\t<div class=\"elementor-element elementor-element-2aa7c17 elementor-widget-divider--view-line elementor-widget elementor-widget-divider\" data-id=\"2aa7c17\" data-element_type=\"widget\" data-widget_type=\"divider.default\">\n\t\t\t\t<div class=\"elementor-widget-container\">\n\t\t\t\t\t<div class=\"elementor-divider\">\n\t\t\t<span class=\"elementor-divider-separator\">\n\t\t\t\t\t\t<\/span>\n\t\t<\/div>\n\t\t\t\t<\/div>\n\t\t\t\t<\/div>\n\t\t\t\t\t<\/div>\n\t\t<\/div>\n\t\t\t\t\t<\/div>\n\t\t<\/section>\n\t\t\t\t<div class=\"elementor-element elementor-element-87b8590 elementor-hidden-mobile elementor-invisible elementor-widget elementor-widget-image\" data-id=\"87b8590\" data-element_type=\"widget\" data-settings=\"{&quot;_animation&quot;:&quot;fadeInDown&quot;,&quot;_animation_delay&quot;:1000}\" data-widget_type=\"image.default\">\n\t\t\t\t<div class=\"elementor-widget-container\">\n\t\t\t\t\t\t\t\t\t\t\t\t\t\t<a href=\"#mehr\">\n\t\t\t\t\t\t\t<img decoding=\"async\" width=\"27\" height=\"15\" src=\"https:\/\/www.minderheitensekretariat.de\/wp-content\/uploads\/2022\/07\/arrow_down.svg\" class=\"elementor-animation-shrink attachment-large size-large wp-image-657\" alt=\"\" \/>\t\t\t\t\t\t\t\t<\/a>\n\t\t\t\t\t\t\t\t\t\t\t\t\t<\/div>\n\t\t\t\t<\/div>\n\t\t\t\t<section class=\"elementor-section elementor-inner-section elementor-element elementor-element-2b19a64 elementor-hidden-mobile elementor-section-boxed elementor-section-height-default elementor-section-height-default\" data-id=\"2b19a64\" data-element_type=\"section\">\n\t\t\t\t\t\t<div class=\"elementor-container elementor-column-gap-default\">\n\t\t\t\t\t<div class=\"elementor-column elementor-col-100 elementor-inner-column elementor-element elementor-element-e1b551d\" data-id=\"e1b551d\" data-element_type=\"column\">\n\t\t\t<div class=\"elementor-widget-wrap elementor-element-populated\">\n\t\t\t\t\t\t<div class=\"elementor-element elementor-element-5723f99 elementor-widget elementor-widget-menu-anchor\" data-id=\"5723f99\" data-element_type=\"widget\" data-widget_type=\"menu-anchor.default\">\n\t\t\t\t<div class=\"elementor-widget-container\">\n\t\t\t\t\t<div class=\"elementor-menu-anchor\" id=\"mehr\"><\/div>\n\t\t\t\t<\/div>\n\t\t\t\t<\/div>\n\t\t\t\t\t<\/div>\n\t\t<\/div>\n\t\t\t\t\t<\/div>\n\t\t<\/section>\n\t\t\t\t<section class=\"elementor-section elementor-inner-section elementor-element elementor-element-8629abe elementor-section-boxed elementor-section-height-default elementor-section-height-default\" data-id=\"8629abe\" data-element_type=\"section\">\n\t\t\t\t\t\t<div class=\"elementor-container elementor-column-gap-default\">\n\t\t\t\t\t<div class=\"elementor-column elementor-col-100 elementor-inner-column elementor-element elementor-element-8fa23c1\" data-id=\"8fa23c1\" data-element_type=\"column\">\n\t\t\t<div class=\"elementor-widget-wrap elementor-element-populated\">\n\t\t\t\t\t\t<div class=\"elementor-element elementor-element-c01359a elementor-widget elementor-widget-text-editor\" data-id=\"c01359a\" data-element_type=\"widget\" data-widget_type=\"text-editor.default\">\n\t\t\t\t<div class=\"elementor-widget-container\">\n\t\t\t\t\t\t\t<p>Am 19. April 2023 kam der Beratende Ausschuss f\u00fcr Fragen der niederdeutschen Sprachgruppe zu seiner j\u00e4hrlichen Sitzung zusammen. Die\u00a0<a href=\"http:\/\/www.aussiedlerbeauftragte.de\/\" target=\"_blank\" rel=\"noopener\">Beauftra<\/a><a href=\"http:\/\/www.aussiedlerbeauftragte.de\/\" target=\"_blank\" rel=\"noopener\">gte<\/a><span style=\"text-decoration: underline;\"><a href=\"http:\/\/www.aussiedlerbeauftragte.de\/\" target=\"_blank\" rel=\"noopener\"> der Bundesregierung f\u00fcr Aussiedlerfragen und nationale Minderheiten<\/a><\/span>, MdB Natalie Pawlik hatte zu der Sitzung, die in hybrider Form stattfand, ins Ministerium des Innern und f\u00fcr Heimat nach Berlin eingeladen. Unter der Leitung der Beauftragten er\u00f6rterten Vertreter:innen des BMI, der acht Niederdeutschl\u00e4nder, des Bunnsraat f\u00f6r Nedderd\u00fc\u00fctsch (BfN) sowie Abgeordnete des Deutschen Bundestages die niederdeutsche Sprachgruppe betreffende Fragen der Bundesinnenpolitik. Die Abgeordneten Filiz Polat (B\u00fcndnis 90\/DIE GR\u00dcNEN) aus Niedersachsen und Gyde Jensen (FDP) aus Schleswig-Holstein nahmen in Pr\u00e4senz an der Sitzung teil. Beide unterst\u00fctzen die Arbeit des BfN und des Niederdeutschsekretariats schon seit vielen Jahren.<\/p><p>Zu dem Thema\u00a0Niederdeutsch in den Medien\u00a0hatte die Beauftragte die NDR-Chefredakteurin des Landesfunkhauses Schleswig-Holstein, Bettina Freitag, eingeladen. Der Beratende Ausschuss lie\u00df sich \u00fcber die Umsetzung der Regelung im Rundfunkstaatsvertrag \u00fcber den NDR, dass Minderheiten- und Regionalsprachen angemessen und regelm\u00e4\u00dfig Ber\u00fccksichtigung im Programm finden sollen, informieren. Frau Freitag gab einen \u00dcberblick \u00fcber die Angebote der Landesfunkh\u00e4user. Die Mitglieder des Beratenden Ausschusses diskutierten mit Frau Freitag u.a. \u00fcber die Funktion und Bedeutung niederdeutscher Elemente im regul\u00e4ren Programm sowie feste niederdeutsche Sendereihen. Weiter ging es um\u00a0die Entwicklung attraktiver Angebot f\u00fcr j\u00fcngere Menschen sowie den Gewinn von Nachwuchsredakteuren.<br \/>Erfreuliche Entwicklungen konnte das Land Schleswig-Holstein berichten: F\u00fcr das zweite Halbjahr 2023 stehen Landesmittel f\u00fcr die\u00a0<a href=\"https:\/\/www.niederdeutschsekretariat.de\/sleswig-holsteen-betahlt-nedderdueuetsche-medienplattform\/\" target=\"_blank\" rel=\"noopener\"><span style=\"text-decoration: underline;\">Einrichtung einer niederdeutschen Medienplattform<\/span>\u00a0<\/a>zur Verf\u00fcgung. Geplant ist, dass diese montags bis freitags immer morgens eine Stunde H\u00f6rfunk live ausstrahlt mit Berichten und Nachrichten aus der Welt und der Region. Au\u00dferdem wird sie eine Netzseite betreiben mit Informationen auf Plattdeutsch.<\/p><p>Johanna Bojarra und Heinrich Siefer, Sprecherin und Sprecher des BfN gaben einen \u00dcberblick \u00fcber die\u00a0Entwicklungen der niederdeutschen Sprachgruppe\u00a0seit der letzten Sitzung im September 2022. Als Jugendvertreter des BfN berichteten Kevin Behrens und Thees Becker \u00fcber den Ausbau der\u00a0Jugendarbeit: die durchgef\u00fchrten Online-Werkst\u00e4tten f\u00fcr junge L\u00fc\u00fcd, Social Media Aktivit\u00e4ten sowie verschiedene Filmprojekte. Sie schlossen mit ihrem Appell an die Politik, dass u.a. mehr Anreize geschaffen werden m\u00fcssen, die junge Leute motivieren, sich in Niederdeutsch ausbilden zu lassen.<\/p><p>Weitere Themen der Sitzung waren Ans\u00e4tze f\u00fcr ein\u00a0Sprachplanungskonzept\u00a0f\u00fcr die Regionalsprache Niederdeutsch sowie Plattdeutsch in der Ausbildung von sozialen Berufen, Gesundheits- und Pflegebereich. In der nunmehr\u00a0generalistischen Ausbildung in den Pflegeberufen\u00a0ist die Ber\u00fccksichtigung von Muttersprache\u00a0nicht mehr explizit vorgesehen. Der BfN appellierte an die zust\u00e4ndigen Fachgremien, den Rahmenlehrplan um den Aspekt \u201eBer\u00fccksichtigung von Muttersprache\u201c im Kontext Pflege zu erg\u00e4nzen.<\/p><p>Informiert wurde au\u00dferdem \u00fcber die\u00a0Initiative f\u00fcr eine bundesweite Einbeziehung der Wissensvermittlung zu den vier nationalen Minderheiten und der niederdeutschen Sprechergruppe\u00a0in die Lehrpl\u00e4ne der allgemeinbildenden Schulen.<\/p><p><span style=\"color: var( --e-global-color-39532aa ); letter-spacing: 0px; background-color: transparent;\">(Quelle: Pressemitteilung <a href=\"https:\/\/www.niederdeutschsekretariat.de\/beratender-ausschuss-niederdeutsch-tagt-in-berlin-2\/\" target=\"_blank\" rel=\"noopener\">Niederdeutschsekretariat<\/a><\/span><span style=\"color: var( --e-global-color-39532aa ); letter-spacing: 0px; background-color: transparent;\">, 20.04.2023)<\/span><\/p>\t\t\t\t\t\t<\/div>\n\t\t\t\t<\/div>\n\t\t\t\t\t<\/div>\n\t\t<\/div>\n\t\t\t\t\t<\/div>\n\t\t<\/section>\n\t\t\t\t<section class=\"elementor-section elementor-inner-section elementor-element elementor-element-79ac782 elementor-section-boxed elementor-section-height-default elementor-section-height-default\" data-id=\"79ac782\" data-element_type=\"section\">\n\t\t\t\t\t\t<div class=\"elementor-container elementor-column-gap-default\">\n\t\t\t\t\t<div class=\"elementor-column elementor-col-100 elementor-inner-column elementor-element elementor-element-535e876\" data-id=\"535e876\" data-element_type=\"column\">\n\t\t\t<div class=\"elementor-widget-wrap elementor-element-populated\">\n\t\t\t\t\t\t<div class=\"elementor-element elementor-element-96396bc elementor-align-center elementor-widget elementor-widget-button\" data-id=\"96396bc\" data-element_type=\"widget\" data-widget_type=\"button.default\">\n\t\t\t\t<div class=\"elementor-widget-container\">\n\t\t\t\t\t\t\t<div class=\"elementor-button-wrapper\">\n\t\t\t\t\t<a class=\"elementor-button elementor-button-link elementor-size-sm\" href=\"\/aktuelles\/\">\n\t\t\t\t\t\t<span class=\"elementor-button-content-wrapper\">\n\t\t\t\t\t\t\t\t\t<span class=\"elementor-button-text\">Zur\u00fcck zur \u00dcbersicht<\/span>\n\t\t\t\t\t<\/span>\n\t\t\t\t\t<\/a>\n\t\t\t\t<\/div>\n\t\t\t\t\t\t<\/div>\n\t\t\t\t<\/div>\n\t\t\t\t\t<\/div>\n\t\t<\/div>\n\t\t\t\t\t<\/div>\n\t\t<\/section>\n\t\t\t\t\t<\/div>\n\t\t<\/div>\n\t\t\t\t\t<\/div>\n\t\t<\/section>\n\t\t\t\t<\/div>\n\t\t","protected":false},"excerpt":{"rendered":"<p>Am 19. April 2023 kam der Beratende Ausschuss f\u00fcr Fragen der niederdeutschen Sprachgruppe zu seiner j\u00e4hrlichen Sitzung zusammen.<\/p>\n","protected":false},"author":1,"featured_media":11534,"comment_status":"closed","ping_status":"closed","sticky":false,"template":"elementor_header_footer","format":"standard","meta":{"footnotes":""},"categories":[49],"tags":[],"class_list":["post-11512","post","type-post","status-publish","format-standard","has-post-thumbnail","hentry","category-startseite"],"yoast_head":"<!-- This site is optimized with the Yoast SEO plugin v23.8 - https:\/\/yoast.com\/wordpress\/plugins\/seo\/ -->\n<title>Beratender Ausschuss Niederdeutsch tagt in Berlin - Minderheitensekretariat<\/title>\n<meta name=\"robots\" content=\"index, follow, max-snippet:-1, max-image-preview:large, max-video-preview:-1\" \/>\n<link rel=\"canonical\" href=\"https:\/\/www.minderheitensekretariat.de\/en\/2023\/04\/25\/beratender-ausschuss-niederdeutsch-tagt-in-berlin\/\" \/>\n<meta property=\"og:locale\" content=\"en_US\" \/>\n<meta property=\"og:type\" content=\"article\" \/>\n<meta property=\"og:title\" content=\"Beratender Ausschuss Niederdeutsch tagt in Berlin - Minderheitensekretariat\" \/>\n<meta property=\"og:description\" content=\"Am 19. April 2023 kam der Beratende Ausschuss f\u00fcr Fragen der niederdeutschen Sprachgruppe zu seiner j\u00e4hrlichen Sitzung zusammen.\" \/>\n<meta property=\"og:url\" content=\"https:\/\/www.minderheitensekretariat.de\/en\/2023\/04\/25\/beratender-ausschuss-niederdeutsch-tagt-in-berlin\/\" \/>\n<meta property=\"og:site_name\" content=\"Minderheitensekretariat\" \/>\n<meta property=\"article:publisher\" content=\"https:\/\/www.facebook.com\/minderheitensekretariat.de\" \/>\n<meta property=\"article:published_time\" content=\"2023-04-25T11:20:51+00:00\" \/>\n<meta property=\"article:modified_time\" content=\"2023-05-04T11:02:39+00:00\" \/>\n<meta property=\"og:image\" content=\"https:\/\/www.minderheitensekretariat.de\/wp-content\/uploads\/2023\/04\/2023-04-Beratender-Ausschuss_Niederdeutsch.jpg\" \/>\n\t<meta property=\"og:image:width\" content=\"600\" \/>\n\t<meta property=\"og:image:height\" content=\"350\" \/>\n\t<meta property=\"og:image:type\" content=\"image\/jpeg\" \/>\n<meta name=\"author\" content=\"Minderheitensekretariat\" \/>\n<meta name=\"twitter:card\" content=\"summary_large_image\" \/>\n<meta name=\"twitter:label1\" content=\"Written by\" \/>\n\t<meta name=\"twitter:data1\" content=\"Minderheitensekretariat\" \/>\n\t<meta name=\"twitter:label2\" content=\"Est. reading time\" \/>\n\t<meta name=\"twitter:data2\" content=\"4 minutes\" \/>\n<script type=\"application\/ld+json\" class=\"yoast-schema-graph\">{\"@context\":\"https:\/\/schema.org\",\"@graph\":[{\"@type\":\"Article\",\"@id\":\"https:\/\/www.minderheitensekretariat.de\/en\/2023\/04\/25\/beratender-ausschuss-niederdeutsch-tagt-in-berlin\/#article\",\"isPartOf\":{\"@id\":\"https:\/\/www.minderheitensekretariat.de\/en\/2023\/04\/25\/beratender-ausschuss-niederdeutsch-tagt-in-berlin\/\"},\"author\":{\"name\":\"Minderheitensekretariat\",\"@id\":\"https:\/\/www.minderheitensekretariat.de\/en\/#\/schema\/person\/55df1c4c912f10debba5dfc9bc26c1cf\"},\"headline\":\"Beratender Ausschuss Niederdeutsch tagt in Berlin\",\"datePublished\":\"2023-04-25T11:20:51+00:00\",\"dateModified\":\"2023-05-04T11:02:39+00:00\",\"mainEntityOfPage\":{\"@id\":\"https:\/\/www.minderheitensekretariat.de\/en\/2023\/04\/25\/beratender-ausschuss-niederdeutsch-tagt-in-berlin\/\"},\"wordCount\":483,\"publisher\":{\"@id\":\"https:\/\/www.minderheitensekretariat.de\/en\/#organization\"},\"image\":{\"@id\":\"https:\/\/www.minderheitensekretariat.de\/en\/2023\/04\/25\/beratender-ausschuss-niederdeutsch-tagt-in-berlin\/#primaryimage\"},\"thumbnailUrl\":\"https:\/\/www.minderheitensekretariat.de\/wp-content\/uploads\/2023\/04\/2023-04-Beratender-Ausschuss_Niederdeutsch.jpg\",\"articleSection\":[\"Startseite\"],\"inLanguage\":\"en-US\"},{\"@type\":\"WebPage\",\"@id\":\"https:\/\/www.minderheitensekretariat.de\/en\/2023\/04\/25\/beratender-ausschuss-niederdeutsch-tagt-in-berlin\/\",\"url\":\"https:\/\/www.minderheitensekretariat.de\/en\/2023\/04\/25\/beratender-ausschuss-niederdeutsch-tagt-in-berlin\/\",\"name\":\"Beratender Ausschuss Niederdeutsch tagt in Berlin - Minderheitensekretariat\",\"isPartOf\":{\"@id\":\"https:\/\/www.minderheitensekretariat.de\/en\/#website\"},\"primaryImageOfPage\":{\"@id\":\"https:\/\/www.minderheitensekretariat.de\/en\/2023\/04\/25\/beratender-ausschuss-niederdeutsch-tagt-in-berlin\/#primaryimage\"},\"image\":{\"@id\":\"https:\/\/www.minderheitensekretariat.de\/en\/2023\/04\/25\/beratender-ausschuss-niederdeutsch-tagt-in-berlin\/#primaryimage\"},\"thumbnailUrl\":\"https:\/\/www.minderheitensekretariat.de\/wp-content\/uploads\/2023\/04\/2023-04-Beratender-Ausschuss_Niederdeutsch.jpg\",\"datePublished\":\"2023-04-25T11:20:51+00:00\",\"dateModified\":\"2023-05-04T11:02:39+00:00\",\"breadcrumb\":{\"@id\":\"https:\/\/www.minderheitensekretariat.de\/en\/2023\/04\/25\/beratender-ausschuss-niederdeutsch-tagt-in-berlin\/#breadcrumb\"},\"inLanguage\":\"en-US\",\"potentialAction\":[{\"@type\":\"ReadAction\",\"target\":[\"https:\/\/www.minderheitensekretariat.de\/en\/2023\/04\/25\/beratender-ausschuss-niederdeutsch-tagt-in-berlin\/\"]}]},{\"@type\":\"ImageObject\",\"inLanguage\":\"en-US\",\"@id\":\"https:\/\/www.minderheitensekretariat.de\/en\/2023\/04\/25\/beratender-ausschuss-niederdeutsch-tagt-in-berlin\/#primaryimage\",\"url\":\"https:\/\/www.minderheitensekretariat.de\/wp-content\/uploads\/2023\/04\/2023-04-Beratender-Ausschuss_Niederdeutsch.jpg\",\"contentUrl\":\"https:\/\/www.minderheitensekretariat.de\/wp-content\/uploads\/2023\/04\/2023-04-Beratender-Ausschuss_Niederdeutsch.jpg\",\"width\":600,\"height\":350,\"caption\":\"Titelbild (v.l.n.r.) MdB Natalie Pawlik, MdB Filiz Polat, Christiane Ehlers und Kevin Behrens (beide Niederdeutschsekretariat) sowie MdB Gyde Jensen mit den \u201eWi snackt Platt\u201c-Schildern, die Plattdeutsch in der \u00d6ffentlichkeit sichtbarer machen sollen. (Foto: Niederdeutschsekretariat)\"},{\"@type\":\"BreadcrumbList\",\"@id\":\"https:\/\/www.minderheitensekretariat.de\/en\/2023\/04\/25\/beratender-ausschuss-niederdeutsch-tagt-in-berlin\/#breadcrumb\",\"itemListElement\":[{\"@type\":\"ListItem\",\"position\":1,\"name\":\"Startseite\",\"item\":\"https:\/\/www.minderheitensekretariat.de\/en\/\"},{\"@type\":\"ListItem\",\"position\":2,\"name\":\"Beratender Ausschuss Niederdeutsch tagt in Berlin\"}]},{\"@type\":\"WebSite\",\"@id\":\"https:\/\/www.minderheitensekretariat.de\/en\/#website\",\"url\":\"https:\/\/www.minderheitensekretariat.de\/en\/\",\"name\":\"Minderheitensekretariat\",\"description\":\"\",\"publisher\":{\"@id\":\"https:\/\/www.minderheitensekretariat.de\/en\/#organization\"},\"potentialAction\":[{\"@type\":\"SearchAction\",\"target\":{\"@type\":\"EntryPoint\",\"urlTemplate\":\"https:\/\/www.minderheitensekretariat.de\/en\/?s={search_term_string}\"},\"query-input\":{\"@type\":\"PropertyValueSpecification\",\"valueRequired\":true,\"valueName\":\"search_term_string\"}}],\"inLanguage\":\"en-US\"},{\"@type\":\"Organization\",\"@id\":\"https:\/\/www.minderheitensekretariat.de\/en\/#organization\",\"name\":\"Minderheitensekretariat\",\"url\":\"https:\/\/www.minderheitensekretariat.de\/en\/\",\"logo\":{\"@type\":\"ImageObject\",\"inLanguage\":\"en-US\",\"@id\":\"https:\/\/www.minderheitensekretariat.de\/en\/#\/schema\/logo\/image\/\",\"url\":\"https:\/\/www.minderheitensekretariat.de\/wp-content\/uploads\/2023\/03\/Min_sek_Logo_4c.jpg\",\"contentUrl\":\"https:\/\/www.minderheitensekretariat.de\/wp-content\/uploads\/2023\/03\/Min_sek_Logo_4c.jpg\",\"width\":984,\"height\":236,\"caption\":\"Minderheitensekretariat\"},\"image\":{\"@id\":\"https:\/\/www.minderheitensekretariat.de\/en\/#\/schema\/logo\/image\/\"},\"sameAs\":[\"https:\/\/www.facebook.com\/minderheitensekretariat.de\"]},{\"@type\":\"Person\",\"@id\":\"https:\/\/www.minderheitensekretariat.de\/en\/#\/schema\/person\/55df1c4c912f10debba5dfc9bc26c1cf\",\"name\":\"Minderheitensekretariat\",\"image\":{\"@type\":\"ImageObject\",\"inLanguage\":\"en-US\",\"@id\":\"https:\/\/www.minderheitensekretariat.de\/en\/#\/schema\/person\/image\/\",\"url\":\"https:\/\/secure.gravatar.com\/avatar\/370caba7511c95d16d2d05ef3fa57095fae805fdb97d13f46df8534525f106da?s=96&d=mm&r=g\",\"contentUrl\":\"https:\/\/secure.gravatar.com\/avatar\/370caba7511c95d16d2d05ef3fa57095fae805fdb97d13f46df8534525f106da?s=96&d=mm&r=g\",\"caption\":\"Minderheitensekretariat\"},\"sameAs\":[\"https:\/\/www.minderheitensekretariat.de\"],\"url\":\"https:\/\/www.minderheitensekretariat.de\/en\/author\/minderheitensekretariat\/\"}]}<\/script>\n<!-- \/ Yoast SEO plugin. -->","yoast_head_json":{"title":"Beratender Ausschuss Niederdeutsch tagt in Berlin - Minderheitensekretariat","robots":{"index":"index","follow":"follow","max-snippet":"max-snippet:-1","max-image-preview":"max-image-preview:large","max-video-preview":"max-video-preview:-1"},"canonical":"https:\/\/www.minderheitensekretariat.de\/en\/2023\/04\/25\/beratender-ausschuss-niederdeutsch-tagt-in-berlin\/","og_locale":"en_US","og_type":"article","og_title":"Beratender Ausschuss Niederdeutsch tagt in Berlin - Minderheitensekretariat","og_description":"Am 19. April 2023 kam der Beratende Ausschuss f\u00fcr Fragen der niederdeutschen Sprachgruppe zu seiner j\u00e4hrlichen Sitzung zusammen.","og_url":"https:\/\/www.minderheitensekretariat.de\/en\/2023\/04\/25\/beratender-ausschuss-niederdeutsch-tagt-in-berlin\/","og_site_name":"Minderheitensekretariat","article_publisher":"https:\/\/www.facebook.com\/minderheitensekretariat.de","article_published_time":"2023-04-25T11:20:51+00:00","article_modified_time":"2023-05-04T11:02:39+00:00","og_image":[{"width":600,"height":350,"url":"https:\/\/www.minderheitensekretariat.de\/wp-content\/uploads\/2023\/04\/2023-04-Beratender-Ausschuss_Niederdeutsch.jpg","type":"image\/jpeg"}],"author":"Minderheitensekretariat","twitter_card":"summary_large_image","twitter_misc":{"Written by":"Minderheitensekretariat","Est. reading time":"4 minutes"},"schema":{"@context":"https:\/\/schema.org","@graph":[{"@type":"Article","@id":"https:\/\/www.minderheitensekretariat.de\/en\/2023\/04\/25\/beratender-ausschuss-niederdeutsch-tagt-in-berlin\/#article","isPartOf":{"@id":"https:\/\/www.minderheitensekretariat.de\/en\/2023\/04\/25\/beratender-ausschuss-niederdeutsch-tagt-in-berlin\/"},"author":{"name":"Minderheitensekretariat","@id":"https:\/\/www.minderheitensekretariat.de\/en\/#\/schema\/person\/55df1c4c912f10debba5dfc9bc26c1cf"},"headline":"Beratender Ausschuss Niederdeutsch tagt in Berlin","datePublished":"2023-04-25T11:20:51+00:00","dateModified":"2023-05-04T11:02:39+00:00","mainEntityOfPage":{"@id":"https:\/\/www.minderheitensekretariat.de\/en\/2023\/04\/25\/beratender-ausschuss-niederdeutsch-tagt-in-berlin\/"},"wordCount":483,"publisher":{"@id":"https:\/\/www.minderheitensekretariat.de\/en\/#organization"},"image":{"@id":"https:\/\/www.minderheitensekretariat.de\/en\/2023\/04\/25\/beratender-ausschuss-niederdeutsch-tagt-in-berlin\/#primaryimage"},"thumbnailUrl":"https:\/\/www.minderheitensekretariat.de\/wp-content\/uploads\/2023\/04\/2023-04-Beratender-Ausschuss_Niederdeutsch.jpg","articleSection":["Startseite"],"inLanguage":"en-US"},{"@type":"WebPage","@id":"https:\/\/www.minderheitensekretariat.de\/en\/2023\/04\/25\/beratender-ausschuss-niederdeutsch-tagt-in-berlin\/","url":"https:\/\/www.minderheitensekretariat.de\/en\/2023\/04\/25\/beratender-ausschuss-niederdeutsch-tagt-in-berlin\/","name":"Beratender Ausschuss Niederdeutsch tagt in Berlin - Minderheitensekretariat","isPartOf":{"@id":"https:\/\/www.minderheitensekretariat.de\/en\/#website"},"primaryImageOfPage":{"@id":"https:\/\/www.minderheitensekretariat.de\/en\/2023\/04\/25\/beratender-ausschuss-niederdeutsch-tagt-in-berlin\/#primaryimage"},"image":{"@id":"https:\/\/www.minderheitensekretariat.de\/en\/2023\/04\/25\/beratender-ausschuss-niederdeutsch-tagt-in-berlin\/#primaryimage"},"thumbnailUrl":"https:\/\/www.minderheitensekretariat.de\/wp-content\/uploads\/2023\/04\/2023-04-Beratender-Ausschuss_Niederdeutsch.jpg","datePublished":"2023-04-25T11:20:51+00:00","dateModified":"2023-05-04T11:02:39+00:00","breadcrumb":{"@id":"https:\/\/www.minderheitensekretariat.de\/en\/2023\/04\/25\/beratender-ausschuss-niederdeutsch-tagt-in-berlin\/#breadcrumb"},"inLanguage":"en-US","potentialAction":[{"@type":"ReadAction","target":["https:\/\/www.minderheitensekretariat.de\/en\/2023\/04\/25\/beratender-ausschuss-niederdeutsch-tagt-in-berlin\/"]}]},{"@type":"ImageObject","inLanguage":"en-US","@id":"https:\/\/www.minderheitensekretariat.de\/en\/2023\/04\/25\/beratender-ausschuss-niederdeutsch-tagt-in-berlin\/#primaryimage","url":"https:\/\/www.minderheitensekretariat.de\/wp-content\/uploads\/2023\/04\/2023-04-Beratender-Ausschuss_Niederdeutsch.jpg","contentUrl":"https:\/\/www.minderheitensekretariat.de\/wp-content\/uploads\/2023\/04\/2023-04-Beratender-Ausschuss_Niederdeutsch.jpg","width":600,"height":350,"caption":"Titelbild (v.l.n.r.) MdB Natalie Pawlik, MdB Filiz Polat, Christiane Ehlers und Kevin Behrens (beide Niederdeutschsekretariat) sowie MdB Gyde Jensen mit den \u201eWi snackt Platt\u201c-Schildern, die Plattdeutsch in der \u00d6ffentlichkeit sichtbarer machen sollen. (Foto: Niederdeutschsekretariat)"},{"@type":"BreadcrumbList","@id":"https:\/\/www.minderheitensekretariat.de\/en\/2023\/04\/25\/beratender-ausschuss-niederdeutsch-tagt-in-berlin\/#breadcrumb","itemListElement":[{"@type":"ListItem","position":1,"name":"Startseite","item":"https:\/\/www.minderheitensekretariat.de\/en\/"},{"@type":"ListItem","position":2,"name":"Beratender Ausschuss Niederdeutsch tagt in Berlin"}]},{"@type":"WebSite","@id":"https:\/\/www.minderheitensekretariat.de\/en\/#website","url":"https:\/\/www.minderheitensekretariat.de\/en\/","name":"Minderheitensekretariat","description":"","publisher":{"@id":"https:\/\/www.minderheitensekretariat.de\/en\/#organization"},"potentialAction":[{"@type":"SearchAction","target":{"@type":"EntryPoint","urlTemplate":"https:\/\/www.minderheitensekretariat.de\/en\/?s={search_term_string}"},"query-input":{"@type":"PropertyValueSpecification","valueRequired":true,"valueName":"search_term_string"}}],"inLanguage":"en-US"},{"@type":"Organization","@id":"https:\/\/www.minderheitensekretariat.de\/en\/#organization","name":"Minderheitensekretariat","url":"https:\/\/www.minderheitensekretariat.de\/en\/","logo":{"@type":"ImageObject","inLanguage":"en-US","@id":"https:\/\/www.minderheitensekretariat.de\/en\/#\/schema\/logo\/image\/","url":"https:\/\/www.minderheitensekretariat.de\/wp-content\/uploads\/2023\/03\/Min_sek_Logo_4c.jpg","contentUrl":"https:\/\/www.minderheitensekretariat.de\/wp-content\/uploads\/2023\/03\/Min_sek_Logo_4c.jpg","width":984,"height":236,"caption":"Minderheitensekretariat"},"image":{"@id":"https:\/\/www.minderheitensekretariat.de\/en\/#\/schema\/logo\/image\/"},"sameAs":["https:\/\/www.facebook.com\/minderheitensekretariat.de"]},{"@type":"Person","@id":"https:\/\/www.minderheitensekretariat.de\/en\/#\/schema\/person\/55df1c4c912f10debba5dfc9bc26c1cf","name":"Minderheitensekretariat","image":{"@type":"ImageObject","inLanguage":"en-US","@id":"https:\/\/www.minderheitensekretariat.de\/en\/#\/schema\/person\/image\/","url":"https:\/\/secure.gravatar.com\/avatar\/370caba7511c95d16d2d05ef3fa57095fae805fdb97d13f46df8534525f106da?s=96&d=mm&r=g","contentUrl":"https:\/\/secure.gravatar.com\/avatar\/370caba7511c95d16d2d05ef3fa57095fae805fdb97d13f46df8534525f106da?s=96&d=mm&r=g","caption":"Minderheitensekretariat"},"sameAs":["https:\/\/www.minderheitensekretariat.de"],"url":"https:\/\/www.minderheitensekretariat.de\/en\/author\/minderheitensekretariat\/"}]}},"_links":{"self":[{"href":"https:\/\/www.minderheitensekretariat.de\/en\/wp-json\/wp\/v2\/posts\/11512","targetHints":{"allow":["GET"]}}],"collection":[{"href":"https:\/\/www.minderheitensekretariat.de\/en\/wp-json\/wp\/v2\/posts"}],"about":[{"href":"https:\/\/www.minderheitensekretariat.de\/en\/wp-json\/wp\/v2\/types\/post"}],"author":[{"embeddable":true,"href":"https:\/\/www.minderheitensekretariat.de\/en\/wp-json\/wp\/v2\/users\/1"}],"replies":[{"embeddable":true,"href":"https:\/\/www.minderheitensekretariat.de\/en\/wp-json\/wp\/v2\/comments?post=11512"}],"version-history":[{"count":13,"href":"https:\/\/www.minderheitensekretariat.de\/en\/wp-json\/wp\/v2\/posts\/11512\/revisions"}],"predecessor-version":[{"id":11815,"href":"https:\/\/www.minderheitensekretariat.de\/en\/wp-json\/wp\/v2\/posts\/11512\/revisions\/11815"}],"wp:featuredmedia":[{"embeddable":true,"href":"https:\/\/www.minderheitensekretariat.de\/en\/wp-json\/wp\/v2\/media\/11534"}],"wp:attachment":[{"href":"https:\/\/www.minderheitensekretariat.de\/en\/wp-json\/wp\/v2\/media?parent=11512"}],"wp:term":[{"taxonomy":"category","embeddable":true,"href":"https:\/\/www.minderheitensekretariat.de\/en\/wp-json\/wp\/v2\/categories?post=11512"},{"taxonomy":"post_tag","embeddable":true,"href":"https:\/\/www.minderheitensekretariat.de\/en\/wp-json\/wp\/v2\/tags?post=11512"}],"curies":[{"name":"wp","href":"https:\/\/api.w.org\/{rel}","templated":true}]}}