{"id":11560,"date":"2023-05-07T09:56:00","date_gmt":"2023-05-07T07:56:00","guid":{"rendered":"https:\/\/www.minderheitensekretariat.de\/?p=11560"},"modified":"2023-05-04T15:30:52","modified_gmt":"2023-05-04T13:30:52","slug":"friesischer-filmabend-filmeen","status":"publish","type":"post","link":"https:\/\/www.minderheitensekretariat.de\/en\/2023\/05\/07\/friesischer-filmabend-filmeen\/","title":{"rendered":"Friesischer Filmabend &#8211; Filmeen"},"content":{"rendered":"\t\t<div data-elementor-type=\"wp-post\" data-elementor-id=\"11560\" class=\"elementor elementor-11560\" data-elementor-post-type=\"post\">\n\t\t\t\t\t\t<section class=\"elementor-section elementor-top-section elementor-element elementor-element-7333b6f elementor-section-boxed elementor-section-height-default elementor-section-height-default\" data-id=\"7333b6f\" data-element_type=\"section\" data-settings=\"{&quot;background_background&quot;:&quot;gradient&quot;}\">\n\t\t\t\t\t\t\t<div class=\"elementor-background-overlay\"><\/div>\n\t\t\t\t\t\t\t<div class=\"elementor-container elementor-column-gap-default\">\n\t\t\t\t\t<div class=\"elementor-column elementor-col-100 elementor-top-column elementor-element elementor-element-1b921a3\" data-id=\"1b921a3\" data-element_type=\"column\">\n\t\t\t<div class=\"elementor-widget-wrap elementor-element-populated\">\n\t\t\t\t\t\t<section class=\"elementor-section elementor-inner-section elementor-element elementor-element-b0fb436 elementor-section-full_width elementor-section-height-default elementor-section-height-default\" data-id=\"b0fb436\" data-element_type=\"section\">\n\t\t\t\t\t\t<div class=\"elementor-container elementor-column-gap-default\">\n\t\t\t\t\t<div class=\"elementor-column elementor-col-50 elementor-inner-column elementor-element elementor-element-fa2d1aa\" data-id=\"fa2d1aa\" data-element_type=\"column\">\n\t\t\t<div class=\"elementor-widget-wrap elementor-element-populated\">\n\t\t\t\t\t\t<div class=\"elementor-element elementor-element-ea2fe1b elementor-widget elementor-widget-image\" data-id=\"ea2fe1b\" data-element_type=\"widget\" data-widget_type=\"image.default\">\n\t\t\t\t<div class=\"elementor-widget-container\">\n\t\t\t\t\t\t\t\t\t\t<figure class=\"wp-caption\">\n\t\t\t\t\t\t\t\t\t\t<img fetchpriority=\"high\" decoding=\"async\" width=\"800\" height=\"604\" src=\"https:\/\/www.minderheitensekretariat.de\/wp-content\/uploads\/2023\/04\/Friesischer-Filmabend-1024x773.jpg\" class=\"attachment-large size-large wp-image-11870\" alt=\"\" srcset=\"https:\/\/www.minderheitensekretariat.de\/wp-content\/uploads\/2023\/04\/Friesischer-Filmabend-1024x773.jpg 1024w, https:\/\/www.minderheitensekretariat.de\/wp-content\/uploads\/2023\/04\/Friesischer-Filmabend-300x226.jpg 300w, https:\/\/www.minderheitensekretariat.de\/wp-content\/uploads\/2023\/04\/Friesischer-Filmabend-768x580.jpg 768w, https:\/\/www.minderheitensekretariat.de\/wp-content\/uploads\/2023\/04\/Friesischer-Filmabend-1536x1159.jpg 1536w, https:\/\/www.minderheitensekretariat.de\/wp-content\/uploads\/2023\/04\/Friesischer-Filmabend-2048x1545.jpg 2048w\" sizes=\"(max-width: 800px) 100vw, 800px\" \/>\t\t\t\t\t\t\t\t\t\t\t<figcaption class=\"widget-image-caption wp-caption-text\">(Foto: Friisk Foriining)<\/figcaption>\n\t\t\t\t\t\t\t\t\t\t<\/figure>\n\t\t\t\t\t\t\t<\/div>\n\t\t\t\t<\/div>\n\t\t\t\t\t<\/div>\n\t\t<\/div>\n\t\t\t\t<div class=\"elementor-column elementor-col-50 elementor-inner-column elementor-element elementor-element-f592ef7\" data-id=\"f592ef7\" data-element_type=\"column\">\n\t\t\t<div class=\"elementor-widget-wrap elementor-element-populated\">\n\t\t\t\t\t\t<div class=\"elementor-element elementor-element-03b0f5e elementor-widget elementor-widget-text-editor\" data-id=\"03b0f5e\" data-element_type=\"widget\" data-widget_type=\"text-editor.default\">\n\t\t\t\t<div class=\"elementor-widget-container\">\n\t\t\t\t\t\t\t07\/05\/2023\t\t\t\t\t\t<\/div>\n\t\t\t\t<\/div>\n\t\t\t\t<div class=\"elementor-element elementor-element-a21e5c4 elementor-widget elementor-widget-heading\" data-id=\"a21e5c4\" data-element_type=\"widget\" data-widget_type=\"heading.default\">\n\t\t\t\t<div class=\"elementor-widget-container\">\n\t\t\t<h2 class=\"elementor-heading-title elementor-size-default\">Friesischer Filmabend &#8211; Filmeen<\/h2>\t\t<\/div>\n\t\t\t\t<\/div>\n\t\t\t\t<div class=\"elementor-element elementor-element-1a51d24 elementor-widget elementor-widget-text-editor\" data-id=\"1a51d24\" data-element_type=\"widget\" data-widget_type=\"text-editor.default\">\n\t\t\t\t<div class=\"elementor-widget-container\">\n\t\t\t\t\t\t\tDer erste Dokumentarfilm &#8220;Klaar Kiming&#8221; \u00fcber die Nordfriesen wird am 2. Juni in Husum gezeigt.\t\t\t\t\t\t<\/div>\n\t\t\t\t<\/div>\n\t\t\t\t<div class=\"elementor-element elementor-element-2aa7c17 elementor-widget-divider--view-line elementor-widget elementor-widget-divider\" data-id=\"2aa7c17\" data-element_type=\"widget\" data-widget_type=\"divider.default\">\n\t\t\t\t<div class=\"elementor-widget-container\">\n\t\t\t\t\t<div class=\"elementor-divider\">\n\t\t\t<span class=\"elementor-divider-separator\">\n\t\t\t\t\t\t<\/span>\n\t\t<\/div>\n\t\t\t\t<\/div>\n\t\t\t\t<\/div>\n\t\t\t\t\t<\/div>\n\t\t<\/div>\n\t\t\t\t\t<\/div>\n\t\t<\/section>\n\t\t\t\t<div class=\"elementor-element elementor-element-87b8590 elementor-hidden-mobile elementor-invisible elementor-widget elementor-widget-image\" data-id=\"87b8590\" data-element_type=\"widget\" data-settings=\"{&quot;_animation&quot;:&quot;fadeInDown&quot;,&quot;_animation_delay&quot;:1000}\" data-widget_type=\"image.default\">\n\t\t\t\t<div class=\"elementor-widget-container\">\n\t\t\t\t\t\t\t\t\t\t\t\t\t\t<a href=\"#mehr\">\n\t\t\t\t\t\t\t<img decoding=\"async\" width=\"27\" height=\"15\" src=\"https:\/\/www.minderheitensekretariat.de\/wp-content\/uploads\/2022\/07\/arrow_down.svg\" class=\"elementor-animation-shrink attachment-large size-large wp-image-657\" alt=\"\" \/>\t\t\t\t\t\t\t\t<\/a>\n\t\t\t\t\t\t\t\t\t\t\t\t\t<\/div>\n\t\t\t\t<\/div>\n\t\t\t\t<section class=\"elementor-section elementor-inner-section elementor-element elementor-element-2b19a64 elementor-hidden-mobile elementor-section-boxed elementor-section-height-default elementor-section-height-default\" data-id=\"2b19a64\" data-element_type=\"section\">\n\t\t\t\t\t\t<div class=\"elementor-container elementor-column-gap-default\">\n\t\t\t\t\t<div class=\"elementor-column elementor-col-100 elementor-inner-column elementor-element elementor-element-e1b551d\" data-id=\"e1b551d\" data-element_type=\"column\">\n\t\t\t<div class=\"elementor-widget-wrap elementor-element-populated\">\n\t\t\t\t\t\t<div class=\"elementor-element elementor-element-5723f99 elementor-widget elementor-widget-menu-anchor\" data-id=\"5723f99\" data-element_type=\"widget\" data-widget_type=\"menu-anchor.default\">\n\t\t\t\t<div class=\"elementor-widget-container\">\n\t\t\t\t\t<div class=\"elementor-menu-anchor\" id=\"mehr\"><\/div>\n\t\t\t\t<\/div>\n\t\t\t\t<\/div>\n\t\t\t\t\t<\/div>\n\t\t<\/div>\n\t\t\t\t\t<\/div>\n\t\t<\/section>\n\t\t\t\t<section class=\"elementor-section elementor-inner-section elementor-element elementor-element-8629abe elementor-section-boxed elementor-section-height-default elementor-section-height-default\" data-id=\"8629abe\" data-element_type=\"section\">\n\t\t\t\t\t\t<div class=\"elementor-container elementor-column-gap-default\">\n\t\t\t\t\t<div class=\"elementor-column elementor-col-100 elementor-inner-column elementor-element elementor-element-8fa23c1\" data-id=\"8fa23c1\" data-element_type=\"column\">\n\t\t\t<div class=\"elementor-widget-wrap elementor-element-populated\">\n\t\t\t\t\t\t<div class=\"elementor-element elementor-element-c01359a elementor-widget elementor-widget-text-editor\" data-id=\"c01359a\" data-element_type=\"widget\" data-widget_type=\"text-editor.default\">\n\t\t\t\t<div class=\"elementor-widget-container\">\n\t\t\t\t\t\t\t<p><strong>Liebes Mitglied,<\/strong><\/p>\n<p>der erste Dokumentarfilm &#8220;Klaar Kiming&#8221; \u00fcber die Nordfriesen als Minderheit wurde 1990 gedreht. Er ist ein St\u00fcck Geschichte&nbsp;der friesischen Volksgruppe. Daher l\u00e4dt die Friisk Foriining zu ihrem 100-j\u00e4hrigen Jubil\u00e4um zu Film und Talkrunde ein.&nbsp;<\/p>\n<div><strong>Freitag, den 2 Juni 2023,<\/strong><br><strong>um 20:00 Uhr<\/strong><br><strong>im Kino Center Husum. Der Eintritt ist frei.&nbsp;<\/strong><\/div>\n<p>Als G\u00e4ste kommen die beiden Filmemacher sowie einige der damals gefilmten Friesen und Friesinnen. Sie erz\u00e4hlen, wie es damals beim Filmemachen war. Wir laden zu Sekt und Selters ein. Du kannst gerne jemanden mitnehmen. Es w\u00e4re nett, wenn Ihr euch anmelden w\u00fcrdet.<\/p>\n<p><strong>Karin Haug: 01626266158<\/strong><br>Oder: <a href=\"mailto:karin@friiske.de\" target=\"_blank\" rel=\"noopener\"><span style=\"text-decoration: underline;\">karin@friiske.de<\/span><\/a><\/p><p><br><\/p>\n<p><span style=\"color: var( --e-global-color-39532aa ); letter-spacing: 0px; background-color: transparent;\">(Quelle: Pressemitteilung Friisk Foriining<\/span><span style=\"color: var( --e-global-color-39532aa ); letter-spacing: 0px; background-color: transparent;\">, 04.05.2023)<\/span><\/p>\t\t\t\t\t\t<\/div>\n\t\t\t\t<\/div>\n\t\t\t\t\t<\/div>\n\t\t<\/div>\n\t\t\t\t\t<\/div>\n\t\t<\/section>\n\t\t\t\t<section class=\"elementor-section elementor-inner-section elementor-element elementor-element-79ac782 elementor-section-boxed elementor-section-height-default elementor-section-height-default\" data-id=\"79ac782\" data-element_type=\"section\">\n\t\t\t\t\t\t<div class=\"elementor-container elementor-column-gap-default\">\n\t\t\t\t\t<div class=\"elementor-column elementor-col-100 elementor-inner-column elementor-element elementor-element-535e876\" data-id=\"535e876\" data-element_type=\"column\">\n\t\t\t<div class=\"elementor-widget-wrap elementor-element-populated\">\n\t\t\t\t\t\t<div class=\"elementor-element elementor-element-96396bc elementor-align-center elementor-widget elementor-widget-button\" data-id=\"96396bc\" data-element_type=\"widget\" data-widget_type=\"button.default\">\n\t\t\t\t<div class=\"elementor-widget-container\">\n\t\t\t\t\t\t\t<div class=\"elementor-button-wrapper\">\n\t\t\t\t\t<a class=\"elementor-button elementor-button-link elementor-size-sm\" href=\"\/aktuelles\/\">\n\t\t\t\t\t\t<span class=\"elementor-button-content-wrapper\">\n\t\t\t\t\t\t\t\t\t<span class=\"elementor-button-text\">Zur\u00fcck zur \u00dcbersicht<\/span>\n\t\t\t\t\t<\/span>\n\t\t\t\t\t<\/a>\n\t\t\t\t<\/div>\n\t\t\t\t\t\t<\/div>\n\t\t\t\t<\/div>\n\t\t\t\t\t<\/div>\n\t\t<\/div>\n\t\t\t\t\t<\/div>\n\t\t<\/section>\n\t\t\t\t\t<\/div>\n\t\t<\/div>\n\t\t\t\t\t<\/div>\n\t\t<\/section>\n\t\t\t\t<\/div>\n\t\t","protected":false},"excerpt":{"rendered":"<p>Der erste Dokumentarfilm &#8220;Klaar Kiming&#8221; \u00fcber die Nordfriesen wird am 2. Juni in Husum gezeigt.<\/p>\n","protected":false},"author":1,"featured_media":11870,"comment_status":"closed","ping_status":"closed","sticky":false,"template":"elementor_header_footer","format":"standard","meta":{"footnotes":""},"categories":[49],"tags":[],"class_list":["post-11560","post","type-post","status-publish","format-standard","has-post-thumbnail","hentry","category-startseite"],"yoast_head":"<!-- This site is optimized with the Yoast SEO plugin v23.8 - https:\/\/yoast.com\/wordpress\/plugins\/seo\/ -->\n<title>Friesischer Filmabend - Filmeen - Minderheitensekretariat<\/title>\n<meta name=\"robots\" content=\"index, follow, max-snippet:-1, max-image-preview:large, max-video-preview:-1\" \/>\n<link rel=\"canonical\" href=\"https:\/\/www.minderheitensekretariat.de\/en\/2023\/05\/07\/friesischer-filmabend-filmeen\/\" \/>\n<meta property=\"og:locale\" content=\"en_US\" \/>\n<meta property=\"og:type\" content=\"article\" \/>\n<meta property=\"og:title\" content=\"Friesischer Filmabend - Filmeen - Minderheitensekretariat\" \/>\n<meta property=\"og:description\" content=\"Der erste Dokumentarfilm &quot;Klaar Kiming&quot; \u00fcber die Nordfriesen wird am 2. Juni in Husum gezeigt.\" \/>\n<meta property=\"og:url\" content=\"https:\/\/www.minderheitensekretariat.de\/en\/2023\/05\/07\/friesischer-filmabend-filmeen\/\" \/>\n<meta property=\"og:site_name\" content=\"Minderheitensekretariat\" \/>\n<meta property=\"article:publisher\" content=\"https:\/\/www.facebook.com\/minderheitensekretariat.de\" \/>\n<meta property=\"article:published_time\" content=\"2023-05-07T07:56:00+00:00\" \/>\n<meta property=\"article:modified_time\" content=\"2023-05-04T13:30:52+00:00\" \/>\n<meta property=\"og:image\" content=\"https:\/\/www.minderheitensekretariat.de\/wp-content\/uploads\/2023\/04\/Friesischer-Filmabend-scaled.jpg\" \/>\n\t<meta property=\"og:image:width\" content=\"2560\" \/>\n\t<meta property=\"og:image:height\" content=\"1932\" \/>\n\t<meta property=\"og:image:type\" content=\"image\/jpeg\" \/>\n<meta name=\"author\" content=\"Minderheitensekretariat\" \/>\n<meta name=\"twitter:card\" content=\"summary_large_image\" \/>\n<meta name=\"twitter:label1\" content=\"Written by\" \/>\n\t<meta name=\"twitter:data1\" content=\"Minderheitensekretariat\" \/>\n\t<meta name=\"twitter:label2\" content=\"Est. reading time\" \/>\n\t<meta name=\"twitter:data2\" content=\"1 minute\" \/>\n<script type=\"application\/ld+json\" class=\"yoast-schema-graph\">{\"@context\":\"https:\/\/schema.org\",\"@graph\":[{\"@type\":\"Article\",\"@id\":\"https:\/\/www.minderheitensekretariat.de\/en\/2023\/05\/07\/friesischer-filmabend-filmeen\/#article\",\"isPartOf\":{\"@id\":\"https:\/\/www.minderheitensekretariat.de\/en\/2023\/05\/07\/friesischer-filmabend-filmeen\/\"},\"author\":{\"name\":\"Minderheitensekretariat\",\"@id\":\"https:\/\/www.minderheitensekretariat.de\/en\/#\/schema\/person\/55df1c4c912f10debba5dfc9bc26c1cf\"},\"headline\":\"Friesischer Filmabend &#8211; Filmeen\",\"datePublished\":\"2023-05-07T07:56:00+00:00\",\"dateModified\":\"2023-05-04T13:30:52+00:00\",\"mainEntityOfPage\":{\"@id\":\"https:\/\/www.minderheitensekretariat.de\/en\/2023\/05\/07\/friesischer-filmabend-filmeen\/\"},\"wordCount\":120,\"publisher\":{\"@id\":\"https:\/\/www.minderheitensekretariat.de\/en\/#organization\"},\"image\":{\"@id\":\"https:\/\/www.minderheitensekretariat.de\/en\/2023\/05\/07\/friesischer-filmabend-filmeen\/#primaryimage\"},\"thumbnailUrl\":\"https:\/\/www.minderheitensekretariat.de\/wp-content\/uploads\/2023\/04\/Friesischer-Filmabend-scaled.jpg\",\"articleSection\":[\"Startseite\"],\"inLanguage\":\"en-US\"},{\"@type\":\"WebPage\",\"@id\":\"https:\/\/www.minderheitensekretariat.de\/en\/2023\/05\/07\/friesischer-filmabend-filmeen\/\",\"url\":\"https:\/\/www.minderheitensekretariat.de\/en\/2023\/05\/07\/friesischer-filmabend-filmeen\/\",\"name\":\"Friesischer Filmabend - Filmeen - Minderheitensekretariat\",\"isPartOf\":{\"@id\":\"https:\/\/www.minderheitensekretariat.de\/en\/#website\"},\"primaryImageOfPage\":{\"@id\":\"https:\/\/www.minderheitensekretariat.de\/en\/2023\/05\/07\/friesischer-filmabend-filmeen\/#primaryimage\"},\"image\":{\"@id\":\"https:\/\/www.minderheitensekretariat.de\/en\/2023\/05\/07\/friesischer-filmabend-filmeen\/#primaryimage\"},\"thumbnailUrl\":\"https:\/\/www.minderheitensekretariat.de\/wp-content\/uploads\/2023\/04\/Friesischer-Filmabend-scaled.jpg\",\"datePublished\":\"2023-05-07T07:56:00+00:00\",\"dateModified\":\"2023-05-04T13:30:52+00:00\",\"breadcrumb\":{\"@id\":\"https:\/\/www.minderheitensekretariat.de\/en\/2023\/05\/07\/friesischer-filmabend-filmeen\/#breadcrumb\"},\"inLanguage\":\"en-US\",\"potentialAction\":[{\"@type\":\"ReadAction\",\"target\":[\"https:\/\/www.minderheitensekretariat.de\/en\/2023\/05\/07\/friesischer-filmabend-filmeen\/\"]}]},{\"@type\":\"ImageObject\",\"inLanguage\":\"en-US\",\"@id\":\"https:\/\/www.minderheitensekretariat.de\/en\/2023\/05\/07\/friesischer-filmabend-filmeen\/#primaryimage\",\"url\":\"https:\/\/www.minderheitensekretariat.de\/wp-content\/uploads\/2023\/04\/Friesischer-Filmabend-scaled.jpg\",\"contentUrl\":\"https:\/\/www.minderheitensekretariat.de\/wp-content\/uploads\/2023\/04\/Friesischer-Filmabend-scaled.jpg\",\"width\":2560,\"height\":1932,\"caption\":\"(Foto: Friisk Foriining)\"},{\"@type\":\"BreadcrumbList\",\"@id\":\"https:\/\/www.minderheitensekretariat.de\/en\/2023\/05\/07\/friesischer-filmabend-filmeen\/#breadcrumb\",\"itemListElement\":[{\"@type\":\"ListItem\",\"position\":1,\"name\":\"Startseite\",\"item\":\"https:\/\/www.minderheitensekretariat.de\/en\/\"},{\"@type\":\"ListItem\",\"position\":2,\"name\":\"Friesischer Filmabend &#8211; Filmeen\"}]},{\"@type\":\"WebSite\",\"@id\":\"https:\/\/www.minderheitensekretariat.de\/en\/#website\",\"url\":\"https:\/\/www.minderheitensekretariat.de\/en\/\",\"name\":\"Minderheitensekretariat\",\"description\":\"\",\"publisher\":{\"@id\":\"https:\/\/www.minderheitensekretariat.de\/en\/#organization\"},\"potentialAction\":[{\"@type\":\"SearchAction\",\"target\":{\"@type\":\"EntryPoint\",\"urlTemplate\":\"https:\/\/www.minderheitensekretariat.de\/en\/?s={search_term_string}\"},\"query-input\":{\"@type\":\"PropertyValueSpecification\",\"valueRequired\":true,\"valueName\":\"search_term_string\"}}],\"inLanguage\":\"en-US\"},{\"@type\":\"Organization\",\"@id\":\"https:\/\/www.minderheitensekretariat.de\/en\/#organization\",\"name\":\"Minderheitensekretariat\",\"url\":\"https:\/\/www.minderheitensekretariat.de\/en\/\",\"logo\":{\"@type\":\"ImageObject\",\"inLanguage\":\"en-US\",\"@id\":\"https:\/\/www.minderheitensekretariat.de\/en\/#\/schema\/logo\/image\/\",\"url\":\"https:\/\/www.minderheitensekretariat.de\/wp-content\/uploads\/2023\/03\/Min_sek_Logo_4c.jpg\",\"contentUrl\":\"https:\/\/www.minderheitensekretariat.de\/wp-content\/uploads\/2023\/03\/Min_sek_Logo_4c.jpg\",\"width\":984,\"height\":236,\"caption\":\"Minderheitensekretariat\"},\"image\":{\"@id\":\"https:\/\/www.minderheitensekretariat.de\/en\/#\/schema\/logo\/image\/\"},\"sameAs\":[\"https:\/\/www.facebook.com\/minderheitensekretariat.de\"]},{\"@type\":\"Person\",\"@id\":\"https:\/\/www.minderheitensekretariat.de\/en\/#\/schema\/person\/55df1c4c912f10debba5dfc9bc26c1cf\",\"name\":\"Minderheitensekretariat\",\"image\":{\"@type\":\"ImageObject\",\"inLanguage\":\"en-US\",\"@id\":\"https:\/\/www.minderheitensekretariat.de\/en\/#\/schema\/person\/image\/\",\"url\":\"https:\/\/secure.gravatar.com\/avatar\/370caba7511c95d16d2d05ef3fa57095fae805fdb97d13f46df8534525f106da?s=96&d=mm&r=g\",\"contentUrl\":\"https:\/\/secure.gravatar.com\/avatar\/370caba7511c95d16d2d05ef3fa57095fae805fdb97d13f46df8534525f106da?s=96&d=mm&r=g\",\"caption\":\"Minderheitensekretariat\"},\"sameAs\":[\"https:\/\/www.minderheitensekretariat.de\"],\"url\":\"https:\/\/www.minderheitensekretariat.de\/en\/author\/minderheitensekretariat\/\"}]}<\/script>\n<!-- \/ Yoast SEO plugin. -->","yoast_head_json":{"title":"Friesischer Filmabend - Filmeen - Minderheitensekretariat","robots":{"index":"index","follow":"follow","max-snippet":"max-snippet:-1","max-image-preview":"max-image-preview:large","max-video-preview":"max-video-preview:-1"},"canonical":"https:\/\/www.minderheitensekretariat.de\/en\/2023\/05\/07\/friesischer-filmabend-filmeen\/","og_locale":"en_US","og_type":"article","og_title":"Friesischer Filmabend - Filmeen - Minderheitensekretariat","og_description":"Der erste Dokumentarfilm \"Klaar Kiming\" \u00fcber die Nordfriesen wird am 2. Juni in Husum gezeigt.","og_url":"https:\/\/www.minderheitensekretariat.de\/en\/2023\/05\/07\/friesischer-filmabend-filmeen\/","og_site_name":"Minderheitensekretariat","article_publisher":"https:\/\/www.facebook.com\/minderheitensekretariat.de","article_published_time":"2023-05-07T07:56:00+00:00","article_modified_time":"2023-05-04T13:30:52+00:00","og_image":[{"width":2560,"height":1932,"url":"https:\/\/www.minderheitensekretariat.de\/wp-content\/uploads\/2023\/04\/Friesischer-Filmabend-scaled.jpg","type":"image\/jpeg"}],"author":"Minderheitensekretariat","twitter_card":"summary_large_image","twitter_misc":{"Written by":"Minderheitensekretariat","Est. reading time":"1 minute"},"schema":{"@context":"https:\/\/schema.org","@graph":[{"@type":"Article","@id":"https:\/\/www.minderheitensekretariat.de\/en\/2023\/05\/07\/friesischer-filmabend-filmeen\/#article","isPartOf":{"@id":"https:\/\/www.minderheitensekretariat.de\/en\/2023\/05\/07\/friesischer-filmabend-filmeen\/"},"author":{"name":"Minderheitensekretariat","@id":"https:\/\/www.minderheitensekretariat.de\/en\/#\/schema\/person\/55df1c4c912f10debba5dfc9bc26c1cf"},"headline":"Friesischer Filmabend &#8211; Filmeen","datePublished":"2023-05-07T07:56:00+00:00","dateModified":"2023-05-04T13:30:52+00:00","mainEntityOfPage":{"@id":"https:\/\/www.minderheitensekretariat.de\/en\/2023\/05\/07\/friesischer-filmabend-filmeen\/"},"wordCount":120,"publisher":{"@id":"https:\/\/www.minderheitensekretariat.de\/en\/#organization"},"image":{"@id":"https:\/\/www.minderheitensekretariat.de\/en\/2023\/05\/07\/friesischer-filmabend-filmeen\/#primaryimage"},"thumbnailUrl":"https:\/\/www.minderheitensekretariat.de\/wp-content\/uploads\/2023\/04\/Friesischer-Filmabend-scaled.jpg","articleSection":["Startseite"],"inLanguage":"en-US"},{"@type":"WebPage","@id":"https:\/\/www.minderheitensekretariat.de\/en\/2023\/05\/07\/friesischer-filmabend-filmeen\/","url":"https:\/\/www.minderheitensekretariat.de\/en\/2023\/05\/07\/friesischer-filmabend-filmeen\/","name":"Friesischer Filmabend - Filmeen - Minderheitensekretariat","isPartOf":{"@id":"https:\/\/www.minderheitensekretariat.de\/en\/#website"},"primaryImageOfPage":{"@id":"https:\/\/www.minderheitensekretariat.de\/en\/2023\/05\/07\/friesischer-filmabend-filmeen\/#primaryimage"},"image":{"@id":"https:\/\/www.minderheitensekretariat.de\/en\/2023\/05\/07\/friesischer-filmabend-filmeen\/#primaryimage"},"thumbnailUrl":"https:\/\/www.minderheitensekretariat.de\/wp-content\/uploads\/2023\/04\/Friesischer-Filmabend-scaled.jpg","datePublished":"2023-05-07T07:56:00+00:00","dateModified":"2023-05-04T13:30:52+00:00","breadcrumb":{"@id":"https:\/\/www.minderheitensekretariat.de\/en\/2023\/05\/07\/friesischer-filmabend-filmeen\/#breadcrumb"},"inLanguage":"en-US","potentialAction":[{"@type":"ReadAction","target":["https:\/\/www.minderheitensekretariat.de\/en\/2023\/05\/07\/friesischer-filmabend-filmeen\/"]}]},{"@type":"ImageObject","inLanguage":"en-US","@id":"https:\/\/www.minderheitensekretariat.de\/en\/2023\/05\/07\/friesischer-filmabend-filmeen\/#primaryimage","url":"https:\/\/www.minderheitensekretariat.de\/wp-content\/uploads\/2023\/04\/Friesischer-Filmabend-scaled.jpg","contentUrl":"https:\/\/www.minderheitensekretariat.de\/wp-content\/uploads\/2023\/04\/Friesischer-Filmabend-scaled.jpg","width":2560,"height":1932,"caption":"(Foto: Friisk Foriining)"},{"@type":"BreadcrumbList","@id":"https:\/\/www.minderheitensekretariat.de\/en\/2023\/05\/07\/friesischer-filmabend-filmeen\/#breadcrumb","itemListElement":[{"@type":"ListItem","position":1,"name":"Startseite","item":"https:\/\/www.minderheitensekretariat.de\/en\/"},{"@type":"ListItem","position":2,"name":"Friesischer Filmabend &#8211; Filmeen"}]},{"@type":"WebSite","@id":"https:\/\/www.minderheitensekretariat.de\/en\/#website","url":"https:\/\/www.minderheitensekretariat.de\/en\/","name":"Minderheitensekretariat","description":"","publisher":{"@id":"https:\/\/www.minderheitensekretariat.de\/en\/#organization"},"potentialAction":[{"@type":"SearchAction","target":{"@type":"EntryPoint","urlTemplate":"https:\/\/www.minderheitensekretariat.de\/en\/?s={search_term_string}"},"query-input":{"@type":"PropertyValueSpecification","valueRequired":true,"valueName":"search_term_string"}}],"inLanguage":"en-US"},{"@type":"Organization","@id":"https:\/\/www.minderheitensekretariat.de\/en\/#organization","name":"Minderheitensekretariat","url":"https:\/\/www.minderheitensekretariat.de\/en\/","logo":{"@type":"ImageObject","inLanguage":"en-US","@id":"https:\/\/www.minderheitensekretariat.de\/en\/#\/schema\/logo\/image\/","url":"https:\/\/www.minderheitensekretariat.de\/wp-content\/uploads\/2023\/03\/Min_sek_Logo_4c.jpg","contentUrl":"https:\/\/www.minderheitensekretariat.de\/wp-content\/uploads\/2023\/03\/Min_sek_Logo_4c.jpg","width":984,"height":236,"caption":"Minderheitensekretariat"},"image":{"@id":"https:\/\/www.minderheitensekretariat.de\/en\/#\/schema\/logo\/image\/"},"sameAs":["https:\/\/www.facebook.com\/minderheitensekretariat.de"]},{"@type":"Person","@id":"https:\/\/www.minderheitensekretariat.de\/en\/#\/schema\/person\/55df1c4c912f10debba5dfc9bc26c1cf","name":"Minderheitensekretariat","image":{"@type":"ImageObject","inLanguage":"en-US","@id":"https:\/\/www.minderheitensekretariat.de\/en\/#\/schema\/person\/image\/","url":"https:\/\/secure.gravatar.com\/avatar\/370caba7511c95d16d2d05ef3fa57095fae805fdb97d13f46df8534525f106da?s=96&d=mm&r=g","contentUrl":"https:\/\/secure.gravatar.com\/avatar\/370caba7511c95d16d2d05ef3fa57095fae805fdb97d13f46df8534525f106da?s=96&d=mm&r=g","caption":"Minderheitensekretariat"},"sameAs":["https:\/\/www.minderheitensekretariat.de"],"url":"https:\/\/www.minderheitensekretariat.de\/en\/author\/minderheitensekretariat\/"}]}},"_links":{"self":[{"href":"https:\/\/www.minderheitensekretariat.de\/en\/wp-json\/wp\/v2\/posts\/11560","targetHints":{"allow":["GET"]}}],"collection":[{"href":"https:\/\/www.minderheitensekretariat.de\/en\/wp-json\/wp\/v2\/posts"}],"about":[{"href":"https:\/\/www.minderheitensekretariat.de\/en\/wp-json\/wp\/v2\/types\/post"}],"author":[{"embeddable":true,"href":"https:\/\/www.minderheitensekretariat.de\/en\/wp-json\/wp\/v2\/users\/1"}],"replies":[{"embeddable":true,"href":"https:\/\/www.minderheitensekretariat.de\/en\/wp-json\/wp\/v2\/comments?post=11560"}],"version-history":[{"count":5,"href":"https:\/\/www.minderheitensekretariat.de\/en\/wp-json\/wp\/v2\/posts\/11560\/revisions"}],"predecessor-version":[{"id":11884,"href":"https:\/\/www.minderheitensekretariat.de\/en\/wp-json\/wp\/v2\/posts\/11560\/revisions\/11884"}],"wp:featuredmedia":[{"embeddable":true,"href":"https:\/\/www.minderheitensekretariat.de\/en\/wp-json\/wp\/v2\/media\/11870"}],"wp:attachment":[{"href":"https:\/\/www.minderheitensekretariat.de\/en\/wp-json\/wp\/v2\/media?parent=11560"}],"wp:term":[{"taxonomy":"category","embeddable":true,"href":"https:\/\/www.minderheitensekretariat.de\/en\/wp-json\/wp\/v2\/categories?post=11560"},{"taxonomy":"post_tag","embeddable":true,"href":"https:\/\/www.minderheitensekretariat.de\/en\/wp-json\/wp\/v2\/tags?post=11560"}],"curies":[{"name":"wp","href":"https:\/\/api.w.org\/{rel}","templated":true}]}}