{"id":13192,"date":"2023-06-15T10:01:00","date_gmt":"2023-06-15T08:01:00","guid":{"rendered":"https:\/\/www.minderheitensekretariat.de\/?p=13192"},"modified":"2023-06-14T16:52:36","modified_gmt":"2023-06-14T14:52:36","slug":"der-schutz-der-anerkannten-minderheiten-und-volksgruppen-gehoert-ins-grundgesetz","status":"publish","type":"post","link":"https:\/\/www.minderheitensekretariat.de\/en\/2023\/06\/15\/der-schutz-der-anerkannten-minderheiten-und-volksgruppen-gehoert-ins-grundgesetz\/","title":{"rendered":"Der Schutz der anerkannten Minderheiten und Volksgruppen geh\u00f6rt ins Grundgesetz!"},"content":{"rendered":"\t\t<div data-elementor-type=\"wp-post\" data-elementor-id=\"13192\" class=\"elementor elementor-13192\" data-elementor-post-type=\"post\">\n\t\t\t\t\t\t<section class=\"elementor-section elementor-top-section elementor-element elementor-element-7333b6f elementor-section-boxed elementor-section-height-default elementor-section-height-default\" data-id=\"7333b6f\" data-element_type=\"section\" data-settings=\"{&quot;background_background&quot;:&quot;gradient&quot;}\">\n\t\t\t\t\t\t\t<div class=\"elementor-background-overlay\"><\/div>\n\t\t\t\t\t\t\t<div class=\"elementor-container elementor-column-gap-default\">\n\t\t\t\t\t<div class=\"elementor-column elementor-col-100 elementor-top-column elementor-element elementor-element-1b921a3\" data-id=\"1b921a3\" data-element_type=\"column\">\n\t\t\t<div class=\"elementor-widget-wrap elementor-element-populated\">\n\t\t\t\t\t\t<section class=\"elementor-section elementor-inner-section elementor-element elementor-element-b0fb436 elementor-section-full_width elementor-section-height-default elementor-section-height-default\" data-id=\"b0fb436\" data-element_type=\"section\">\n\t\t\t\t\t\t<div class=\"elementor-container elementor-column-gap-default\">\n\t\t\t\t\t<div class=\"elementor-column elementor-col-50 elementor-inner-column elementor-element elementor-element-fa2d1aa\" data-id=\"fa2d1aa\" data-element_type=\"column\">\n\t\t\t<div class=\"elementor-widget-wrap elementor-element-populated\">\n\t\t\t\t\t\t<div class=\"elementor-element elementor-element-ea2fe1b elementor-widget elementor-widget-image\" data-id=\"ea2fe1b\" data-element_type=\"widget\" data-widget_type=\"image.default\">\n\t\t\t\t<div class=\"elementor-widget-container\">\n\t\t\t\t\t\t\t\t\t\t<figure class=\"wp-caption\">\n\t\t\t\t\t\t\t\t\t\t<img fetchpriority=\"high\" decoding=\"async\" width=\"768\" height=\"180\" src=\"https:\/\/www.minderheitensekretariat.de\/wp-content\/uploads\/2022\/08\/Grundgesetz_Teaserr-1-768x180.jpg\" class=\"attachment-medium_large size-medium_large wp-image-5988\" alt=\"\" srcset=\"https:\/\/www.minderheitensekretariat.de\/wp-content\/uploads\/2022\/08\/Grundgesetz_Teaserr-1-768x180.jpg 768w, https:\/\/www.minderheitensekretariat.de\/wp-content\/uploads\/2022\/08\/Grundgesetz_Teaserr-1-300x70.jpg 300w, https:\/\/www.minderheitensekretariat.de\/wp-content\/uploads\/2022\/08\/Grundgesetz_Teaserr-1-1024x240.jpg 1024w, https:\/\/www.minderheitensekretariat.de\/wp-content\/uploads\/2022\/08\/Grundgesetz_Teaserr-1-1536x359.jpg 1536w, https:\/\/www.minderheitensekretariat.de\/wp-content\/uploads\/2022\/08\/Grundgesetz_Teaserr-1-2048x479.jpg 2048w\" sizes=\"(max-width: 768px) 100vw, 768px\" \/>\t\t\t\t\t\t\t\t\t\t\t<figcaption class=\"widget-image-caption wp-caption-text\"><\/figcaption>\n\t\t\t\t\t\t\t\t\t\t<\/figure>\n\t\t\t\t\t\t\t<\/div>\n\t\t\t\t<\/div>\n\t\t\t\t\t<\/div>\n\t\t<\/div>\n\t\t\t\t<div class=\"elementor-column elementor-col-50 elementor-inner-column elementor-element elementor-element-f592ef7\" data-id=\"f592ef7\" data-element_type=\"column\">\n\t\t\t<div class=\"elementor-widget-wrap elementor-element-populated\">\n\t\t\t\t\t\t<div class=\"elementor-element elementor-element-03b0f5e elementor-widget elementor-widget-text-editor\" data-id=\"03b0f5e\" data-element_type=\"widget\" data-widget_type=\"text-editor.default\">\n\t\t\t\t<div class=\"elementor-widget-container\">\n\t\t\t\t\t\t\t15\/06\/2023\t\t\t\t\t\t<\/div>\n\t\t\t\t<\/div>\n\t\t\t\t<div class=\"elementor-element elementor-element-a21e5c4 elementor-widget elementor-widget-heading\" data-id=\"a21e5c4\" data-element_type=\"widget\" data-widget_type=\"heading.default\">\n\t\t\t\t<div class=\"elementor-widget-container\">\n\t\t\t<h2 class=\"elementor-heading-title elementor-size-default\">Der Schutz der anerkannten Minderheiten und Volksgruppen geh\u00f6rt ins Grundgesetz!<\/h2>\t\t<\/div>\n\t\t\t\t<\/div>\n\t\t\t\t<div class=\"elementor-element elementor-element-1a51d24 elementor-widget elementor-widget-text-editor\" data-id=\"1a51d24\" data-element_type=\"widget\" data-widget_type=\"text-editor.default\">\n\t\t\t\t<div class=\"elementor-widget-container\">\n\t\t\t\t\t\t\tDie autochthonen Minderheiten sind elementarer Bestandteil der deutschen Geschichte und deren Schutz sollte im Grundgesetz verankert sein, pl\u00e4diert der SSW.\t\t\t\t\t\t<\/div>\n\t\t\t\t<\/div>\n\t\t\t\t<div class=\"elementor-element elementor-element-2aa7c17 elementor-widget-divider--view-line elementor-widget elementor-widget-divider\" data-id=\"2aa7c17\" data-element_type=\"widget\" data-widget_type=\"divider.default\">\n\t\t\t\t<div class=\"elementor-widget-container\">\n\t\t\t\t\t<div class=\"elementor-divider\">\n\t\t\t<span class=\"elementor-divider-separator\">\n\t\t\t\t\t\t<\/span>\n\t\t<\/div>\n\t\t\t\t<\/div>\n\t\t\t\t<\/div>\n\t\t\t\t\t<\/div>\n\t\t<\/div>\n\t\t\t\t\t<\/div>\n\t\t<\/section>\n\t\t\t\t<div class=\"elementor-element elementor-element-87b8590 elementor-hidden-mobile elementor-invisible elementor-widget elementor-widget-image\" data-id=\"87b8590\" data-element_type=\"widget\" data-settings=\"{&quot;_animation&quot;:&quot;fadeInDown&quot;,&quot;_animation_delay&quot;:1000}\" data-widget_type=\"image.default\">\n\t\t\t\t<div class=\"elementor-widget-container\">\n\t\t\t\t\t\t\t\t\t\t\t\t\t\t<a href=\"#mehr\">\n\t\t\t\t\t\t\t<img decoding=\"async\" width=\"27\" height=\"15\" src=\"https:\/\/www.minderheitensekretariat.de\/wp-content\/uploads\/2022\/07\/arrow_down.svg\" class=\"elementor-animation-shrink attachment-large size-large wp-image-657\" alt=\"\" \/>\t\t\t\t\t\t\t\t<\/a>\n\t\t\t\t\t\t\t\t\t\t\t\t\t<\/div>\n\t\t\t\t<\/div>\n\t\t\t\t<section class=\"elementor-section elementor-inner-section elementor-element elementor-element-2b19a64 elementor-hidden-mobile elementor-section-boxed elementor-section-height-default elementor-section-height-default\" data-id=\"2b19a64\" data-element_type=\"section\">\n\t\t\t\t\t\t<div class=\"elementor-container elementor-column-gap-default\">\n\t\t\t\t\t<div class=\"elementor-column elementor-col-100 elementor-inner-column elementor-element elementor-element-e1b551d\" data-id=\"e1b551d\" data-element_type=\"column\">\n\t\t\t<div class=\"elementor-widget-wrap elementor-element-populated\">\n\t\t\t\t\t\t<div class=\"elementor-element elementor-element-5723f99 elementor-widget elementor-widget-menu-anchor\" data-id=\"5723f99\" data-element_type=\"widget\" data-widget_type=\"menu-anchor.default\">\n\t\t\t\t<div class=\"elementor-widget-container\">\n\t\t\t\t\t<div class=\"elementor-menu-anchor\" id=\"mehr\"><\/div>\n\t\t\t\t<\/div>\n\t\t\t\t<\/div>\n\t\t\t\t\t<\/div>\n\t\t<\/div>\n\t\t\t\t\t<\/div>\n\t\t<\/section>\n\t\t\t\t<section class=\"elementor-section elementor-inner-section elementor-element elementor-element-8629abe elementor-section-boxed elementor-section-height-default elementor-section-height-default\" data-id=\"8629abe\" data-element_type=\"section\">\n\t\t\t\t\t\t<div class=\"elementor-container elementor-column-gap-default\">\n\t\t\t\t\t<div class=\"elementor-column elementor-col-100 elementor-inner-column elementor-element elementor-element-8fa23c1\" data-id=\"8fa23c1\" data-element_type=\"column\">\n\t\t\t<div class=\"elementor-widget-wrap elementor-element-populated\">\n\t\t\t\t\t\t<div class=\"elementor-element elementor-element-c01359a elementor-widget elementor-widget-text-editor\" data-id=\"c01359a\" data-element_type=\"widget\" data-widget_type=\"text-editor.default\">\n\t\t\t\t<div class=\"elementor-widget-container\">\n\t\t\t\t\t\t\t<p>\u201eWas hei\u00dft hier Minderheit?&#8221; ist der Titel der Wanderausstellung des Minderheitenrates der vier autochthonen nationalen Minderheiten und Volksgruppen und des Bunnsraates f\u00f6r Nedderd\u00fc\u00fctsch. Die gemeinsame Ausstellung sollte zum Reflektieren anregen: \u00fcber Identit\u00e4t, verschiedene Blickwinkel und das gemeinsame Miteinander. Im September bis Oktober 2022 wurde die Wanderausstellung auch im Schleswig-Holsteinischen Landtag in Kiel der \u00d6ffentlichkeit pr\u00e4sentiert. Sie zeigt auch, dass die nationalen Minderheiten fester Bestandteil der schleswig-holsteinischen Geschichte, Gegenwart und der Zukunft sind.<\/p><p>Der SSW setzt sich schon lange daf\u00fcr ein, den Schutz der anerkannten Minderheiten und Volksgruppen im Grundgesetz zu verankern. Sibylla Nitsch, Abgeordnete des SSW: \u201eHier geht es n\u00e4mlich nicht um Symbolik. Hier geht es darum, den Schutz und die Rechte der nationalen Minderheiten und Volksgruppen in Deutschland unabh\u00e4ngig von sich ver\u00e4ndernden politischen Mehrheiten langfristig zu sichern. Deshalb begr\u00fc\u00dfen wir, dass die Landesregierung dieses Thema auf Bundesebene erneut aufgreifen will. Eine grundgesetzliche Verankerung des Schutzes nationaler Minderheiten vor dem Hintergrund v\u00f6lkerrechtlicher Verpflichtungen der Bundesrepublik ist notwendig.&#8221;<\/p><p>In diesem Zusammenhang ist es aber auch notwendig, das Wissen \u00fcber die nationalen Minderheiten zu vermitteln und weiterzugeben. Die D\u00e4n*innen, die Fries*innen und die Sinti*zze und Rom*nja sind elementarer Bestandteil der schleswig-holsteinischen Geschichte, pr\u00e4gen die Gegenwart und werden auch zuk\u00fcnftig nicht wegzudenken sein. Die Vermittlung des geschichtlichen, kulturellen und sprachlichen Hintergrunds der vier anerkannten autochthonen Minderheiten und Volksgruppen und der Sprecher*innengruppe Niederdeutsch soll in die Lehrpl\u00e4ne aller Schulformen bundesweit integriert werden. Hierf\u00fcr muss geeignetes Lehrmaterial im ganzen Land zur Verf\u00fcgung gestellt werden. Hier geht es nicht um ein \u201eNischenthema&#8221; was behandelt werden kann, wenn die Lehrpl\u00e4ne zuf\u00e4llig Platz daf\u00fcr hergeben. Es geht um einen Teil von Schleswig-Holstein und Deutschland, dessen Hintergrund als elementarer Bestandteil in die Bildung unserer Kinder integriert werden muss!<\/p><p>Nicht nur, weil es rechtlich in Form des Rahmen\u00fcbereinkommens zum Schutz nationaler Minderheiten und der Europ\u00e4ischen Charta der Regional- und Minderheitensprachen so geschrieben steht. Auch, um das Bewusstsein des gesellschaftlichen Mehrwerts von nationalen Minderheiten und Regionalsprachen zu f\u00f6rdern! Schleswig-Holstein sollte hier eine Vorbildfunktion einnehmen, denn Ziel muss es sein, die Wissensvermittlung in allen Bundesl\u00e4ndern zu verankern. Ende 2022 hat der Minderheitenrat auf Bundesebene eine Aufforderung an die Kultusministerkonferenz gesendet. Sibylla Nitsch f\u00fcgt noch hinzu: \u201eFrau Ministerin Prien, sie m\u00fcssten diese Aufforderung direkt auf ihren Tisch bekommen, daher gehen wir davon aus, dass Sie gut im Bilde sind und auf der Arbeitsebene diesen Prozess positiv begleiten werden.&#8221;<\/p><p><span style=\"color: var( --e-global-color-39532aa ); letter-spacing: 0px; background-color: transparent;\">(Quelle: Pressemitteilung Auszug aus der Pressemitteilung des SSW<\/span><span style=\"color: var( --e-global-color-39532aa ); letter-spacing: 0px; background-color: transparent;\">, 14.06.2023)<\/span><\/p>\t\t\t\t\t\t<\/div>\n\t\t\t\t<\/div>\n\t\t\t\t\t<\/div>\n\t\t<\/div>\n\t\t\t\t\t<\/div>\n\t\t<\/section>\n\t\t\t\t<section class=\"elementor-section elementor-inner-section elementor-element elementor-element-79ac782 elementor-section-boxed elementor-section-height-default elementor-section-height-default\" data-id=\"79ac782\" data-element_type=\"section\">\n\t\t\t\t\t\t<div class=\"elementor-container elementor-column-gap-default\">\n\t\t\t\t\t<div class=\"elementor-column elementor-col-100 elementor-inner-column elementor-element elementor-element-535e876\" data-id=\"535e876\" data-element_type=\"column\">\n\t\t\t<div class=\"elementor-widget-wrap elementor-element-populated\">\n\t\t\t\t\t\t<div class=\"elementor-element elementor-element-96396bc elementor-align-center elementor-widget elementor-widget-button\" data-id=\"96396bc\" data-element_type=\"widget\" data-widget_type=\"button.default\">\n\t\t\t\t<div class=\"elementor-widget-container\">\n\t\t\t\t\t\t\t<div class=\"elementor-button-wrapper\">\n\t\t\t\t\t<a class=\"elementor-button elementor-button-link elementor-size-sm\" href=\"\/aktuelles\/\">\n\t\t\t\t\t\t<span class=\"elementor-button-content-wrapper\">\n\t\t\t\t\t\t\t\t\t<span class=\"elementor-button-text\">Zur\u00fcck zur \u00dcbersicht<\/span>\n\t\t\t\t\t<\/span>\n\t\t\t\t\t<\/a>\n\t\t\t\t<\/div>\n\t\t\t\t\t\t<\/div>\n\t\t\t\t<\/div>\n\t\t\t\t\t<\/div>\n\t\t<\/div>\n\t\t\t\t\t<\/div>\n\t\t<\/section>\n\t\t\t\t\t<\/div>\n\t\t<\/div>\n\t\t\t\t\t<\/div>\n\t\t<\/section>\n\t\t\t\t<\/div>\n\t\t","protected":false},"excerpt":{"rendered":"<p>Die autochthonen Minderheiten sind elementarer Bestandteil der deutschen Geschichte und deren Schutz sollte im Grundgesetz verankert sein, pl\u00e4diert der SSW.<\/p>\n","protected":false},"author":1,"featured_media":5988,"comment_status":"closed","ping_status":"closed","sticky":false,"template":"elementor_header_footer","format":"standard","meta":{"footnotes":""},"categories":[49],"tags":[],"class_list":["post-13192","post","type-post","status-publish","format-standard","has-post-thumbnail","hentry","category-startseite"],"yoast_head":"<!-- This site is optimized with the Yoast SEO plugin v23.8 - https:\/\/yoast.com\/wordpress\/plugins\/seo\/ -->\n<title>Der Schutz der anerkannten Minderheiten und Volksgruppen geh\u00f6rt ins Grundgesetz! - Minderheitensekretariat<\/title>\n<meta name=\"robots\" content=\"index, follow, max-snippet:-1, max-image-preview:large, max-video-preview:-1\" \/>\n<link rel=\"canonical\" href=\"https:\/\/www.minderheitensekretariat.de\/en\/2023\/06\/15\/der-schutz-der-anerkannten-minderheiten-und-volksgruppen-gehoert-ins-grundgesetz\/\" \/>\n<meta property=\"og:locale\" content=\"en_US\" \/>\n<meta property=\"og:type\" content=\"article\" \/>\n<meta property=\"og:title\" content=\"Der Schutz der anerkannten Minderheiten und Volksgruppen geh\u00f6rt ins Grundgesetz! - Minderheitensekretariat\" \/>\n<meta property=\"og:description\" content=\"Die autochthonen Minderheiten sind elementarer Bestandteil der deutschen Geschichte und deren Schutz sollte im Grundgesetz verankert sein, pl\u00e4diert der SSW.\" \/>\n<meta property=\"og:url\" content=\"https:\/\/www.minderheitensekretariat.de\/en\/2023\/06\/15\/der-schutz-der-anerkannten-minderheiten-und-volksgruppen-gehoert-ins-grundgesetz\/\" \/>\n<meta property=\"og:site_name\" content=\"Minderheitensekretariat\" \/>\n<meta property=\"article:publisher\" content=\"https:\/\/www.facebook.com\/minderheitensekretariat.de\" \/>\n<meta property=\"article:published_time\" content=\"2023-06-15T08:01:00+00:00\" \/>\n<meta property=\"article:modified_time\" content=\"2023-06-14T14:52:36+00:00\" \/>\n<meta property=\"og:image\" content=\"https:\/\/www.minderheitensekretariat.de\/wp-content\/uploads\/2022\/08\/Grundgesetz_Teaserr-1.jpg\" \/>\n\t<meta property=\"og:image:width\" content=\"2560\" \/>\n\t<meta property=\"og:image:height\" content=\"599\" \/>\n\t<meta property=\"og:image:type\" content=\"image\/jpeg\" \/>\n<meta name=\"author\" content=\"Minderheitensekretariat\" \/>\n<meta name=\"twitter:card\" content=\"summary_large_image\" \/>\n<meta name=\"twitter:label1\" content=\"Written by\" \/>\n\t<meta name=\"twitter:data1\" content=\"Minderheitensekretariat\" \/>\n\t<meta name=\"twitter:label2\" content=\"Est. reading time\" \/>\n\t<meta name=\"twitter:data2\" content=\"3 minutes\" \/>\n<script type=\"application\/ld+json\" class=\"yoast-schema-graph\">{\"@context\":\"https:\/\/schema.org\",\"@graph\":[{\"@type\":\"Article\",\"@id\":\"https:\/\/www.minderheitensekretariat.de\/en\/2023\/06\/15\/der-schutz-der-anerkannten-minderheiten-und-volksgruppen-gehoert-ins-grundgesetz\/#article\",\"isPartOf\":{\"@id\":\"https:\/\/www.minderheitensekretariat.de\/en\/2023\/06\/15\/der-schutz-der-anerkannten-minderheiten-und-volksgruppen-gehoert-ins-grundgesetz\/\"},\"author\":{\"name\":\"Minderheitensekretariat\",\"@id\":\"https:\/\/www.minderheitensekretariat.de\/en\/#\/schema\/person\/55df1c4c912f10debba5dfc9bc26c1cf\"},\"headline\":\"Der Schutz der anerkannten Minderheiten und Volksgruppen geh\u00f6rt ins Grundgesetz!\",\"datePublished\":\"2023-06-15T08:01:00+00:00\",\"dateModified\":\"2023-06-14T14:52:36+00:00\",\"mainEntityOfPage\":{\"@id\":\"https:\/\/www.minderheitensekretariat.de\/en\/2023\/06\/15\/der-schutz-der-anerkannten-minderheiten-und-volksgruppen-gehoert-ins-grundgesetz\/\"},\"wordCount\":437,\"publisher\":{\"@id\":\"https:\/\/www.minderheitensekretariat.de\/en\/#organization\"},\"image\":{\"@id\":\"https:\/\/www.minderheitensekretariat.de\/en\/2023\/06\/15\/der-schutz-der-anerkannten-minderheiten-und-volksgruppen-gehoert-ins-grundgesetz\/#primaryimage\"},\"thumbnailUrl\":\"https:\/\/www.minderheitensekretariat.de\/wp-content\/uploads\/2022\/08\/Grundgesetz_Teaserr-1.jpg\",\"articleSection\":[\"Startseite\"],\"inLanguage\":\"en-US\"},{\"@type\":\"WebPage\",\"@id\":\"https:\/\/www.minderheitensekretariat.de\/en\/2023\/06\/15\/der-schutz-der-anerkannten-minderheiten-und-volksgruppen-gehoert-ins-grundgesetz\/\",\"url\":\"https:\/\/www.minderheitensekretariat.de\/en\/2023\/06\/15\/der-schutz-der-anerkannten-minderheiten-und-volksgruppen-gehoert-ins-grundgesetz\/\",\"name\":\"Der Schutz der anerkannten Minderheiten und Volksgruppen geh\u00f6rt ins Grundgesetz! - Minderheitensekretariat\",\"isPartOf\":{\"@id\":\"https:\/\/www.minderheitensekretariat.de\/en\/#website\"},\"primaryImageOfPage\":{\"@id\":\"https:\/\/www.minderheitensekretariat.de\/en\/2023\/06\/15\/der-schutz-der-anerkannten-minderheiten-und-volksgruppen-gehoert-ins-grundgesetz\/#primaryimage\"},\"image\":{\"@id\":\"https:\/\/www.minderheitensekretariat.de\/en\/2023\/06\/15\/der-schutz-der-anerkannten-minderheiten-und-volksgruppen-gehoert-ins-grundgesetz\/#primaryimage\"},\"thumbnailUrl\":\"https:\/\/www.minderheitensekretariat.de\/wp-content\/uploads\/2022\/08\/Grundgesetz_Teaserr-1.jpg\",\"datePublished\":\"2023-06-15T08:01:00+00:00\",\"dateModified\":\"2023-06-14T14:52:36+00:00\",\"breadcrumb\":{\"@id\":\"https:\/\/www.minderheitensekretariat.de\/en\/2023\/06\/15\/der-schutz-der-anerkannten-minderheiten-und-volksgruppen-gehoert-ins-grundgesetz\/#breadcrumb\"},\"inLanguage\":\"en-US\",\"potentialAction\":[{\"@type\":\"ReadAction\",\"target\":[\"https:\/\/www.minderheitensekretariat.de\/en\/2023\/06\/15\/der-schutz-der-anerkannten-minderheiten-und-volksgruppen-gehoert-ins-grundgesetz\/\"]}]},{\"@type\":\"ImageObject\",\"inLanguage\":\"en-US\",\"@id\":\"https:\/\/www.minderheitensekretariat.de\/en\/2023\/06\/15\/der-schutz-der-anerkannten-minderheiten-und-volksgruppen-gehoert-ins-grundgesetz\/#primaryimage\",\"url\":\"https:\/\/www.minderheitensekretariat.de\/wp-content\/uploads\/2022\/08\/Grundgesetz_Teaserr-1.jpg\",\"contentUrl\":\"https:\/\/www.minderheitensekretariat.de\/wp-content\/uploads\/2022\/08\/Grundgesetz_Teaserr-1.jpg\",\"width\":2560,\"height\":599},{\"@type\":\"BreadcrumbList\",\"@id\":\"https:\/\/www.minderheitensekretariat.de\/en\/2023\/06\/15\/der-schutz-der-anerkannten-minderheiten-und-volksgruppen-gehoert-ins-grundgesetz\/#breadcrumb\",\"itemListElement\":[{\"@type\":\"ListItem\",\"position\":1,\"name\":\"Startseite\",\"item\":\"https:\/\/www.minderheitensekretariat.de\/en\/\"},{\"@type\":\"ListItem\",\"position\":2,\"name\":\"Der Schutz der anerkannten Minderheiten und Volksgruppen geh\u00f6rt ins Grundgesetz!\"}]},{\"@type\":\"WebSite\",\"@id\":\"https:\/\/www.minderheitensekretariat.de\/en\/#website\",\"url\":\"https:\/\/www.minderheitensekretariat.de\/en\/\",\"name\":\"Minderheitensekretariat\",\"description\":\"\",\"publisher\":{\"@id\":\"https:\/\/www.minderheitensekretariat.de\/en\/#organization\"},\"potentialAction\":[{\"@type\":\"SearchAction\",\"target\":{\"@type\":\"EntryPoint\",\"urlTemplate\":\"https:\/\/www.minderheitensekretariat.de\/en\/?s={search_term_string}\"},\"query-input\":{\"@type\":\"PropertyValueSpecification\",\"valueRequired\":true,\"valueName\":\"search_term_string\"}}],\"inLanguage\":\"en-US\"},{\"@type\":\"Organization\",\"@id\":\"https:\/\/www.minderheitensekretariat.de\/en\/#organization\",\"name\":\"Minderheitensekretariat\",\"url\":\"https:\/\/www.minderheitensekretariat.de\/en\/\",\"logo\":{\"@type\":\"ImageObject\",\"inLanguage\":\"en-US\",\"@id\":\"https:\/\/www.minderheitensekretariat.de\/en\/#\/schema\/logo\/image\/\",\"url\":\"https:\/\/www.minderheitensekretariat.de\/wp-content\/uploads\/2023\/03\/Min_sek_Logo_4c.jpg\",\"contentUrl\":\"https:\/\/www.minderheitensekretariat.de\/wp-content\/uploads\/2023\/03\/Min_sek_Logo_4c.jpg\",\"width\":984,\"height\":236,\"caption\":\"Minderheitensekretariat\"},\"image\":{\"@id\":\"https:\/\/www.minderheitensekretariat.de\/en\/#\/schema\/logo\/image\/\"},\"sameAs\":[\"https:\/\/www.facebook.com\/minderheitensekretariat.de\"]},{\"@type\":\"Person\",\"@id\":\"https:\/\/www.minderheitensekretariat.de\/en\/#\/schema\/person\/55df1c4c912f10debba5dfc9bc26c1cf\",\"name\":\"Minderheitensekretariat\",\"image\":{\"@type\":\"ImageObject\",\"inLanguage\":\"en-US\",\"@id\":\"https:\/\/www.minderheitensekretariat.de\/en\/#\/schema\/person\/image\/\",\"url\":\"https:\/\/secure.gravatar.com\/avatar\/370caba7511c95d16d2d05ef3fa57095fae805fdb97d13f46df8534525f106da?s=96&d=mm&r=g\",\"contentUrl\":\"https:\/\/secure.gravatar.com\/avatar\/370caba7511c95d16d2d05ef3fa57095fae805fdb97d13f46df8534525f106da?s=96&d=mm&r=g\",\"caption\":\"Minderheitensekretariat\"},\"sameAs\":[\"https:\/\/www.minderheitensekretariat.de\"],\"url\":\"https:\/\/www.minderheitensekretariat.de\/en\/author\/minderheitensekretariat\/\"}]}<\/script>\n<!-- \/ Yoast SEO plugin. -->","yoast_head_json":{"title":"Der Schutz der anerkannten Minderheiten und Volksgruppen geh\u00f6rt ins Grundgesetz! - Minderheitensekretariat","robots":{"index":"index","follow":"follow","max-snippet":"max-snippet:-1","max-image-preview":"max-image-preview:large","max-video-preview":"max-video-preview:-1"},"canonical":"https:\/\/www.minderheitensekretariat.de\/en\/2023\/06\/15\/der-schutz-der-anerkannten-minderheiten-und-volksgruppen-gehoert-ins-grundgesetz\/","og_locale":"en_US","og_type":"article","og_title":"Der Schutz der anerkannten Minderheiten und Volksgruppen geh\u00f6rt ins Grundgesetz! - Minderheitensekretariat","og_description":"Die autochthonen Minderheiten sind elementarer Bestandteil der deutschen Geschichte und deren Schutz sollte im Grundgesetz verankert sein, pl\u00e4diert der SSW.","og_url":"https:\/\/www.minderheitensekretariat.de\/en\/2023\/06\/15\/der-schutz-der-anerkannten-minderheiten-und-volksgruppen-gehoert-ins-grundgesetz\/","og_site_name":"Minderheitensekretariat","article_publisher":"https:\/\/www.facebook.com\/minderheitensekretariat.de","article_published_time":"2023-06-15T08:01:00+00:00","article_modified_time":"2023-06-14T14:52:36+00:00","og_image":[{"width":2560,"height":599,"url":"https:\/\/www.minderheitensekretariat.de\/wp-content\/uploads\/2022\/08\/Grundgesetz_Teaserr-1.jpg","type":"image\/jpeg"}],"author":"Minderheitensekretariat","twitter_card":"summary_large_image","twitter_misc":{"Written by":"Minderheitensekretariat","Est. reading time":"3 minutes"},"schema":{"@context":"https:\/\/schema.org","@graph":[{"@type":"Article","@id":"https:\/\/www.minderheitensekretariat.de\/en\/2023\/06\/15\/der-schutz-der-anerkannten-minderheiten-und-volksgruppen-gehoert-ins-grundgesetz\/#article","isPartOf":{"@id":"https:\/\/www.minderheitensekretariat.de\/en\/2023\/06\/15\/der-schutz-der-anerkannten-minderheiten-und-volksgruppen-gehoert-ins-grundgesetz\/"},"author":{"name":"Minderheitensekretariat","@id":"https:\/\/www.minderheitensekretariat.de\/en\/#\/schema\/person\/55df1c4c912f10debba5dfc9bc26c1cf"},"headline":"Der Schutz der anerkannten Minderheiten und Volksgruppen geh\u00f6rt ins Grundgesetz!","datePublished":"2023-06-15T08:01:00+00:00","dateModified":"2023-06-14T14:52:36+00:00","mainEntityOfPage":{"@id":"https:\/\/www.minderheitensekretariat.de\/en\/2023\/06\/15\/der-schutz-der-anerkannten-minderheiten-und-volksgruppen-gehoert-ins-grundgesetz\/"},"wordCount":437,"publisher":{"@id":"https:\/\/www.minderheitensekretariat.de\/en\/#organization"},"image":{"@id":"https:\/\/www.minderheitensekretariat.de\/en\/2023\/06\/15\/der-schutz-der-anerkannten-minderheiten-und-volksgruppen-gehoert-ins-grundgesetz\/#primaryimage"},"thumbnailUrl":"https:\/\/www.minderheitensekretariat.de\/wp-content\/uploads\/2022\/08\/Grundgesetz_Teaserr-1.jpg","articleSection":["Startseite"],"inLanguage":"en-US"},{"@type":"WebPage","@id":"https:\/\/www.minderheitensekretariat.de\/en\/2023\/06\/15\/der-schutz-der-anerkannten-minderheiten-und-volksgruppen-gehoert-ins-grundgesetz\/","url":"https:\/\/www.minderheitensekretariat.de\/en\/2023\/06\/15\/der-schutz-der-anerkannten-minderheiten-und-volksgruppen-gehoert-ins-grundgesetz\/","name":"Der Schutz der anerkannten Minderheiten und Volksgruppen geh\u00f6rt ins Grundgesetz! - Minderheitensekretariat","isPartOf":{"@id":"https:\/\/www.minderheitensekretariat.de\/en\/#website"},"primaryImageOfPage":{"@id":"https:\/\/www.minderheitensekretariat.de\/en\/2023\/06\/15\/der-schutz-der-anerkannten-minderheiten-und-volksgruppen-gehoert-ins-grundgesetz\/#primaryimage"},"image":{"@id":"https:\/\/www.minderheitensekretariat.de\/en\/2023\/06\/15\/der-schutz-der-anerkannten-minderheiten-und-volksgruppen-gehoert-ins-grundgesetz\/#primaryimage"},"thumbnailUrl":"https:\/\/www.minderheitensekretariat.de\/wp-content\/uploads\/2022\/08\/Grundgesetz_Teaserr-1.jpg","datePublished":"2023-06-15T08:01:00+00:00","dateModified":"2023-06-14T14:52:36+00:00","breadcrumb":{"@id":"https:\/\/www.minderheitensekretariat.de\/en\/2023\/06\/15\/der-schutz-der-anerkannten-minderheiten-und-volksgruppen-gehoert-ins-grundgesetz\/#breadcrumb"},"inLanguage":"en-US","potentialAction":[{"@type":"ReadAction","target":["https:\/\/www.minderheitensekretariat.de\/en\/2023\/06\/15\/der-schutz-der-anerkannten-minderheiten-und-volksgruppen-gehoert-ins-grundgesetz\/"]}]},{"@type":"ImageObject","inLanguage":"en-US","@id":"https:\/\/www.minderheitensekretariat.de\/en\/2023\/06\/15\/der-schutz-der-anerkannten-minderheiten-und-volksgruppen-gehoert-ins-grundgesetz\/#primaryimage","url":"https:\/\/www.minderheitensekretariat.de\/wp-content\/uploads\/2022\/08\/Grundgesetz_Teaserr-1.jpg","contentUrl":"https:\/\/www.minderheitensekretariat.de\/wp-content\/uploads\/2022\/08\/Grundgesetz_Teaserr-1.jpg","width":2560,"height":599},{"@type":"BreadcrumbList","@id":"https:\/\/www.minderheitensekretariat.de\/en\/2023\/06\/15\/der-schutz-der-anerkannten-minderheiten-und-volksgruppen-gehoert-ins-grundgesetz\/#breadcrumb","itemListElement":[{"@type":"ListItem","position":1,"name":"Startseite","item":"https:\/\/www.minderheitensekretariat.de\/en\/"},{"@type":"ListItem","position":2,"name":"Der Schutz der anerkannten Minderheiten und Volksgruppen geh\u00f6rt ins Grundgesetz!"}]},{"@type":"WebSite","@id":"https:\/\/www.minderheitensekretariat.de\/en\/#website","url":"https:\/\/www.minderheitensekretariat.de\/en\/","name":"Minderheitensekretariat","description":"","publisher":{"@id":"https:\/\/www.minderheitensekretariat.de\/en\/#organization"},"potentialAction":[{"@type":"SearchAction","target":{"@type":"EntryPoint","urlTemplate":"https:\/\/www.minderheitensekretariat.de\/en\/?s={search_term_string}"},"query-input":{"@type":"PropertyValueSpecification","valueRequired":true,"valueName":"search_term_string"}}],"inLanguage":"en-US"},{"@type":"Organization","@id":"https:\/\/www.minderheitensekretariat.de\/en\/#organization","name":"Minderheitensekretariat","url":"https:\/\/www.minderheitensekretariat.de\/en\/","logo":{"@type":"ImageObject","inLanguage":"en-US","@id":"https:\/\/www.minderheitensekretariat.de\/en\/#\/schema\/logo\/image\/","url":"https:\/\/www.minderheitensekretariat.de\/wp-content\/uploads\/2023\/03\/Min_sek_Logo_4c.jpg","contentUrl":"https:\/\/www.minderheitensekretariat.de\/wp-content\/uploads\/2023\/03\/Min_sek_Logo_4c.jpg","width":984,"height":236,"caption":"Minderheitensekretariat"},"image":{"@id":"https:\/\/www.minderheitensekretariat.de\/en\/#\/schema\/logo\/image\/"},"sameAs":["https:\/\/www.facebook.com\/minderheitensekretariat.de"]},{"@type":"Person","@id":"https:\/\/www.minderheitensekretariat.de\/en\/#\/schema\/person\/55df1c4c912f10debba5dfc9bc26c1cf","name":"Minderheitensekretariat","image":{"@type":"ImageObject","inLanguage":"en-US","@id":"https:\/\/www.minderheitensekretariat.de\/en\/#\/schema\/person\/image\/","url":"https:\/\/secure.gravatar.com\/avatar\/370caba7511c95d16d2d05ef3fa57095fae805fdb97d13f46df8534525f106da?s=96&d=mm&r=g","contentUrl":"https:\/\/secure.gravatar.com\/avatar\/370caba7511c95d16d2d05ef3fa57095fae805fdb97d13f46df8534525f106da?s=96&d=mm&r=g","caption":"Minderheitensekretariat"},"sameAs":["https:\/\/www.minderheitensekretariat.de"],"url":"https:\/\/www.minderheitensekretariat.de\/en\/author\/minderheitensekretariat\/"}]}},"_links":{"self":[{"href":"https:\/\/www.minderheitensekretariat.de\/en\/wp-json\/wp\/v2\/posts\/13192","targetHints":{"allow":["GET"]}}],"collection":[{"href":"https:\/\/www.minderheitensekretariat.de\/en\/wp-json\/wp\/v2\/posts"}],"about":[{"href":"https:\/\/www.minderheitensekretariat.de\/en\/wp-json\/wp\/v2\/types\/post"}],"author":[{"embeddable":true,"href":"https:\/\/www.minderheitensekretariat.de\/en\/wp-json\/wp\/v2\/users\/1"}],"replies":[{"embeddable":true,"href":"https:\/\/www.minderheitensekretariat.de\/en\/wp-json\/wp\/v2\/comments?post=13192"}],"version-history":[{"count":11,"href":"https:\/\/www.minderheitensekretariat.de\/en\/wp-json\/wp\/v2\/posts\/13192\/revisions"}],"predecessor-version":[{"id":13244,"href":"https:\/\/www.minderheitensekretariat.de\/en\/wp-json\/wp\/v2\/posts\/13192\/revisions\/13244"}],"wp:featuredmedia":[{"embeddable":true,"href":"https:\/\/www.minderheitensekretariat.de\/en\/wp-json\/wp\/v2\/media\/5988"}],"wp:attachment":[{"href":"https:\/\/www.minderheitensekretariat.de\/en\/wp-json\/wp\/v2\/media?parent=13192"}],"wp:term":[{"taxonomy":"category","embeddable":true,"href":"https:\/\/www.minderheitensekretariat.de\/en\/wp-json\/wp\/v2\/categories?post=13192"},{"taxonomy":"post_tag","embeddable":true,"href":"https:\/\/www.minderheitensekretariat.de\/en\/wp-json\/wp\/v2\/tags?post=13192"}],"curies":[{"name":"wp","href":"https:\/\/api.w.org\/{rel}","templated":true}]}}