{"id":13254,"date":"2023-06-19T13:58:21","date_gmt":"2023-06-19T11:58:21","guid":{"rendered":"https:\/\/www.minderheitensekretariat.de\/?p=13254"},"modified":"2023-06-19T13:59:48","modified_gmt":"2023-06-19T11:59:48","slug":"fairschool-vier-schulprojekte-erhalten-preis-fuer-vielfalt-und-gegen-diskriminierung","status":"publish","type":"post","link":"https:\/\/www.minderheitensekretariat.de\/en\/2023\/06\/19\/fairschool-vier-schulprojekte-erhalten-preis-fuer-vielfalt-und-gegen-diskriminierung\/","title":{"rendered":"fair@school: Vier Schulprojekte erhalten Preis f\u00fcr Vielfalt und gegen Diskriminierung"},"content":{"rendered":"\t\t<div data-elementor-type=\"wp-post\" data-elementor-id=\"13254\" class=\"elementor elementor-13254\" data-elementor-post-type=\"post\">\n\t\t\t\t\t\t<section class=\"elementor-section elementor-top-section elementor-element elementor-element-7333b6f elementor-section-boxed elementor-section-height-default elementor-section-height-default\" data-id=\"7333b6f\" data-element_type=\"section\" data-settings=\"{&quot;background_background&quot;:&quot;gradient&quot;}\">\n\t\t\t\t\t\t\t<div class=\"elementor-background-overlay\"><\/div>\n\t\t\t\t\t\t\t<div class=\"elementor-container elementor-column-gap-default\">\n\t\t\t\t\t<div class=\"elementor-column elementor-col-100 elementor-top-column elementor-element elementor-element-1b921a3\" data-id=\"1b921a3\" data-element_type=\"column\">\n\t\t\t<div class=\"elementor-widget-wrap elementor-element-populated\">\n\t\t\t\t\t\t<section class=\"elementor-section elementor-inner-section elementor-element elementor-element-b0fb436 elementor-section-full_width elementor-section-height-default elementor-section-height-default\" data-id=\"b0fb436\" data-element_type=\"section\">\n\t\t\t\t\t\t<div class=\"elementor-container elementor-column-gap-default\">\n\t\t\t\t\t<div class=\"elementor-column elementor-col-50 elementor-inner-column elementor-element elementor-element-fa2d1aa\" data-id=\"fa2d1aa\" data-element_type=\"column\">\n\t\t\t<div class=\"elementor-widget-wrap elementor-element-populated\">\n\t\t\t\t\t\t<div class=\"elementor-element elementor-element-ea2fe1b elementor-widget elementor-widget-image\" data-id=\"ea2fe1b\" data-element_type=\"widget\" data-widget_type=\"image.default\">\n\t\t\t\t<div class=\"elementor-widget-container\">\n\t\t\t\t\t\t\t\t\t\t<figure class=\"wp-caption\">\n\t\t\t\t\t\t\t\t\t\t<img fetchpriority=\"high\" decoding=\"async\" width=\"800\" height=\"299\" src=\"https:\/\/www.minderheitensekretariat.de\/wp-content\/uploads\/2023\/06\/fair_school-Homepage-1024x383.jpg\" class=\"attachment-large size-large wp-image-13283\" alt=\"\" srcset=\"https:\/\/www.minderheitensekretariat.de\/wp-content\/uploads\/2023\/06\/fair_school-Homepage-1024x383.jpg 1024w, https:\/\/www.minderheitensekretariat.de\/wp-content\/uploads\/2023\/06\/fair_school-Homepage-300x112.jpg 300w, https:\/\/www.minderheitensekretariat.de\/wp-content\/uploads\/2023\/06\/fair_school-Homepage-768x287.jpg 768w, https:\/\/www.minderheitensekretariat.de\/wp-content\/uploads\/2023\/06\/fair_school-Homepage-1536x574.jpg 1536w, https:\/\/www.minderheitensekretariat.de\/wp-content\/uploads\/2023\/06\/fair_school-Homepage.jpg 1649w\" sizes=\"(max-width: 800px) 100vw, 800px\" \/>\t\t\t\t\t\t\t\t\t\t\t<figcaption class=\"widget-image-caption wp-caption-text\">(Foto: fair@school)<\/figcaption>\n\t\t\t\t\t\t\t\t\t\t<\/figure>\n\t\t\t\t\t\t\t<\/div>\n\t\t\t\t<\/div>\n\t\t\t\t\t<\/div>\n\t\t<\/div>\n\t\t\t\t<div class=\"elementor-column elementor-col-50 elementor-inner-column elementor-element elementor-element-f592ef7\" data-id=\"f592ef7\" data-element_type=\"column\">\n\t\t\t<div class=\"elementor-widget-wrap elementor-element-populated\">\n\t\t\t\t\t\t<div class=\"elementor-element elementor-element-03b0f5e elementor-widget elementor-widget-text-editor\" data-id=\"03b0f5e\" data-element_type=\"widget\" data-widget_type=\"text-editor.default\">\n\t\t\t\t<div class=\"elementor-widget-container\">\n\t\t\t\t\t\t\t19\/06\/2023\t\t\t\t\t\t<\/div>\n\t\t\t\t<\/div>\n\t\t\t\t<div class=\"elementor-element elementor-element-a21e5c4 elementor-widget elementor-widget-heading\" data-id=\"a21e5c4\" data-element_type=\"widget\" data-widget_type=\"heading.default\">\n\t\t\t\t<div class=\"elementor-widget-container\">\n\t\t\t<h2 class=\"elementor-heading-title elementor-size-default\">fair@school: Vier Schulprojekte erhalten Preis f\u00fcr Vielfalt und gegen Diskriminierung<\/h2>\t\t<\/div>\n\t\t\t\t<\/div>\n\t\t\t\t<div class=\"elementor-element elementor-element-1a51d24 elementor-widget elementor-widget-text-editor\" data-id=\"1a51d24\" data-element_type=\"widget\" data-widget_type=\"text-editor.default\">\n\t\t\t\t<div class=\"elementor-widget-container\">\n\t\t\t\t\t\t\tSchulen aus Hessen, Baden-W\u00fcrttemberg und Nordrhein-Westfalen wurden f\u00fcr deren Initiativen gegen Ausgrenzung und f\u00fcr Offenheit und Respekt ausgezeichnet.\t\t\t\t\t\t<\/div>\n\t\t\t\t<\/div>\n\t\t\t\t<div class=\"elementor-element elementor-element-2aa7c17 elementor-widget-divider--view-line elementor-widget elementor-widget-divider\" data-id=\"2aa7c17\" data-element_type=\"widget\" data-widget_type=\"divider.default\">\n\t\t\t\t<div class=\"elementor-widget-container\">\n\t\t\t\t\t<div class=\"elementor-divider\">\n\t\t\t<span class=\"elementor-divider-separator\">\n\t\t\t\t\t\t<\/span>\n\t\t<\/div>\n\t\t\t\t<\/div>\n\t\t\t\t<\/div>\n\t\t\t\t\t<\/div>\n\t\t<\/div>\n\t\t\t\t\t<\/div>\n\t\t<\/section>\n\t\t\t\t<div class=\"elementor-element elementor-element-87b8590 elementor-hidden-mobile elementor-invisible elementor-widget elementor-widget-image\" data-id=\"87b8590\" data-element_type=\"widget\" data-settings=\"{&quot;_animation&quot;:&quot;fadeInDown&quot;,&quot;_animation_delay&quot;:1000}\" data-widget_type=\"image.default\">\n\t\t\t\t<div class=\"elementor-widget-container\">\n\t\t\t\t\t\t\t\t\t\t\t\t\t\t<a href=\"#mehr\">\n\t\t\t\t\t\t\t<img decoding=\"async\" width=\"27\" height=\"15\" src=\"https:\/\/www.minderheitensekretariat.de\/wp-content\/uploads\/2022\/07\/arrow_down.svg\" class=\"elementor-animation-shrink attachment-large size-large wp-image-657\" alt=\"\" \/>\t\t\t\t\t\t\t\t<\/a>\n\t\t\t\t\t\t\t\t\t\t\t\t\t<\/div>\n\t\t\t\t<\/div>\n\t\t\t\t<section class=\"elementor-section elementor-inner-section elementor-element elementor-element-2b19a64 elementor-hidden-mobile elementor-section-boxed elementor-section-height-default elementor-section-height-default\" data-id=\"2b19a64\" data-element_type=\"section\">\n\t\t\t\t\t\t<div class=\"elementor-container elementor-column-gap-default\">\n\t\t\t\t\t<div class=\"elementor-column elementor-col-100 elementor-inner-column elementor-element elementor-element-e1b551d\" data-id=\"e1b551d\" data-element_type=\"column\">\n\t\t\t<div class=\"elementor-widget-wrap elementor-element-populated\">\n\t\t\t\t\t\t<div class=\"elementor-element elementor-element-5723f99 elementor-widget elementor-widget-menu-anchor\" data-id=\"5723f99\" data-element_type=\"widget\" data-widget_type=\"menu-anchor.default\">\n\t\t\t\t<div class=\"elementor-widget-container\">\n\t\t\t\t\t<div class=\"elementor-menu-anchor\" id=\"mehr\"><\/div>\n\t\t\t\t<\/div>\n\t\t\t\t<\/div>\n\t\t\t\t\t<\/div>\n\t\t<\/div>\n\t\t\t\t\t<\/div>\n\t\t<\/section>\n\t\t\t\t<section class=\"elementor-section elementor-inner-section elementor-element elementor-element-8629abe elementor-section-boxed elementor-section-height-default elementor-section-height-default\" data-id=\"8629abe\" data-element_type=\"section\">\n\t\t\t\t\t\t<div class=\"elementor-container elementor-column-gap-default\">\n\t\t\t\t\t<div class=\"elementor-column elementor-col-100 elementor-inner-column elementor-element elementor-element-8fa23c1\" data-id=\"8fa23c1\" data-element_type=\"column\">\n\t\t\t<div class=\"elementor-widget-wrap elementor-element-populated\">\n\t\t\t\t\t\t<div class=\"elementor-element elementor-element-c01359a elementor-widget elementor-widget-text-editor\" data-id=\"c01359a\" data-element_type=\"widget\" data-widget_type=\"text-editor.default\">\n\t\t\t\t<div class=\"elementor-widget-container\">\n\t\t\t\t\t\t\t<p class=\"v1MsoNormal\">Schulische Vorbilder im Einsatz f\u00fcr Fairness, Respekt und Gleichbehandlung: Die Antidiskriminierungsstelle des Bundes und der&nbsp;<b>Cornelsen Verlag&nbsp;<\/b>haben beim Wettbewerb \u201e<b>fair@school \u2013 Schulen gegen Diskriminierung<\/b>&#8221; vorbildhafte Projekte ausgezeichnet. Aufgrund der vielen sehr guten Einreichungen wurde der dritte Preis in diesem Jahr sogar doppelt vergeben. Seit dem Start des Wettbewerbs im Jahr 2017 haben sich mittlerweile&nbsp;<b>bundesweit 570&nbsp;<\/b>Schulen beteiligt.&nbsp;&nbsp;Aus 168 Bewerbungen \u2013 so vielen wie nie zuvor \u2013 wurden zehn nominiert und schlie\u00dflich vier ausgezeichnet. Eine Fachjury w\u00e4hlte nach einer Sichtung des Zentrums f\u00fcr Bildungsintegration (ZBI) der Stiftung Universit\u00e4t Hildesheim die Preistr\u00e4ger*innen aus.<\/p>\n<p class=\"v1MsoNormal\">\n<\/p><p class=\"v1MsoNormal\"><i>\u201eSchulen sind keine diskriminierungsfreien Zonen&#8221;<\/i>, sagte die Unabh\u00e4ngige Bundesbeauftragte f\u00fcr Antidiskriminierung, Ferda Ataman.&nbsp;<i>\u201eIm Gegenteil: Nirgendwo lohnt es sich mehr, sich f\u00fcr ein respektvolles, faires Miteinander zu engagieren. Wenn rechtsextreme Vorf\u00e4lle wie j\u00fcngst in Brandenburg bekannt werden, ist das nur die Spitze des Eisbergs. Diskriminierung f\u00e4ngt viel fr\u00fcher an. Umso wichtiger ist es, zu handeln und nicht zu schweigen. Wir wollen, dass Antidiskriminierung Schule macht.&#8221;<\/i><\/p>\n<p class=\"v1MsoNormal\">Frank Thalhofer, Gesch\u00e4ftsf\u00fchrer und Chief Didactic Officer des Cornelsen Verlags sagte:&nbsp;<i>\u201eDie gro\u00dfe Menge an wirklich sehr guten Einreichungen macht Hoffnung auf eine Zukunft, in der Diskriminierung in unserer Gesellschaft keinen Platz mehr hat. Mit fair@school zeichnen wir herausragende Projekte aus und geben ihnen die B\u00fchne, die sie verdienen: Es sind allesamt Musterbeispiele daf\u00fcr, wie Offenheit und Respekt im Klassenzimmer vermittelt werden kann.&#8221;<\/i><\/p>\n<p class=\"v1MsoNormal\"><i>&nbsp;<\/i><\/p>\n<p class=\"v1MsoNormal\">Den ersten Preis erhielt das&nbsp;<b>Theaterprojekt A.N.D.ers<\/b>&nbsp;der&nbsp;<b>Hohen Landesschule Hanau in Hessen<\/b>. Das Theaterst\u00fcck gegen Alltagsrassismus, Intoleranz und f\u00fcr Vielfalt wurde anl\u00e4sslich des Anschlags in Hanau von der Schultheatergruppe HOLA entwickelt und nach der Pandemie im September 2022 im Comoedienhaus in Hanau uraufgef\u00fchrt. Es basiert auf einer intensiven Auseinandersetzung der Mitglieder mit Alltagsrassismus und Diversit\u00e4t, sie konnten ihre Mehrsprachigkeit und eigene Erfahrungen mit einbringen.<\/p>\n<p class=\"v1MsoNormal\">\n<\/p><p class=\"v1MsoNormal\">Der zweite Preis ging an die&nbsp;<b>Anti-Rassismus-AG&nbsp;<\/b>am&nbsp;<b>Burghardt Gymnasium Buchen in Baden-W\u00fcrttemberg.&nbsp;<\/b>Nach mehreren rassistischen Vorf\u00e4llen in den vergangenen Jahren (sowohl von Sch\u00fcler*innen als auch von Lehrer*innen), begann eine Gruppe von Sch\u00fcler*innen, sich regelm\u00e4\u00dfig zu treffen, um sich \u00fcber Diskriminierungserfahrungen auszutauschen und sich gegenseitig zu st\u00e4rken. Daraus erwuchs eine Arbeitsgemeinschaft, in der Sch\u00fcler*innen und Lehrkr\u00e4fte gemeinsam mit Projekt- und Thementagen, Ausstellungen, Gedenktagen, Fortbildungen f\u00fcr Lehrkr\u00e4fte und weiteren Aktionen den Weg zur rassismuskritischen Schule beschreiten.<\/p>\n<p class=\"v1MsoNormal\">\n<\/p><p class=\"v1MsoNormal\">Der dritte Preis wurde in diesem Jahr doppelt vergeben.<\/p>\n<p class=\"v1MsoNormal\">\n<\/p><p class=\"v1MsoNormal\">Ein dritter Preis ging an den&nbsp;<b>Black History Projekttag<\/b>&nbsp;der&nbsp;<b>Gr\u00fcneberg-Grundschule in K\u00f6ln, Nordrhein-Westfalen.&nbsp;<\/b>Jede Klasse der Gr\u00fcneberg-Grundschule stellte eine ber\u00fchmte Schwarze Person in einer schulinternen Ausstellung vor, die Sch\u00fcler*innen brachten dabei ihre individuellen Talente und St\u00e4rken ein. Mit dem Projekt sollen Gespr\u00e4che, Austausch und Diskussionen mit den Kindern angesto\u00dfen werden, um Ausgrenzungen und Rassismus schon in der Grundschule entgegenzuwirken.<\/p>\n<p class=\"v1MsoNormal\">\n<\/p><p class=\"v1MsoNormal\">Ein weiterer dritter Preis ging an den&nbsp;<b>Demokratieausschuss<\/b>&nbsp;des&nbsp;<b>Lise-Meitner-Gymnasiums aus Crailsheim in Baden-W\u00fcrttemberg.&nbsp;<\/b>Der Demokratieausschuss basiert auf dem freiwilligen Engagement der Sch\u00fcler*innen, ist f\u00fcr jeden offen und steht nach eigener Aussage f\u00fcr Toleranz, demokratische Grundwerte, Miteinander, Vielfalt, Akzeptanz, Courage und Engagement. In der Arbeitsgemeinschaft, die sich als Teil des Netzwerks \u201eSchule ohne Rassismus \u2013 Schule mit Courage&#8221; bewusst gegen jede Form von Diskriminierung, Mobbing und Gewalt wendet, werden Themen zun\u00e4chst besprochen, um sie anschlie\u00dfend aktiv und in der Schule sichtbar umzusetzen.<\/p>\n<p class=\"v1MsoNormal\">\n<\/p><p class=\"v1MsoNormal\">Die Preise sind jeweils mit 5.000, 3.000 und zwei Mal 2.000 Euro dotiert. Die Sch\u00fclerinnen und Sch\u00fcler, Lehrkr\u00e4fte und andere Projektbeteiligte wurden in Berlin bei einer festlichen Preisverleihung gew\u00fcrdigt. Musikalisch begleitet von der Band La By&#8217;le f\u00fchrte die Moderatorin, Autorin und Schauspielerin Ninia LaGrande durchs Programm. Die Laudationes auf die Gewinnerprojekte hielten der Comedian Khalid Bounouar, die Boxerin Zeina Nassar, Veuve Noire vom Bildungsprojekt \u201eOlivia macht Schule&#8221; und Serpil Unvar, die Gr\u00fcnderin der Bildungsinitiative Ferhat Unvar.<\/p>\n<p class=\"v1MsoNormal\">Mehr Infos zum Wettbewerb unter&nbsp;<span style=\"text-decoration: underline;\"><a href=\"http:\/\/www.fair-at-school.de\/\" target=\"_blank\" rel=\"noopener noreferrer\">www.fair-at-school.de<\/a><\/span>.<\/p>\n<p class=\"v1MsoNormal\">\n<\/p><p class=\"v1MsoNormal\"><i>Die&nbsp;<b>Antidiskriminierungsstelle des Bundes (ADS)<\/b>&nbsp;ist 2006 mit Inkrafttreten des Allgemeinen Gleichbehandlungsgesetzes (AGG) gegr\u00fcndet worden. Ziel des Gesetzes ist es, Diskriminierung aus rassistischen oder antisemitischen Gr\u00fcnden, wegen des Geschlechts, der Religion oder Weltanschauung, einer Behinderung, des Alters oder der sexuellen Identit\u00e4t zu verhindern oder zu beseitigen. Die ADS ber\u00e4t rechtlich, kann Stellungnahmen einholen und g\u00fctliche Einigungen vermitteln. Sie betreibt Forschung und \u00d6ffentlichkeitsarbeit zum Thema Diskriminierung. Seit 2022 wird die Leitung der Stelle als Unabh\u00e4ngige Bundesbeauftrage f\u00fcr Antidiskriminierung vom Deutschen Bundestag gew\u00e4hlt.&nbsp;<\/i><span style=\"text-decoration: underline;\"><a href=\"http:\/\/www.antidiskriminierungsstelle.de\/\" target=\"_blank\" rel=\"noopener noreferrer\"><i>antidiskriminierungsstelle.de<\/i><\/a><\/span><i><\/i><\/p>\n<p class=\"v1MsoNormal\"><i>Der&nbsp;<b>Cornelsen Verlag<\/b>&nbsp;z\u00e4hlt zu den f\u00fchrenden Anbietern f\u00fcr Bildungsmedien im deutschsprachigen Raum. Mit gedruckten und digitalen Medien sorgt er daf\u00fcr, dass guter Unterricht gelingt und Lernende erfolgreich zum Ziel kommen. Das Bildungsunternehmen begleitet Menschen auf allen Etappen ihrer Bildungsbiografie. Dabei ist es sich seiner gesellschaftlichen Verantwortung bewusst und achtet darauf, mit seinen Bildungsangeboten gezielt Grundlagen f\u00fcr Offenheit, Respekt und Toleranz zu legen.&nbsp;<\/i><span style=\"text-decoration: underline;\"><a href=\"https:\/\/www.cornelsen.de\/home\/?campaign=banner\/PR\/2023\" target=\"_blank\" rel=\"noopener noreferrer\"><i>cornelsen.de<\/i><\/a><\/span><\/p>\n<p><span style=\"color: var( --e-global-color-39532aa ); letter-spacing: 0px; background-color: transparent;\">(Quelle: Pressemitteilung&nbsp;<\/span><span style=\"background-color: transparent;\">Antidiskriminierungsstelle des Bundes<\/span><span style=\"background-color: transparent; color: var( --e-global-color-39532aa ); letter-spacing: 0px;\">, 15.06.2023)<\/span><\/p>\t\t\t\t\t\t<\/div>\n\t\t\t\t<\/div>\n\t\t\t\t\t<\/div>\n\t\t<\/div>\n\t\t\t\t\t<\/div>\n\t\t<\/section>\n\t\t\t\t<section class=\"elementor-section elementor-inner-section elementor-element elementor-element-79ac782 elementor-section-boxed elementor-section-height-default elementor-section-height-default\" data-id=\"79ac782\" data-element_type=\"section\">\n\t\t\t\t\t\t<div class=\"elementor-container elementor-column-gap-default\">\n\t\t\t\t\t<div class=\"elementor-column elementor-col-100 elementor-inner-column elementor-element elementor-element-535e876\" data-id=\"535e876\" data-element_type=\"column\">\n\t\t\t<div class=\"elementor-widget-wrap elementor-element-populated\">\n\t\t\t\t\t\t<div class=\"elementor-element elementor-element-96396bc elementor-align-center elementor-widget elementor-widget-button\" data-id=\"96396bc\" data-element_type=\"widget\" data-widget_type=\"button.default\">\n\t\t\t\t<div class=\"elementor-widget-container\">\n\t\t\t\t\t\t\t<div class=\"elementor-button-wrapper\">\n\t\t\t\t\t<a class=\"elementor-button elementor-button-link elementor-size-sm\" href=\"\/aktuelles\/\">\n\t\t\t\t\t\t<span class=\"elementor-button-content-wrapper\">\n\t\t\t\t\t\t\t\t\t<span class=\"elementor-button-text\">Zur\u00fcck zur \u00dcbersicht<\/span>\n\t\t\t\t\t<\/span>\n\t\t\t\t\t<\/a>\n\t\t\t\t<\/div>\n\t\t\t\t\t\t<\/div>\n\t\t\t\t<\/div>\n\t\t\t\t\t<\/div>\n\t\t<\/div>\n\t\t\t\t\t<\/div>\n\t\t<\/section>\n\t\t\t\t\t<\/div>\n\t\t<\/div>\n\t\t\t\t\t<\/div>\n\t\t<\/section>\n\t\t\t\t<\/div>\n\t\t","protected":false},"excerpt":{"rendered":"<p>Schulen aus Hessen, Baden-W\u00fcrttemberg und Nordrhein-Westfalen wurden f\u00fcr deren Initiativen gegen Ausgrenzung und f\u00fcr Offenheit und Respekt ausgezeichnet.<\/p>\n","protected":false},"author":1,"featured_media":13283,"comment_status":"closed","ping_status":"closed","sticky":false,"template":"elementor_header_footer","format":"standard","meta":{"footnotes":""},"categories":[49],"tags":[],"class_list":["post-13254","post","type-post","status-publish","format-standard","has-post-thumbnail","hentry","category-startseite"],"yoast_head":"<!-- This site is optimized with the Yoast SEO plugin v23.8 - https:\/\/yoast.com\/wordpress\/plugins\/seo\/ -->\n<title>fair@school: Vier Schulprojekte erhalten Preis f\u00fcr Vielfalt und gegen Diskriminierung - Minderheitensekretariat<\/title>\n<meta name=\"robots\" content=\"index, follow, max-snippet:-1, max-image-preview:large, max-video-preview:-1\" \/>\n<link rel=\"canonical\" href=\"https:\/\/www.minderheitensekretariat.de\/en\/2023\/06\/19\/fairschool-vier-schulprojekte-erhalten-preis-fuer-vielfalt-und-gegen-diskriminierung\/\" \/>\n<meta property=\"og:locale\" content=\"en_US\" \/>\n<meta property=\"og:type\" content=\"article\" \/>\n<meta property=\"og:title\" content=\"fair@school: Vier Schulprojekte erhalten Preis f\u00fcr Vielfalt und gegen Diskriminierung - Minderheitensekretariat\" \/>\n<meta property=\"og:description\" content=\"Schulen aus Hessen, Baden-W\u00fcrttemberg und Nordrhein-Westfalen wurden f\u00fcr deren Initiativen gegen Ausgrenzung und f\u00fcr Offenheit und Respekt ausgezeichnet.\" \/>\n<meta property=\"og:url\" content=\"https:\/\/www.minderheitensekretariat.de\/en\/2023\/06\/19\/fairschool-vier-schulprojekte-erhalten-preis-fuer-vielfalt-und-gegen-diskriminierung\/\" \/>\n<meta property=\"og:site_name\" content=\"Minderheitensekretariat\" \/>\n<meta property=\"article:publisher\" content=\"https:\/\/www.facebook.com\/minderheitensekretariat.de\" \/>\n<meta property=\"article:published_time\" content=\"2023-06-19T11:58:21+00:00\" \/>\n<meta property=\"article:modified_time\" content=\"2023-06-19T11:59:48+00:00\" \/>\n<meta property=\"og:image\" content=\"https:\/\/www.minderheitensekretariat.de\/wp-content\/uploads\/2023\/06\/fair_school-Homepage.jpg\" \/>\n\t<meta property=\"og:image:width\" content=\"1649\" \/>\n\t<meta property=\"og:image:height\" content=\"616\" \/>\n\t<meta property=\"og:image:type\" content=\"image\/jpeg\" \/>\n<meta name=\"author\" content=\"Minderheitensekretariat\" \/>\n<meta name=\"twitter:card\" content=\"summary_large_image\" \/>\n<meta name=\"twitter:label1\" content=\"Written by\" \/>\n\t<meta name=\"twitter:data1\" content=\"Minderheitensekretariat\" \/>\n\t<meta name=\"twitter:label2\" content=\"Est. reading time\" \/>\n\t<meta name=\"twitter:data2\" content=\"5 minutes\" \/>\n<script type=\"application\/ld+json\" class=\"yoast-schema-graph\">{\"@context\":\"https:\/\/schema.org\",\"@graph\":[{\"@type\":\"Article\",\"@id\":\"https:\/\/www.minderheitensekretariat.de\/en\/2023\/06\/19\/fairschool-vier-schulprojekte-erhalten-preis-fuer-vielfalt-und-gegen-diskriminierung\/#article\",\"isPartOf\":{\"@id\":\"https:\/\/www.minderheitensekretariat.de\/en\/2023\/06\/19\/fairschool-vier-schulprojekte-erhalten-preis-fuer-vielfalt-und-gegen-diskriminierung\/\"},\"author\":{\"name\":\"Minderheitensekretariat\",\"@id\":\"https:\/\/www.minderheitensekretariat.de\/en\/#\/schema\/person\/55df1c4c912f10debba5dfc9bc26c1cf\"},\"headline\":\"fair@school: Vier Schulprojekte erhalten Preis f\u00fcr Vielfalt und gegen Diskriminierung\",\"datePublished\":\"2023-06-19T11:58:21+00:00\",\"dateModified\":\"2023-06-19T11:59:48+00:00\",\"mainEntityOfPage\":{\"@id\":\"https:\/\/www.minderheitensekretariat.de\/en\/2023\/06\/19\/fairschool-vier-schulprojekte-erhalten-preis-fuer-vielfalt-und-gegen-diskriminierung\/\"},\"wordCount\":863,\"publisher\":{\"@id\":\"https:\/\/www.minderheitensekretariat.de\/en\/#organization\"},\"image\":{\"@id\":\"https:\/\/www.minderheitensekretariat.de\/en\/2023\/06\/19\/fairschool-vier-schulprojekte-erhalten-preis-fuer-vielfalt-und-gegen-diskriminierung\/#primaryimage\"},\"thumbnailUrl\":\"https:\/\/www.minderheitensekretariat.de\/wp-content\/uploads\/2023\/06\/fair_school-Homepage.jpg\",\"articleSection\":[\"Startseite\"],\"inLanguage\":\"en-US\"},{\"@type\":\"WebPage\",\"@id\":\"https:\/\/www.minderheitensekretariat.de\/en\/2023\/06\/19\/fairschool-vier-schulprojekte-erhalten-preis-fuer-vielfalt-und-gegen-diskriminierung\/\",\"url\":\"https:\/\/www.minderheitensekretariat.de\/en\/2023\/06\/19\/fairschool-vier-schulprojekte-erhalten-preis-fuer-vielfalt-und-gegen-diskriminierung\/\",\"name\":\"fair@school: Vier Schulprojekte erhalten Preis f\u00fcr Vielfalt und gegen Diskriminierung - Minderheitensekretariat\",\"isPartOf\":{\"@id\":\"https:\/\/www.minderheitensekretariat.de\/en\/#website\"},\"primaryImageOfPage\":{\"@id\":\"https:\/\/www.minderheitensekretariat.de\/en\/2023\/06\/19\/fairschool-vier-schulprojekte-erhalten-preis-fuer-vielfalt-und-gegen-diskriminierung\/#primaryimage\"},\"image\":{\"@id\":\"https:\/\/www.minderheitensekretariat.de\/en\/2023\/06\/19\/fairschool-vier-schulprojekte-erhalten-preis-fuer-vielfalt-und-gegen-diskriminierung\/#primaryimage\"},\"thumbnailUrl\":\"https:\/\/www.minderheitensekretariat.de\/wp-content\/uploads\/2023\/06\/fair_school-Homepage.jpg\",\"datePublished\":\"2023-06-19T11:58:21+00:00\",\"dateModified\":\"2023-06-19T11:59:48+00:00\",\"breadcrumb\":{\"@id\":\"https:\/\/www.minderheitensekretariat.de\/en\/2023\/06\/19\/fairschool-vier-schulprojekte-erhalten-preis-fuer-vielfalt-und-gegen-diskriminierung\/#breadcrumb\"},\"inLanguage\":\"en-US\",\"potentialAction\":[{\"@type\":\"ReadAction\",\"target\":[\"https:\/\/www.minderheitensekretariat.de\/en\/2023\/06\/19\/fairschool-vier-schulprojekte-erhalten-preis-fuer-vielfalt-und-gegen-diskriminierung\/\"]}]},{\"@type\":\"ImageObject\",\"inLanguage\":\"en-US\",\"@id\":\"https:\/\/www.minderheitensekretariat.de\/en\/2023\/06\/19\/fairschool-vier-schulprojekte-erhalten-preis-fuer-vielfalt-und-gegen-diskriminierung\/#primaryimage\",\"url\":\"https:\/\/www.minderheitensekretariat.de\/wp-content\/uploads\/2023\/06\/fair_school-Homepage.jpg\",\"contentUrl\":\"https:\/\/www.minderheitensekretariat.de\/wp-content\/uploads\/2023\/06\/fair_school-Homepage.jpg\",\"width\":1649,\"height\":616,\"caption\":\"(Foto: fair@school)\"},{\"@type\":\"BreadcrumbList\",\"@id\":\"https:\/\/www.minderheitensekretariat.de\/en\/2023\/06\/19\/fairschool-vier-schulprojekte-erhalten-preis-fuer-vielfalt-und-gegen-diskriminierung\/#breadcrumb\",\"itemListElement\":[{\"@type\":\"ListItem\",\"position\":1,\"name\":\"Startseite\",\"item\":\"https:\/\/www.minderheitensekretariat.de\/en\/\"},{\"@type\":\"ListItem\",\"position\":2,\"name\":\"fair@school: Vier Schulprojekte erhalten Preis f\u00fcr Vielfalt und gegen Diskriminierung\"}]},{\"@type\":\"WebSite\",\"@id\":\"https:\/\/www.minderheitensekretariat.de\/en\/#website\",\"url\":\"https:\/\/www.minderheitensekretariat.de\/en\/\",\"name\":\"Minderheitensekretariat\",\"description\":\"\",\"publisher\":{\"@id\":\"https:\/\/www.minderheitensekretariat.de\/en\/#organization\"},\"potentialAction\":[{\"@type\":\"SearchAction\",\"target\":{\"@type\":\"EntryPoint\",\"urlTemplate\":\"https:\/\/www.minderheitensekretariat.de\/en\/?s={search_term_string}\"},\"query-input\":{\"@type\":\"PropertyValueSpecification\",\"valueRequired\":true,\"valueName\":\"search_term_string\"}}],\"inLanguage\":\"en-US\"},{\"@type\":\"Organization\",\"@id\":\"https:\/\/www.minderheitensekretariat.de\/en\/#organization\",\"name\":\"Minderheitensekretariat\",\"url\":\"https:\/\/www.minderheitensekretariat.de\/en\/\",\"logo\":{\"@type\":\"ImageObject\",\"inLanguage\":\"en-US\",\"@id\":\"https:\/\/www.minderheitensekretariat.de\/en\/#\/schema\/logo\/image\/\",\"url\":\"https:\/\/www.minderheitensekretariat.de\/wp-content\/uploads\/2023\/03\/Min_sek_Logo_4c.jpg\",\"contentUrl\":\"https:\/\/www.minderheitensekretariat.de\/wp-content\/uploads\/2023\/03\/Min_sek_Logo_4c.jpg\",\"width\":984,\"height\":236,\"caption\":\"Minderheitensekretariat\"},\"image\":{\"@id\":\"https:\/\/www.minderheitensekretariat.de\/en\/#\/schema\/logo\/image\/\"},\"sameAs\":[\"https:\/\/www.facebook.com\/minderheitensekretariat.de\"]},{\"@type\":\"Person\",\"@id\":\"https:\/\/www.minderheitensekretariat.de\/en\/#\/schema\/person\/55df1c4c912f10debba5dfc9bc26c1cf\",\"name\":\"Minderheitensekretariat\",\"image\":{\"@type\":\"ImageObject\",\"inLanguage\":\"en-US\",\"@id\":\"https:\/\/www.minderheitensekretariat.de\/en\/#\/schema\/person\/image\/\",\"url\":\"https:\/\/secure.gravatar.com\/avatar\/370caba7511c95d16d2d05ef3fa57095fae805fdb97d13f46df8534525f106da?s=96&d=mm&r=g\",\"contentUrl\":\"https:\/\/secure.gravatar.com\/avatar\/370caba7511c95d16d2d05ef3fa57095fae805fdb97d13f46df8534525f106da?s=96&d=mm&r=g\",\"caption\":\"Minderheitensekretariat\"},\"sameAs\":[\"https:\/\/www.minderheitensekretariat.de\"],\"url\":\"https:\/\/www.minderheitensekretariat.de\/en\/author\/minderheitensekretariat\/\"}]}<\/script>\n<!-- \/ Yoast SEO plugin. -->","yoast_head_json":{"title":"fair@school: Vier Schulprojekte erhalten Preis f\u00fcr Vielfalt und gegen Diskriminierung - Minderheitensekretariat","robots":{"index":"index","follow":"follow","max-snippet":"max-snippet:-1","max-image-preview":"max-image-preview:large","max-video-preview":"max-video-preview:-1"},"canonical":"https:\/\/www.minderheitensekretariat.de\/en\/2023\/06\/19\/fairschool-vier-schulprojekte-erhalten-preis-fuer-vielfalt-und-gegen-diskriminierung\/","og_locale":"en_US","og_type":"article","og_title":"fair@school: Vier Schulprojekte erhalten Preis f\u00fcr Vielfalt und gegen Diskriminierung - Minderheitensekretariat","og_description":"Schulen aus Hessen, Baden-W\u00fcrttemberg und Nordrhein-Westfalen wurden f\u00fcr deren Initiativen gegen Ausgrenzung und f\u00fcr Offenheit und Respekt ausgezeichnet.","og_url":"https:\/\/www.minderheitensekretariat.de\/en\/2023\/06\/19\/fairschool-vier-schulprojekte-erhalten-preis-fuer-vielfalt-und-gegen-diskriminierung\/","og_site_name":"Minderheitensekretariat","article_publisher":"https:\/\/www.facebook.com\/minderheitensekretariat.de","article_published_time":"2023-06-19T11:58:21+00:00","article_modified_time":"2023-06-19T11:59:48+00:00","og_image":[{"width":1649,"height":616,"url":"https:\/\/www.minderheitensekretariat.de\/wp-content\/uploads\/2023\/06\/fair_school-Homepage.jpg","type":"image\/jpeg"}],"author":"Minderheitensekretariat","twitter_card":"summary_large_image","twitter_misc":{"Written by":"Minderheitensekretariat","Est. reading time":"5 minutes"},"schema":{"@context":"https:\/\/schema.org","@graph":[{"@type":"Article","@id":"https:\/\/www.minderheitensekretariat.de\/en\/2023\/06\/19\/fairschool-vier-schulprojekte-erhalten-preis-fuer-vielfalt-und-gegen-diskriminierung\/#article","isPartOf":{"@id":"https:\/\/www.minderheitensekretariat.de\/en\/2023\/06\/19\/fairschool-vier-schulprojekte-erhalten-preis-fuer-vielfalt-und-gegen-diskriminierung\/"},"author":{"name":"Minderheitensekretariat","@id":"https:\/\/www.minderheitensekretariat.de\/en\/#\/schema\/person\/55df1c4c912f10debba5dfc9bc26c1cf"},"headline":"fair@school: Vier Schulprojekte erhalten Preis f\u00fcr Vielfalt und gegen Diskriminierung","datePublished":"2023-06-19T11:58:21+00:00","dateModified":"2023-06-19T11:59:48+00:00","mainEntityOfPage":{"@id":"https:\/\/www.minderheitensekretariat.de\/en\/2023\/06\/19\/fairschool-vier-schulprojekte-erhalten-preis-fuer-vielfalt-und-gegen-diskriminierung\/"},"wordCount":863,"publisher":{"@id":"https:\/\/www.minderheitensekretariat.de\/en\/#organization"},"image":{"@id":"https:\/\/www.minderheitensekretariat.de\/en\/2023\/06\/19\/fairschool-vier-schulprojekte-erhalten-preis-fuer-vielfalt-und-gegen-diskriminierung\/#primaryimage"},"thumbnailUrl":"https:\/\/www.minderheitensekretariat.de\/wp-content\/uploads\/2023\/06\/fair_school-Homepage.jpg","articleSection":["Startseite"],"inLanguage":"en-US"},{"@type":"WebPage","@id":"https:\/\/www.minderheitensekretariat.de\/en\/2023\/06\/19\/fairschool-vier-schulprojekte-erhalten-preis-fuer-vielfalt-und-gegen-diskriminierung\/","url":"https:\/\/www.minderheitensekretariat.de\/en\/2023\/06\/19\/fairschool-vier-schulprojekte-erhalten-preis-fuer-vielfalt-und-gegen-diskriminierung\/","name":"fair@school: Vier Schulprojekte erhalten Preis f\u00fcr Vielfalt und gegen Diskriminierung - Minderheitensekretariat","isPartOf":{"@id":"https:\/\/www.minderheitensekretariat.de\/en\/#website"},"primaryImageOfPage":{"@id":"https:\/\/www.minderheitensekretariat.de\/en\/2023\/06\/19\/fairschool-vier-schulprojekte-erhalten-preis-fuer-vielfalt-und-gegen-diskriminierung\/#primaryimage"},"image":{"@id":"https:\/\/www.minderheitensekretariat.de\/en\/2023\/06\/19\/fairschool-vier-schulprojekte-erhalten-preis-fuer-vielfalt-und-gegen-diskriminierung\/#primaryimage"},"thumbnailUrl":"https:\/\/www.minderheitensekretariat.de\/wp-content\/uploads\/2023\/06\/fair_school-Homepage.jpg","datePublished":"2023-06-19T11:58:21+00:00","dateModified":"2023-06-19T11:59:48+00:00","breadcrumb":{"@id":"https:\/\/www.minderheitensekretariat.de\/en\/2023\/06\/19\/fairschool-vier-schulprojekte-erhalten-preis-fuer-vielfalt-und-gegen-diskriminierung\/#breadcrumb"},"inLanguage":"en-US","potentialAction":[{"@type":"ReadAction","target":["https:\/\/www.minderheitensekretariat.de\/en\/2023\/06\/19\/fairschool-vier-schulprojekte-erhalten-preis-fuer-vielfalt-und-gegen-diskriminierung\/"]}]},{"@type":"ImageObject","inLanguage":"en-US","@id":"https:\/\/www.minderheitensekretariat.de\/en\/2023\/06\/19\/fairschool-vier-schulprojekte-erhalten-preis-fuer-vielfalt-und-gegen-diskriminierung\/#primaryimage","url":"https:\/\/www.minderheitensekretariat.de\/wp-content\/uploads\/2023\/06\/fair_school-Homepage.jpg","contentUrl":"https:\/\/www.minderheitensekretariat.de\/wp-content\/uploads\/2023\/06\/fair_school-Homepage.jpg","width":1649,"height":616,"caption":"(Foto: fair@school)"},{"@type":"BreadcrumbList","@id":"https:\/\/www.minderheitensekretariat.de\/en\/2023\/06\/19\/fairschool-vier-schulprojekte-erhalten-preis-fuer-vielfalt-und-gegen-diskriminierung\/#breadcrumb","itemListElement":[{"@type":"ListItem","position":1,"name":"Startseite","item":"https:\/\/www.minderheitensekretariat.de\/en\/"},{"@type":"ListItem","position":2,"name":"fair@school: Vier Schulprojekte erhalten Preis f\u00fcr Vielfalt und gegen Diskriminierung"}]},{"@type":"WebSite","@id":"https:\/\/www.minderheitensekretariat.de\/en\/#website","url":"https:\/\/www.minderheitensekretariat.de\/en\/","name":"Minderheitensekretariat","description":"","publisher":{"@id":"https:\/\/www.minderheitensekretariat.de\/en\/#organization"},"potentialAction":[{"@type":"SearchAction","target":{"@type":"EntryPoint","urlTemplate":"https:\/\/www.minderheitensekretariat.de\/en\/?s={search_term_string}"},"query-input":{"@type":"PropertyValueSpecification","valueRequired":true,"valueName":"search_term_string"}}],"inLanguage":"en-US"},{"@type":"Organization","@id":"https:\/\/www.minderheitensekretariat.de\/en\/#organization","name":"Minderheitensekretariat","url":"https:\/\/www.minderheitensekretariat.de\/en\/","logo":{"@type":"ImageObject","inLanguage":"en-US","@id":"https:\/\/www.minderheitensekretariat.de\/en\/#\/schema\/logo\/image\/","url":"https:\/\/www.minderheitensekretariat.de\/wp-content\/uploads\/2023\/03\/Min_sek_Logo_4c.jpg","contentUrl":"https:\/\/www.minderheitensekretariat.de\/wp-content\/uploads\/2023\/03\/Min_sek_Logo_4c.jpg","width":984,"height":236,"caption":"Minderheitensekretariat"},"image":{"@id":"https:\/\/www.minderheitensekretariat.de\/en\/#\/schema\/logo\/image\/"},"sameAs":["https:\/\/www.facebook.com\/minderheitensekretariat.de"]},{"@type":"Person","@id":"https:\/\/www.minderheitensekretariat.de\/en\/#\/schema\/person\/55df1c4c912f10debba5dfc9bc26c1cf","name":"Minderheitensekretariat","image":{"@type":"ImageObject","inLanguage":"en-US","@id":"https:\/\/www.minderheitensekretariat.de\/en\/#\/schema\/person\/image\/","url":"https:\/\/secure.gravatar.com\/avatar\/370caba7511c95d16d2d05ef3fa57095fae805fdb97d13f46df8534525f106da?s=96&d=mm&r=g","contentUrl":"https:\/\/secure.gravatar.com\/avatar\/370caba7511c95d16d2d05ef3fa57095fae805fdb97d13f46df8534525f106da?s=96&d=mm&r=g","caption":"Minderheitensekretariat"},"sameAs":["https:\/\/www.minderheitensekretariat.de"],"url":"https:\/\/www.minderheitensekretariat.de\/en\/author\/minderheitensekretariat\/"}]}},"_links":{"self":[{"href":"https:\/\/www.minderheitensekretariat.de\/en\/wp-json\/wp\/v2\/posts\/13254","targetHints":{"allow":["GET"]}}],"collection":[{"href":"https:\/\/www.minderheitensekretariat.de\/en\/wp-json\/wp\/v2\/posts"}],"about":[{"href":"https:\/\/www.minderheitensekretariat.de\/en\/wp-json\/wp\/v2\/types\/post"}],"author":[{"embeddable":true,"href":"https:\/\/www.minderheitensekretariat.de\/en\/wp-json\/wp\/v2\/users\/1"}],"replies":[{"embeddable":true,"href":"https:\/\/www.minderheitensekretariat.de\/en\/wp-json\/wp\/v2\/comments?post=13254"}],"version-history":[{"count":5,"href":"https:\/\/www.minderheitensekretariat.de\/en\/wp-json\/wp\/v2\/posts\/13254\/revisions"}],"predecessor-version":[{"id":13296,"href":"https:\/\/www.minderheitensekretariat.de\/en\/wp-json\/wp\/v2\/posts\/13254\/revisions\/13296"}],"wp:featuredmedia":[{"embeddable":true,"href":"https:\/\/www.minderheitensekretariat.de\/en\/wp-json\/wp\/v2\/media\/13283"}],"wp:attachment":[{"href":"https:\/\/www.minderheitensekretariat.de\/en\/wp-json\/wp\/v2\/media?parent=13254"}],"wp:term":[{"taxonomy":"category","embeddable":true,"href":"https:\/\/www.minderheitensekretariat.de\/en\/wp-json\/wp\/v2\/categories?post=13254"},{"taxonomy":"post_tag","embeddable":true,"href":"https:\/\/www.minderheitensekretariat.de\/en\/wp-json\/wp\/v2\/tags?post=13254"}],"curies":[{"name":"wp","href":"https:\/\/api.w.org\/{rel}","templated":true}]}}