{"id":14146,"date":"2023-08-14T13:45:15","date_gmt":"2023-08-14T11:45:15","guid":{"rendered":"https:\/\/www.minderheitensekretariat.de\/?p=14146"},"modified":"2023-08-14T13:58:21","modified_gmt":"2023-08-14T11:58:21","slug":"plattsatt-festival-vom-6-15-10-2023","status":"publish","type":"post","link":"https:\/\/www.minderheitensekretariat.de\/en\/2023\/08\/14\/plattsatt-festival-vom-6-15-10-2023\/","title":{"rendered":"PlattSatt-Festival vom 6.-15.10.2023"},"content":{"rendered":"\t\t<div data-elementor-type=\"wp-post\" data-elementor-id=\"14146\" class=\"elementor elementor-14146\" data-elementor-post-type=\"post\">\n\t\t\t\t\t\t<section class=\"elementor-section elementor-top-section elementor-element elementor-element-7333b6f elementor-section-boxed elementor-section-height-default elementor-section-height-default\" data-id=\"7333b6f\" data-element_type=\"section\" data-settings=\"{&quot;background_background&quot;:&quot;gradient&quot;}\">\n\t\t\t\t\t\t\t<div class=\"elementor-background-overlay\"><\/div>\n\t\t\t\t\t\t\t<div class=\"elementor-container elementor-column-gap-default\">\n\t\t\t\t\t<div class=\"elementor-column elementor-col-100 elementor-top-column elementor-element elementor-element-1b921a3\" data-id=\"1b921a3\" data-element_type=\"column\">\n\t\t\t<div class=\"elementor-widget-wrap elementor-element-populated\">\n\t\t\t\t\t\t<section class=\"elementor-section elementor-inner-section elementor-element elementor-element-b0fb436 elementor-section-full_width elementor-section-height-default elementor-section-height-default\" data-id=\"b0fb436\" data-element_type=\"section\">\n\t\t\t\t\t\t<div class=\"elementor-container elementor-column-gap-default\">\n\t\t\t\t\t<div class=\"elementor-column elementor-col-50 elementor-inner-column elementor-element elementor-element-fa2d1aa\" data-id=\"fa2d1aa\" data-element_type=\"column\">\n\t\t\t<div class=\"elementor-widget-wrap elementor-element-populated\">\n\t\t\t\t\t\t<div class=\"elementor-element elementor-element-ea2fe1b elementor-widget elementor-widget-image\" data-id=\"ea2fe1b\" data-element_type=\"widget\" data-widget_type=\"image.default\">\n\t\t\t\t<div class=\"elementor-widget-container\">\n\t\t\t\t\t\t\t\t\t\t<figure class=\"wp-caption\">\n\t\t\t\t\t\t\t\t\t\t<img fetchpriority=\"high\" decoding=\"async\" width=\"600\" height=\"350\" src=\"https:\/\/www.minderheitensekretariat.de\/wp-content\/uploads\/2023\/08\/PlattSatt-Festival-Gesche-Gloystein-und-Bernd-Gruenefeld.jpg\" class=\"attachment-large size-large wp-image-14171\" alt=\"\" srcset=\"https:\/\/www.minderheitensekretariat.de\/wp-content\/uploads\/2023\/08\/PlattSatt-Festival-Gesche-Gloystein-und-Bernd-Gruenefeld.jpg 600w, https:\/\/www.minderheitensekretariat.de\/wp-content\/uploads\/2023\/08\/PlattSatt-Festival-Gesche-Gloystein-und-Bernd-Gruenefeld-300x175.jpg 300w\" sizes=\"(max-width: 600px) 100vw, 600px\" \/>\t\t\t\t\t\t\t\t\t\t\t<figcaption class=\"widget-image-caption wp-caption-text\">Gesche Gloystein und Bernd Gr\u00fcnefeld<\/figcaption>\n\t\t\t\t\t\t\t\t\t\t<\/figure>\n\t\t\t\t\t\t\t<\/div>\n\t\t\t\t<\/div>\n\t\t\t\t\t<\/div>\n\t\t<\/div>\n\t\t\t\t<div class=\"elementor-column elementor-col-50 elementor-inner-column elementor-element elementor-element-f592ef7\" data-id=\"f592ef7\" data-element_type=\"column\">\n\t\t\t<div class=\"elementor-widget-wrap elementor-element-populated\">\n\t\t\t\t\t\t<div class=\"elementor-element elementor-element-03b0f5e elementor-widget elementor-widget-text-editor\" data-id=\"03b0f5e\" data-element_type=\"widget\" data-widget_type=\"text-editor.default\">\n\t\t\t\t<div class=\"elementor-widget-container\">\n\t\t\t\t\t\t\t14\/08\/2023\t\t\t\t\t\t<\/div>\n\t\t\t\t<\/div>\n\t\t\t\t<div class=\"elementor-element elementor-element-a21e5c4 elementor-widget elementor-widget-heading\" data-id=\"a21e5c4\" data-element_type=\"widget\" data-widget_type=\"heading.default\">\n\t\t\t\t<div class=\"elementor-widget-container\">\n\t\t\t<h2 class=\"elementor-heading-title elementor-size-default\">PlattSatt-Festival vom 6.-15.10.2023<\/h2>\t\t<\/div>\n\t\t\t\t<\/div>\n\t\t\t\t<div class=\"elementor-element elementor-element-1a51d24 elementor-widget elementor-widget-text-editor\" data-id=\"1a51d24\" data-element_type=\"widget\" data-widget_type=\"text-editor.default\">\n\t\t\t\t<div class=\"elementor-widget-container\">\n\t\t\t\t\t\t\tVom 06.10.2023 bis zum 15.10.2023 findet im Emsland und der Grafschaft Bentheim das PlattSatt Festival statt.\t\t\t\t\t\t<\/div>\n\t\t\t\t<\/div>\n\t\t\t\t<div class=\"elementor-element elementor-element-2aa7c17 elementor-widget-divider--view-line elementor-widget elementor-widget-divider\" data-id=\"2aa7c17\" data-element_type=\"widget\" data-widget_type=\"divider.default\">\n\t\t\t\t<div class=\"elementor-widget-container\">\n\t\t\t\t\t<div class=\"elementor-divider\">\n\t\t\t<span class=\"elementor-divider-separator\">\n\t\t\t\t\t\t<\/span>\n\t\t<\/div>\n\t\t\t\t<\/div>\n\t\t\t\t<\/div>\n\t\t\t\t\t<\/div>\n\t\t<\/div>\n\t\t\t\t\t<\/div>\n\t\t<\/section>\n\t\t\t\t<div class=\"elementor-element elementor-element-87b8590 elementor-hidden-mobile elementor-invisible elementor-widget elementor-widget-image\" data-id=\"87b8590\" data-element_type=\"widget\" data-settings=\"{&quot;_animation&quot;:&quot;fadeInDown&quot;,&quot;_animation_delay&quot;:1000}\" data-widget_type=\"image.default\">\n\t\t\t\t<div class=\"elementor-widget-container\">\n\t\t\t\t\t\t\t\t\t\t\t\t\t\t<a href=\"#mehr\">\n\t\t\t\t\t\t\t<img decoding=\"async\" width=\"27\" height=\"15\" src=\"https:\/\/www.minderheitensekretariat.de\/wp-content\/uploads\/2022\/07\/arrow_down.svg\" class=\"elementor-animation-shrink attachment-large size-large wp-image-657\" alt=\"\" \/>\t\t\t\t\t\t\t\t<\/a>\n\t\t\t\t\t\t\t\t\t\t\t\t\t<\/div>\n\t\t\t\t<\/div>\n\t\t\t\t<section class=\"elementor-section elementor-inner-section elementor-element elementor-element-2b19a64 elementor-hidden-mobile elementor-section-boxed elementor-section-height-default elementor-section-height-default\" data-id=\"2b19a64\" data-element_type=\"section\">\n\t\t\t\t\t\t<div class=\"elementor-container elementor-column-gap-default\">\n\t\t\t\t\t<div class=\"elementor-column elementor-col-100 elementor-inner-column elementor-element elementor-element-e1b551d\" data-id=\"e1b551d\" data-element_type=\"column\">\n\t\t\t<div class=\"elementor-widget-wrap elementor-element-populated\">\n\t\t\t\t\t\t<div class=\"elementor-element elementor-element-5723f99 elementor-widget elementor-widget-menu-anchor\" data-id=\"5723f99\" data-element_type=\"widget\" data-widget_type=\"menu-anchor.default\">\n\t\t\t\t<div class=\"elementor-widget-container\">\n\t\t\t\t\t<div class=\"elementor-menu-anchor\" id=\"mehr\"><\/div>\n\t\t\t\t<\/div>\n\t\t\t\t<\/div>\n\t\t\t\t\t<\/div>\n\t\t<\/div>\n\t\t\t\t\t<\/div>\n\t\t<\/section>\n\t\t\t\t<section class=\"elementor-section elementor-inner-section elementor-element elementor-element-8629abe elementor-section-boxed elementor-section-height-default elementor-section-height-default\" data-id=\"8629abe\" data-element_type=\"section\">\n\t\t\t\t\t\t<div class=\"elementor-container elementor-column-gap-default\">\n\t\t\t\t\t<div class=\"elementor-column elementor-col-100 elementor-inner-column elementor-element elementor-element-8fa23c1\" data-id=\"8fa23c1\" data-element_type=\"column\">\n\t\t\t<div class=\"elementor-widget-wrap elementor-element-populated\">\n\t\t\t\t\t\t<div class=\"elementor-element elementor-element-c01359a elementor-widget elementor-widget-text-editor\" data-id=\"c01359a\" data-element_type=\"widget\" data-widget_type=\"text-editor.default\">\n\t\t\t\t<div class=\"elementor-widget-container\">\n\t\t\t\t\t\t\t<p>Auch in diesem Jahr wartet die plattdeutsche Szene im Emsland und der Grafschaft Bentheim mit einem <span style=\"text-decoration: underline;\"><a href=\"https:\/\/www.emslaendische-landschaft.de\/fachstelle-plattdeutsch.html\" target=\"_blank\" rel=\"noopener\">gro\u00dfartigen Programm<\/a><\/span> auf. Vom Theaterst\u00fcck bis zur Naturf\u00fchrung, vom Heimatabend bis zur Kinovorstellung, von der Lesung \u00fcber den Podcast bis hin zum Poetry Slam und nat\u00fcrlich ganz viele musikalische Highlights werden dem Publikum im Westen Niedersachsens reichhaltige Unterhaltung bieten.<\/p><p>\u201eWir k\u00f6nnen auch in diesem Jahr auf die Unterst\u00fctzung jeder Menge Heimatvereine, regionaler Kulturschaffender und Anbietern von starken Locations bauen\u201c, freuen sich Gesche Gloystein und Bernd Gr\u00fcnefeld von der Fachstelle Plattdeutsch der Emsl\u00e4ndischen Landschaft.<\/p><p>Die nunmehr siebte Auflage des Festivals soll ein Bewusstsein f\u00fcr den Wert und die Sch\u00f6nheit der Regionalsprache Plattdeutsch schaffen. Wurde sie fr\u00fcher eher stiefm\u00fctterlich behandelt, so stellt sie heute eine zeitgem\u00e4\u00dfe Alternative zur hochdeutschen Standardsprache dar, die auch gerne von jungen Menschen genutzt wird.\u00a0<span style=\"color: var( --e-global-color-39532aa ); letter-spacing: 0px; background-color: transparent;\">Auch die EU hat den kulturellen Wert der kleinen Sprachen erkannt und st\u00e4rkt sie mit der \u201eEurop\u00e4ischen Charta der Regional- oder Minderheitensprachen\u201c.<\/span><\/p><p>Marc-Andr\u00e9 Burgdorf, Pr\u00e4sident der Emsl\u00e4ndischen Landschaft, findet: \u201ePlattdeutsch ist unsere Regionalsprache. Sie ber\u00fchrt die Menschen im Herzen, das ist ihre gro\u00dfe Kraft. Das rege Interesse an Formaten \u201eup Platt\u201c zeigt, dass es eine lebendige Sprache ist, die vielf\u00e4ltige Ausdrucksformen findet.\u201c<\/p><p>Das\u00a0<strong>PlattSatt\u00a0<\/strong>Festival findet vom\u00a0<strong>06.10.2023<\/strong>\u00a0bis zum\u00a0<strong>15.10.2023<\/strong>\u00a0im Emsland und der Grafschaft Bentheim statt. <a href=\"https:\/\/www.emslaendische-landschaft.de\/fachstelle-plattdeutsch.html\" target=\"_blank\" rel=\"noopener\"><span style=\"text-decoration: underline;\">Das Programm<\/span><\/a> ist auf der Homepage der Emsl\u00e4ndischen Landschaft ver\u00f6ffentlicht. Es ist f\u00fcr jeden etwas dabei, also merken Sie sich die Termine schon einmal vor. Die Organisatoren des PlattSatt Festivals freuen sich \u00fcber zahlreiche Besucher*innen. Gef\u00f6rdert wird das Festival durch die VGH und die Regionale Kulturf\u00f6rderung des Landes Niedersachsen.<\/p><p><span style=\"color: var( --e-global-color-39532aa ); letter-spacing: 0px; background-color: transparent;\">(Quelle: Pressemitteilung <a href=\"https:\/\/www.emslaendische-landschaft.de\/fachstelle-plattdeutsch.html\" target=\"_blank\" rel=\"noopener\">Emsl\u00e4ndische Landschaft<\/a><\/span><span style=\"color: var( --e-global-color-39532aa ); letter-spacing: 0px; background-color: transparent;\">, 03.08.2023)<\/span><\/p>\t\t\t\t\t\t<\/div>\n\t\t\t\t<\/div>\n\t\t\t\t\t<\/div>\n\t\t<\/div>\n\t\t\t\t\t<\/div>\n\t\t<\/section>\n\t\t\t\t<section class=\"elementor-section elementor-inner-section elementor-element elementor-element-79ac782 elementor-section-boxed elementor-section-height-default elementor-section-height-default\" data-id=\"79ac782\" data-element_type=\"section\">\n\t\t\t\t\t\t<div class=\"elementor-container elementor-column-gap-default\">\n\t\t\t\t\t<div class=\"elementor-column elementor-col-100 elementor-inner-column elementor-element elementor-element-535e876\" data-id=\"535e876\" data-element_type=\"column\">\n\t\t\t<div class=\"elementor-widget-wrap elementor-element-populated\">\n\t\t\t\t\t\t<div class=\"elementor-element elementor-element-96396bc elementor-align-center elementor-widget elementor-widget-button\" data-id=\"96396bc\" data-element_type=\"widget\" data-widget_type=\"button.default\">\n\t\t\t\t<div class=\"elementor-widget-container\">\n\t\t\t\t\t\t\t<div class=\"elementor-button-wrapper\">\n\t\t\t\t\t<a class=\"elementor-button elementor-button-link elementor-size-sm\" href=\"\/aktuelles\/\">\n\t\t\t\t\t\t<span class=\"elementor-button-content-wrapper\">\n\t\t\t\t\t\t\t\t\t<span class=\"elementor-button-text\">Zur\u00fcck zur \u00dcbersicht<\/span>\n\t\t\t\t\t<\/span>\n\t\t\t\t\t<\/a>\n\t\t\t\t<\/div>\n\t\t\t\t\t\t<\/div>\n\t\t\t\t<\/div>\n\t\t\t\t\t<\/div>\n\t\t<\/div>\n\t\t\t\t\t<\/div>\n\t\t<\/section>\n\t\t\t\t\t<\/div>\n\t\t<\/div>\n\t\t\t\t\t<\/div>\n\t\t<\/section>\n\t\t\t\t<\/div>\n\t\t","protected":false},"excerpt":{"rendered":"<p>Vom 06.10.2023 bis zum 15.10.2023 findet im Emsland und der Grafschaft Bentheim das PlattSatt Festival statt.<\/p>\n","protected":false},"author":1,"featured_media":14171,"comment_status":"closed","ping_status":"closed","sticky":false,"template":"elementor_header_footer","format":"standard","meta":{"footnotes":""},"categories":[49],"tags":[],"class_list":["post-14146","post","type-post","status-publish","format-standard","has-post-thumbnail","hentry","category-startseite"],"yoast_head":"<!-- This site is optimized with the Yoast SEO plugin v23.8 - https:\/\/yoast.com\/wordpress\/plugins\/seo\/ -->\n<title>PlattSatt-Festival vom 6.-15.10.2023 - Minderheitensekretariat<\/title>\n<meta name=\"robots\" content=\"index, follow, max-snippet:-1, max-image-preview:large, max-video-preview:-1\" \/>\n<link rel=\"canonical\" href=\"https:\/\/www.minderheitensekretariat.de\/en\/2023\/08\/14\/plattsatt-festival-vom-6-15-10-2023\/\" \/>\n<meta property=\"og:locale\" content=\"en_US\" \/>\n<meta property=\"og:type\" content=\"article\" \/>\n<meta property=\"og:title\" content=\"PlattSatt-Festival vom 6.-15.10.2023 - Minderheitensekretariat\" \/>\n<meta property=\"og:description\" content=\"Vom 06.10.2023 bis zum 15.10.2023 findet im Emsland und der Grafschaft Bentheim das PlattSatt Festival statt.\" \/>\n<meta property=\"og:url\" content=\"https:\/\/www.minderheitensekretariat.de\/en\/2023\/08\/14\/plattsatt-festival-vom-6-15-10-2023\/\" \/>\n<meta property=\"og:site_name\" content=\"Minderheitensekretariat\" \/>\n<meta property=\"article:publisher\" content=\"https:\/\/www.facebook.com\/minderheitensekretariat.de\" \/>\n<meta property=\"article:published_time\" content=\"2023-08-14T11:45:15+00:00\" \/>\n<meta property=\"article:modified_time\" content=\"2023-08-14T11:58:21+00:00\" \/>\n<meta property=\"og:image\" content=\"https:\/\/www.minderheitensekretariat.de\/wp-content\/uploads\/2023\/08\/PlattSatt-Festival-Gesche-Gloystein-und-Bernd-Gruenefeld.jpg\" \/>\n\t<meta property=\"og:image:width\" content=\"600\" \/>\n\t<meta property=\"og:image:height\" content=\"350\" \/>\n\t<meta property=\"og:image:type\" content=\"image\/jpeg\" \/>\n<meta name=\"author\" content=\"Minderheitensekretariat\" \/>\n<meta name=\"twitter:card\" content=\"summary_large_image\" \/>\n<meta name=\"twitter:label1\" content=\"Written by\" \/>\n\t<meta name=\"twitter:data1\" content=\"Minderheitensekretariat\" \/>\n\t<meta name=\"twitter:label2\" content=\"Est. reading time\" \/>\n\t<meta name=\"twitter:data2\" content=\"3 minutes\" \/>\n<script type=\"application\/ld+json\" class=\"yoast-schema-graph\">{\"@context\":\"https:\/\/schema.org\",\"@graph\":[{\"@type\":\"Article\",\"@id\":\"https:\/\/www.minderheitensekretariat.de\/en\/2023\/08\/14\/plattsatt-festival-vom-6-15-10-2023\/#article\",\"isPartOf\":{\"@id\":\"https:\/\/www.minderheitensekretariat.de\/en\/2023\/08\/14\/plattsatt-festival-vom-6-15-10-2023\/\"},\"author\":{\"name\":\"Minderheitensekretariat\",\"@id\":\"https:\/\/www.minderheitensekretariat.de\/en\/#\/schema\/person\/55df1c4c912f10debba5dfc9bc26c1cf\"},\"headline\":\"PlattSatt-Festival vom 6.-15.10.2023\",\"datePublished\":\"2023-08-14T11:45:15+00:00\",\"dateModified\":\"2023-08-14T11:58:21+00:00\",\"mainEntityOfPage\":{\"@id\":\"https:\/\/www.minderheitensekretariat.de\/en\/2023\/08\/14\/plattsatt-festival-vom-6-15-10-2023\/\"},\"wordCount\":296,\"publisher\":{\"@id\":\"https:\/\/www.minderheitensekretariat.de\/en\/#organization\"},\"image\":{\"@id\":\"https:\/\/www.minderheitensekretariat.de\/en\/2023\/08\/14\/plattsatt-festival-vom-6-15-10-2023\/#primaryimage\"},\"thumbnailUrl\":\"https:\/\/www.minderheitensekretariat.de\/wp-content\/uploads\/2023\/08\/PlattSatt-Festival-Gesche-Gloystein-und-Bernd-Gruenefeld.jpg\",\"articleSection\":[\"Startseite\"],\"inLanguage\":\"en-US\"},{\"@type\":\"WebPage\",\"@id\":\"https:\/\/www.minderheitensekretariat.de\/en\/2023\/08\/14\/plattsatt-festival-vom-6-15-10-2023\/\",\"url\":\"https:\/\/www.minderheitensekretariat.de\/en\/2023\/08\/14\/plattsatt-festival-vom-6-15-10-2023\/\",\"name\":\"PlattSatt-Festival vom 6.-15.10.2023 - Minderheitensekretariat\",\"isPartOf\":{\"@id\":\"https:\/\/www.minderheitensekretariat.de\/en\/#website\"},\"primaryImageOfPage\":{\"@id\":\"https:\/\/www.minderheitensekretariat.de\/en\/2023\/08\/14\/plattsatt-festival-vom-6-15-10-2023\/#primaryimage\"},\"image\":{\"@id\":\"https:\/\/www.minderheitensekretariat.de\/en\/2023\/08\/14\/plattsatt-festival-vom-6-15-10-2023\/#primaryimage\"},\"thumbnailUrl\":\"https:\/\/www.minderheitensekretariat.de\/wp-content\/uploads\/2023\/08\/PlattSatt-Festival-Gesche-Gloystein-und-Bernd-Gruenefeld.jpg\",\"datePublished\":\"2023-08-14T11:45:15+00:00\",\"dateModified\":\"2023-08-14T11:58:21+00:00\",\"breadcrumb\":{\"@id\":\"https:\/\/www.minderheitensekretariat.de\/en\/2023\/08\/14\/plattsatt-festival-vom-6-15-10-2023\/#breadcrumb\"},\"inLanguage\":\"en-US\",\"potentialAction\":[{\"@type\":\"ReadAction\",\"target\":[\"https:\/\/www.minderheitensekretariat.de\/en\/2023\/08\/14\/plattsatt-festival-vom-6-15-10-2023\/\"]}]},{\"@type\":\"ImageObject\",\"inLanguage\":\"en-US\",\"@id\":\"https:\/\/www.minderheitensekretariat.de\/en\/2023\/08\/14\/plattsatt-festival-vom-6-15-10-2023\/#primaryimage\",\"url\":\"https:\/\/www.minderheitensekretariat.de\/wp-content\/uploads\/2023\/08\/PlattSatt-Festival-Gesche-Gloystein-und-Bernd-Gruenefeld.jpg\",\"contentUrl\":\"https:\/\/www.minderheitensekretariat.de\/wp-content\/uploads\/2023\/08\/PlattSatt-Festival-Gesche-Gloystein-und-Bernd-Gruenefeld.jpg\",\"width\":600,\"height\":350,\"caption\":\"Gesche Gloystein und Bernd Gr\u00fcnefeld\"},{\"@type\":\"BreadcrumbList\",\"@id\":\"https:\/\/www.minderheitensekretariat.de\/en\/2023\/08\/14\/plattsatt-festival-vom-6-15-10-2023\/#breadcrumb\",\"itemListElement\":[{\"@type\":\"ListItem\",\"position\":1,\"name\":\"Startseite\",\"item\":\"https:\/\/www.minderheitensekretariat.de\/en\/\"},{\"@type\":\"ListItem\",\"position\":2,\"name\":\"PlattSatt-Festival vom 6.-15.10.2023\"}]},{\"@type\":\"WebSite\",\"@id\":\"https:\/\/www.minderheitensekretariat.de\/en\/#website\",\"url\":\"https:\/\/www.minderheitensekretariat.de\/en\/\",\"name\":\"Minderheitensekretariat\",\"description\":\"\",\"publisher\":{\"@id\":\"https:\/\/www.minderheitensekretariat.de\/en\/#organization\"},\"potentialAction\":[{\"@type\":\"SearchAction\",\"target\":{\"@type\":\"EntryPoint\",\"urlTemplate\":\"https:\/\/www.minderheitensekretariat.de\/en\/?s={search_term_string}\"},\"query-input\":{\"@type\":\"PropertyValueSpecification\",\"valueRequired\":true,\"valueName\":\"search_term_string\"}}],\"inLanguage\":\"en-US\"},{\"@type\":\"Organization\",\"@id\":\"https:\/\/www.minderheitensekretariat.de\/en\/#organization\",\"name\":\"Minderheitensekretariat\",\"url\":\"https:\/\/www.minderheitensekretariat.de\/en\/\",\"logo\":{\"@type\":\"ImageObject\",\"inLanguage\":\"en-US\",\"@id\":\"https:\/\/www.minderheitensekretariat.de\/en\/#\/schema\/logo\/image\/\",\"url\":\"https:\/\/www.minderheitensekretariat.de\/wp-content\/uploads\/2023\/03\/Min_sek_Logo_4c.jpg\",\"contentUrl\":\"https:\/\/www.minderheitensekretariat.de\/wp-content\/uploads\/2023\/03\/Min_sek_Logo_4c.jpg\",\"width\":984,\"height\":236,\"caption\":\"Minderheitensekretariat\"},\"image\":{\"@id\":\"https:\/\/www.minderheitensekretariat.de\/en\/#\/schema\/logo\/image\/\"},\"sameAs\":[\"https:\/\/www.facebook.com\/minderheitensekretariat.de\"]},{\"@type\":\"Person\",\"@id\":\"https:\/\/www.minderheitensekretariat.de\/en\/#\/schema\/person\/55df1c4c912f10debba5dfc9bc26c1cf\",\"name\":\"Minderheitensekretariat\",\"image\":{\"@type\":\"ImageObject\",\"inLanguage\":\"en-US\",\"@id\":\"https:\/\/www.minderheitensekretariat.de\/en\/#\/schema\/person\/image\/\",\"url\":\"https:\/\/secure.gravatar.com\/avatar\/370caba7511c95d16d2d05ef3fa57095fae805fdb97d13f46df8534525f106da?s=96&d=mm&r=g\",\"contentUrl\":\"https:\/\/secure.gravatar.com\/avatar\/370caba7511c95d16d2d05ef3fa57095fae805fdb97d13f46df8534525f106da?s=96&d=mm&r=g\",\"caption\":\"Minderheitensekretariat\"},\"sameAs\":[\"https:\/\/www.minderheitensekretariat.de\"],\"url\":\"https:\/\/www.minderheitensekretariat.de\/en\/author\/minderheitensekretariat\/\"}]}<\/script>\n<!-- \/ Yoast SEO plugin. -->","yoast_head_json":{"title":"PlattSatt-Festival vom 6.-15.10.2023 - Minderheitensekretariat","robots":{"index":"index","follow":"follow","max-snippet":"max-snippet:-1","max-image-preview":"max-image-preview:large","max-video-preview":"max-video-preview:-1"},"canonical":"https:\/\/www.minderheitensekretariat.de\/en\/2023\/08\/14\/plattsatt-festival-vom-6-15-10-2023\/","og_locale":"en_US","og_type":"article","og_title":"PlattSatt-Festival vom 6.-15.10.2023 - Minderheitensekretariat","og_description":"Vom 06.10.2023 bis zum 15.10.2023 findet im Emsland und der Grafschaft Bentheim das PlattSatt Festival statt.","og_url":"https:\/\/www.minderheitensekretariat.de\/en\/2023\/08\/14\/plattsatt-festival-vom-6-15-10-2023\/","og_site_name":"Minderheitensekretariat","article_publisher":"https:\/\/www.facebook.com\/minderheitensekretariat.de","article_published_time":"2023-08-14T11:45:15+00:00","article_modified_time":"2023-08-14T11:58:21+00:00","og_image":[{"width":600,"height":350,"url":"https:\/\/www.minderheitensekretariat.de\/wp-content\/uploads\/2023\/08\/PlattSatt-Festival-Gesche-Gloystein-und-Bernd-Gruenefeld.jpg","type":"image\/jpeg"}],"author":"Minderheitensekretariat","twitter_card":"summary_large_image","twitter_misc":{"Written by":"Minderheitensekretariat","Est. reading time":"3 minutes"},"schema":{"@context":"https:\/\/schema.org","@graph":[{"@type":"Article","@id":"https:\/\/www.minderheitensekretariat.de\/en\/2023\/08\/14\/plattsatt-festival-vom-6-15-10-2023\/#article","isPartOf":{"@id":"https:\/\/www.minderheitensekretariat.de\/en\/2023\/08\/14\/plattsatt-festival-vom-6-15-10-2023\/"},"author":{"name":"Minderheitensekretariat","@id":"https:\/\/www.minderheitensekretariat.de\/en\/#\/schema\/person\/55df1c4c912f10debba5dfc9bc26c1cf"},"headline":"PlattSatt-Festival vom 6.-15.10.2023","datePublished":"2023-08-14T11:45:15+00:00","dateModified":"2023-08-14T11:58:21+00:00","mainEntityOfPage":{"@id":"https:\/\/www.minderheitensekretariat.de\/en\/2023\/08\/14\/plattsatt-festival-vom-6-15-10-2023\/"},"wordCount":296,"publisher":{"@id":"https:\/\/www.minderheitensekretariat.de\/en\/#organization"},"image":{"@id":"https:\/\/www.minderheitensekretariat.de\/en\/2023\/08\/14\/plattsatt-festival-vom-6-15-10-2023\/#primaryimage"},"thumbnailUrl":"https:\/\/www.minderheitensekretariat.de\/wp-content\/uploads\/2023\/08\/PlattSatt-Festival-Gesche-Gloystein-und-Bernd-Gruenefeld.jpg","articleSection":["Startseite"],"inLanguage":"en-US"},{"@type":"WebPage","@id":"https:\/\/www.minderheitensekretariat.de\/en\/2023\/08\/14\/plattsatt-festival-vom-6-15-10-2023\/","url":"https:\/\/www.minderheitensekretariat.de\/en\/2023\/08\/14\/plattsatt-festival-vom-6-15-10-2023\/","name":"PlattSatt-Festival vom 6.-15.10.2023 - Minderheitensekretariat","isPartOf":{"@id":"https:\/\/www.minderheitensekretariat.de\/en\/#website"},"primaryImageOfPage":{"@id":"https:\/\/www.minderheitensekretariat.de\/en\/2023\/08\/14\/plattsatt-festival-vom-6-15-10-2023\/#primaryimage"},"image":{"@id":"https:\/\/www.minderheitensekretariat.de\/en\/2023\/08\/14\/plattsatt-festival-vom-6-15-10-2023\/#primaryimage"},"thumbnailUrl":"https:\/\/www.minderheitensekretariat.de\/wp-content\/uploads\/2023\/08\/PlattSatt-Festival-Gesche-Gloystein-und-Bernd-Gruenefeld.jpg","datePublished":"2023-08-14T11:45:15+00:00","dateModified":"2023-08-14T11:58:21+00:00","breadcrumb":{"@id":"https:\/\/www.minderheitensekretariat.de\/en\/2023\/08\/14\/plattsatt-festival-vom-6-15-10-2023\/#breadcrumb"},"inLanguage":"en-US","potentialAction":[{"@type":"ReadAction","target":["https:\/\/www.minderheitensekretariat.de\/en\/2023\/08\/14\/plattsatt-festival-vom-6-15-10-2023\/"]}]},{"@type":"ImageObject","inLanguage":"en-US","@id":"https:\/\/www.minderheitensekretariat.de\/en\/2023\/08\/14\/plattsatt-festival-vom-6-15-10-2023\/#primaryimage","url":"https:\/\/www.minderheitensekretariat.de\/wp-content\/uploads\/2023\/08\/PlattSatt-Festival-Gesche-Gloystein-und-Bernd-Gruenefeld.jpg","contentUrl":"https:\/\/www.minderheitensekretariat.de\/wp-content\/uploads\/2023\/08\/PlattSatt-Festival-Gesche-Gloystein-und-Bernd-Gruenefeld.jpg","width":600,"height":350,"caption":"Gesche Gloystein und Bernd Gr\u00fcnefeld"},{"@type":"BreadcrumbList","@id":"https:\/\/www.minderheitensekretariat.de\/en\/2023\/08\/14\/plattsatt-festival-vom-6-15-10-2023\/#breadcrumb","itemListElement":[{"@type":"ListItem","position":1,"name":"Startseite","item":"https:\/\/www.minderheitensekretariat.de\/en\/"},{"@type":"ListItem","position":2,"name":"PlattSatt-Festival vom 6.-15.10.2023"}]},{"@type":"WebSite","@id":"https:\/\/www.minderheitensekretariat.de\/en\/#website","url":"https:\/\/www.minderheitensekretariat.de\/en\/","name":"Minderheitensekretariat","description":"","publisher":{"@id":"https:\/\/www.minderheitensekretariat.de\/en\/#organization"},"potentialAction":[{"@type":"SearchAction","target":{"@type":"EntryPoint","urlTemplate":"https:\/\/www.minderheitensekretariat.de\/en\/?s={search_term_string}"},"query-input":{"@type":"PropertyValueSpecification","valueRequired":true,"valueName":"search_term_string"}}],"inLanguage":"en-US"},{"@type":"Organization","@id":"https:\/\/www.minderheitensekretariat.de\/en\/#organization","name":"Minderheitensekretariat","url":"https:\/\/www.minderheitensekretariat.de\/en\/","logo":{"@type":"ImageObject","inLanguage":"en-US","@id":"https:\/\/www.minderheitensekretariat.de\/en\/#\/schema\/logo\/image\/","url":"https:\/\/www.minderheitensekretariat.de\/wp-content\/uploads\/2023\/03\/Min_sek_Logo_4c.jpg","contentUrl":"https:\/\/www.minderheitensekretariat.de\/wp-content\/uploads\/2023\/03\/Min_sek_Logo_4c.jpg","width":984,"height":236,"caption":"Minderheitensekretariat"},"image":{"@id":"https:\/\/www.minderheitensekretariat.de\/en\/#\/schema\/logo\/image\/"},"sameAs":["https:\/\/www.facebook.com\/minderheitensekretariat.de"]},{"@type":"Person","@id":"https:\/\/www.minderheitensekretariat.de\/en\/#\/schema\/person\/55df1c4c912f10debba5dfc9bc26c1cf","name":"Minderheitensekretariat","image":{"@type":"ImageObject","inLanguage":"en-US","@id":"https:\/\/www.minderheitensekretariat.de\/en\/#\/schema\/person\/image\/","url":"https:\/\/secure.gravatar.com\/avatar\/370caba7511c95d16d2d05ef3fa57095fae805fdb97d13f46df8534525f106da?s=96&d=mm&r=g","contentUrl":"https:\/\/secure.gravatar.com\/avatar\/370caba7511c95d16d2d05ef3fa57095fae805fdb97d13f46df8534525f106da?s=96&d=mm&r=g","caption":"Minderheitensekretariat"},"sameAs":["https:\/\/www.minderheitensekretariat.de"],"url":"https:\/\/www.minderheitensekretariat.de\/en\/author\/minderheitensekretariat\/"}]}},"_links":{"self":[{"href":"https:\/\/www.minderheitensekretariat.de\/en\/wp-json\/wp\/v2\/posts\/14146","targetHints":{"allow":["GET"]}}],"collection":[{"href":"https:\/\/www.minderheitensekretariat.de\/en\/wp-json\/wp\/v2\/posts"}],"about":[{"href":"https:\/\/www.minderheitensekretariat.de\/en\/wp-json\/wp\/v2\/types\/post"}],"author":[{"embeddable":true,"href":"https:\/\/www.minderheitensekretariat.de\/en\/wp-json\/wp\/v2\/users\/1"}],"replies":[{"embeddable":true,"href":"https:\/\/www.minderheitensekretariat.de\/en\/wp-json\/wp\/v2\/comments?post=14146"}],"version-history":[{"count":8,"href":"https:\/\/www.minderheitensekretariat.de\/en\/wp-json\/wp\/v2\/posts\/14146\/revisions"}],"predecessor-version":[{"id":14187,"href":"https:\/\/www.minderheitensekretariat.de\/en\/wp-json\/wp\/v2\/posts\/14146\/revisions\/14187"}],"wp:featuredmedia":[{"embeddable":true,"href":"https:\/\/www.minderheitensekretariat.de\/en\/wp-json\/wp\/v2\/media\/14171"}],"wp:attachment":[{"href":"https:\/\/www.minderheitensekretariat.de\/en\/wp-json\/wp\/v2\/media?parent=14146"}],"wp:term":[{"taxonomy":"category","embeddable":true,"href":"https:\/\/www.minderheitensekretariat.de\/en\/wp-json\/wp\/v2\/categories?post=14146"},{"taxonomy":"post_tag","embeddable":true,"href":"https:\/\/www.minderheitensekretariat.de\/en\/wp-json\/wp\/v2\/tags?post=14146"}],"curies":[{"name":"wp","href":"https:\/\/api.w.org\/{rel}","templated":true}]}}