{"id":17726,"date":"2024-07-12T14:07:38","date_gmt":"2024-07-12T12:07:38","guid":{"rendered":"https:\/\/www.minderheitensekretariat.de\/?p=17726"},"modified":"2024-07-12T14:08:51","modified_gmt":"2024-07-12T12:08:51","slug":"friesenrat-schlaegt-zusammen-mit-minderheitenratsvertretenden-aller-anderen-minderheiten-deutschlands-der-fuen-resolution-vor","status":"publish","type":"post","link":"https:\/\/www.minderheitensekretariat.de\/en\/2024\/07\/12\/friesenrat-schlaegt-zusammen-mit-minderheitenratsvertretenden-aller-anderen-minderheiten-deutschlands-der-fuen-resolution-vor\/","title":{"rendered":"Friesenrat schl\u00e4gt zusammen mit Minderheitenrats- vertretenden aller anderen Minderheiten Deutschlands der FUEN Resolution vor"},"content":{"rendered":"\t\t<div data-elementor-type=\"wp-post\" data-elementor-id=\"17726\" class=\"elementor elementor-17726\" data-elementor-post-type=\"post\">\n\t\t\t\t\t\t<section class=\"elementor-section elementor-top-section elementor-element elementor-element-7333b6f elementor-section-boxed elementor-section-height-default elementor-section-height-default\" data-id=\"7333b6f\" data-element_type=\"section\" data-settings=\"{&quot;background_background&quot;:&quot;gradient&quot;}\">\n\t\t\t\t\t\t\t<div class=\"elementor-background-overlay\"><\/div>\n\t\t\t\t\t\t\t<div class=\"elementor-container elementor-column-gap-default\">\n\t\t\t\t\t<div class=\"elementor-column elementor-col-100 elementor-top-column elementor-element elementor-element-1b921a3\" data-id=\"1b921a3\" data-element_type=\"column\">\n\t\t\t<div class=\"elementor-widget-wrap elementor-element-populated\">\n\t\t\t\t\t\t<section class=\"elementor-section elementor-inner-section elementor-element elementor-element-b0fb436 elementor-section-full_width elementor-section-height-default elementor-section-height-default\" data-id=\"b0fb436\" data-element_type=\"section\">\n\t\t\t\t\t\t<div class=\"elementor-container elementor-column-gap-default\">\n\t\t\t\t\t<div class=\"elementor-column elementor-col-50 elementor-inner-column elementor-element elementor-element-fa2d1aa\" data-id=\"fa2d1aa\" data-element_type=\"column\">\n\t\t\t<div class=\"elementor-widget-wrap elementor-element-populated\">\n\t\t\t\t\t\t<div class=\"elementor-element elementor-element-ea2fe1b elementor-widget elementor-widget-image\" data-id=\"ea2fe1b\" data-element_type=\"widget\" data-widget_type=\"image.default\">\n\t\t\t\t<div class=\"elementor-widget-container\">\n\t\t\t\t\t\t\t\t\t\t<figure class=\"wp-caption\">\n\t\t\t\t\t\t\t\t\t\t<img fetchpriority=\"high\" decoding=\"async\" width=\"800\" height=\"456\" src=\"https:\/\/www.minderheitensekretariat.de\/wp-content\/uploads\/2024\/05\/Minderheitensekretariat_Logo-1024x584.jpg\" class=\"attachment-large size-large wp-image-17470\" alt=\"\" srcset=\"https:\/\/www.minderheitensekretariat.de\/wp-content\/uploads\/2024\/05\/Minderheitensekretariat_Logo-1024x584.jpg 1024w, https:\/\/www.minderheitensekretariat.de\/wp-content\/uploads\/2024\/05\/Minderheitensekretariat_Logo-300x171.jpg 300w, https:\/\/www.minderheitensekretariat.de\/wp-content\/uploads\/2024\/05\/Minderheitensekretariat_Logo-768x438.jpg 768w, https:\/\/www.minderheitensekretariat.de\/wp-content\/uploads\/2024\/05\/Minderheitensekretariat_Logo-1536x876.jpg 1536w, https:\/\/www.minderheitensekretariat.de\/wp-content\/uploads\/2024\/05\/Minderheitensekretariat_Logo-2048x1168.jpg 2048w\" sizes=\"(max-width: 800px) 100vw, 800px\" \/>\t\t\t\t\t\t\t\t\t\t\t<figcaption class=\"widget-image-caption wp-caption-text\"><\/figcaption>\n\t\t\t\t\t\t\t\t\t\t<\/figure>\n\t\t\t\t\t\t\t<\/div>\n\t\t\t\t<\/div>\n\t\t\t\t\t<\/div>\n\t\t<\/div>\n\t\t\t\t<div class=\"elementor-column elementor-col-50 elementor-inner-column elementor-element elementor-element-f592ef7\" data-id=\"f592ef7\" data-element_type=\"column\">\n\t\t\t<div class=\"elementor-widget-wrap elementor-element-populated\">\n\t\t\t\t\t\t<div class=\"elementor-element elementor-element-03b0f5e elementor-widget elementor-widget-text-editor\" data-id=\"03b0f5e\" data-element_type=\"widget\" data-widget_type=\"text-editor.default\">\n\t\t\t\t<div class=\"elementor-widget-container\">\n\t\t\t\t\t\t\t12\/07\/2024\t\t\t\t\t\t<\/div>\n\t\t\t\t<\/div>\n\t\t\t\t<div class=\"elementor-element elementor-element-1a51d24 elementor-widget elementor-widget-text-editor\" data-id=\"1a51d24\" data-element_type=\"widget\" data-widget_type=\"text-editor.default\">\n\t\t\t\t<div class=\"elementor-widget-container\">\n\t\t\t\t\t\t\tGegen die Eintragung von allgemeinen Begriffen in Regional- und Minderheitensprachen als gesch\u00fctzte kommerzielle Marken \t\t\t\t\t\t<\/div>\n\t\t\t\t<\/div>\n\t\t\t\t<div class=\"elementor-element elementor-element-2aa7c17 elementor-widget-divider--view-line elementor-widget elementor-widget-divider\" data-id=\"2aa7c17\" data-element_type=\"widget\" data-widget_type=\"divider.default\">\n\t\t\t\t<div class=\"elementor-widget-container\">\n\t\t\t\t\t<div class=\"elementor-divider\">\n\t\t\t<span class=\"elementor-divider-separator\">\n\t\t\t\t\t\t<\/span>\n\t\t<\/div>\n\t\t\t\t<\/div>\n\t\t\t\t<\/div>\n\t\t\t\t\t<\/div>\n\t\t<\/div>\n\t\t\t\t\t<\/div>\n\t\t<\/section>\n\t\t\t\t<div class=\"elementor-element elementor-element-87b8590 elementor-hidden-mobile elementor-invisible elementor-widget elementor-widget-image\" data-id=\"87b8590\" data-element_type=\"widget\" data-settings=\"{&quot;_animation&quot;:&quot;fadeInDown&quot;,&quot;_animation_delay&quot;:1000}\" data-widget_type=\"image.default\">\n\t\t\t\t<div class=\"elementor-widget-container\">\n\t\t\t\t\t\t\t\t\t\t\t\t\t\t<a href=\"#mehr\">\n\t\t\t\t\t\t\t<img decoding=\"async\" width=\"27\" height=\"15\" src=\"https:\/\/www.minderheitensekretariat.de\/wp-content\/uploads\/2022\/07\/arrow_down.svg\" class=\"elementor-animation-shrink attachment-large size-large wp-image-657\" alt=\"\" \/>\t\t\t\t\t\t\t\t<\/a>\n\t\t\t\t\t\t\t\t\t\t\t\t\t<\/div>\n\t\t\t\t<\/div>\n\t\t\t\t<section class=\"elementor-section elementor-inner-section elementor-element elementor-element-8629abe elementor-section-boxed elementor-section-height-default elementor-section-height-default\" data-id=\"8629abe\" data-element_type=\"section\">\n\t\t\t\t\t\t<div class=\"elementor-container elementor-column-gap-default\">\n\t\t\t\t\t<div class=\"elementor-column elementor-col-100 elementor-inner-column elementor-element elementor-element-8fa23c1\" data-id=\"8fa23c1\" data-element_type=\"column\">\n\t\t\t<div class=\"elementor-widget-wrap elementor-element-populated\">\n\t\t\t\t\t\t<div class=\"elementor-element elementor-element-2440ca1 elementor-widget elementor-widget-heading\" data-id=\"2440ca1\" data-element_type=\"widget\" data-widget_type=\"heading.default\">\n\t\t\t\t<div class=\"elementor-widget-container\">\n\t\t\t<h2 class=\"elementor-heading-title elementor-size-default\">Friesenrat schl\u00e4gt zusammen mit Minderheitenratsvertretenden aller anderen Minderheiten Deutschlands der FUEN Resolution vor<\/h2>\t\t<\/div>\n\t\t\t\t<\/div>\n\t\t\t\t<div class=\"elementor-element elementor-element-c01359a elementor-widget elementor-widget-text-editor\" data-id=\"c01359a\" data-element_type=\"widget\" data-widget_type=\"text-editor.default\">\n\t\t\t\t<div class=\"elementor-widget-container\">\n\t\t\t\t\t\t\t<p>In den letzten Jahren gab es wiederholte F\u00e4lle, in denen wirtschaftliche Akteure Begriffe in Regional- und Minderheitensprachen als gesch\u00fctzte kommerzielle Marken eintragen lie\u00dfen oder eintragen lassen wollten.<\/p><p>Die erfolgten Eintr\u00e4ge wurden seitens der \u00c4mter damit begr\u00fcndet, dass im Gegensatz zu Staatssprachen die Minderheitensprachen nicht allgemein verst\u00e4ndlich seien und daher die Begriffe Markencharakter haben k\u00f6nnten.<\/p><p>Dies stellt in den Augen der Resolutionstr\u00e4ger eine rechtliche Ungleichbehandlung von Staats- und Amtssprachen einerseits, sowie Regional- und Minderheitensprachen andererseits dar. Sie fordern die Europ\u00e4ische Union und nationale Regierungen dazu auf, diese ungleiche Behandlung zu unterbinden, indem eventuell bestehende rechtliche oder Verfahrensregelungen gestrichen oder ver\u00e4ndert werden. Anschlie\u00dfend soll in der Anwendung des Markenrechts sichergestellt werden, dass in den jeweiligen Regional- und Minderheitensprachen gebr\u00e4uchliche Begriffe keinen kommerziellen Markenschutz erlangen k\u00f6nnen.<\/p><p>Der Entwurf liegt dem FUEN Pr\u00e4sidium zur Pr\u00fcfung vor und wird anschlie\u00dfend der FUEN-Delegiertenversammlung zur Entscheidung vorgelegt. Die n\u00e4chste Versammlung wird im Rahmen des FUEN-Kongresses 2024 tagen, welcher vom 19. \u2013 22.09.24 in Husum stattfinden wird.<\/p><p>\u00a0<\/p><p>(Quelle: Minderheitensekretariat 10.07.2024)<\/p>\t\t\t\t\t\t<\/div>\n\t\t\t\t<\/div>\n\t\t\t\t\t<\/div>\n\t\t<\/div>\n\t\t\t\t\t<\/div>\n\t\t<\/section>\n\t\t\t\t<section class=\"elementor-section elementor-inner-section elementor-element elementor-element-79ac782 elementor-section-boxed elementor-section-height-default elementor-section-height-default\" data-id=\"79ac782\" data-element_type=\"section\">\n\t\t\t\t\t\t<div class=\"elementor-container elementor-column-gap-default\">\n\t\t\t\t\t<div class=\"elementor-column elementor-col-100 elementor-inner-column elementor-element elementor-element-535e876\" data-id=\"535e876\" data-element_type=\"column\">\n\t\t\t<div class=\"elementor-widget-wrap elementor-element-populated\">\n\t\t\t\t\t\t<div class=\"elementor-element elementor-element-96396bc elementor-align-center elementor-widget elementor-widget-button\" data-id=\"96396bc\" data-element_type=\"widget\" data-widget_type=\"button.default\">\n\t\t\t\t<div class=\"elementor-widget-container\">\n\t\t\t\t\t\t\t<div class=\"elementor-button-wrapper\">\n\t\t\t\t\t<a class=\"elementor-button elementor-button-link elementor-size-sm\" href=\"\/aktuelles\/\">\n\t\t\t\t\t\t<span class=\"elementor-button-content-wrapper\">\n\t\t\t\t\t\t\t\t\t<span class=\"elementor-button-text\">Zur\u00fcck zur \u00dcbersicht<\/span>\n\t\t\t\t\t<\/span>\n\t\t\t\t\t<\/a>\n\t\t\t\t<\/div>\n\t\t\t\t\t\t<\/div>\n\t\t\t\t<\/div>\n\t\t\t\t\t<\/div>\n\t\t<\/div>\n\t\t\t\t\t<\/div>\n\t\t<\/section>\n\t\t\t\t\t<\/div>\n\t\t<\/div>\n\t\t\t\t\t<\/div>\n\t\t<\/section>\n\t\t\t\t<\/div>\n\t\t","protected":false},"excerpt":{"rendered":"<p>Gegen die Eintragung von allgemeinen Begriffen in Regional- und Minderheitensprachen als gesch\u00fctzte kommerzielle Marken <\/p>\n","protected":false},"author":1,"featured_media":17470,"comment_status":"closed","ping_status":"closed","sticky":false,"template":"elementor_header_footer","format":"standard","meta":{"footnotes":""},"categories":[49],"tags":[],"class_list":["post-17726","post","type-post","status-publish","format-standard","has-post-thumbnail","hentry","category-startseite"],"yoast_head":"<!-- This site is optimized with the Yoast SEO plugin v23.8 - https:\/\/yoast.com\/wordpress\/plugins\/seo\/ -->\n<title>Friesenrat schl\u00e4gt zusammen mit Minderheitenrats- vertretenden aller anderen Minderheiten Deutschlands der FUEN Resolution vor - Minderheitensekretariat<\/title>\n<meta name=\"robots\" content=\"index, follow, max-snippet:-1, max-image-preview:large, max-video-preview:-1\" \/>\n<link rel=\"canonical\" href=\"https:\/\/www.minderheitensekretariat.de\/en\/2024\/07\/12\/friesenrat-schlaegt-zusammen-mit-minderheitenratsvertretenden-aller-anderen-minderheiten-deutschlands-der-fuen-resolution-vor\/\" \/>\n<meta property=\"og:locale\" content=\"en_US\" \/>\n<meta property=\"og:type\" content=\"article\" \/>\n<meta property=\"og:title\" content=\"Friesenrat schl\u00e4gt zusammen mit Minderheitenrats- vertretenden aller anderen Minderheiten Deutschlands der FUEN Resolution vor - Minderheitensekretariat\" \/>\n<meta property=\"og:description\" content=\"Gegen die Eintragung von allgemeinen Begriffen in Regional- und Minderheitensprachen als gesch\u00fctzte kommerzielle Marken\" \/>\n<meta property=\"og:url\" content=\"https:\/\/www.minderheitensekretariat.de\/en\/2024\/07\/12\/friesenrat-schlaegt-zusammen-mit-minderheitenratsvertretenden-aller-anderen-minderheiten-deutschlands-der-fuen-resolution-vor\/\" \/>\n<meta property=\"og:site_name\" content=\"Minderheitensekretariat\" \/>\n<meta property=\"article:publisher\" content=\"https:\/\/www.facebook.com\/minderheitensekretariat.de\" \/>\n<meta property=\"article:published_time\" content=\"2024-07-12T12:07:38+00:00\" \/>\n<meta property=\"article:modified_time\" content=\"2024-07-12T12:08:51+00:00\" \/>\n<meta property=\"og:image\" content=\"https:\/\/www.minderheitensekretariat.de\/wp-content\/uploads\/2024\/05\/Minderheitensekretariat_Logo-scaled.jpg\" \/>\n\t<meta property=\"og:image:width\" content=\"2560\" \/>\n\t<meta property=\"og:image:height\" content=\"1460\" \/>\n\t<meta property=\"og:image:type\" content=\"image\/jpeg\" \/>\n<meta name=\"author\" content=\"Minderheitensekretariat\" \/>\n<meta name=\"twitter:card\" content=\"summary_large_image\" \/>\n<meta name=\"twitter:label1\" content=\"Written by\" \/>\n\t<meta name=\"twitter:data1\" content=\"Minderheitensekretariat\" \/>\n\t<meta name=\"twitter:label2\" content=\"Est. reading time\" \/>\n\t<meta name=\"twitter:data2\" content=\"2 minutes\" \/>\n<script type=\"application\/ld+json\" class=\"yoast-schema-graph\">{\"@context\":\"https:\/\/schema.org\",\"@graph\":[{\"@type\":\"Article\",\"@id\":\"https:\/\/www.minderheitensekretariat.de\/en\/2024\/07\/12\/friesenrat-schlaegt-zusammen-mit-minderheitenratsvertretenden-aller-anderen-minderheiten-deutschlands-der-fuen-resolution-vor\/#article\",\"isPartOf\":{\"@id\":\"https:\/\/www.minderheitensekretariat.de\/en\/2024\/07\/12\/friesenrat-schlaegt-zusammen-mit-minderheitenratsvertretenden-aller-anderen-minderheiten-deutschlands-der-fuen-resolution-vor\/\"},\"author\":{\"name\":\"Minderheitensekretariat\",\"@id\":\"https:\/\/www.minderheitensekretariat.de\/en\/#\/schema\/person\/55df1c4c912f10debba5dfc9bc26c1cf\"},\"headline\":\"Friesenrat schl\u00e4gt zusammen mit Minderheitenrats- vertretenden aller anderen Minderheiten Deutschlands der FUEN Resolution vor\",\"datePublished\":\"2024-07-12T12:07:38+00:00\",\"dateModified\":\"2024-07-12T12:08:51+00:00\",\"mainEntityOfPage\":{\"@id\":\"https:\/\/www.minderheitensekretariat.de\/en\/2024\/07\/12\/friesenrat-schlaegt-zusammen-mit-minderheitenratsvertretenden-aller-anderen-minderheiten-deutschlands-der-fuen-resolution-vor\/\"},\"wordCount\":207,\"publisher\":{\"@id\":\"https:\/\/www.minderheitensekretariat.de\/en\/#organization\"},\"image\":{\"@id\":\"https:\/\/www.minderheitensekretariat.de\/en\/2024\/07\/12\/friesenrat-schlaegt-zusammen-mit-minderheitenratsvertretenden-aller-anderen-minderheiten-deutschlands-der-fuen-resolution-vor\/#primaryimage\"},\"thumbnailUrl\":\"https:\/\/www.minderheitensekretariat.de\/wp-content\/uploads\/2024\/05\/Minderheitensekretariat_Logo-scaled.jpg\",\"articleSection\":[\"Startseite\"],\"inLanguage\":\"en-US\"},{\"@type\":\"WebPage\",\"@id\":\"https:\/\/www.minderheitensekretariat.de\/en\/2024\/07\/12\/friesenrat-schlaegt-zusammen-mit-minderheitenratsvertretenden-aller-anderen-minderheiten-deutschlands-der-fuen-resolution-vor\/\",\"url\":\"https:\/\/www.minderheitensekretariat.de\/en\/2024\/07\/12\/friesenrat-schlaegt-zusammen-mit-minderheitenratsvertretenden-aller-anderen-minderheiten-deutschlands-der-fuen-resolution-vor\/\",\"name\":\"Friesenrat schl\u00e4gt zusammen mit Minderheitenrats- vertretenden aller anderen Minderheiten Deutschlands der FUEN Resolution vor - Minderheitensekretariat\",\"isPartOf\":{\"@id\":\"https:\/\/www.minderheitensekretariat.de\/en\/#website\"},\"primaryImageOfPage\":{\"@id\":\"https:\/\/www.minderheitensekretariat.de\/en\/2024\/07\/12\/friesenrat-schlaegt-zusammen-mit-minderheitenratsvertretenden-aller-anderen-minderheiten-deutschlands-der-fuen-resolution-vor\/#primaryimage\"},\"image\":{\"@id\":\"https:\/\/www.minderheitensekretariat.de\/en\/2024\/07\/12\/friesenrat-schlaegt-zusammen-mit-minderheitenratsvertretenden-aller-anderen-minderheiten-deutschlands-der-fuen-resolution-vor\/#primaryimage\"},\"thumbnailUrl\":\"https:\/\/www.minderheitensekretariat.de\/wp-content\/uploads\/2024\/05\/Minderheitensekretariat_Logo-scaled.jpg\",\"datePublished\":\"2024-07-12T12:07:38+00:00\",\"dateModified\":\"2024-07-12T12:08:51+00:00\",\"breadcrumb\":{\"@id\":\"https:\/\/www.minderheitensekretariat.de\/en\/2024\/07\/12\/friesenrat-schlaegt-zusammen-mit-minderheitenratsvertretenden-aller-anderen-minderheiten-deutschlands-der-fuen-resolution-vor\/#breadcrumb\"},\"inLanguage\":\"en-US\",\"potentialAction\":[{\"@type\":\"ReadAction\",\"target\":[\"https:\/\/www.minderheitensekretariat.de\/en\/2024\/07\/12\/friesenrat-schlaegt-zusammen-mit-minderheitenratsvertretenden-aller-anderen-minderheiten-deutschlands-der-fuen-resolution-vor\/\"]}]},{\"@type\":\"ImageObject\",\"inLanguage\":\"en-US\",\"@id\":\"https:\/\/www.minderheitensekretariat.de\/en\/2024\/07\/12\/friesenrat-schlaegt-zusammen-mit-minderheitenratsvertretenden-aller-anderen-minderheiten-deutschlands-der-fuen-resolution-vor\/#primaryimage\",\"url\":\"https:\/\/www.minderheitensekretariat.de\/wp-content\/uploads\/2024\/05\/Minderheitensekretariat_Logo-scaled.jpg\",\"contentUrl\":\"https:\/\/www.minderheitensekretariat.de\/wp-content\/uploads\/2024\/05\/Minderheitensekretariat_Logo-scaled.jpg\",\"width\":2560,\"height\":1460},{\"@type\":\"BreadcrumbList\",\"@id\":\"https:\/\/www.minderheitensekretariat.de\/en\/2024\/07\/12\/friesenrat-schlaegt-zusammen-mit-minderheitenratsvertretenden-aller-anderen-minderheiten-deutschlands-der-fuen-resolution-vor\/#breadcrumb\",\"itemListElement\":[{\"@type\":\"ListItem\",\"position\":1,\"name\":\"Startseite\",\"item\":\"https:\/\/www.minderheitensekretariat.de\/en\/\"},{\"@type\":\"ListItem\",\"position\":2,\"name\":\"Friesenrat schl\u00e4gt zusammen mit Minderheitenrats- vertretenden aller anderen Minderheiten Deutschlands der FUEN Resolution vor\"}]},{\"@type\":\"WebSite\",\"@id\":\"https:\/\/www.minderheitensekretariat.de\/en\/#website\",\"url\":\"https:\/\/www.minderheitensekretariat.de\/en\/\",\"name\":\"Minderheitensekretariat\",\"description\":\"\",\"publisher\":{\"@id\":\"https:\/\/www.minderheitensekretariat.de\/en\/#organization\"},\"potentialAction\":[{\"@type\":\"SearchAction\",\"target\":{\"@type\":\"EntryPoint\",\"urlTemplate\":\"https:\/\/www.minderheitensekretariat.de\/en\/?s={search_term_string}\"},\"query-input\":{\"@type\":\"PropertyValueSpecification\",\"valueRequired\":true,\"valueName\":\"search_term_string\"}}],\"inLanguage\":\"en-US\"},{\"@type\":\"Organization\",\"@id\":\"https:\/\/www.minderheitensekretariat.de\/en\/#organization\",\"name\":\"Minderheitensekretariat\",\"url\":\"https:\/\/www.minderheitensekretariat.de\/en\/\",\"logo\":{\"@type\":\"ImageObject\",\"inLanguage\":\"en-US\",\"@id\":\"https:\/\/www.minderheitensekretariat.de\/en\/#\/schema\/logo\/image\/\",\"url\":\"https:\/\/www.minderheitensekretariat.de\/wp-content\/uploads\/2023\/03\/Min_sek_Logo_4c.jpg\",\"contentUrl\":\"https:\/\/www.minderheitensekretariat.de\/wp-content\/uploads\/2023\/03\/Min_sek_Logo_4c.jpg\",\"width\":984,\"height\":236,\"caption\":\"Minderheitensekretariat\"},\"image\":{\"@id\":\"https:\/\/www.minderheitensekretariat.de\/en\/#\/schema\/logo\/image\/\"},\"sameAs\":[\"https:\/\/www.facebook.com\/minderheitensekretariat.de\"]},{\"@type\":\"Person\",\"@id\":\"https:\/\/www.minderheitensekretariat.de\/en\/#\/schema\/person\/55df1c4c912f10debba5dfc9bc26c1cf\",\"name\":\"Minderheitensekretariat\",\"image\":{\"@type\":\"ImageObject\",\"inLanguage\":\"en-US\",\"@id\":\"https:\/\/www.minderheitensekretariat.de\/en\/#\/schema\/person\/image\/\",\"url\":\"https:\/\/secure.gravatar.com\/avatar\/370caba7511c95d16d2d05ef3fa57095fae805fdb97d13f46df8534525f106da?s=96&d=mm&r=g\",\"contentUrl\":\"https:\/\/secure.gravatar.com\/avatar\/370caba7511c95d16d2d05ef3fa57095fae805fdb97d13f46df8534525f106da?s=96&d=mm&r=g\",\"caption\":\"Minderheitensekretariat\"},\"sameAs\":[\"https:\/\/www.minderheitensekretariat.de\"],\"url\":\"https:\/\/www.minderheitensekretariat.de\/en\/author\/minderheitensekretariat\/\"}]}<\/script>\n<!-- \/ Yoast SEO plugin. -->","yoast_head_json":{"title":"Friesenrat schl\u00e4gt zusammen mit Minderheitenrats- vertretenden aller anderen Minderheiten Deutschlands der FUEN Resolution vor - Minderheitensekretariat","robots":{"index":"index","follow":"follow","max-snippet":"max-snippet:-1","max-image-preview":"max-image-preview:large","max-video-preview":"max-video-preview:-1"},"canonical":"https:\/\/www.minderheitensekretariat.de\/en\/2024\/07\/12\/friesenrat-schlaegt-zusammen-mit-minderheitenratsvertretenden-aller-anderen-minderheiten-deutschlands-der-fuen-resolution-vor\/","og_locale":"en_US","og_type":"article","og_title":"Friesenrat schl\u00e4gt zusammen mit Minderheitenrats- vertretenden aller anderen Minderheiten Deutschlands der FUEN Resolution vor - Minderheitensekretariat","og_description":"Gegen die Eintragung von allgemeinen Begriffen in Regional- und Minderheitensprachen als gesch\u00fctzte kommerzielle Marken","og_url":"https:\/\/www.minderheitensekretariat.de\/en\/2024\/07\/12\/friesenrat-schlaegt-zusammen-mit-minderheitenratsvertretenden-aller-anderen-minderheiten-deutschlands-der-fuen-resolution-vor\/","og_site_name":"Minderheitensekretariat","article_publisher":"https:\/\/www.facebook.com\/minderheitensekretariat.de","article_published_time":"2024-07-12T12:07:38+00:00","article_modified_time":"2024-07-12T12:08:51+00:00","og_image":[{"width":2560,"height":1460,"url":"https:\/\/www.minderheitensekretariat.de\/wp-content\/uploads\/2024\/05\/Minderheitensekretariat_Logo-scaled.jpg","type":"image\/jpeg"}],"author":"Minderheitensekretariat","twitter_card":"summary_large_image","twitter_misc":{"Written by":"Minderheitensekretariat","Est. reading time":"2 minutes"},"schema":{"@context":"https:\/\/schema.org","@graph":[{"@type":"Article","@id":"https:\/\/www.minderheitensekretariat.de\/en\/2024\/07\/12\/friesenrat-schlaegt-zusammen-mit-minderheitenratsvertretenden-aller-anderen-minderheiten-deutschlands-der-fuen-resolution-vor\/#article","isPartOf":{"@id":"https:\/\/www.minderheitensekretariat.de\/en\/2024\/07\/12\/friesenrat-schlaegt-zusammen-mit-minderheitenratsvertretenden-aller-anderen-minderheiten-deutschlands-der-fuen-resolution-vor\/"},"author":{"name":"Minderheitensekretariat","@id":"https:\/\/www.minderheitensekretariat.de\/en\/#\/schema\/person\/55df1c4c912f10debba5dfc9bc26c1cf"},"headline":"Friesenrat schl\u00e4gt zusammen mit Minderheitenrats- vertretenden aller anderen Minderheiten Deutschlands der FUEN Resolution vor","datePublished":"2024-07-12T12:07:38+00:00","dateModified":"2024-07-12T12:08:51+00:00","mainEntityOfPage":{"@id":"https:\/\/www.minderheitensekretariat.de\/en\/2024\/07\/12\/friesenrat-schlaegt-zusammen-mit-minderheitenratsvertretenden-aller-anderen-minderheiten-deutschlands-der-fuen-resolution-vor\/"},"wordCount":207,"publisher":{"@id":"https:\/\/www.minderheitensekretariat.de\/en\/#organization"},"image":{"@id":"https:\/\/www.minderheitensekretariat.de\/en\/2024\/07\/12\/friesenrat-schlaegt-zusammen-mit-minderheitenratsvertretenden-aller-anderen-minderheiten-deutschlands-der-fuen-resolution-vor\/#primaryimage"},"thumbnailUrl":"https:\/\/www.minderheitensekretariat.de\/wp-content\/uploads\/2024\/05\/Minderheitensekretariat_Logo-scaled.jpg","articleSection":["Startseite"],"inLanguage":"en-US"},{"@type":"WebPage","@id":"https:\/\/www.minderheitensekretariat.de\/en\/2024\/07\/12\/friesenrat-schlaegt-zusammen-mit-minderheitenratsvertretenden-aller-anderen-minderheiten-deutschlands-der-fuen-resolution-vor\/","url":"https:\/\/www.minderheitensekretariat.de\/en\/2024\/07\/12\/friesenrat-schlaegt-zusammen-mit-minderheitenratsvertretenden-aller-anderen-minderheiten-deutschlands-der-fuen-resolution-vor\/","name":"Friesenrat schl\u00e4gt zusammen mit Minderheitenrats- vertretenden aller anderen Minderheiten Deutschlands der FUEN Resolution vor - Minderheitensekretariat","isPartOf":{"@id":"https:\/\/www.minderheitensekretariat.de\/en\/#website"},"primaryImageOfPage":{"@id":"https:\/\/www.minderheitensekretariat.de\/en\/2024\/07\/12\/friesenrat-schlaegt-zusammen-mit-minderheitenratsvertretenden-aller-anderen-minderheiten-deutschlands-der-fuen-resolution-vor\/#primaryimage"},"image":{"@id":"https:\/\/www.minderheitensekretariat.de\/en\/2024\/07\/12\/friesenrat-schlaegt-zusammen-mit-minderheitenratsvertretenden-aller-anderen-minderheiten-deutschlands-der-fuen-resolution-vor\/#primaryimage"},"thumbnailUrl":"https:\/\/www.minderheitensekretariat.de\/wp-content\/uploads\/2024\/05\/Minderheitensekretariat_Logo-scaled.jpg","datePublished":"2024-07-12T12:07:38+00:00","dateModified":"2024-07-12T12:08:51+00:00","breadcrumb":{"@id":"https:\/\/www.minderheitensekretariat.de\/en\/2024\/07\/12\/friesenrat-schlaegt-zusammen-mit-minderheitenratsvertretenden-aller-anderen-minderheiten-deutschlands-der-fuen-resolution-vor\/#breadcrumb"},"inLanguage":"en-US","potentialAction":[{"@type":"ReadAction","target":["https:\/\/www.minderheitensekretariat.de\/en\/2024\/07\/12\/friesenrat-schlaegt-zusammen-mit-minderheitenratsvertretenden-aller-anderen-minderheiten-deutschlands-der-fuen-resolution-vor\/"]}]},{"@type":"ImageObject","inLanguage":"en-US","@id":"https:\/\/www.minderheitensekretariat.de\/en\/2024\/07\/12\/friesenrat-schlaegt-zusammen-mit-minderheitenratsvertretenden-aller-anderen-minderheiten-deutschlands-der-fuen-resolution-vor\/#primaryimage","url":"https:\/\/www.minderheitensekretariat.de\/wp-content\/uploads\/2024\/05\/Minderheitensekretariat_Logo-scaled.jpg","contentUrl":"https:\/\/www.minderheitensekretariat.de\/wp-content\/uploads\/2024\/05\/Minderheitensekretariat_Logo-scaled.jpg","width":2560,"height":1460},{"@type":"BreadcrumbList","@id":"https:\/\/www.minderheitensekretariat.de\/en\/2024\/07\/12\/friesenrat-schlaegt-zusammen-mit-minderheitenratsvertretenden-aller-anderen-minderheiten-deutschlands-der-fuen-resolution-vor\/#breadcrumb","itemListElement":[{"@type":"ListItem","position":1,"name":"Startseite","item":"https:\/\/www.minderheitensekretariat.de\/en\/"},{"@type":"ListItem","position":2,"name":"Friesenrat schl\u00e4gt zusammen mit Minderheitenrats- vertretenden aller anderen Minderheiten Deutschlands der FUEN Resolution vor"}]},{"@type":"WebSite","@id":"https:\/\/www.minderheitensekretariat.de\/en\/#website","url":"https:\/\/www.minderheitensekretariat.de\/en\/","name":"Minderheitensekretariat","description":"","publisher":{"@id":"https:\/\/www.minderheitensekretariat.de\/en\/#organization"},"potentialAction":[{"@type":"SearchAction","target":{"@type":"EntryPoint","urlTemplate":"https:\/\/www.minderheitensekretariat.de\/en\/?s={search_term_string}"},"query-input":{"@type":"PropertyValueSpecification","valueRequired":true,"valueName":"search_term_string"}}],"inLanguage":"en-US"},{"@type":"Organization","@id":"https:\/\/www.minderheitensekretariat.de\/en\/#organization","name":"Minderheitensekretariat","url":"https:\/\/www.minderheitensekretariat.de\/en\/","logo":{"@type":"ImageObject","inLanguage":"en-US","@id":"https:\/\/www.minderheitensekretariat.de\/en\/#\/schema\/logo\/image\/","url":"https:\/\/www.minderheitensekretariat.de\/wp-content\/uploads\/2023\/03\/Min_sek_Logo_4c.jpg","contentUrl":"https:\/\/www.minderheitensekretariat.de\/wp-content\/uploads\/2023\/03\/Min_sek_Logo_4c.jpg","width":984,"height":236,"caption":"Minderheitensekretariat"},"image":{"@id":"https:\/\/www.minderheitensekretariat.de\/en\/#\/schema\/logo\/image\/"},"sameAs":["https:\/\/www.facebook.com\/minderheitensekretariat.de"]},{"@type":"Person","@id":"https:\/\/www.minderheitensekretariat.de\/en\/#\/schema\/person\/55df1c4c912f10debba5dfc9bc26c1cf","name":"Minderheitensekretariat","image":{"@type":"ImageObject","inLanguage":"en-US","@id":"https:\/\/www.minderheitensekretariat.de\/en\/#\/schema\/person\/image\/","url":"https:\/\/secure.gravatar.com\/avatar\/370caba7511c95d16d2d05ef3fa57095fae805fdb97d13f46df8534525f106da?s=96&d=mm&r=g","contentUrl":"https:\/\/secure.gravatar.com\/avatar\/370caba7511c95d16d2d05ef3fa57095fae805fdb97d13f46df8534525f106da?s=96&d=mm&r=g","caption":"Minderheitensekretariat"},"sameAs":["https:\/\/www.minderheitensekretariat.de"],"url":"https:\/\/www.minderheitensekretariat.de\/en\/author\/minderheitensekretariat\/"}]}},"_links":{"self":[{"href":"https:\/\/www.minderheitensekretariat.de\/en\/wp-json\/wp\/v2\/posts\/17726","targetHints":{"allow":["GET"]}}],"collection":[{"href":"https:\/\/www.minderheitensekretariat.de\/en\/wp-json\/wp\/v2\/posts"}],"about":[{"href":"https:\/\/www.minderheitensekretariat.de\/en\/wp-json\/wp\/v2\/types\/post"}],"author":[{"embeddable":true,"href":"https:\/\/www.minderheitensekretariat.de\/en\/wp-json\/wp\/v2\/users\/1"}],"replies":[{"embeddable":true,"href":"https:\/\/www.minderheitensekretariat.de\/en\/wp-json\/wp\/v2\/comments?post=17726"}],"version-history":[{"count":8,"href":"https:\/\/www.minderheitensekretariat.de\/en\/wp-json\/wp\/v2\/posts\/17726\/revisions"}],"predecessor-version":[{"id":17849,"href":"https:\/\/www.minderheitensekretariat.de\/en\/wp-json\/wp\/v2\/posts\/17726\/revisions\/17849"}],"wp:featuredmedia":[{"embeddable":true,"href":"https:\/\/www.minderheitensekretariat.de\/en\/wp-json\/wp\/v2\/media\/17470"}],"wp:attachment":[{"href":"https:\/\/www.minderheitensekretariat.de\/en\/wp-json\/wp\/v2\/media?parent=17726"}],"wp:term":[{"taxonomy":"category","embeddable":true,"href":"https:\/\/www.minderheitensekretariat.de\/en\/wp-json\/wp\/v2\/categories?post=17726"},{"taxonomy":"post_tag","embeddable":true,"href":"https:\/\/www.minderheitensekretariat.de\/en\/wp-json\/wp\/v2\/tags?post=17726"}],"curies":[{"name":"wp","href":"https:\/\/api.w.org\/{rel}","templated":true}]}}