{"id":18078,"date":"2024-09-18T12:03:38","date_gmt":"2024-09-18T10:03:38","guid":{"rendered":"https:\/\/www.minderheitensekretariat.de\/?p=18078"},"modified":"2024-09-18T12:45:03","modified_gmt":"2024-09-18T10:45:03","slug":"neue-zweisprachige-beschilderung-im-amt-foehr-amrum","status":"publish","type":"post","link":"https:\/\/www.minderheitensekretariat.de\/en\/2024\/09\/18\/neue-zweisprachige-beschilderung-im-amt-foehr-amrum\/","title":{"rendered":"Neue zweisprachige Beschilderung im Amt F\u00f6hr-Amrum"},"content":{"rendered":"\t\t<div data-elementor-type=\"wp-post\" data-elementor-id=\"18078\" class=\"elementor elementor-18078\" data-elementor-post-type=\"post\">\n\t\t\t\t\t\t<section class=\"elementor-section elementor-top-section elementor-element elementor-element-7333b6f elementor-section-boxed elementor-section-height-default elementor-section-height-default\" data-id=\"7333b6f\" data-element_type=\"section\" data-settings=\"{&quot;background_background&quot;:&quot;gradient&quot;}\">\n\t\t\t\t\t\t\t<div class=\"elementor-background-overlay\"><\/div>\n\t\t\t\t\t\t\t<div class=\"elementor-container elementor-column-gap-default\">\n\t\t\t\t\t<div class=\"elementor-column elementor-col-100 elementor-top-column elementor-element elementor-element-1b921a3\" data-id=\"1b921a3\" data-element_type=\"column\">\n\t\t\t<div class=\"elementor-widget-wrap elementor-element-populated\">\n\t\t\t\t\t\t<section class=\"elementor-section elementor-inner-section elementor-element elementor-element-b0fb436 elementor-section-full_width elementor-section-height-default elementor-section-height-default\" data-id=\"b0fb436\" data-element_type=\"section\">\n\t\t\t\t\t\t<div class=\"elementor-container elementor-column-gap-default\">\n\t\t\t\t\t<div class=\"elementor-column elementor-col-50 elementor-inner-column elementor-element elementor-element-fa2d1aa\" data-id=\"fa2d1aa\" data-element_type=\"column\">\n\t\t\t<div class=\"elementor-widget-wrap elementor-element-populated\">\n\t\t\t\t\t\t<div class=\"elementor-element elementor-element-ea2fe1b elementor-widget elementor-widget-image\" data-id=\"ea2fe1b\" data-element_type=\"widget\" data-widget_type=\"image.default\">\n\t\t\t\t<div class=\"elementor-widget-container\">\n\t\t\t\t\t\t\t\t\t\t<figure class=\"wp-caption\">\n\t\t\t\t\t\t\t\t\t\t<img fetchpriority=\"high\" decoding=\"async\" width=\"800\" height=\"600\" src=\"https:\/\/www.minderheitensekretariat.de\/wp-content\/uploads\/2024\/09\/Christian-Stemmer-links-und-Robert-Kleih-rechts-stellen-die-neue-zweisprachige-Beschilderung-im-Amt-Foehr-Amrum-vor-1024x768.jpg\" class=\"attachment-large size-large wp-image-18079\" alt=\"\" srcset=\"https:\/\/www.minderheitensekretariat.de\/wp-content\/uploads\/2024\/09\/Christian-Stemmer-links-und-Robert-Kleih-rechts-stellen-die-neue-zweisprachige-Beschilderung-im-Amt-Foehr-Amrum-vor-1024x768.jpg 1024w, https:\/\/www.minderheitensekretariat.de\/wp-content\/uploads\/2024\/09\/Christian-Stemmer-links-und-Robert-Kleih-rechts-stellen-die-neue-zweisprachige-Beschilderung-im-Amt-Foehr-Amrum-vor-300x225.jpg 300w, https:\/\/www.minderheitensekretariat.de\/wp-content\/uploads\/2024\/09\/Christian-Stemmer-links-und-Robert-Kleih-rechts-stellen-die-neue-zweisprachige-Beschilderung-im-Amt-Foehr-Amrum-vor-768x576.jpg 768w, https:\/\/www.minderheitensekretariat.de\/wp-content\/uploads\/2024\/09\/Christian-Stemmer-links-und-Robert-Kleih-rechts-stellen-die-neue-zweisprachige-Beschilderung-im-Amt-Foehr-Amrum-vor-1536x1152.jpg 1536w, https:\/\/www.minderheitensekretariat.de\/wp-content\/uploads\/2024\/09\/Christian-Stemmer-links-und-Robert-Kleih-rechts-stellen-die-neue-zweisprachige-Beschilderung-im-Amt-Foehr-Amrum-vor-2048x1536.jpg 2048w\" sizes=\"(max-width: 800px) 100vw, 800px\" \/>\t\t\t\t\t\t\t\t\t\t\t<figcaption class=\"widget-image-caption wp-caption-text\"><\/figcaption>\n\t\t\t\t\t\t\t\t\t\t<\/figure>\n\t\t\t\t\t\t\t<\/div>\n\t\t\t\t<\/div>\n\t\t\t\t\t<\/div>\n\t\t<\/div>\n\t\t\t\t<div class=\"elementor-column elementor-col-50 elementor-inner-column elementor-element elementor-element-f592ef7\" data-id=\"f592ef7\" data-element_type=\"column\">\n\t\t\t<div class=\"elementor-widget-wrap elementor-element-populated\">\n\t\t\t\t\t\t<div class=\"elementor-element elementor-element-03b0f5e elementor-widget elementor-widget-text-editor\" data-id=\"03b0f5e\" data-element_type=\"widget\" data-widget_type=\"text-editor.default\">\n\t\t\t\t<div class=\"elementor-widget-container\">\n\t\t\t\t\t\t\t18\/09\/2024\t\t\t\t\t\t<\/div>\n\t\t\t\t<\/div>\n\t\t\t\t<div class=\"elementor-element elementor-element-1a51d24 elementor-widget elementor-widget-text-editor\" data-id=\"1a51d24\" data-element_type=\"widget\" data-widget_type=\"text-editor.default\">\n\t\t\t\t<div class=\"elementor-widget-container\">\n\t\t\t\t\t\t\tDas Gesetz zur F\u00f6rderung der friesischen Sprache im \u00f6ffentlichen Raum findet nun Umsetzung in Form einer zweisprachigen (Deutsch\/ Ferring bzw. F\u00f6hrer Friesisch) Beschilderung im Amtsgeb\u00e4ude in Wyk auf F\u00f6hr.\t\t\t\t\t\t<\/div>\n\t\t\t\t<\/div>\n\t\t\t\t<div class=\"elementor-element elementor-element-2aa7c17 elementor-widget-divider--view-line elementor-widget elementor-widget-divider\" data-id=\"2aa7c17\" data-element_type=\"widget\" data-widget_type=\"divider.default\">\n\t\t\t\t<div class=\"elementor-widget-container\">\n\t\t\t\t\t<div class=\"elementor-divider\">\n\t\t\t<span class=\"elementor-divider-separator\">\n\t\t\t\t\t\t<\/span>\n\t\t<\/div>\n\t\t\t\t<\/div>\n\t\t\t\t<\/div>\n\t\t\t\t\t<\/div>\n\t\t<\/div>\n\t\t\t\t\t<\/div>\n\t\t<\/section>\n\t\t\t\t<div class=\"elementor-element elementor-element-87b8590 elementor-hidden-mobile elementor-invisible elementor-widget elementor-widget-image\" data-id=\"87b8590\" data-element_type=\"widget\" data-settings=\"{&quot;_animation&quot;:&quot;fadeInDown&quot;,&quot;_animation_delay&quot;:1000}\" data-widget_type=\"image.default\">\n\t\t\t\t<div class=\"elementor-widget-container\">\n\t\t\t\t\t\t\t\t\t\t\t\t\t\t<a href=\"#mehr\">\n\t\t\t\t\t\t\t<img decoding=\"async\" width=\"27\" height=\"15\" src=\"https:\/\/www.minderheitensekretariat.de\/wp-content\/uploads\/2022\/07\/arrow_down.svg\" class=\"elementor-animation-shrink attachment-large size-large wp-image-657\" alt=\"\" \/>\t\t\t\t\t\t\t\t<\/a>\n\t\t\t\t\t\t\t\t\t\t\t\t\t<\/div>\n\t\t\t\t<\/div>\n\t\t\t\t<section class=\"elementor-section elementor-inner-section elementor-element elementor-element-8629abe elementor-section-boxed elementor-section-height-default elementor-section-height-default\" data-id=\"8629abe\" data-element_type=\"section\">\n\t\t\t\t\t\t<div class=\"elementor-container elementor-column-gap-default\">\n\t\t\t\t\t<div class=\"elementor-column elementor-col-100 elementor-inner-column elementor-element elementor-element-8fa23c1\" data-id=\"8fa23c1\" data-element_type=\"column\">\n\t\t\t<div class=\"elementor-widget-wrap elementor-element-populated\">\n\t\t\t\t\t\t<div class=\"elementor-element elementor-element-2440ca1 elementor-widget elementor-widget-heading\" data-id=\"2440ca1\" data-element_type=\"widget\" data-widget_type=\"heading.default\">\n\t\t\t\t<div class=\"elementor-widget-container\">\n\t\t\t<h2 class=\"elementor-heading-title elementor-size-default\"><p><b>Pressemitteilung Deutsch:<\/b><\/p><p><span style=\"color: var( --e-global-color-primary );background-color: transparent\">Im Fr\u00fchsommer 2024 schlug die Ferring Stiftung dem Amt F\u00f6hr Amrum vor, das Amtsgeb\u00e4ude in Wyk zweisprachig (Deutsch\/Friesisch) zu\nbeschildern. Dies traf auf gro\u00dfe Bereitschaft und Amtsdirektor Christian\nStemmer sicherte eine z\u00fcgige Umsetzung zu. Die Friesischen \u00dcbersetzungen\nstellte die Ferring Stiftung bereit, das Amt \u00fcbernahm die Umsetzung und schlug\nvor, auch das Amtsgeb\u00e4ude in Nebel auf Amrum nach dessen Umbau zweisprachig zu\nbeschildern.<\/span><\/p><p>Robert Kleih, der Vorsitzende der Ferring Stiftung, sagt:\n\u201eDas Gesetz zur F\u00f6rderung der friesischen Sprache im \u00f6ffentlichen Raum erlaubt\nzweisprachige Beschilderungen an \u00f6ffentlichen Geb\u00e4uden, doch leider wurde dies\nbislang zu selten umgesetzt. Deswegen freut es mich sehr, dass das Amt F\u00f6hr\nAmrum unsere Idee gleich positiv aufgenommen und umgesetzt hat. Dies ist nicht\nselbstverst\u00e4ndlich und deswegen bedanke ich mich sehr beim Amtsdirektor\nChristian Stemmer sowie allen Beteiligten, die in diesem Prozess involviert\nwaren. Friesisch spielt im Alltag auf F\u00f6hr eine wichtige Rolle, und wir hoffen\nauf viele Nachahmer auf den Inseln und dem Festland.\"<\/p><p><br><\/p><p><b>Pressemitteilung Fering (F\u00f6hrer Friesisch):<\/b><\/p><p>Uun a wos 2024 hee a Ferring Stifting bi\u2019t Amt Feer-Oomram\nf\u00f6\u00f6rslaanjen, dat altermaal skelten bi a Wik uun tau spriiken (tjiisk\/fering)\naphinget wurd. Det wurd gliks uunnimen an amtsdirekter Christian Stemmer hee\nferspreegen, dat det gau amsaat wurd skul. D\u00f6n Fering auersaatingen kem faan a\nFerring Stifting an at amt hee d\u00f6n skilten do besurigt. Uk bi\u2019t amt uun Neebel\n\u00fc\u00fcb Oomram skel sok skelten hen, wan h\u00f6r h\u00fcs ambaud as.<\/p><p>Robert Kleih, f\u00f6\u00f6rmaan faan a Ferring Stiftung, sait: \u201eUun\u2019t\ngesets tu\u2019t f\u00f6\u00f6rdrin faan a fresk spriik st\u00e4\u00e4nt, dat skelten m\u00e4 tau spriiken\naphinget wurd k\u00f6n, oober det wurd bit n\u00fc hen tu ei f\u00f6l amsaat. Diaram fr\u00f6\u00f6ge ik\nmi, dat at Amt Feer-Oomram \u00fc\u00fcs f\u00f6\u00f6rslach gliks gud uunnimen an amsaat hee. Det\nas ei aueraal so, an diaram maad ik mi bi amtsdirekter Christian Stemmer an\naltermaal wat m\u00e4werket haa betoonke. Fering spelet uun\u2019t daielk leewent \u00fc\u00fcb\nFeer en grat rol an wi h\u00f6\u00f6be, dat f\u00f6len \u00fc\u00fcb a eilunen an \u00fc\u00fcb feesteeg det\neftermaage.\u201c<\/p><\/h2>\t\t<\/div>\n\t\t\t\t<\/div>\n\t\t\t\t<div class=\"elementor-element elementor-element-c01359a elementor-widget elementor-widget-text-editor\" data-id=\"c01359a\" data-element_type=\"widget\" data-widget_type=\"text-editor.default\">\n\t\t\t\t<div class=\"elementor-widget-container\">\n\t\t\t\t\t\t\t<p><span style=\"color: var( --e-global-color-39532aa ); letter-spacing: 0px; background-color: transparent;\">(Quelle: <span style=\"text-decoration: underline;\"><strong><a href=\"https:\/\/ferring-stiftung.de\">Pressemitteilung der Ferring Stiftung<\/a><\/strong><\/span>, 13.09.2024<\/span><span style=\"color: var( --e-global-color-39532aa ); letter-spacing: 0px; background-color: transparent;\">)<\/span><\/p>\t\t\t\t\t\t<\/div>\n\t\t\t\t<\/div>\n\t\t\t\t\t<\/div>\n\t\t<\/div>\n\t\t\t\t\t<\/div>\n\t\t<\/section>\n\t\t\t\t<section class=\"elementor-section elementor-inner-section elementor-element elementor-element-79ac782 elementor-section-boxed elementor-section-height-default elementor-section-height-default\" data-id=\"79ac782\" data-element_type=\"section\">\n\t\t\t\t\t\t<div class=\"elementor-container elementor-column-gap-default\">\n\t\t\t\t\t<div class=\"elementor-column elementor-col-100 elementor-inner-column elementor-element elementor-element-535e876\" data-id=\"535e876\" data-element_type=\"column\">\n\t\t\t<div class=\"elementor-widget-wrap elementor-element-populated\">\n\t\t\t\t\t\t<div class=\"elementor-element elementor-element-96396bc elementor-align-center elementor-widget elementor-widget-button\" data-id=\"96396bc\" data-element_type=\"widget\" data-widget_type=\"button.default\">\n\t\t\t\t<div class=\"elementor-widget-container\">\n\t\t\t\t\t\t\t<div class=\"elementor-button-wrapper\">\n\t\t\t\t\t<a class=\"elementor-button elementor-button-link elementor-size-sm\" href=\"\/aktuelles\/\">\n\t\t\t\t\t\t<span class=\"elementor-button-content-wrapper\">\n\t\t\t\t\t\t\t\t\t<span class=\"elementor-button-text\">Zur\u00fcck zur \u00dcbersicht<\/span>\n\t\t\t\t\t<\/span>\n\t\t\t\t\t<\/a>\n\t\t\t\t<\/div>\n\t\t\t\t\t\t<\/div>\n\t\t\t\t<\/div>\n\t\t\t\t\t<\/div>\n\t\t<\/div>\n\t\t\t\t\t<\/div>\n\t\t<\/section>\n\t\t\t\t\t<\/div>\n\t\t<\/div>\n\t\t\t\t\t<\/div>\n\t\t<\/section>\n\t\t\t\t<\/div>\n\t\t","protected":false},"excerpt":{"rendered":"<p>Das Gesetz zur F\u00f6rderung der friesischen Sprache im \u00f6ffentlichen Raum findet nun Umsetzung in Form einer zweisprachigen (Deutsch\/ Ferring bzw. F\u00f6hrer Friesisch) Beschilderung im Amtsgeb\u00e4ude in Wyk auf F\u00f6hr.<\/p>\n","protected":false},"author":1,"featured_media":18079,"comment_status":"closed","ping_status":"closed","sticky":false,"template":"elementor_header_footer","format":"standard","meta":{"footnotes":""},"categories":[49],"tags":[],"class_list":["post-18078","post","type-post","status-publish","format-standard","has-post-thumbnail","hentry","category-startseite"],"yoast_head":"<!-- This site is optimized with the Yoast SEO plugin v23.8 - https:\/\/yoast.com\/wordpress\/plugins\/seo\/ -->\n<title>Neue zweisprachige Beschilderung im Amt F\u00f6hr-Amrum - Minderheitensekretariat<\/title>\n<meta name=\"robots\" content=\"index, follow, max-snippet:-1, max-image-preview:large, max-video-preview:-1\" \/>\n<link rel=\"canonical\" href=\"https:\/\/www.minderheitensekretariat.de\/en\/2024\/09\/18\/neue-zweisprachige-beschilderung-im-amt-foehr-amrum\/\" \/>\n<meta property=\"og:locale\" content=\"en_US\" \/>\n<meta property=\"og:type\" content=\"article\" \/>\n<meta property=\"og:title\" content=\"Neue zweisprachige Beschilderung im Amt F\u00f6hr-Amrum - Minderheitensekretariat\" \/>\n<meta property=\"og:description\" content=\"Das Gesetz zur F\u00f6rderung der friesischen Sprache im \u00f6ffentlichen Raum findet nun Umsetzung in Form einer zweisprachigen (Deutsch\/ Ferring bzw. F\u00f6hrer Friesisch) Beschilderung im Amtsgeb\u00e4ude in Wyk auf F\u00f6hr.\" \/>\n<meta property=\"og:url\" content=\"https:\/\/www.minderheitensekretariat.de\/en\/2024\/09\/18\/neue-zweisprachige-beschilderung-im-amt-foehr-amrum\/\" \/>\n<meta property=\"og:site_name\" content=\"Minderheitensekretariat\" \/>\n<meta property=\"article:publisher\" content=\"https:\/\/www.facebook.com\/minderheitensekretariat.de\" \/>\n<meta property=\"article:published_time\" content=\"2024-09-18T10:03:38+00:00\" \/>\n<meta property=\"article:modified_time\" content=\"2024-09-18T10:45:03+00:00\" \/>\n<meta property=\"og:image\" content=\"https:\/\/www.minderheitensekretariat.de\/wp-content\/uploads\/2024\/09\/Christian-Stemmer-links-und-Robert-Kleih-rechts-stellen-die-neue-zweisprachige-Beschilderung-im-Amt-Foehr-Amrum-vor-scaled.jpg\" \/>\n\t<meta property=\"og:image:width\" content=\"2560\" \/>\n\t<meta property=\"og:image:height\" content=\"1920\" \/>\n\t<meta property=\"og:image:type\" content=\"image\/jpeg\" \/>\n<meta name=\"author\" content=\"Minderheitensekretariat\" \/>\n<meta name=\"twitter:card\" content=\"summary_large_image\" \/>\n<meta name=\"twitter:label1\" content=\"Written by\" \/>\n\t<meta name=\"twitter:data1\" content=\"Minderheitensekretariat\" \/>\n\t<meta name=\"twitter:label2\" content=\"Est. reading time\" \/>\n\t<meta name=\"twitter:data2\" content=\"3 minutes\" \/>\n<script type=\"application\/ld+json\" class=\"yoast-schema-graph\">{\"@context\":\"https:\/\/schema.org\",\"@graph\":[{\"@type\":\"Article\",\"@id\":\"https:\/\/www.minderheitensekretariat.de\/en\/2024\/09\/18\/neue-zweisprachige-beschilderung-im-amt-foehr-amrum\/#article\",\"isPartOf\":{\"@id\":\"https:\/\/www.minderheitensekretariat.de\/en\/2024\/09\/18\/neue-zweisprachige-beschilderung-im-amt-foehr-amrum\/\"},\"author\":{\"name\":\"Minderheitensekretariat\",\"@id\":\"https:\/\/www.minderheitensekretariat.de\/en\/#\/schema\/person\/55df1c4c912f10debba5dfc9bc26c1cf\"},\"headline\":\"Neue zweisprachige Beschilderung im Amt F\u00f6hr-Amrum\",\"datePublished\":\"2024-09-18T10:03:38+00:00\",\"dateModified\":\"2024-09-18T10:45:03+00:00\",\"mainEntityOfPage\":{\"@id\":\"https:\/\/www.minderheitensekretariat.de\/en\/2024\/09\/18\/neue-zweisprachige-beschilderung-im-amt-foehr-amrum\/\"},\"wordCount\":377,\"publisher\":{\"@id\":\"https:\/\/www.minderheitensekretariat.de\/en\/#organization\"},\"image\":{\"@id\":\"https:\/\/www.minderheitensekretariat.de\/en\/2024\/09\/18\/neue-zweisprachige-beschilderung-im-amt-foehr-amrum\/#primaryimage\"},\"thumbnailUrl\":\"https:\/\/www.minderheitensekretariat.de\/wp-content\/uploads\/2024\/09\/Christian-Stemmer-links-und-Robert-Kleih-rechts-stellen-die-neue-zweisprachige-Beschilderung-im-Amt-Foehr-Amrum-vor-scaled.jpg\",\"articleSection\":[\"Startseite\"],\"inLanguage\":\"en-US\"},{\"@type\":\"WebPage\",\"@id\":\"https:\/\/www.minderheitensekretariat.de\/en\/2024\/09\/18\/neue-zweisprachige-beschilderung-im-amt-foehr-amrum\/\",\"url\":\"https:\/\/www.minderheitensekretariat.de\/en\/2024\/09\/18\/neue-zweisprachige-beschilderung-im-amt-foehr-amrum\/\",\"name\":\"Neue zweisprachige Beschilderung im Amt F\u00f6hr-Amrum - Minderheitensekretariat\",\"isPartOf\":{\"@id\":\"https:\/\/www.minderheitensekretariat.de\/en\/#website\"},\"primaryImageOfPage\":{\"@id\":\"https:\/\/www.minderheitensekretariat.de\/en\/2024\/09\/18\/neue-zweisprachige-beschilderung-im-amt-foehr-amrum\/#primaryimage\"},\"image\":{\"@id\":\"https:\/\/www.minderheitensekretariat.de\/en\/2024\/09\/18\/neue-zweisprachige-beschilderung-im-amt-foehr-amrum\/#primaryimage\"},\"thumbnailUrl\":\"https:\/\/www.minderheitensekretariat.de\/wp-content\/uploads\/2024\/09\/Christian-Stemmer-links-und-Robert-Kleih-rechts-stellen-die-neue-zweisprachige-Beschilderung-im-Amt-Foehr-Amrum-vor-scaled.jpg\",\"datePublished\":\"2024-09-18T10:03:38+00:00\",\"dateModified\":\"2024-09-18T10:45:03+00:00\",\"breadcrumb\":{\"@id\":\"https:\/\/www.minderheitensekretariat.de\/en\/2024\/09\/18\/neue-zweisprachige-beschilderung-im-amt-foehr-amrum\/#breadcrumb\"},\"inLanguage\":\"en-US\",\"potentialAction\":[{\"@type\":\"ReadAction\",\"target\":[\"https:\/\/www.minderheitensekretariat.de\/en\/2024\/09\/18\/neue-zweisprachige-beschilderung-im-amt-foehr-amrum\/\"]}]},{\"@type\":\"ImageObject\",\"inLanguage\":\"en-US\",\"@id\":\"https:\/\/www.minderheitensekretariat.de\/en\/2024\/09\/18\/neue-zweisprachige-beschilderung-im-amt-foehr-amrum\/#primaryimage\",\"url\":\"https:\/\/www.minderheitensekretariat.de\/wp-content\/uploads\/2024\/09\/Christian-Stemmer-links-und-Robert-Kleih-rechts-stellen-die-neue-zweisprachige-Beschilderung-im-Amt-Foehr-Amrum-vor-scaled.jpg\",\"contentUrl\":\"https:\/\/www.minderheitensekretariat.de\/wp-content\/uploads\/2024\/09\/Christian-Stemmer-links-und-Robert-Kleih-rechts-stellen-die-neue-zweisprachige-Beschilderung-im-Amt-Foehr-Amrum-vor-scaled.jpg\",\"width\":2560,\"height\":1920},{\"@type\":\"BreadcrumbList\",\"@id\":\"https:\/\/www.minderheitensekretariat.de\/en\/2024\/09\/18\/neue-zweisprachige-beschilderung-im-amt-foehr-amrum\/#breadcrumb\",\"itemListElement\":[{\"@type\":\"ListItem\",\"position\":1,\"name\":\"Startseite\",\"item\":\"https:\/\/www.minderheitensekretariat.de\/en\/\"},{\"@type\":\"ListItem\",\"position\":2,\"name\":\"Neue zweisprachige Beschilderung im Amt F\u00f6hr-Amrum\"}]},{\"@type\":\"WebSite\",\"@id\":\"https:\/\/www.minderheitensekretariat.de\/en\/#website\",\"url\":\"https:\/\/www.minderheitensekretariat.de\/en\/\",\"name\":\"Minderheitensekretariat\",\"description\":\"\",\"publisher\":{\"@id\":\"https:\/\/www.minderheitensekretariat.de\/en\/#organization\"},\"potentialAction\":[{\"@type\":\"SearchAction\",\"target\":{\"@type\":\"EntryPoint\",\"urlTemplate\":\"https:\/\/www.minderheitensekretariat.de\/en\/?s={search_term_string}\"},\"query-input\":{\"@type\":\"PropertyValueSpecification\",\"valueRequired\":true,\"valueName\":\"search_term_string\"}}],\"inLanguage\":\"en-US\"},{\"@type\":\"Organization\",\"@id\":\"https:\/\/www.minderheitensekretariat.de\/en\/#organization\",\"name\":\"Minderheitensekretariat\",\"url\":\"https:\/\/www.minderheitensekretariat.de\/en\/\",\"logo\":{\"@type\":\"ImageObject\",\"inLanguage\":\"en-US\",\"@id\":\"https:\/\/www.minderheitensekretariat.de\/en\/#\/schema\/logo\/image\/\",\"url\":\"https:\/\/www.minderheitensekretariat.de\/wp-content\/uploads\/2023\/03\/Min_sek_Logo_4c.jpg\",\"contentUrl\":\"https:\/\/www.minderheitensekretariat.de\/wp-content\/uploads\/2023\/03\/Min_sek_Logo_4c.jpg\",\"width\":984,\"height\":236,\"caption\":\"Minderheitensekretariat\"},\"image\":{\"@id\":\"https:\/\/www.minderheitensekretariat.de\/en\/#\/schema\/logo\/image\/\"},\"sameAs\":[\"https:\/\/www.facebook.com\/minderheitensekretariat.de\"]},{\"@type\":\"Person\",\"@id\":\"https:\/\/www.minderheitensekretariat.de\/en\/#\/schema\/person\/55df1c4c912f10debba5dfc9bc26c1cf\",\"name\":\"Minderheitensekretariat\",\"image\":{\"@type\":\"ImageObject\",\"inLanguage\":\"en-US\",\"@id\":\"https:\/\/www.minderheitensekretariat.de\/en\/#\/schema\/person\/image\/\",\"url\":\"https:\/\/secure.gravatar.com\/avatar\/370caba7511c95d16d2d05ef3fa57095fae805fdb97d13f46df8534525f106da?s=96&d=mm&r=g\",\"contentUrl\":\"https:\/\/secure.gravatar.com\/avatar\/370caba7511c95d16d2d05ef3fa57095fae805fdb97d13f46df8534525f106da?s=96&d=mm&r=g\",\"caption\":\"Minderheitensekretariat\"},\"sameAs\":[\"https:\/\/www.minderheitensekretariat.de\"],\"url\":\"https:\/\/www.minderheitensekretariat.de\/en\/author\/minderheitensekretariat\/\"}]}<\/script>\n<!-- \/ Yoast SEO plugin. -->","yoast_head_json":{"title":"Neue zweisprachige Beschilderung im Amt F\u00f6hr-Amrum - Minderheitensekretariat","robots":{"index":"index","follow":"follow","max-snippet":"max-snippet:-1","max-image-preview":"max-image-preview:large","max-video-preview":"max-video-preview:-1"},"canonical":"https:\/\/www.minderheitensekretariat.de\/en\/2024\/09\/18\/neue-zweisprachige-beschilderung-im-amt-foehr-amrum\/","og_locale":"en_US","og_type":"article","og_title":"Neue zweisprachige Beschilderung im Amt F\u00f6hr-Amrum - Minderheitensekretariat","og_description":"Das Gesetz zur F\u00f6rderung der friesischen Sprache im \u00f6ffentlichen Raum findet nun Umsetzung in Form einer zweisprachigen (Deutsch\/ Ferring bzw. F\u00f6hrer Friesisch) Beschilderung im Amtsgeb\u00e4ude in Wyk auf F\u00f6hr.","og_url":"https:\/\/www.minderheitensekretariat.de\/en\/2024\/09\/18\/neue-zweisprachige-beschilderung-im-amt-foehr-amrum\/","og_site_name":"Minderheitensekretariat","article_publisher":"https:\/\/www.facebook.com\/minderheitensekretariat.de","article_published_time":"2024-09-18T10:03:38+00:00","article_modified_time":"2024-09-18T10:45:03+00:00","og_image":[{"width":2560,"height":1920,"url":"https:\/\/www.minderheitensekretariat.de\/wp-content\/uploads\/2024\/09\/Christian-Stemmer-links-und-Robert-Kleih-rechts-stellen-die-neue-zweisprachige-Beschilderung-im-Amt-Foehr-Amrum-vor-scaled.jpg","type":"image\/jpeg"}],"author":"Minderheitensekretariat","twitter_card":"summary_large_image","twitter_misc":{"Written by":"Minderheitensekretariat","Est. reading time":"3 minutes"},"schema":{"@context":"https:\/\/schema.org","@graph":[{"@type":"Article","@id":"https:\/\/www.minderheitensekretariat.de\/en\/2024\/09\/18\/neue-zweisprachige-beschilderung-im-amt-foehr-amrum\/#article","isPartOf":{"@id":"https:\/\/www.minderheitensekretariat.de\/en\/2024\/09\/18\/neue-zweisprachige-beschilderung-im-amt-foehr-amrum\/"},"author":{"name":"Minderheitensekretariat","@id":"https:\/\/www.minderheitensekretariat.de\/en\/#\/schema\/person\/55df1c4c912f10debba5dfc9bc26c1cf"},"headline":"Neue zweisprachige Beschilderung im Amt F\u00f6hr-Amrum","datePublished":"2024-09-18T10:03:38+00:00","dateModified":"2024-09-18T10:45:03+00:00","mainEntityOfPage":{"@id":"https:\/\/www.minderheitensekretariat.de\/en\/2024\/09\/18\/neue-zweisprachige-beschilderung-im-amt-foehr-amrum\/"},"wordCount":377,"publisher":{"@id":"https:\/\/www.minderheitensekretariat.de\/en\/#organization"},"image":{"@id":"https:\/\/www.minderheitensekretariat.de\/en\/2024\/09\/18\/neue-zweisprachige-beschilderung-im-amt-foehr-amrum\/#primaryimage"},"thumbnailUrl":"https:\/\/www.minderheitensekretariat.de\/wp-content\/uploads\/2024\/09\/Christian-Stemmer-links-und-Robert-Kleih-rechts-stellen-die-neue-zweisprachige-Beschilderung-im-Amt-Foehr-Amrum-vor-scaled.jpg","articleSection":["Startseite"],"inLanguage":"en-US"},{"@type":"WebPage","@id":"https:\/\/www.minderheitensekretariat.de\/en\/2024\/09\/18\/neue-zweisprachige-beschilderung-im-amt-foehr-amrum\/","url":"https:\/\/www.minderheitensekretariat.de\/en\/2024\/09\/18\/neue-zweisprachige-beschilderung-im-amt-foehr-amrum\/","name":"Neue zweisprachige Beschilderung im Amt F\u00f6hr-Amrum - Minderheitensekretariat","isPartOf":{"@id":"https:\/\/www.minderheitensekretariat.de\/en\/#website"},"primaryImageOfPage":{"@id":"https:\/\/www.minderheitensekretariat.de\/en\/2024\/09\/18\/neue-zweisprachige-beschilderung-im-amt-foehr-amrum\/#primaryimage"},"image":{"@id":"https:\/\/www.minderheitensekretariat.de\/en\/2024\/09\/18\/neue-zweisprachige-beschilderung-im-amt-foehr-amrum\/#primaryimage"},"thumbnailUrl":"https:\/\/www.minderheitensekretariat.de\/wp-content\/uploads\/2024\/09\/Christian-Stemmer-links-und-Robert-Kleih-rechts-stellen-die-neue-zweisprachige-Beschilderung-im-Amt-Foehr-Amrum-vor-scaled.jpg","datePublished":"2024-09-18T10:03:38+00:00","dateModified":"2024-09-18T10:45:03+00:00","breadcrumb":{"@id":"https:\/\/www.minderheitensekretariat.de\/en\/2024\/09\/18\/neue-zweisprachige-beschilderung-im-amt-foehr-amrum\/#breadcrumb"},"inLanguage":"en-US","potentialAction":[{"@type":"ReadAction","target":["https:\/\/www.minderheitensekretariat.de\/en\/2024\/09\/18\/neue-zweisprachige-beschilderung-im-amt-foehr-amrum\/"]}]},{"@type":"ImageObject","inLanguage":"en-US","@id":"https:\/\/www.minderheitensekretariat.de\/en\/2024\/09\/18\/neue-zweisprachige-beschilderung-im-amt-foehr-amrum\/#primaryimage","url":"https:\/\/www.minderheitensekretariat.de\/wp-content\/uploads\/2024\/09\/Christian-Stemmer-links-und-Robert-Kleih-rechts-stellen-die-neue-zweisprachige-Beschilderung-im-Amt-Foehr-Amrum-vor-scaled.jpg","contentUrl":"https:\/\/www.minderheitensekretariat.de\/wp-content\/uploads\/2024\/09\/Christian-Stemmer-links-und-Robert-Kleih-rechts-stellen-die-neue-zweisprachige-Beschilderung-im-Amt-Foehr-Amrum-vor-scaled.jpg","width":2560,"height":1920},{"@type":"BreadcrumbList","@id":"https:\/\/www.minderheitensekretariat.de\/en\/2024\/09\/18\/neue-zweisprachige-beschilderung-im-amt-foehr-amrum\/#breadcrumb","itemListElement":[{"@type":"ListItem","position":1,"name":"Startseite","item":"https:\/\/www.minderheitensekretariat.de\/en\/"},{"@type":"ListItem","position":2,"name":"Neue zweisprachige Beschilderung im Amt F\u00f6hr-Amrum"}]},{"@type":"WebSite","@id":"https:\/\/www.minderheitensekretariat.de\/en\/#website","url":"https:\/\/www.minderheitensekretariat.de\/en\/","name":"Minderheitensekretariat","description":"","publisher":{"@id":"https:\/\/www.minderheitensekretariat.de\/en\/#organization"},"potentialAction":[{"@type":"SearchAction","target":{"@type":"EntryPoint","urlTemplate":"https:\/\/www.minderheitensekretariat.de\/en\/?s={search_term_string}"},"query-input":{"@type":"PropertyValueSpecification","valueRequired":true,"valueName":"search_term_string"}}],"inLanguage":"en-US"},{"@type":"Organization","@id":"https:\/\/www.minderheitensekretariat.de\/en\/#organization","name":"Minderheitensekretariat","url":"https:\/\/www.minderheitensekretariat.de\/en\/","logo":{"@type":"ImageObject","inLanguage":"en-US","@id":"https:\/\/www.minderheitensekretariat.de\/en\/#\/schema\/logo\/image\/","url":"https:\/\/www.minderheitensekretariat.de\/wp-content\/uploads\/2023\/03\/Min_sek_Logo_4c.jpg","contentUrl":"https:\/\/www.minderheitensekretariat.de\/wp-content\/uploads\/2023\/03\/Min_sek_Logo_4c.jpg","width":984,"height":236,"caption":"Minderheitensekretariat"},"image":{"@id":"https:\/\/www.minderheitensekretariat.de\/en\/#\/schema\/logo\/image\/"},"sameAs":["https:\/\/www.facebook.com\/minderheitensekretariat.de"]},{"@type":"Person","@id":"https:\/\/www.minderheitensekretariat.de\/en\/#\/schema\/person\/55df1c4c912f10debba5dfc9bc26c1cf","name":"Minderheitensekretariat","image":{"@type":"ImageObject","inLanguage":"en-US","@id":"https:\/\/www.minderheitensekretariat.de\/en\/#\/schema\/person\/image\/","url":"https:\/\/secure.gravatar.com\/avatar\/370caba7511c95d16d2d05ef3fa57095fae805fdb97d13f46df8534525f106da?s=96&d=mm&r=g","contentUrl":"https:\/\/secure.gravatar.com\/avatar\/370caba7511c95d16d2d05ef3fa57095fae805fdb97d13f46df8534525f106da?s=96&d=mm&r=g","caption":"Minderheitensekretariat"},"sameAs":["https:\/\/www.minderheitensekretariat.de"],"url":"https:\/\/www.minderheitensekretariat.de\/en\/author\/minderheitensekretariat\/"}]}},"_links":{"self":[{"href":"https:\/\/www.minderheitensekretariat.de\/en\/wp-json\/wp\/v2\/posts\/18078","targetHints":{"allow":["GET"]}}],"collection":[{"href":"https:\/\/www.minderheitensekretariat.de\/en\/wp-json\/wp\/v2\/posts"}],"about":[{"href":"https:\/\/www.minderheitensekretariat.de\/en\/wp-json\/wp\/v2\/types\/post"}],"author":[{"embeddable":true,"href":"https:\/\/www.minderheitensekretariat.de\/en\/wp-json\/wp\/v2\/users\/1"}],"replies":[{"embeddable":true,"href":"https:\/\/www.minderheitensekretariat.de\/en\/wp-json\/wp\/v2\/comments?post=18078"}],"version-history":[{"count":7,"href":"https:\/\/www.minderheitensekretariat.de\/en\/wp-json\/wp\/v2\/posts\/18078\/revisions"}],"predecessor-version":[{"id":18100,"href":"https:\/\/www.minderheitensekretariat.de\/en\/wp-json\/wp\/v2\/posts\/18078\/revisions\/18100"}],"wp:featuredmedia":[{"embeddable":true,"href":"https:\/\/www.minderheitensekretariat.de\/en\/wp-json\/wp\/v2\/media\/18079"}],"wp:attachment":[{"href":"https:\/\/www.minderheitensekretariat.de\/en\/wp-json\/wp\/v2\/media?parent=18078"}],"wp:term":[{"taxonomy":"category","embeddable":true,"href":"https:\/\/www.minderheitensekretariat.de\/en\/wp-json\/wp\/v2\/categories?post=18078"},{"taxonomy":"post_tag","embeddable":true,"href":"https:\/\/www.minderheitensekretariat.de\/en\/wp-json\/wp\/v2\/tags?post=18078"}],"curies":[{"name":"wp","href":"https:\/\/api.w.org\/{rel}","templated":true}]}}