{"id":18110,"date":"2024-09-30T14:51:25","date_gmt":"2024-09-30T12:51:25","guid":{"rendered":"https:\/\/www.minderheitensekretariat.de\/?p=18110"},"modified":"2024-09-30T16:51:06","modified_gmt":"2024-09-30T14:51:06","slug":"stellenausschreibung-referentin-m-w-d-fuer-wissensvermittlung","status":"publish","type":"post","link":"https:\/\/www.minderheitensekretariat.de\/en\/2024\/09\/30\/stellenausschreibung-referentin-m-w-d-fuer-wissensvermittlung\/","title":{"rendered":"Stellenausschreibung: Referent*in (m\/w\/d) f\u00fcr Wissensvermittlung"},"content":{"rendered":"\t\t<div data-elementor-type=\"wp-post\" data-elementor-id=\"18110\" class=\"elementor elementor-18110\" data-elementor-post-type=\"post\">\n\t\t\t\t\t\t<section class=\"elementor-section elementor-top-section elementor-element elementor-element-7333b6f elementor-section-boxed elementor-section-height-default elementor-section-height-default\" data-id=\"7333b6f\" data-element_type=\"section\" data-settings=\"{&quot;background_background&quot;:&quot;gradient&quot;}\">\n\t\t\t\t\t\t\t<div class=\"elementor-background-overlay\"><\/div>\n\t\t\t\t\t\t\t<div class=\"elementor-container elementor-column-gap-default\">\n\t\t\t\t\t<div class=\"elementor-column elementor-col-100 elementor-top-column elementor-element elementor-element-1b921a3\" data-id=\"1b921a3\" data-element_type=\"column\">\n\t\t\t<div class=\"elementor-widget-wrap elementor-element-populated\">\n\t\t\t\t\t\t<section class=\"elementor-section elementor-inner-section elementor-element elementor-element-b0fb436 elementor-section-full_width elementor-section-height-default elementor-section-height-default\" data-id=\"b0fb436\" data-element_type=\"section\">\n\t\t\t\t\t\t<div class=\"elementor-container elementor-column-gap-default\">\n\t\t\t\t\t<div class=\"elementor-column elementor-col-50 elementor-inner-column elementor-element elementor-element-fa2d1aa\" data-id=\"fa2d1aa\" data-element_type=\"column\">\n\t\t\t<div class=\"elementor-widget-wrap elementor-element-populated\">\n\t\t\t\t\t\t<div class=\"elementor-element elementor-element-ea2fe1b elementor-widget elementor-widget-image\" data-id=\"ea2fe1b\" data-element_type=\"widget\" data-widget_type=\"image.default\">\n\t\t\t\t<div class=\"elementor-widget-container\">\n\t\t\t\t\t\t\t\t\t\t<figure class=\"wp-caption\">\n\t\t\t\t\t\t\t\t\t\t<img fetchpriority=\"high\" decoding=\"async\" width=\"800\" height=\"456\" src=\"https:\/\/www.minderheitensekretariat.de\/wp-content\/uploads\/2024\/05\/Minderheitensekretariat_Logo-1024x584.jpg\" class=\"attachment-large size-large wp-image-17470\" alt=\"\" srcset=\"https:\/\/www.minderheitensekretariat.de\/wp-content\/uploads\/2024\/05\/Minderheitensekretariat_Logo-1024x584.jpg 1024w, https:\/\/www.minderheitensekretariat.de\/wp-content\/uploads\/2024\/05\/Minderheitensekretariat_Logo-300x171.jpg 300w, https:\/\/www.minderheitensekretariat.de\/wp-content\/uploads\/2024\/05\/Minderheitensekretariat_Logo-768x438.jpg 768w, https:\/\/www.minderheitensekretariat.de\/wp-content\/uploads\/2024\/05\/Minderheitensekretariat_Logo-1536x876.jpg 1536w, https:\/\/www.minderheitensekretariat.de\/wp-content\/uploads\/2024\/05\/Minderheitensekretariat_Logo-2048x1168.jpg 2048w\" sizes=\"(max-width: 800px) 100vw, 800px\" \/>\t\t\t\t\t\t\t\t\t\t\t<figcaption class=\"widget-image-caption wp-caption-text\"><\/figcaption>\n\t\t\t\t\t\t\t\t\t\t<\/figure>\n\t\t\t\t\t\t\t<\/div>\n\t\t\t\t<\/div>\n\t\t\t\t\t<\/div>\n\t\t<\/div>\n\t\t\t\t<div class=\"elementor-column elementor-col-50 elementor-inner-column elementor-element elementor-element-f592ef7\" data-id=\"f592ef7\" data-element_type=\"column\">\n\t\t\t<div class=\"elementor-widget-wrap elementor-element-populated\">\n\t\t\t\t\t\t<div class=\"elementor-element elementor-element-03b0f5e elementor-widget elementor-widget-text-editor\" data-id=\"03b0f5e\" data-element_type=\"widget\" data-widget_type=\"text-editor.default\">\n\t\t\t\t<div class=\"elementor-widget-container\">\n\t\t\t\t\t\t\t30\/09\/2024\t\t\t\t\t\t<\/div>\n\t\t\t\t<\/div>\n\t\t\t\t<div class=\"elementor-element elementor-element-1a51d24 elementor-widget elementor-widget-text-editor\" data-id=\"1a51d24\" data-element_type=\"widget\" data-widget_type=\"text-editor.default\">\n\t\t\t\t<div class=\"elementor-widget-container\">\n\t\t\t\t\t\t\tWir stellen ein: Referent*in (m\/w\/d) f\u00fcr Wissensvermittlung.\t\t\t\t\t\t<\/div>\n\t\t\t\t<\/div>\n\t\t\t\t<div class=\"elementor-element elementor-element-2aa7c17 elementor-widget-divider--view-line elementor-widget elementor-widget-divider\" data-id=\"2aa7c17\" data-element_type=\"widget\" data-widget_type=\"divider.default\">\n\t\t\t\t<div class=\"elementor-widget-container\">\n\t\t\t\t\t<div class=\"elementor-divider\">\n\t\t\t<span class=\"elementor-divider-separator\">\n\t\t\t\t\t\t<\/span>\n\t\t<\/div>\n\t\t\t\t<\/div>\n\t\t\t\t<\/div>\n\t\t\t\t\t<\/div>\n\t\t<\/div>\n\t\t\t\t\t<\/div>\n\t\t<\/section>\n\t\t\t\t<div class=\"elementor-element elementor-element-87b8590 elementor-hidden-mobile elementor-invisible elementor-widget elementor-widget-image\" data-id=\"87b8590\" data-element_type=\"widget\" data-settings=\"{&quot;_animation&quot;:&quot;fadeInDown&quot;,&quot;_animation_delay&quot;:1000}\" data-widget_type=\"image.default\">\n\t\t\t\t<div class=\"elementor-widget-container\">\n\t\t\t\t\t\t\t\t\t\t\t\t\t\t<a href=\"#mehr\">\n\t\t\t\t\t\t\t<img decoding=\"async\" width=\"27\" height=\"15\" src=\"https:\/\/www.minderheitensekretariat.de\/wp-content\/uploads\/2022\/07\/arrow_down.svg\" class=\"elementor-animation-shrink attachment-large size-large wp-image-657\" alt=\"\" \/>\t\t\t\t\t\t\t\t<\/a>\n\t\t\t\t\t\t\t\t\t\t\t\t\t<\/div>\n\t\t\t\t<\/div>\n\t\t\t\t<section class=\"elementor-section elementor-inner-section elementor-element elementor-element-8629abe elementor-section-boxed elementor-section-height-default elementor-section-height-default\" data-id=\"8629abe\" data-element_type=\"section\">\n\t\t\t\t\t\t<div class=\"elementor-container elementor-column-gap-default\">\n\t\t\t\t\t<div class=\"elementor-column elementor-col-100 elementor-inner-column elementor-element elementor-element-8fa23c1\" data-id=\"8fa23c1\" data-element_type=\"column\">\n\t\t\t<div class=\"elementor-widget-wrap elementor-element-populated\">\n\t\t\t\t\t\t<div class=\"elementor-element elementor-element-c01359a elementor-widget elementor-widget-text-editor\" data-id=\"c01359a\" data-element_type=\"widget\" data-widget_type=\"text-editor.default\">\n\t\t\t\t<div class=\"elementor-widget-container\">\n\t\t\t\t\t\t\t<p class=\"MsoNormal\">Das Minderheitensekretariat der vier autochthonen nationalen Minderheiten und Volksgruppen in Deutschland sucht zum n\u00e4chstm\u00f6glichen Zeitpunkt:<\/p>\n<p class=\"MsoNormal\">Eine*n Referent*in (m\/w\/d) f\u00fcr Wissensvermittlung<\/p><p class=\"MsoNormal\"><br><\/p>\n<p class=\"MsoNormal\"><b>Wir bieten Dir:<\/b><\/p>\n<ul style=\"margin-top: 0cm;\" type=\"disc\">\n<li class=\"MsoNormal\">eine interessante, nicht allt\u00e4gliche, eigenst\u00e4ndige T\u00e4tigkeit in einem kleinen,<br>neu entstehenden Team mit flachen Hierarchien in einem mehrsprachigen<br>Umfeld,<\/li>\n<li class=\"MsoNormal\">flexible Arbeitszeit im Umfang von 30 Stunden\/Woche (nach Absprache ggf. tempor\u00e4r<br>auch mehr m\u00f6glich),<\/li>\n<li class=\"MsoNormal\">Bezahlung bei entsprechenden pers\u00f6nlichen Voraussetzungen bis zu E13 TV-L,<\/li>\n<li class=\"MsoNormal\">Arbeitsort im Zentrum Berlins mit guter Verkehrsanbindung und Homeofficem\u00f6glichkeiten nach Absprache.<\/li>\n<\/ul>\n<p class=\"MsoNormal\">\n<\/p><p class=\"MsoNormal\"><b>Du m\u00f6chtest zu folgenden Schwerpunkten arbeiten:<\/b><\/p>\n<ul style=\"margin-top: 0cm;\" type=\"disc\">\n<li class=\"MsoNormal\">Erstellen von minderheiten- oder sprachenpolitischen Expertisen und Konzepten f\u00fcr<br>die Arbeit des Minderheitensekretariates,<\/li>\n<li class=\"MsoNormal\">Konzeptionierung und Erarbeitung von Formaten und Materialien der Wissensvermittlung \u00fcber die autochthonen nationalen Minderheiten und Volksgruppen in Deutschland sowie ihre Sprachen f\u00fcr verschiedene Zielgruppen (z.B. Schule, Hochschule, Erwachsenenbildung, Politik, Verwaltung, Medien, \u00d6ffentlichkeit),<\/li>\n<li class=\"MsoNormal\">\u00d6ffentlichkeitsarbeit und Durchf\u00fchrung von Veranstaltungen zur Wissensvermittlung,<\/li>\n<li class=\"MsoNormal\">Thematische Begleitung politischer Prozesse auf Bundes- und l\u00e4nder\u00fcbergreifender Ebene,<\/li>\n<li class=\"MsoNormal\">Unterst\u00fctzung der Arbeit von Minderheitensekretariat und Minderheitenrat.<\/li>\n<\/ul>\n<p class=\"MsoNormal\">\n<\/p><p class=\"MsoNormal\"><b>Diese Voraussetzungen bringst Du mit:<\/b><\/p>\n<ul style=\"margin-top: 0cm;\" type=\"disc\">\n<li class=\"MsoNormal\">ein abgeschlossenes wissenschaftliches Hochschulstudium (Master, Magister,<br>Universit\u00e4tsdiplom oder vergleichbar) der Sozial-, Bildungs-, Kultur-,<br>Politik-, Geistes-, Rechtswissenschaften,<\/li>\n<li class=\"MsoNormal\">mindestens 2 Jahre Berufserfahrung im politiknahen Bereich.<\/li>\n<\/ul>\n<p class=\"MsoNormal\" style=\"margin-left: 36.0pt;\">\n<\/p><p class=\"MsoNormal\"><b>Wir w\u00fcrden uns \u00fcber die folgenden Kompetenzen ebenfalls<br>freuen:<\/b><\/p>\n<ul style=\"margin-top: 0cm;\" type=\"disc\">\n<li class=\"MsoNormal\">Verhandlungsgeschick und Interesse an kultursensibler und politischer Kommunikation,<\/li>\n<\/ul>\n<ul style=\"margin-top: 0cm;\" type=\"disc\">\n<li class=\"MsoNormal\">sicheres Auftreten und die F\u00e4higkeit, sich schnell in neue Aufgabengebiete<br>einzuarbeiten,<\/li>\n<li class=\"MsoNormal\">F\u00e4higkeit zu konzeptionellem, strategischem und strukturiertem Arbeiten,<\/li>\n<li class=\"MsoNormal\">Kommunikations- und Kooperationsf\u00e4higkeit,<\/li>\n<li class=\"MsoNormal\">hohes Ma\u00df an Eigeninitiative und Eigenverantwortung,<\/li>\n<li class=\"MsoNormal\">F\u00e4higkeit komplexe Sachverhalte schriftlich und m\u00fcndlich in einer pr\u00e4gnant<br>verst\u00e4ndlichen Art zu erl\u00e4utern,<\/li>\n<li class=\"MsoNormal\">ausgepr\u00e4gtes Interesse an den Themenbereichen des Minderheitensekretariats,<\/li>\n<li class=\"MsoNormal\">hohe Sozialkompetenz sowie interkulturelle Kompetenz,<\/li>\n<li class=\"MsoNormal\">gesellschaftliches Engagement,<\/li>\n<li class=\"MsoNormal\">sehr gute Kenntnisse der englischen Sprache, die mindestens Niveaustufe B2 des<br>Gemeinsamen Europ\u00e4ischen Referenzrahmens entsprechen,<\/li>\n<\/ul>\n<ul style=\"margin-top: 0cm;\" type=\"disc\">\n<li class=\"MsoNormal\">Kenntnisse in den \u00fcblichen MS-Office-Anwendungen sowie WordPress.<\/li>\n<\/ul>\n<p class=\"MsoNormal\" style=\"margin-left: 36.0pt;\">\n<\/p><p class=\"MsoNormal\">Dann freuen wir uns auf Deine Bewerbung in einem Pdf per E-Mail bis zum 28. Oktober 2024 an: info@minderheitensekretariat.de!<\/p>\n<p class=\"MsoNormal\">Die Stelle ist zun\u00e4chst bis Jahresende befristet, eine Verl\u00e4ngerung ist vorbehaltlich der Bewilligung der Mittel angestrebt.<\/p>\n<p class=\"MsoNormal\">F\u00fcr R\u00fcckfragen steht die Leiterin des Minderheitensekretariates, Nele Feuring, unter n.feuring@minderheitensekretariat.de zur Verf\u00fcgung.<\/p>\n<p class=\"MsoNormal\"><a href=\"http:\/\/www.minderheitensekretariat.de\/\">www.minderheitensekretariat.de<\/a><\/p>\n<p class=\"MsoNormal\">\n<\/p>\n<p class=\"MsoNormal\">(Quelle: Minderheitensekretariat, 30.09.2024)<\/p>\t\t\t\t\t\t<\/div>\n\t\t\t\t<\/div>\n\t\t\t\t\t<\/div>\n\t\t<\/div>\n\t\t\t\t\t<\/div>\n\t\t<\/section>\n\t\t\t\t<section class=\"elementor-section elementor-inner-section elementor-element elementor-element-79ac782 elementor-section-boxed elementor-section-height-default elementor-section-height-default\" data-id=\"79ac782\" data-element_type=\"section\">\n\t\t\t\t\t\t<div class=\"elementor-container elementor-column-gap-default\">\n\t\t\t\t\t<div class=\"elementor-column elementor-col-100 elementor-inner-column elementor-element elementor-element-535e876\" data-id=\"535e876\" data-element_type=\"column\">\n\t\t\t<div class=\"elementor-widget-wrap elementor-element-populated\">\n\t\t\t\t\t\t<div class=\"elementor-element elementor-element-96396bc elementor-align-center elementor-widget elementor-widget-button\" data-id=\"96396bc\" data-element_type=\"widget\" data-widget_type=\"button.default\">\n\t\t\t\t<div class=\"elementor-widget-container\">\n\t\t\t\t\t\t\t<div class=\"elementor-button-wrapper\">\n\t\t\t\t\t<a class=\"elementor-button elementor-button-link elementor-size-sm\" href=\"\/aktuelles\/\">\n\t\t\t\t\t\t<span class=\"elementor-button-content-wrapper\">\n\t\t\t\t\t\t\t\t\t<span class=\"elementor-button-text\">Zur\u00fcck zur \u00dcbersicht<\/span>\n\t\t\t\t\t<\/span>\n\t\t\t\t\t<\/a>\n\t\t\t\t<\/div>\n\t\t\t\t\t\t<\/div>\n\t\t\t\t<\/div>\n\t\t\t\t\t<\/div>\n\t\t<\/div>\n\t\t\t\t\t<\/div>\n\t\t<\/section>\n\t\t\t\t\t<\/div>\n\t\t<\/div>\n\t\t\t\t\t<\/div>\n\t\t<\/section>\n\t\t\t\t<\/div>\n\t\t","protected":false},"excerpt":{"rendered":"<p>Wir stellen ein: Referent*in (m\/w\/d) f\u00fcr Wissensvermittlung.<\/p>\n","protected":false},"author":1,"featured_media":17470,"comment_status":"closed","ping_status":"closed","sticky":false,"template":"elementor_header_footer","format":"standard","meta":{"footnotes":""},"categories":[49],"tags":[],"class_list":["post-18110","post","type-post","status-publish","format-standard","has-post-thumbnail","hentry","category-startseite"],"yoast_head":"<!-- This site is optimized with the Yoast SEO plugin v23.8 - https:\/\/yoast.com\/wordpress\/plugins\/seo\/ -->\n<title>Stellenausschreibung: Referent*in (m\/w\/d) f\u00fcr Wissensvermittlung - Minderheitensekretariat<\/title>\n<meta name=\"robots\" content=\"index, follow, max-snippet:-1, max-image-preview:large, max-video-preview:-1\" \/>\n<link rel=\"canonical\" href=\"https:\/\/www.minderheitensekretariat.de\/en\/2024\/09\/30\/stellenausschreibung-referentin-m-w-d-fuer-wissensvermittlung\/\" \/>\n<meta property=\"og:locale\" content=\"en_US\" \/>\n<meta property=\"og:type\" content=\"article\" \/>\n<meta property=\"og:title\" content=\"Stellenausschreibung: Referent*in (m\/w\/d) f\u00fcr Wissensvermittlung - Minderheitensekretariat\" \/>\n<meta property=\"og:description\" content=\"Wir stellen ein: Referent*in (m\/w\/d) f\u00fcr Wissensvermittlung.\" \/>\n<meta property=\"og:url\" content=\"https:\/\/www.minderheitensekretariat.de\/en\/2024\/09\/30\/stellenausschreibung-referentin-m-w-d-fuer-wissensvermittlung\/\" \/>\n<meta property=\"og:site_name\" content=\"Minderheitensekretariat\" \/>\n<meta property=\"article:publisher\" content=\"https:\/\/www.facebook.com\/minderheitensekretariat.de\" \/>\n<meta property=\"article:published_time\" content=\"2024-09-30T12:51:25+00:00\" \/>\n<meta property=\"article:modified_time\" content=\"2024-09-30T14:51:06+00:00\" \/>\n<meta property=\"og:image\" content=\"https:\/\/www.minderheitensekretariat.de\/wp-content\/uploads\/2024\/05\/Minderheitensekretariat_Logo-scaled.jpg\" \/>\n\t<meta property=\"og:image:width\" content=\"2560\" \/>\n\t<meta property=\"og:image:height\" content=\"1460\" \/>\n\t<meta property=\"og:image:type\" content=\"image\/jpeg\" \/>\n<meta name=\"author\" content=\"Minderheitensekretariat\" \/>\n<meta name=\"twitter:card\" content=\"summary_large_image\" \/>\n<meta name=\"twitter:label1\" content=\"Written by\" \/>\n\t<meta name=\"twitter:data1\" content=\"Minderheitensekretariat\" \/>\n\t<meta name=\"twitter:label2\" content=\"Est. reading time\" \/>\n\t<meta name=\"twitter:data2\" content=\"3 minutes\" \/>\n<script type=\"application\/ld+json\" class=\"yoast-schema-graph\">{\"@context\":\"https:\/\/schema.org\",\"@graph\":[{\"@type\":\"Article\",\"@id\":\"https:\/\/www.minderheitensekretariat.de\/en\/2024\/09\/30\/stellenausschreibung-referentin-m-w-d-fuer-wissensvermittlung\/#article\",\"isPartOf\":{\"@id\":\"https:\/\/www.minderheitensekretariat.de\/en\/2024\/09\/30\/stellenausschreibung-referentin-m-w-d-fuer-wissensvermittlung\/\"},\"author\":{\"name\":\"Minderheitensekretariat\",\"@id\":\"https:\/\/www.minderheitensekretariat.de\/en\/#\/schema\/person\/55df1c4c912f10debba5dfc9bc26c1cf\"},\"headline\":\"Stellenausschreibung: Referent*in (m\/w\/d) f\u00fcr Wissensvermittlung\",\"datePublished\":\"2024-09-30T12:51:25+00:00\",\"dateModified\":\"2024-09-30T14:51:06+00:00\",\"mainEntityOfPage\":{\"@id\":\"https:\/\/www.minderheitensekretariat.de\/en\/2024\/09\/30\/stellenausschreibung-referentin-m-w-d-fuer-wissensvermittlung\/\"},\"wordCount\":378,\"publisher\":{\"@id\":\"https:\/\/www.minderheitensekretariat.de\/en\/#organization\"},\"image\":{\"@id\":\"https:\/\/www.minderheitensekretariat.de\/en\/2024\/09\/30\/stellenausschreibung-referentin-m-w-d-fuer-wissensvermittlung\/#primaryimage\"},\"thumbnailUrl\":\"https:\/\/www.minderheitensekretariat.de\/wp-content\/uploads\/2024\/05\/Minderheitensekretariat_Logo-scaled.jpg\",\"articleSection\":[\"Startseite\"],\"inLanguage\":\"en-US\"},{\"@type\":\"WebPage\",\"@id\":\"https:\/\/www.minderheitensekretariat.de\/en\/2024\/09\/30\/stellenausschreibung-referentin-m-w-d-fuer-wissensvermittlung\/\",\"url\":\"https:\/\/www.minderheitensekretariat.de\/en\/2024\/09\/30\/stellenausschreibung-referentin-m-w-d-fuer-wissensvermittlung\/\",\"name\":\"Stellenausschreibung: Referent*in (m\/w\/d) f\u00fcr Wissensvermittlung - Minderheitensekretariat\",\"isPartOf\":{\"@id\":\"https:\/\/www.minderheitensekretariat.de\/en\/#website\"},\"primaryImageOfPage\":{\"@id\":\"https:\/\/www.minderheitensekretariat.de\/en\/2024\/09\/30\/stellenausschreibung-referentin-m-w-d-fuer-wissensvermittlung\/#primaryimage\"},\"image\":{\"@id\":\"https:\/\/www.minderheitensekretariat.de\/en\/2024\/09\/30\/stellenausschreibung-referentin-m-w-d-fuer-wissensvermittlung\/#primaryimage\"},\"thumbnailUrl\":\"https:\/\/www.minderheitensekretariat.de\/wp-content\/uploads\/2024\/05\/Minderheitensekretariat_Logo-scaled.jpg\",\"datePublished\":\"2024-09-30T12:51:25+00:00\",\"dateModified\":\"2024-09-30T14:51:06+00:00\",\"breadcrumb\":{\"@id\":\"https:\/\/www.minderheitensekretariat.de\/en\/2024\/09\/30\/stellenausschreibung-referentin-m-w-d-fuer-wissensvermittlung\/#breadcrumb\"},\"inLanguage\":\"en-US\",\"potentialAction\":[{\"@type\":\"ReadAction\",\"target\":[\"https:\/\/www.minderheitensekretariat.de\/en\/2024\/09\/30\/stellenausschreibung-referentin-m-w-d-fuer-wissensvermittlung\/\"]}]},{\"@type\":\"ImageObject\",\"inLanguage\":\"en-US\",\"@id\":\"https:\/\/www.minderheitensekretariat.de\/en\/2024\/09\/30\/stellenausschreibung-referentin-m-w-d-fuer-wissensvermittlung\/#primaryimage\",\"url\":\"https:\/\/www.minderheitensekretariat.de\/wp-content\/uploads\/2024\/05\/Minderheitensekretariat_Logo-scaled.jpg\",\"contentUrl\":\"https:\/\/www.minderheitensekretariat.de\/wp-content\/uploads\/2024\/05\/Minderheitensekretariat_Logo-scaled.jpg\",\"width\":2560,\"height\":1460},{\"@type\":\"BreadcrumbList\",\"@id\":\"https:\/\/www.minderheitensekretariat.de\/en\/2024\/09\/30\/stellenausschreibung-referentin-m-w-d-fuer-wissensvermittlung\/#breadcrumb\",\"itemListElement\":[{\"@type\":\"ListItem\",\"position\":1,\"name\":\"Startseite\",\"item\":\"https:\/\/www.minderheitensekretariat.de\/en\/\"},{\"@type\":\"ListItem\",\"position\":2,\"name\":\"Stellenausschreibung: Referent*in (m\/w\/d) f\u00fcr Wissensvermittlung\"}]},{\"@type\":\"WebSite\",\"@id\":\"https:\/\/www.minderheitensekretariat.de\/en\/#website\",\"url\":\"https:\/\/www.minderheitensekretariat.de\/en\/\",\"name\":\"Minderheitensekretariat\",\"description\":\"\",\"publisher\":{\"@id\":\"https:\/\/www.minderheitensekretariat.de\/en\/#organization\"},\"potentialAction\":[{\"@type\":\"SearchAction\",\"target\":{\"@type\":\"EntryPoint\",\"urlTemplate\":\"https:\/\/www.minderheitensekretariat.de\/en\/?s={search_term_string}\"},\"query-input\":{\"@type\":\"PropertyValueSpecification\",\"valueRequired\":true,\"valueName\":\"search_term_string\"}}],\"inLanguage\":\"en-US\"},{\"@type\":\"Organization\",\"@id\":\"https:\/\/www.minderheitensekretariat.de\/en\/#organization\",\"name\":\"Minderheitensekretariat\",\"url\":\"https:\/\/www.minderheitensekretariat.de\/en\/\",\"logo\":{\"@type\":\"ImageObject\",\"inLanguage\":\"en-US\",\"@id\":\"https:\/\/www.minderheitensekretariat.de\/en\/#\/schema\/logo\/image\/\",\"url\":\"https:\/\/www.minderheitensekretariat.de\/wp-content\/uploads\/2023\/03\/Min_sek_Logo_4c.jpg\",\"contentUrl\":\"https:\/\/www.minderheitensekretariat.de\/wp-content\/uploads\/2023\/03\/Min_sek_Logo_4c.jpg\",\"width\":984,\"height\":236,\"caption\":\"Minderheitensekretariat\"},\"image\":{\"@id\":\"https:\/\/www.minderheitensekretariat.de\/en\/#\/schema\/logo\/image\/\"},\"sameAs\":[\"https:\/\/www.facebook.com\/minderheitensekretariat.de\"]},{\"@type\":\"Person\",\"@id\":\"https:\/\/www.minderheitensekretariat.de\/en\/#\/schema\/person\/55df1c4c912f10debba5dfc9bc26c1cf\",\"name\":\"Minderheitensekretariat\",\"image\":{\"@type\":\"ImageObject\",\"inLanguage\":\"en-US\",\"@id\":\"https:\/\/www.minderheitensekretariat.de\/en\/#\/schema\/person\/image\/\",\"url\":\"https:\/\/secure.gravatar.com\/avatar\/370caba7511c95d16d2d05ef3fa57095fae805fdb97d13f46df8534525f106da?s=96&d=mm&r=g\",\"contentUrl\":\"https:\/\/secure.gravatar.com\/avatar\/370caba7511c95d16d2d05ef3fa57095fae805fdb97d13f46df8534525f106da?s=96&d=mm&r=g\",\"caption\":\"Minderheitensekretariat\"},\"sameAs\":[\"https:\/\/www.minderheitensekretariat.de\"],\"url\":\"https:\/\/www.minderheitensekretariat.de\/en\/author\/minderheitensekretariat\/\"}]}<\/script>\n<!-- \/ Yoast SEO plugin. -->","yoast_head_json":{"title":"Stellenausschreibung: Referent*in (m\/w\/d) f\u00fcr Wissensvermittlung - Minderheitensekretariat","robots":{"index":"index","follow":"follow","max-snippet":"max-snippet:-1","max-image-preview":"max-image-preview:large","max-video-preview":"max-video-preview:-1"},"canonical":"https:\/\/www.minderheitensekretariat.de\/en\/2024\/09\/30\/stellenausschreibung-referentin-m-w-d-fuer-wissensvermittlung\/","og_locale":"en_US","og_type":"article","og_title":"Stellenausschreibung: Referent*in (m\/w\/d) f\u00fcr Wissensvermittlung - Minderheitensekretariat","og_description":"Wir stellen ein: Referent*in (m\/w\/d) f\u00fcr Wissensvermittlung.","og_url":"https:\/\/www.minderheitensekretariat.de\/en\/2024\/09\/30\/stellenausschreibung-referentin-m-w-d-fuer-wissensvermittlung\/","og_site_name":"Minderheitensekretariat","article_publisher":"https:\/\/www.facebook.com\/minderheitensekretariat.de","article_published_time":"2024-09-30T12:51:25+00:00","article_modified_time":"2024-09-30T14:51:06+00:00","og_image":[{"width":2560,"height":1460,"url":"https:\/\/www.minderheitensekretariat.de\/wp-content\/uploads\/2024\/05\/Minderheitensekretariat_Logo-scaled.jpg","type":"image\/jpeg"}],"author":"Minderheitensekretariat","twitter_card":"summary_large_image","twitter_misc":{"Written by":"Minderheitensekretariat","Est. reading time":"3 minutes"},"schema":{"@context":"https:\/\/schema.org","@graph":[{"@type":"Article","@id":"https:\/\/www.minderheitensekretariat.de\/en\/2024\/09\/30\/stellenausschreibung-referentin-m-w-d-fuer-wissensvermittlung\/#article","isPartOf":{"@id":"https:\/\/www.minderheitensekretariat.de\/en\/2024\/09\/30\/stellenausschreibung-referentin-m-w-d-fuer-wissensvermittlung\/"},"author":{"name":"Minderheitensekretariat","@id":"https:\/\/www.minderheitensekretariat.de\/en\/#\/schema\/person\/55df1c4c912f10debba5dfc9bc26c1cf"},"headline":"Stellenausschreibung: Referent*in (m\/w\/d) f\u00fcr Wissensvermittlung","datePublished":"2024-09-30T12:51:25+00:00","dateModified":"2024-09-30T14:51:06+00:00","mainEntityOfPage":{"@id":"https:\/\/www.minderheitensekretariat.de\/en\/2024\/09\/30\/stellenausschreibung-referentin-m-w-d-fuer-wissensvermittlung\/"},"wordCount":378,"publisher":{"@id":"https:\/\/www.minderheitensekretariat.de\/en\/#organization"},"image":{"@id":"https:\/\/www.minderheitensekretariat.de\/en\/2024\/09\/30\/stellenausschreibung-referentin-m-w-d-fuer-wissensvermittlung\/#primaryimage"},"thumbnailUrl":"https:\/\/www.minderheitensekretariat.de\/wp-content\/uploads\/2024\/05\/Minderheitensekretariat_Logo-scaled.jpg","articleSection":["Startseite"],"inLanguage":"en-US"},{"@type":"WebPage","@id":"https:\/\/www.minderheitensekretariat.de\/en\/2024\/09\/30\/stellenausschreibung-referentin-m-w-d-fuer-wissensvermittlung\/","url":"https:\/\/www.minderheitensekretariat.de\/en\/2024\/09\/30\/stellenausschreibung-referentin-m-w-d-fuer-wissensvermittlung\/","name":"Stellenausschreibung: Referent*in (m\/w\/d) f\u00fcr Wissensvermittlung - Minderheitensekretariat","isPartOf":{"@id":"https:\/\/www.minderheitensekretariat.de\/en\/#website"},"primaryImageOfPage":{"@id":"https:\/\/www.minderheitensekretariat.de\/en\/2024\/09\/30\/stellenausschreibung-referentin-m-w-d-fuer-wissensvermittlung\/#primaryimage"},"image":{"@id":"https:\/\/www.minderheitensekretariat.de\/en\/2024\/09\/30\/stellenausschreibung-referentin-m-w-d-fuer-wissensvermittlung\/#primaryimage"},"thumbnailUrl":"https:\/\/www.minderheitensekretariat.de\/wp-content\/uploads\/2024\/05\/Minderheitensekretariat_Logo-scaled.jpg","datePublished":"2024-09-30T12:51:25+00:00","dateModified":"2024-09-30T14:51:06+00:00","breadcrumb":{"@id":"https:\/\/www.minderheitensekretariat.de\/en\/2024\/09\/30\/stellenausschreibung-referentin-m-w-d-fuer-wissensvermittlung\/#breadcrumb"},"inLanguage":"en-US","potentialAction":[{"@type":"ReadAction","target":["https:\/\/www.minderheitensekretariat.de\/en\/2024\/09\/30\/stellenausschreibung-referentin-m-w-d-fuer-wissensvermittlung\/"]}]},{"@type":"ImageObject","inLanguage":"en-US","@id":"https:\/\/www.minderheitensekretariat.de\/en\/2024\/09\/30\/stellenausschreibung-referentin-m-w-d-fuer-wissensvermittlung\/#primaryimage","url":"https:\/\/www.minderheitensekretariat.de\/wp-content\/uploads\/2024\/05\/Minderheitensekretariat_Logo-scaled.jpg","contentUrl":"https:\/\/www.minderheitensekretariat.de\/wp-content\/uploads\/2024\/05\/Minderheitensekretariat_Logo-scaled.jpg","width":2560,"height":1460},{"@type":"BreadcrumbList","@id":"https:\/\/www.minderheitensekretariat.de\/en\/2024\/09\/30\/stellenausschreibung-referentin-m-w-d-fuer-wissensvermittlung\/#breadcrumb","itemListElement":[{"@type":"ListItem","position":1,"name":"Startseite","item":"https:\/\/www.minderheitensekretariat.de\/en\/"},{"@type":"ListItem","position":2,"name":"Stellenausschreibung: Referent*in (m\/w\/d) f\u00fcr Wissensvermittlung"}]},{"@type":"WebSite","@id":"https:\/\/www.minderheitensekretariat.de\/en\/#website","url":"https:\/\/www.minderheitensekretariat.de\/en\/","name":"Minderheitensekretariat","description":"","publisher":{"@id":"https:\/\/www.minderheitensekretariat.de\/en\/#organization"},"potentialAction":[{"@type":"SearchAction","target":{"@type":"EntryPoint","urlTemplate":"https:\/\/www.minderheitensekretariat.de\/en\/?s={search_term_string}"},"query-input":{"@type":"PropertyValueSpecification","valueRequired":true,"valueName":"search_term_string"}}],"inLanguage":"en-US"},{"@type":"Organization","@id":"https:\/\/www.minderheitensekretariat.de\/en\/#organization","name":"Minderheitensekretariat","url":"https:\/\/www.minderheitensekretariat.de\/en\/","logo":{"@type":"ImageObject","inLanguage":"en-US","@id":"https:\/\/www.minderheitensekretariat.de\/en\/#\/schema\/logo\/image\/","url":"https:\/\/www.minderheitensekretariat.de\/wp-content\/uploads\/2023\/03\/Min_sek_Logo_4c.jpg","contentUrl":"https:\/\/www.minderheitensekretariat.de\/wp-content\/uploads\/2023\/03\/Min_sek_Logo_4c.jpg","width":984,"height":236,"caption":"Minderheitensekretariat"},"image":{"@id":"https:\/\/www.minderheitensekretariat.de\/en\/#\/schema\/logo\/image\/"},"sameAs":["https:\/\/www.facebook.com\/minderheitensekretariat.de"]},{"@type":"Person","@id":"https:\/\/www.minderheitensekretariat.de\/en\/#\/schema\/person\/55df1c4c912f10debba5dfc9bc26c1cf","name":"Minderheitensekretariat","image":{"@type":"ImageObject","inLanguage":"en-US","@id":"https:\/\/www.minderheitensekretariat.de\/en\/#\/schema\/person\/image\/","url":"https:\/\/secure.gravatar.com\/avatar\/370caba7511c95d16d2d05ef3fa57095fae805fdb97d13f46df8534525f106da?s=96&d=mm&r=g","contentUrl":"https:\/\/secure.gravatar.com\/avatar\/370caba7511c95d16d2d05ef3fa57095fae805fdb97d13f46df8534525f106da?s=96&d=mm&r=g","caption":"Minderheitensekretariat"},"sameAs":["https:\/\/www.minderheitensekretariat.de"],"url":"https:\/\/www.minderheitensekretariat.de\/en\/author\/minderheitensekretariat\/"}]}},"_links":{"self":[{"href":"https:\/\/www.minderheitensekretariat.de\/en\/wp-json\/wp\/v2\/posts\/18110","targetHints":{"allow":["GET"]}}],"collection":[{"href":"https:\/\/www.minderheitensekretariat.de\/en\/wp-json\/wp\/v2\/posts"}],"about":[{"href":"https:\/\/www.minderheitensekretariat.de\/en\/wp-json\/wp\/v2\/types\/post"}],"author":[{"embeddable":true,"href":"https:\/\/www.minderheitensekretariat.de\/en\/wp-json\/wp\/v2\/users\/1"}],"replies":[{"embeddable":true,"href":"https:\/\/www.minderheitensekretariat.de\/en\/wp-json\/wp\/v2\/comments?post=18110"}],"version-history":[{"count":5,"href":"https:\/\/www.minderheitensekretariat.de\/en\/wp-json\/wp\/v2\/posts\/18110\/revisions"}],"predecessor-version":[{"id":18161,"href":"https:\/\/www.minderheitensekretariat.de\/en\/wp-json\/wp\/v2\/posts\/18110\/revisions\/18161"}],"wp:featuredmedia":[{"embeddable":true,"href":"https:\/\/www.minderheitensekretariat.de\/en\/wp-json\/wp\/v2\/media\/17470"}],"wp:attachment":[{"href":"https:\/\/www.minderheitensekretariat.de\/en\/wp-json\/wp\/v2\/media?parent=18110"}],"wp:term":[{"taxonomy":"category","embeddable":true,"href":"https:\/\/www.minderheitensekretariat.de\/en\/wp-json\/wp\/v2\/categories?post=18110"},{"taxonomy":"post_tag","embeddable":true,"href":"https:\/\/www.minderheitensekretariat.de\/en\/wp-json\/wp\/v2\/tags?post=18110"}],"curies":[{"name":"wp","href":"https:\/\/api.w.org\/{rel}","templated":true}]}}