{"id":18442,"date":"2024-11-22T12:59:51","date_gmt":"2024-11-22T11:59:51","guid":{"rendered":"https:\/\/www.minderheitensekretariat.de\/?p=18442"},"modified":"2024-11-22T17:38:39","modified_gmt":"2024-11-22T16:38:39","slug":"von-sorbischen-drachen-bis-ostfriesischem-poetry-slam","status":"publish","type":"post","link":"https:\/\/www.minderheitensekretariat.de\/en\/2024\/11\/22\/von-sorbischen-drachen-bis-ostfriesischem-poetry-slam\/","title":{"rendered":"Von sorbischen Drachen bis ostfriesischem Poetry Slam"},"content":{"rendered":"\t\t<div data-elementor-type=\"wp-post\" data-elementor-id=\"18442\" class=\"elementor elementor-18442\" data-elementor-post-type=\"post\">\n\t\t\t\t\t\t<section class=\"elementor-section elementor-top-section elementor-element elementor-element-7333b6f elementor-section-boxed elementor-section-height-default elementor-section-height-default\" data-id=\"7333b6f\" data-element_type=\"section\" data-settings=\"{&quot;background_background&quot;:&quot;gradient&quot;}\">\n\t\t\t\t\t\t\t<div class=\"elementor-background-overlay\"><\/div>\n\t\t\t\t\t\t\t<div class=\"elementor-container elementor-column-gap-default\">\n\t\t\t\t\t<div class=\"elementor-column elementor-col-100 elementor-top-column elementor-element elementor-element-1b921a3\" data-id=\"1b921a3\" data-element_type=\"column\">\n\t\t\t<div class=\"elementor-widget-wrap elementor-element-populated\">\n\t\t\t\t\t\t<section class=\"elementor-section elementor-inner-section elementor-element elementor-element-b0fb436 elementor-section-full_width elementor-section-height-default elementor-section-height-default\" data-id=\"b0fb436\" data-element_type=\"section\">\n\t\t\t\t\t\t<div class=\"elementor-container elementor-column-gap-default\">\n\t\t\t\t\t<div class=\"elementor-column elementor-col-50 elementor-inner-column elementor-element elementor-element-fa2d1aa\" data-id=\"fa2d1aa\" data-element_type=\"column\">\n\t\t\t<div class=\"elementor-widget-wrap elementor-element-populated\">\n\t\t\t\t\t\t<div class=\"elementor-element elementor-element-ea2fe1b elementor-widget elementor-widget-image\" data-id=\"ea2fe1b\" data-element_type=\"widget\" data-widget_type=\"image.default\">\n\t\t\t\t<div class=\"elementor-widget-container\">\n\t\t\t\t\t\t\t\t\t\t<figure class=\"wp-caption\">\n\t\t\t\t\t\t\t\t\t\t<img fetchpriority=\"high\" decoding=\"async\" width=\"500\" height=\"754\" src=\"https:\/\/www.minderheitensekretariat.de\/wp-content\/uploads\/2024\/11\/njechornski_zmij_01.jpg\" class=\"attachment-large size-large wp-image-18444\" alt=\"\" srcset=\"https:\/\/www.minderheitensekretariat.de\/wp-content\/uploads\/2024\/11\/njechornski_zmij_01.jpg 500w, https:\/\/www.minderheitensekretariat.de\/wp-content\/uploads\/2024\/11\/njechornski_zmij_01-199x300.jpg 199w\" sizes=\"(max-width: 500px) 100vw, 500px\" \/>\t\t\t\t\t\t\t\t\t\t\t<figcaption class=\"widget-image-caption wp-caption-text\">K\u00fcnstler: M\u011br\u0107in Nowak Njechornski<\/figcaption>\n\t\t\t\t\t\t\t\t\t\t<\/figure>\n\t\t\t\t\t\t\t<\/div>\n\t\t\t\t<\/div>\n\t\t\t\t\t<\/div>\n\t\t<\/div>\n\t\t\t\t<div class=\"elementor-column elementor-col-50 elementor-inner-column elementor-element elementor-element-f592ef7\" data-id=\"f592ef7\" data-element_type=\"column\">\n\t\t\t<div class=\"elementor-widget-wrap elementor-element-populated\">\n\t\t\t\t\t\t<div class=\"elementor-element elementor-element-03b0f5e elementor-widget elementor-widget-text-editor\" data-id=\"03b0f5e\" data-element_type=\"widget\" data-widget_type=\"text-editor.default\">\n\t\t\t\t<div class=\"elementor-widget-container\">\n\t\t\t\t\t\t\t22\/11\/2024\t\t\t\t\t\t<\/div>\n\t\t\t\t<\/div>\n\t\t\t\t<div class=\"elementor-element elementor-element-1a51d24 elementor-widget elementor-widget-text-editor\" data-id=\"1a51d24\" data-element_type=\"widget\" data-widget_type=\"text-editor.default\">\n\t\t\t\t<div class=\"elementor-widget-container\">\n\t\t\t\t\t\t\tR\u00fcckblick auf das digitale Netzwerktreffen f\u00fcr junge Menschen aus den vier nationalen Minderheiten und der Sprechergruppe Niederdeutsch.\t\t\t\t\t\t<\/div>\n\t\t\t\t<\/div>\n\t\t\t\t<div class=\"elementor-element elementor-element-2aa7c17 elementor-widget-divider--view-line elementor-widget elementor-widget-divider\" data-id=\"2aa7c17\" data-element_type=\"widget\" data-widget_type=\"divider.default\">\n\t\t\t\t<div class=\"elementor-widget-container\">\n\t\t\t\t\t<div class=\"elementor-divider\">\n\t\t\t<span class=\"elementor-divider-separator\">\n\t\t\t\t\t\t<\/span>\n\t\t<\/div>\n\t\t\t\t<\/div>\n\t\t\t\t<\/div>\n\t\t\t\t\t<\/div>\n\t\t<\/div>\n\t\t\t\t\t<\/div>\n\t\t<\/section>\n\t\t\t\t<div class=\"elementor-element elementor-element-87b8590 elementor-hidden-mobile elementor-invisible elementor-widget elementor-widget-image\" data-id=\"87b8590\" data-element_type=\"widget\" data-settings=\"{&quot;_animation&quot;:&quot;fadeInDown&quot;,&quot;_animation_delay&quot;:1000}\" data-widget_type=\"image.default\">\n\t\t\t\t<div class=\"elementor-widget-container\">\n\t\t\t\t\t\t\t\t\t\t\t\t\t\t<a href=\"#mehr\">\n\t\t\t\t\t\t\t<img decoding=\"async\" width=\"27\" height=\"15\" src=\"https:\/\/www.minderheitensekretariat.de\/wp-content\/uploads\/2022\/07\/arrow_down.svg\" class=\"elementor-animation-shrink attachment-large size-large wp-image-657\" alt=\"\" \/>\t\t\t\t\t\t\t\t<\/a>\n\t\t\t\t\t\t\t\t\t\t\t\t\t<\/div>\n\t\t\t\t<\/div>\n\t\t\t\t<section class=\"elementor-section elementor-inner-section elementor-element elementor-element-8629abe elementor-section-boxed elementor-section-height-default elementor-section-height-default\" data-id=\"8629abe\" data-element_type=\"section\">\n\t\t\t\t\t\t<div class=\"elementor-container elementor-column-gap-default\">\n\t\t\t\t\t<div class=\"elementor-column elementor-col-100 elementor-inner-column elementor-element elementor-element-8fa23c1\" data-id=\"8fa23c1\" data-element_type=\"column\">\n\t\t\t<div class=\"elementor-widget-wrap elementor-element-populated\">\n\t\t\t\t\t\t<div class=\"elementor-element elementor-element-2440ca1 elementor-widget elementor-widget-heading\" data-id=\"2440ca1\" data-element_type=\"widget\" data-widget_type=\"heading.default\">\n\t\t\t\t<div class=\"elementor-widget-container\">\n\t\t\t<h2 class=\"elementor-heading-title elementor-size-default\">Von sorbischen Drachen bis&nbsp;<div>ostfriesischem Poetry Slam<\/div><\/h2>\t\t<\/div>\n\t\t\t\t<\/div>\n\t\t\t\t<div class=\"elementor-element elementor-element-c01359a elementor-widget elementor-widget-text-editor\" data-id=\"c01359a\" data-element_type=\"widget\" data-widget_type=\"text-editor.default\">\n\t\t\t\t<div class=\"elementor-widget-container\">\n\t\t\t\t\t\t\t<p>Am 14. November 2024 trafen sich junge Angeh\u00f6rige der vier anerkannten autochthonen nationalen Minderheiten Deutschlands sowie der Sprechergruppe Niederdeutsch zu einem digitalen Austausch. Das Minderheitensekretariat und Niederdeutschsekretariat hatten eingeladen, es nahmen insgesamt 20 Personen teil \u2013 Minderheitenangeh\u00f6rige aller vier nationalen Minderheiten und Vertreter*innen der Sprechergruppe Niederdeutsch. Das digitale Treffen erlaubte ein gemeinsames Reflektieren \u00fcber die zur\u00fcckliegenden Netzwerktreffen. Dar\u00fcber hinaus hatten Vertreter*innen der verschiedenen Gruppen Gelegenheit vorzustellen, woran sie selbst gerade arbeiten oder welchen Themen sie gerade besonders interessieren.\u00a0<\/p><p>Mit dem Projekt \u201eDas vergessene Ged\u00e4chtnis\u201c brachte David Rosenberg einen eindrucksvollen Beitrag ein. David Rosenberg ist selbst Rom und in verschiedenen Bereichen politisch engagiert. Er hat an dem Vernetzungstreffen 2023 in Berlin teilgenommen. Derzeit ist er wissenschaftlicher Mitarbeiter f\u00fcr \u201eDas vergessene Ged\u00e4chtnis\u201c. Dieses Projekt sammelt und bewahrt Objekte, die von der Geschichte und Kultur der Sinti und Roma in Europa w\u00e4hrend des Holocaust bis heute erz\u00e4hlen. Alltagsgegenst\u00e4nde, Briefe, M\u00f6bel und Dokumente werden konserviert und f\u00fcr nachfolgende Generationen erhalten. Videointerviews mit Zeitzeug:innen und \u201eZweitzeug:innen\u201c werfen Schlaglichter auf die Biografien der Menschen hinter den Dingen.<br \/><span style=\"color: var( --e-global-color-39532aa ); letter-spacing: 0px; background-color: transparent;\">Mehr Informationen zum Projekt finden sich <span style=\"text-decoration: underline;\"><a href=\"https:\/\/www.sammlung.sintiundroma.de\/\">hier<\/a><\/span>.<br \/><\/span><span style=\"background-color: transparent; color: var( --e-global-color-39532aa ); letter-spacing: 0px;\">Auch auf Instagram werden Interviews und Geschichten zu Objekten geteilt: <span style=\"text-decoration: underline;\"><a href=\"https:\/\/www.instagram.com\/sintiundroma_de\/?igsh=aGEybWZhcWpraTVj\">Link<\/a><\/span>\u00a0<\/span><\/p><p>Die beiden Ostfriesinnen Antje und Johanna Roolfs haben in den vergangenen zwei Jahren an den Vernetzungstreffen teilgenommen. Sie berichteten \u00fcber einen Poetry-Slam, den sie mitorganisiert haben und der am 17. Oktober in Oldenburg stattfand. Die Veranstaltung kombinierte Hoch- und Plattdeutsch in einem kreativen Wettbewerb und fand gro\u00dfen Anklang beim Publikum. Weitere Veranstaltungen in diesem Bereich finden sich <span style=\"text-decoration: underline;\"><a href=\"https:\/\/uol.de\/germanistik\/niederdeutsch\/niederdeutsches-forum-oldenburg\">hier<\/a><\/span>.\u00a0<\/p><p>Es wird nun schon seit Jahren dar\u00fcber gesprochen, dass sich auch die Saterfriesen eine Jugendorganisation w\u00fcnschen. Endlich gibt es erfreuliche Nachrichten. Die Saterfriesin und ehemalige Praktikantin im Minderheitensekretariat, Malin Tellmann, stellte ihre Jugendarbeit f\u00fcr die Saterfriesen vor und berichtete davon, dass gerade ein erster Austausch zwischen Saterfriesen und der deutschen Minderheit in Polen geplant wird. Im n\u00e4chsten Sommer soll die deutsche Minderheit zuerst das Saterland besuchen, der Austausch soll die Verbindung zwischen den Gruppen st\u00e4rken und den jungen Minderheitenangeh\u00f6rigen auch neue Perspektiven auf die eigene Identit\u00e4t erlauben.\u00a0<\/p><p>Sobald es mehr Informationen zum Projekt und zum Austausch gibt, sind diese <span style=\"text-decoration: underline;\"><a href=\"https:\/\/www.seeltersk.de\/\">hier<\/a><\/span> und auf ihrer <span style=\"text-decoration: underline;\"><a href=\"https:\/\/www.instagram.com\/seeltersk\/\">Instagram-Seite<\/a><\/span> zu finden.<\/p><p>Kun Bruning gew\u00e4hrte Einblicke in seine k\u00fcrzliche Reise durch die Ukraine. Im Rahmen einer Reportage f\u00fcr den niedersorbischen Rundfunk f\u00fchrte er Interviews mit Menschen vor Ort, um ihre Geschichten und Perspektiven auf das Leben im Krieg festzuhalten. <span style=\"text-decoration: underline;\"><a href=\"https:\/\/www.rbb-online.de\/radio\/sorbisches_programm\/kinder-und-jugend\/jugendsendungen\/aktueller-Bubak-zum-nachhoeren.html\">Hier<\/a><\/span> ist die Sendung auf Niedersorbisch nachzuh\u00f6ren.\u00a0<\/p><p>Den Abschluss bildete ein spannender Ausflug in die Mythologie. Der Obersorbe Luka\u0161 Rehor schilderte die Bedeutung des \u201ezmij\u201c (zu deutsch \u201eDrache\u201c) in der sorbischen Volksdichtung und zog Parallelen zu anderen Kulturen.\u00a0<\/p><p>Die beiden Ostfriesen Onno Dirk Feldmann und Tido Specht entf\u00fchrten die Teilnehmer*innen abschlie\u00dfend mit der ostfriesischen Legende von den Eerdmantjes im Plytenberg in die Sagenwelt Ostfrieslands. Diese sagenhaften Wesen lebten einst in einem pr\u00e4chtigen Marmorschloss im Inneren des Berges und bewachten K\u00f6nig Radbods sagenhaften Schatz.<\/p><div>\u00a0<\/div>\t\t\t\t\t\t<\/div>\n\t\t\t\t<\/div>\n\t\t\t\t<div class=\"elementor-element elementor-element-86f148f elementor-widget elementor-widget-image\" data-id=\"86f148f\" data-element_type=\"widget\" data-widget_type=\"image.default\">\n\t\t\t\t<div class=\"elementor-widget-container\">\n\t\t\t\t\t\t\t\t\t\t\t\t\t<img decoding=\"async\" width=\"800\" height=\"681\" src=\"https:\/\/www.minderheitensekretariat.de\/wp-content\/uploads\/2024\/11\/IMG-20241119-WA0000.jpg\" class=\"attachment-large size-large wp-image-18454\" alt=\"\" srcset=\"https:\/\/www.minderheitensekretariat.de\/wp-content\/uploads\/2024\/11\/IMG-20241119-WA0000.jpg 977w, https:\/\/www.minderheitensekretariat.de\/wp-content\/uploads\/2024\/11\/IMG-20241119-WA0000-300x255.jpg 300w, https:\/\/www.minderheitensekretariat.de\/wp-content\/uploads\/2024\/11\/IMG-20241119-WA0000-768x654.jpg 768w\" sizes=\"(max-width: 800px) 100vw, 800px\" \/>\t\t\t\t\t\t\t\t\t\t\t\t\t<\/div>\n\t\t\t\t<\/div>\n\t\t\t\t<div class=\"elementor-element elementor-element-951f46c elementor-widget elementor-widget-text-editor\" data-id=\"951f46c\" data-element_type=\"widget\" data-widget_type=\"text-editor.default\">\n\t\t\t\t<div class=\"elementor-widget-container\">\n\t\t\t\t\t\t\t<p><span style=\"color: var( --e-global-color-39532aa ); letter-spacing: 0px; background-color: transparent;\">(Quelle:\u00a0<\/span><span style=\"background-color: transparent;\">Pressemitteilung des Minderheitensekretariats und des Niederdeutschsekretariats, 22.11.2024<span style=\"color: rgba(0, 0, 0, 0);\"><span style=\"letter-spacing: 0px;\">)<\/span><\/span><\/span><\/p>\t\t\t\t\t\t<\/div>\n\t\t\t\t<\/div>\n\t\t\t\t\t<\/div>\n\t\t<\/div>\n\t\t\t\t\t<\/div>\n\t\t<\/section>\n\t\t\t\t<section class=\"elementor-section elementor-inner-section elementor-element elementor-element-79ac782 elementor-section-boxed elementor-section-height-default elementor-section-height-default\" data-id=\"79ac782\" data-element_type=\"section\">\n\t\t\t\t\t\t<div class=\"elementor-container elementor-column-gap-default\">\n\t\t\t\t\t<div class=\"elementor-column elementor-col-100 elementor-inner-column elementor-element elementor-element-535e876\" data-id=\"535e876\" data-element_type=\"column\">\n\t\t\t<div class=\"elementor-widget-wrap elementor-element-populated\">\n\t\t\t\t\t\t<div class=\"elementor-element elementor-element-96396bc elementor-align-center elementor-widget elementor-widget-button\" data-id=\"96396bc\" data-element_type=\"widget\" data-widget_type=\"button.default\">\n\t\t\t\t<div class=\"elementor-widget-container\">\n\t\t\t\t\t\t\t<div class=\"elementor-button-wrapper\">\n\t\t\t\t\t<a class=\"elementor-button elementor-button-link elementor-size-sm\" href=\"\/aktuelles\/\">\n\t\t\t\t\t\t<span class=\"elementor-button-content-wrapper\">\n\t\t\t\t\t\t\t\t\t<span class=\"elementor-button-text\">Zur\u00fcck zur \u00dcbersicht<\/span>\n\t\t\t\t\t<\/span>\n\t\t\t\t\t<\/a>\n\t\t\t\t<\/div>\n\t\t\t\t\t\t<\/div>\n\t\t\t\t<\/div>\n\t\t\t\t\t<\/div>\n\t\t<\/div>\n\t\t\t\t\t<\/div>\n\t\t<\/section>\n\t\t\t\t\t<\/div>\n\t\t<\/div>\n\t\t\t\t\t<\/div>\n\t\t<\/section>\n\t\t\t\t<\/div>\n\t\t","protected":false},"excerpt":{"rendered":"<p>R\u00fcckblick auf das digitale Netzwerktreffen f\u00fcr junge Menschen aus den vier nationalen Minderheiten und der Sprechergruppe Niederdeutsch.<\/p>\n","protected":false},"author":1,"featured_media":18444,"comment_status":"closed","ping_status":"closed","sticky":false,"template":"elementor_header_footer","format":"standard","meta":{"footnotes":""},"categories":[49],"tags":[],"class_list":["post-18442","post","type-post","status-publish","format-standard","has-post-thumbnail","hentry","category-startseite"],"yoast_head":"<!-- This site is optimized with the Yoast SEO plugin v23.8 - https:\/\/yoast.com\/wordpress\/plugins\/seo\/ -->\n<title>Von sorbischen Drachen bis ostfriesischem Poetry Slam - Minderheitensekretariat<\/title>\n<meta name=\"robots\" content=\"index, follow, max-snippet:-1, max-image-preview:large, max-video-preview:-1\" \/>\n<link rel=\"canonical\" href=\"https:\/\/www.minderheitensekretariat.de\/en\/2024\/11\/22\/von-sorbischen-drachen-bis-ostfriesischem-poetry-slam\/\" \/>\n<meta property=\"og:locale\" content=\"en_US\" \/>\n<meta property=\"og:type\" content=\"article\" \/>\n<meta property=\"og:title\" content=\"Von sorbischen Drachen bis ostfriesischem Poetry Slam - Minderheitensekretariat\" \/>\n<meta property=\"og:description\" content=\"R\u00fcckblick auf das digitale Netzwerktreffen f\u00fcr junge Menschen aus den vier nationalen Minderheiten und der Sprechergruppe Niederdeutsch.\" \/>\n<meta property=\"og:url\" content=\"https:\/\/www.minderheitensekretariat.de\/en\/2024\/11\/22\/von-sorbischen-drachen-bis-ostfriesischem-poetry-slam\/\" \/>\n<meta property=\"og:site_name\" content=\"Minderheitensekretariat\" \/>\n<meta property=\"article:publisher\" content=\"https:\/\/www.facebook.com\/minderheitensekretariat.de\" \/>\n<meta property=\"article:published_time\" content=\"2024-11-22T11:59:51+00:00\" \/>\n<meta property=\"article:modified_time\" content=\"2024-11-22T16:38:39+00:00\" \/>\n<meta property=\"og:image\" content=\"https:\/\/www.minderheitensekretariat.de\/wp-content\/uploads\/2024\/11\/njechornski_zmij_01.jpg\" \/>\n\t<meta property=\"og:image:width\" content=\"500\" \/>\n\t<meta property=\"og:image:height\" content=\"754\" \/>\n\t<meta property=\"og:image:type\" content=\"image\/jpeg\" \/>\n<meta name=\"author\" content=\"Minderheitensekretariat\" \/>\n<meta name=\"twitter:card\" content=\"summary_large_image\" \/>\n<meta name=\"twitter:label1\" content=\"Written by\" \/>\n\t<meta name=\"twitter:data1\" content=\"Minderheitensekretariat\" \/>\n\t<meta name=\"twitter:label2\" content=\"Est. reading time\" \/>\n\t<meta name=\"twitter:data2\" content=\"4 minutes\" \/>\n<script type=\"application\/ld+json\" class=\"yoast-schema-graph\">{\"@context\":\"https:\/\/schema.org\",\"@graph\":[{\"@type\":\"Article\",\"@id\":\"https:\/\/www.minderheitensekretariat.de\/en\/2024\/11\/22\/von-sorbischen-drachen-bis-ostfriesischem-poetry-slam\/#article\",\"isPartOf\":{\"@id\":\"https:\/\/www.minderheitensekretariat.de\/en\/2024\/11\/22\/von-sorbischen-drachen-bis-ostfriesischem-poetry-slam\/\"},\"author\":{\"name\":\"Minderheitensekretariat\",\"@id\":\"https:\/\/www.minderheitensekretariat.de\/en\/#\/schema\/person\/55df1c4c912f10debba5dfc9bc26c1cf\"},\"headline\":\"Von sorbischen Drachen bis ostfriesischem Poetry Slam\",\"datePublished\":\"2024-11-22T11:59:51+00:00\",\"dateModified\":\"2024-11-22T16:38:39+00:00\",\"mainEntityOfPage\":{\"@id\":\"https:\/\/www.minderheitensekretariat.de\/en\/2024\/11\/22\/von-sorbischen-drachen-bis-ostfriesischem-poetry-slam\/\"},\"wordCount\":527,\"publisher\":{\"@id\":\"https:\/\/www.minderheitensekretariat.de\/en\/#organization\"},\"image\":{\"@id\":\"https:\/\/www.minderheitensekretariat.de\/en\/2024\/11\/22\/von-sorbischen-drachen-bis-ostfriesischem-poetry-slam\/#primaryimage\"},\"thumbnailUrl\":\"https:\/\/www.minderheitensekretariat.de\/wp-content\/uploads\/2024\/11\/njechornski_zmij_01.jpg\",\"articleSection\":[\"Startseite\"],\"inLanguage\":\"en-US\"},{\"@type\":\"WebPage\",\"@id\":\"https:\/\/www.minderheitensekretariat.de\/en\/2024\/11\/22\/von-sorbischen-drachen-bis-ostfriesischem-poetry-slam\/\",\"url\":\"https:\/\/www.minderheitensekretariat.de\/en\/2024\/11\/22\/von-sorbischen-drachen-bis-ostfriesischem-poetry-slam\/\",\"name\":\"Von sorbischen Drachen bis ostfriesischem Poetry Slam - Minderheitensekretariat\",\"isPartOf\":{\"@id\":\"https:\/\/www.minderheitensekretariat.de\/en\/#website\"},\"primaryImageOfPage\":{\"@id\":\"https:\/\/www.minderheitensekretariat.de\/en\/2024\/11\/22\/von-sorbischen-drachen-bis-ostfriesischem-poetry-slam\/#primaryimage\"},\"image\":{\"@id\":\"https:\/\/www.minderheitensekretariat.de\/en\/2024\/11\/22\/von-sorbischen-drachen-bis-ostfriesischem-poetry-slam\/#primaryimage\"},\"thumbnailUrl\":\"https:\/\/www.minderheitensekretariat.de\/wp-content\/uploads\/2024\/11\/njechornski_zmij_01.jpg\",\"datePublished\":\"2024-11-22T11:59:51+00:00\",\"dateModified\":\"2024-11-22T16:38:39+00:00\",\"breadcrumb\":{\"@id\":\"https:\/\/www.minderheitensekretariat.de\/en\/2024\/11\/22\/von-sorbischen-drachen-bis-ostfriesischem-poetry-slam\/#breadcrumb\"},\"inLanguage\":\"en-US\",\"potentialAction\":[{\"@type\":\"ReadAction\",\"target\":[\"https:\/\/www.minderheitensekretariat.de\/en\/2024\/11\/22\/von-sorbischen-drachen-bis-ostfriesischem-poetry-slam\/\"]}]},{\"@type\":\"ImageObject\",\"inLanguage\":\"en-US\",\"@id\":\"https:\/\/www.minderheitensekretariat.de\/en\/2024\/11\/22\/von-sorbischen-drachen-bis-ostfriesischem-poetry-slam\/#primaryimage\",\"url\":\"https:\/\/www.minderheitensekretariat.de\/wp-content\/uploads\/2024\/11\/njechornski_zmij_01.jpg\",\"contentUrl\":\"https:\/\/www.minderheitensekretariat.de\/wp-content\/uploads\/2024\/11\/njechornski_zmij_01.jpg\",\"width\":500,\"height\":754,\"caption\":\"K\u00fcnstler: M\u011br\u0107in Nowak Njechornski\"},{\"@type\":\"BreadcrumbList\",\"@id\":\"https:\/\/www.minderheitensekretariat.de\/en\/2024\/11\/22\/von-sorbischen-drachen-bis-ostfriesischem-poetry-slam\/#breadcrumb\",\"itemListElement\":[{\"@type\":\"ListItem\",\"position\":1,\"name\":\"Startseite\",\"item\":\"https:\/\/www.minderheitensekretariat.de\/en\/\"},{\"@type\":\"ListItem\",\"position\":2,\"name\":\"Von sorbischen Drachen bis ostfriesischem Poetry Slam\"}]},{\"@type\":\"WebSite\",\"@id\":\"https:\/\/www.minderheitensekretariat.de\/en\/#website\",\"url\":\"https:\/\/www.minderheitensekretariat.de\/en\/\",\"name\":\"Minderheitensekretariat\",\"description\":\"\",\"publisher\":{\"@id\":\"https:\/\/www.minderheitensekretariat.de\/en\/#organization\"},\"potentialAction\":[{\"@type\":\"SearchAction\",\"target\":{\"@type\":\"EntryPoint\",\"urlTemplate\":\"https:\/\/www.minderheitensekretariat.de\/en\/?s={search_term_string}\"},\"query-input\":{\"@type\":\"PropertyValueSpecification\",\"valueRequired\":true,\"valueName\":\"search_term_string\"}}],\"inLanguage\":\"en-US\"},{\"@type\":\"Organization\",\"@id\":\"https:\/\/www.minderheitensekretariat.de\/en\/#organization\",\"name\":\"Minderheitensekretariat\",\"url\":\"https:\/\/www.minderheitensekretariat.de\/en\/\",\"logo\":{\"@type\":\"ImageObject\",\"inLanguage\":\"en-US\",\"@id\":\"https:\/\/www.minderheitensekretariat.de\/en\/#\/schema\/logo\/image\/\",\"url\":\"https:\/\/www.minderheitensekretariat.de\/wp-content\/uploads\/2023\/03\/Min_sek_Logo_4c.jpg\",\"contentUrl\":\"https:\/\/www.minderheitensekretariat.de\/wp-content\/uploads\/2023\/03\/Min_sek_Logo_4c.jpg\",\"width\":984,\"height\":236,\"caption\":\"Minderheitensekretariat\"},\"image\":{\"@id\":\"https:\/\/www.minderheitensekretariat.de\/en\/#\/schema\/logo\/image\/\"},\"sameAs\":[\"https:\/\/www.facebook.com\/minderheitensekretariat.de\"]},{\"@type\":\"Person\",\"@id\":\"https:\/\/www.minderheitensekretariat.de\/en\/#\/schema\/person\/55df1c4c912f10debba5dfc9bc26c1cf\",\"name\":\"Minderheitensekretariat\",\"image\":{\"@type\":\"ImageObject\",\"inLanguage\":\"en-US\",\"@id\":\"https:\/\/www.minderheitensekretariat.de\/en\/#\/schema\/person\/image\/\",\"url\":\"https:\/\/secure.gravatar.com\/avatar\/370caba7511c95d16d2d05ef3fa57095fae805fdb97d13f46df8534525f106da?s=96&d=mm&r=g\",\"contentUrl\":\"https:\/\/secure.gravatar.com\/avatar\/370caba7511c95d16d2d05ef3fa57095fae805fdb97d13f46df8534525f106da?s=96&d=mm&r=g\",\"caption\":\"Minderheitensekretariat\"},\"sameAs\":[\"https:\/\/www.minderheitensekretariat.de\"],\"url\":\"https:\/\/www.minderheitensekretariat.de\/en\/author\/minderheitensekretariat\/\"}]}<\/script>\n<!-- \/ Yoast SEO plugin. -->","yoast_head_json":{"title":"Von sorbischen Drachen bis ostfriesischem Poetry Slam - Minderheitensekretariat","robots":{"index":"index","follow":"follow","max-snippet":"max-snippet:-1","max-image-preview":"max-image-preview:large","max-video-preview":"max-video-preview:-1"},"canonical":"https:\/\/www.minderheitensekretariat.de\/en\/2024\/11\/22\/von-sorbischen-drachen-bis-ostfriesischem-poetry-slam\/","og_locale":"en_US","og_type":"article","og_title":"Von sorbischen Drachen bis ostfriesischem Poetry Slam - Minderheitensekretariat","og_description":"R\u00fcckblick auf das digitale Netzwerktreffen f\u00fcr junge Menschen aus den vier nationalen Minderheiten und der Sprechergruppe Niederdeutsch.","og_url":"https:\/\/www.minderheitensekretariat.de\/en\/2024\/11\/22\/von-sorbischen-drachen-bis-ostfriesischem-poetry-slam\/","og_site_name":"Minderheitensekretariat","article_publisher":"https:\/\/www.facebook.com\/minderheitensekretariat.de","article_published_time":"2024-11-22T11:59:51+00:00","article_modified_time":"2024-11-22T16:38:39+00:00","og_image":[{"width":500,"height":754,"url":"https:\/\/www.minderheitensekretariat.de\/wp-content\/uploads\/2024\/11\/njechornski_zmij_01.jpg","type":"image\/jpeg"}],"author":"Minderheitensekretariat","twitter_card":"summary_large_image","twitter_misc":{"Written by":"Minderheitensekretariat","Est. reading time":"4 minutes"},"schema":{"@context":"https:\/\/schema.org","@graph":[{"@type":"Article","@id":"https:\/\/www.minderheitensekretariat.de\/en\/2024\/11\/22\/von-sorbischen-drachen-bis-ostfriesischem-poetry-slam\/#article","isPartOf":{"@id":"https:\/\/www.minderheitensekretariat.de\/en\/2024\/11\/22\/von-sorbischen-drachen-bis-ostfriesischem-poetry-slam\/"},"author":{"name":"Minderheitensekretariat","@id":"https:\/\/www.minderheitensekretariat.de\/en\/#\/schema\/person\/55df1c4c912f10debba5dfc9bc26c1cf"},"headline":"Von sorbischen Drachen bis ostfriesischem Poetry Slam","datePublished":"2024-11-22T11:59:51+00:00","dateModified":"2024-11-22T16:38:39+00:00","mainEntityOfPage":{"@id":"https:\/\/www.minderheitensekretariat.de\/en\/2024\/11\/22\/von-sorbischen-drachen-bis-ostfriesischem-poetry-slam\/"},"wordCount":527,"publisher":{"@id":"https:\/\/www.minderheitensekretariat.de\/en\/#organization"},"image":{"@id":"https:\/\/www.minderheitensekretariat.de\/en\/2024\/11\/22\/von-sorbischen-drachen-bis-ostfriesischem-poetry-slam\/#primaryimage"},"thumbnailUrl":"https:\/\/www.minderheitensekretariat.de\/wp-content\/uploads\/2024\/11\/njechornski_zmij_01.jpg","articleSection":["Startseite"],"inLanguage":"en-US"},{"@type":"WebPage","@id":"https:\/\/www.minderheitensekretariat.de\/en\/2024\/11\/22\/von-sorbischen-drachen-bis-ostfriesischem-poetry-slam\/","url":"https:\/\/www.minderheitensekretariat.de\/en\/2024\/11\/22\/von-sorbischen-drachen-bis-ostfriesischem-poetry-slam\/","name":"Von sorbischen Drachen bis ostfriesischem Poetry Slam - Minderheitensekretariat","isPartOf":{"@id":"https:\/\/www.minderheitensekretariat.de\/en\/#website"},"primaryImageOfPage":{"@id":"https:\/\/www.minderheitensekretariat.de\/en\/2024\/11\/22\/von-sorbischen-drachen-bis-ostfriesischem-poetry-slam\/#primaryimage"},"image":{"@id":"https:\/\/www.minderheitensekretariat.de\/en\/2024\/11\/22\/von-sorbischen-drachen-bis-ostfriesischem-poetry-slam\/#primaryimage"},"thumbnailUrl":"https:\/\/www.minderheitensekretariat.de\/wp-content\/uploads\/2024\/11\/njechornski_zmij_01.jpg","datePublished":"2024-11-22T11:59:51+00:00","dateModified":"2024-11-22T16:38:39+00:00","breadcrumb":{"@id":"https:\/\/www.minderheitensekretariat.de\/en\/2024\/11\/22\/von-sorbischen-drachen-bis-ostfriesischem-poetry-slam\/#breadcrumb"},"inLanguage":"en-US","potentialAction":[{"@type":"ReadAction","target":["https:\/\/www.minderheitensekretariat.de\/en\/2024\/11\/22\/von-sorbischen-drachen-bis-ostfriesischem-poetry-slam\/"]}]},{"@type":"ImageObject","inLanguage":"en-US","@id":"https:\/\/www.minderheitensekretariat.de\/en\/2024\/11\/22\/von-sorbischen-drachen-bis-ostfriesischem-poetry-slam\/#primaryimage","url":"https:\/\/www.minderheitensekretariat.de\/wp-content\/uploads\/2024\/11\/njechornski_zmij_01.jpg","contentUrl":"https:\/\/www.minderheitensekretariat.de\/wp-content\/uploads\/2024\/11\/njechornski_zmij_01.jpg","width":500,"height":754,"caption":"K\u00fcnstler: M\u011br\u0107in Nowak Njechornski"},{"@type":"BreadcrumbList","@id":"https:\/\/www.minderheitensekretariat.de\/en\/2024\/11\/22\/von-sorbischen-drachen-bis-ostfriesischem-poetry-slam\/#breadcrumb","itemListElement":[{"@type":"ListItem","position":1,"name":"Startseite","item":"https:\/\/www.minderheitensekretariat.de\/en\/"},{"@type":"ListItem","position":2,"name":"Von sorbischen Drachen bis ostfriesischem Poetry Slam"}]},{"@type":"WebSite","@id":"https:\/\/www.minderheitensekretariat.de\/en\/#website","url":"https:\/\/www.minderheitensekretariat.de\/en\/","name":"Minderheitensekretariat","description":"","publisher":{"@id":"https:\/\/www.minderheitensekretariat.de\/en\/#organization"},"potentialAction":[{"@type":"SearchAction","target":{"@type":"EntryPoint","urlTemplate":"https:\/\/www.minderheitensekretariat.de\/en\/?s={search_term_string}"},"query-input":{"@type":"PropertyValueSpecification","valueRequired":true,"valueName":"search_term_string"}}],"inLanguage":"en-US"},{"@type":"Organization","@id":"https:\/\/www.minderheitensekretariat.de\/en\/#organization","name":"Minderheitensekretariat","url":"https:\/\/www.minderheitensekretariat.de\/en\/","logo":{"@type":"ImageObject","inLanguage":"en-US","@id":"https:\/\/www.minderheitensekretariat.de\/en\/#\/schema\/logo\/image\/","url":"https:\/\/www.minderheitensekretariat.de\/wp-content\/uploads\/2023\/03\/Min_sek_Logo_4c.jpg","contentUrl":"https:\/\/www.minderheitensekretariat.de\/wp-content\/uploads\/2023\/03\/Min_sek_Logo_4c.jpg","width":984,"height":236,"caption":"Minderheitensekretariat"},"image":{"@id":"https:\/\/www.minderheitensekretariat.de\/en\/#\/schema\/logo\/image\/"},"sameAs":["https:\/\/www.facebook.com\/minderheitensekretariat.de"]},{"@type":"Person","@id":"https:\/\/www.minderheitensekretariat.de\/en\/#\/schema\/person\/55df1c4c912f10debba5dfc9bc26c1cf","name":"Minderheitensekretariat","image":{"@type":"ImageObject","inLanguage":"en-US","@id":"https:\/\/www.minderheitensekretariat.de\/en\/#\/schema\/person\/image\/","url":"https:\/\/secure.gravatar.com\/avatar\/370caba7511c95d16d2d05ef3fa57095fae805fdb97d13f46df8534525f106da?s=96&d=mm&r=g","contentUrl":"https:\/\/secure.gravatar.com\/avatar\/370caba7511c95d16d2d05ef3fa57095fae805fdb97d13f46df8534525f106da?s=96&d=mm&r=g","caption":"Minderheitensekretariat"},"sameAs":["https:\/\/www.minderheitensekretariat.de"],"url":"https:\/\/www.minderheitensekretariat.de\/en\/author\/minderheitensekretariat\/"}]}},"_links":{"self":[{"href":"https:\/\/www.minderheitensekretariat.de\/en\/wp-json\/wp\/v2\/posts\/18442","targetHints":{"allow":["GET"]}}],"collection":[{"href":"https:\/\/www.minderheitensekretariat.de\/en\/wp-json\/wp\/v2\/posts"}],"about":[{"href":"https:\/\/www.minderheitensekretariat.de\/en\/wp-json\/wp\/v2\/types\/post"}],"author":[{"embeddable":true,"href":"https:\/\/www.minderheitensekretariat.de\/en\/wp-json\/wp\/v2\/users\/1"}],"replies":[{"embeddable":true,"href":"https:\/\/www.minderheitensekretariat.de\/en\/wp-json\/wp\/v2\/comments?post=18442"}],"version-history":[{"count":14,"href":"https:\/\/www.minderheitensekretariat.de\/en\/wp-json\/wp\/v2\/posts\/18442\/revisions"}],"predecessor-version":[{"id":18476,"href":"https:\/\/www.minderheitensekretariat.de\/en\/wp-json\/wp\/v2\/posts\/18442\/revisions\/18476"}],"wp:featuredmedia":[{"embeddable":true,"href":"https:\/\/www.minderheitensekretariat.de\/en\/wp-json\/wp\/v2\/media\/18444"}],"wp:attachment":[{"href":"https:\/\/www.minderheitensekretariat.de\/en\/wp-json\/wp\/v2\/media?parent=18442"}],"wp:term":[{"taxonomy":"category","embeddable":true,"href":"https:\/\/www.minderheitensekretariat.de\/en\/wp-json\/wp\/v2\/categories?post=18442"},{"taxonomy":"post_tag","embeddable":true,"href":"https:\/\/www.minderheitensekretariat.de\/en\/wp-json\/wp\/v2\/tags?post=18442"}],"curies":[{"name":"wp","href":"https:\/\/api.w.org\/{rel}","templated":true}]}}