{"id":20864,"date":"2025-07-02T12:23:45","date_gmt":"2025-07-02T10:23:45","guid":{"rendered":"https:\/\/www.minderheitensekretariat.de\/?p=20864"},"modified":"2025-07-02T12:24:55","modified_gmt":"2025-07-02T10:24:55","slug":"die-daenische-minderheit-nominiert-jens-a-christiansen-als-praesidentschaftskandidaten-fuer-die-fuen","status":"publish","type":"post","link":"https:\/\/www.minderheitensekretariat.de\/en\/2025\/07\/02\/die-daenische-minderheit-nominiert-jens-a-christiansen-als-praesidentschaftskandidaten-fuer-die-fuen\/","title":{"rendered":"Die d\u00e4nische Minderheit nominiert Jens A. Christiansen als Pr\u00e4sidentschaftskandidaten f\u00fcr die FUEN"},"content":{"rendered":"\t\t<div data-elementor-type=\"wp-post\" data-elementor-id=\"20864\" class=\"elementor elementor-20864\" data-elementor-post-type=\"post\">\n\t\t\t\t\t\t<section class=\"elementor-section elementor-top-section elementor-element elementor-element-7333b6f elementor-section-boxed elementor-section-height-default elementor-section-height-default\" data-id=\"7333b6f\" data-element_type=\"section\" data-settings=\"{&quot;background_background&quot;:&quot;gradient&quot;}\">\n\t\t\t\t\t\t\t<div class=\"elementor-background-overlay\"><\/div>\n\t\t\t\t\t\t\t<div class=\"elementor-container elementor-column-gap-default\">\n\t\t\t\t\t<div class=\"elementor-column elementor-col-100 elementor-top-column elementor-element elementor-element-1b921a3\" data-id=\"1b921a3\" data-element_type=\"column\">\n\t\t\t<div class=\"elementor-widget-wrap elementor-element-populated\">\n\t\t\t\t\t\t<section class=\"elementor-section elementor-inner-section elementor-element elementor-element-b0fb436 elementor-section-full_width elementor-section-height-default elementor-section-height-default\" data-id=\"b0fb436\" data-element_type=\"section\">\n\t\t\t\t\t\t<div class=\"elementor-container elementor-column-gap-default\">\n\t\t\t\t\t<div class=\"elementor-column elementor-col-50 elementor-inner-column elementor-element elementor-element-fa2d1aa\" data-id=\"fa2d1aa\" data-element_type=\"column\">\n\t\t\t<div class=\"elementor-widget-wrap elementor-element-populated\">\n\t\t\t\t\t\t<div class=\"elementor-element elementor-element-ea2fe1b elementor-widget elementor-widget-image\" data-id=\"ea2fe1b\" data-element_type=\"widget\" data-widget_type=\"image.default\">\n\t\t\t\t<div class=\"elementor-widget-container\">\n\t\t\t\t\t\t\t\t\t\t<figure class=\"wp-caption\">\n\t\t\t\t\t\t\t\t\t\t<img fetchpriority=\"high\" decoding=\"async\" width=\"800\" height=\"300\" src=\"https:\/\/www.minderheitensekretariat.de\/wp-content\/uploads\/2022\/08\/SSF_Logo-3-1024x384.png\" class=\"attachment-large size-large wp-image-5257\" alt=\"\" srcset=\"https:\/\/www.minderheitensekretariat.de\/wp-content\/uploads\/2022\/08\/SSF_Logo-3-1024x384.png 1024w, https:\/\/www.minderheitensekretariat.de\/wp-content\/uploads\/2022\/08\/SSF_Logo-3-300x113.png 300w, https:\/\/www.minderheitensekretariat.de\/wp-content\/uploads\/2022\/08\/SSF_Logo-3-768x288.png 768w, https:\/\/www.minderheitensekretariat.de\/wp-content\/uploads\/2022\/08\/SSF_Logo-3.png 1200w\" sizes=\"(max-width: 800px) 100vw, 800px\" \/>\t\t\t\t\t\t\t\t\t\t\t<figcaption class=\"widget-image-caption wp-caption-text\"><\/figcaption>\n\t\t\t\t\t\t\t\t\t\t<\/figure>\n\t\t\t\t\t\t\t<\/div>\n\t\t\t\t<\/div>\n\t\t\t\t\t<\/div>\n\t\t<\/div>\n\t\t\t\t<div class=\"elementor-column elementor-col-50 elementor-inner-column elementor-element elementor-element-f592ef7\" data-id=\"f592ef7\" data-element_type=\"column\">\n\t\t\t<div class=\"elementor-widget-wrap elementor-element-populated\">\n\t\t\t\t\t\t<div class=\"elementor-element elementor-element-03b0f5e elementor-widget elementor-widget-text-editor\" data-id=\"03b0f5e\" data-element_type=\"widget\" data-widget_type=\"text-editor.default\">\n\t\t\t\t<div class=\"elementor-widget-container\">\n\t\t\t\t\t\t\t02\/07\/2025\t\t\t\t\t\t<\/div>\n\t\t\t\t<\/div>\n\t\t\t\t<div class=\"elementor-element elementor-element-1a51d24 elementor-widget elementor-widget-text-editor\" data-id=\"1a51d24\" data-element_type=\"widget\" data-widget_type=\"text-editor.default\">\n\t\t\t\t<div class=\"elementor-widget-container\">\n\t\t\t\t\t\t\tDas aktuelle Mitglied des Minderheitenrates kandidiert f\u00fcr das Amt des FUEN-Pr\u00e4sidenten. \t\t\t\t\t\t<\/div>\n\t\t\t\t<\/div>\n\t\t\t\t<div class=\"elementor-element elementor-element-2aa7c17 elementor-widget-divider--view-line elementor-widget elementor-widget-divider\" data-id=\"2aa7c17\" data-element_type=\"widget\" data-widget_type=\"divider.default\">\n\t\t\t\t<div class=\"elementor-widget-container\">\n\t\t\t\t\t<div class=\"elementor-divider\">\n\t\t\t<span class=\"elementor-divider-separator\">\n\t\t\t\t\t\t<\/span>\n\t\t<\/div>\n\t\t\t\t<\/div>\n\t\t\t\t<\/div>\n\t\t\t\t\t<\/div>\n\t\t<\/div>\n\t\t\t\t\t<\/div>\n\t\t<\/section>\n\t\t\t\t<div class=\"elementor-element elementor-element-87b8590 elementor-hidden-mobile elementor-invisible elementor-widget elementor-widget-image\" data-id=\"87b8590\" data-element_type=\"widget\" data-settings=\"{&quot;_animation&quot;:&quot;fadeInDown&quot;,&quot;_animation_delay&quot;:1000}\" data-widget_type=\"image.default\">\n\t\t\t\t<div class=\"elementor-widget-container\">\n\t\t\t\t\t\t\t\t\t\t\t\t\t\t<a href=\"#mehr\">\n\t\t\t\t\t\t\t<img decoding=\"async\" width=\"27\" height=\"15\" src=\"https:\/\/www.minderheitensekretariat.de\/wp-content\/uploads\/2022\/07\/arrow_down.svg\" class=\"elementor-animation-shrink attachment-large size-large wp-image-657\" alt=\"\" \/>\t\t\t\t\t\t\t\t<\/a>\n\t\t\t\t\t\t\t\t\t\t\t\t\t<\/div>\n\t\t\t\t<\/div>\n\t\t\t\t<section class=\"elementor-section elementor-inner-section elementor-element elementor-element-8629abe elementor-section-boxed elementor-section-height-default elementor-section-height-default\" data-id=\"8629abe\" data-element_type=\"section\">\n\t\t\t\t\t\t<div class=\"elementor-container elementor-column-gap-default\">\n\t\t\t\t\t<div class=\"elementor-column elementor-col-100 elementor-inner-column elementor-element elementor-element-8fa23c1\" data-id=\"8fa23c1\" data-element_type=\"column\">\n\t\t\t<div class=\"elementor-widget-wrap elementor-element-populated\">\n\t\t\t\t\t\t<div class=\"elementor-element elementor-element-2440ca1 elementor-widget elementor-widget-heading\" data-id=\"2440ca1\" data-element_type=\"widget\" data-widget_type=\"heading.default\">\n\t\t\t\t<div class=\"elementor-widget-container\">\n\t\t\t<h2 class=\"elementor-heading-title elementor-size-default\">Die d\u00e4nische Minderheit nominiert Jens A. Christiansen als Pr\u00e4sidentschaftskandidaten f\u00fcr die FUEN<\/h2>\t\t<\/div>\n\t\t\t\t<\/div>\n\t\t\t\t<div class=\"elementor-element elementor-element-c01359a elementor-widget elementor-widget-text-editor\" data-id=\"c01359a\" data-element_type=\"widget\" data-widget_type=\"text-editor.default\">\n\t\t\t\t<div class=\"elementor-widget-container\">\n\t\t\t\t\t\t\t<p><strong>Wenn die F\u00f6deralistische Union Europ\u00e4ischer Nationalit\u00e4ten (FUEN) im Oktober 2025 ihre Konferenz in Bozen in S\u00fcdtirol abh\u00e4lt, steht eine Pr\u00e4sidentschaftswahl auf der Tagesordnung. Einer der Kandidaten ist der S\u00fcdschleswiger Jens A. Christiansen, der \u00fcber umfassende Erfahrungen in der Minderheitenpolitik verf\u00fcgt.<br \/><br \/><\/strong>Jens A. Christiansen stammt aus der deutsch-d\u00e4nischen Grenzregion, wo er derzeit Generalsekret\u00e4r des SSF ist \u2013 der kulturellen Hauptorganisation der d\u00e4nischen Minderheit. In dieser Funktion hat er sich auf vielf\u00e4ltige Weise mit minderheitenpolitischen Fragestellungen befasst, und dieses Engagement m\u00f6chte er weiter vertiefen. Deshalb kandidiert er f\u00fcr das Amt des FUEN-Pr\u00e4sidenten, wenn im Oktober ein neuer Pr\u00e4sident gew\u00e4hlt wird.<br \/><br \/>Jens A. Christiansen erl\u00e4utert, wof\u00fcr er stehen will:<br \/>\u2013 Ich m\u00f6chte die Position der FUEN als Sprachrohr der europ\u00e4ischen autochthonen nationalen Minderheiten st\u00e4rken, um sicherzustellen, dass Minderheiten und Sprecher von Regionalsprachen nicht diskriminiert, sondern anerkannt und gleichgestellt mit allen B\u00fcrgerinnen und B\u00fcrgern Europas und der EU behandelt werden, so der Kandidat.<\/p><p>Er erg\u00e4nzt, dass er die FUEN als verantwortungsbewussten europ\u00e4ischen Kooperationspartner zum Schutz der sprachlichen und kulturellen Vielfalt Europas positionieren m\u00f6chte \u2013 eingebettet in eine \u00fcbergeordnete europ\u00e4ische Gemeinschaft, die auf dem kulturellen Erbe Europas und den Werten der liberalen Demokratie, einschlie\u00dflich der Rechtsstaatlichkeit, basiert.<br \/><br \/>\u2013 Die Hauptaufgabe der FUEN besteht darin, die Interessen nationaler Minderheiten zu vertreten \u2013 unabh\u00e4ngig vom Zustand der Demokratie in dem jeweiligen Staat, in dem sie leben. Allerdings sollte sich die FUEN nicht losgel\u00f6st von den aktuellen geo- und sicherheitspolitischen Herausforderungen Europas positionieren, die durch Russlands Angriffskrieg gegen die Ukraine versch\u00e4rft wurden. Viele Konflikte in Europa \u2013 auch aktuelle \u2013 haben ihren Ursprung in verfehlter Minderheitenpolitik oder der Instrumentalisierung nationaler Minderheiten, erkl\u00e4rt Jens A. Christiansen.<br \/><br \/>Er weist zugleich darauf hin, dass die FUEN auch bereitstehen m\u00fcsse f\u00fcr den Tag, an dem der Angriffskrieg in der Ukraine endet:<br \/>\u2013 Dann wird ein neuer Staat aufgebaut werden m\u00fcssen, und es ist entscheidend, dass Minderheitenrechte von Anfang an mitgedacht werden, betont Jens A. Christiansen.<br \/><br \/>In diesem Zusammenhang verweist er auch auf die Erfahrungen aus der deutsch-d\u00e4nischen Grenzregion:<br \/>\u2013 Das friedliche Zusammenleben der Minderheiten im deutsch-d\u00e4nischen Grenzland \u2013 nicht zuletzt auf Grundlage der Bonn-Kopenhagener Erkl\u00e4rungen von 1955 \u2013 ist weiterhin ein positives und inspirierendes Beispiel f\u00fcr die Entwicklung einer konstruktiven europ\u00e4ischen Minderheitenpolitik. Besonders daran ist, dass sowohl die d\u00e4nische als auch die deutsche Minderheit im Rahmen der FUEN traditionell gemeinsam f\u00fcr diese Botschaft einstehen und somit die Grenzregion als Ganzes vertreten \u2013 nicht nur die eine oder die andere Minderheit. Das Verh\u00e4ltnis im Grenzland l\u00e4sst sich nicht eins zu eins auf andere Regionen \u00fcbertragen, aber unsere deutsch-d\u00e4nischen Erfahrungen k\u00f6nnen zu regional passenden L\u00f6sungen anregen.<br \/><br \/><strong>Umsetzung und Vision<br \/><\/strong>Jens A. Christiansen beschreibt, wie er die Aufgaben der FUEN versteht und seine Vision umsetzen will:<br \/>\u2013 Die FUEN soll im Dialog mit ihren Mitgliedsorganisationen die politischen Interessen autochthoner Minderheiten auf lokaler und regionaler Ebene sowie gegen\u00fcber Regierungen, staatlichen und \u00fcberstaatlichen Beh\u00f6rden und Organisationen vertreten. Zugleich soll die FUEN gezielt daran arbeiten, die auf ihren Konferenzen gemeinsam verabschiedeten Resolutionen umzusetzen, so Jens A. Christiansen.<br \/><br \/>Er f\u00fchrt weiter aus, dass die FUEN eine Strategie- und Aktionsplanung zur Weiterverfolgung der Minority Safepack Initiative erarbeiten und umsetzen solle.<br \/><br \/>\u2013 Generell sollte es die Aufgabe der Minderheitenunion sein, eine Strategie- und Handlungsplanung zur minderheitenpolitischen Interessenvertretung im Europarat, im Europ\u00e4ischen Parlament, in der OSZE, bei den Vereinten Nationen und in anderen relevanten internationalen Foren zu entwickeln. Dazu geh\u00f6rt auch, das FUEN-Charta von 2006 an die aktuelle europ\u00e4ische Situation anzupassen. Zentrale Aufgabe ist es, die Werte, politischen Zielsetzungen und Aufgaben der FUEN zu definieren.<br \/>Abschlie\u00dfend betont Jens A. Christiansen, dass er sich f\u00fcr die Pflege der Mitgliedschaften und die Weiterentwicklung der FUEN als demokratische Organisation mit einer professionellen Leitung einsetzen werde \u2013 eine Organisation, die Beschl\u00fcsse umsetzt und eine klare minderheitenpolitische Ausrichtung hat.<\/p>\t\t\t\t\t\t<\/div>\n\t\t\t\t<\/div>\n\t\t\t\t<div class=\"elementor-element elementor-element-56bf17e elementor-widget elementor-widget-text-editor\" data-id=\"56bf17e\" data-element_type=\"widget\" data-widget_type=\"text-editor.default\">\n\t\t\t\t<div class=\"elementor-widget-container\">\n\t\t\t\t\t\t\t<p><span style=\"color: var( --e-global-color-39532aa ); letter-spacing: 0px; background-color: transparent;\">(Quelle: Sydslesvigsk Forening , 02.07.2025<\/span><span style=\"color: var( --e-global-color-39532aa ); letter-spacing: 0px; background-color: transparent;\">)<\/span><\/p>\t\t\t\t\t\t<\/div>\n\t\t\t\t<\/div>\n\t\t\t\t\t<\/div>\n\t\t<\/div>\n\t\t\t\t\t<\/div>\n\t\t<\/section>\n\t\t\t\t<section class=\"elementor-section elementor-inner-section elementor-element elementor-element-79ac782 elementor-section-boxed elementor-section-height-default elementor-section-height-default\" data-id=\"79ac782\" data-element_type=\"section\">\n\t\t\t\t\t\t<div class=\"elementor-container elementor-column-gap-default\">\n\t\t\t\t\t<div class=\"elementor-column elementor-col-100 elementor-inner-column elementor-element elementor-element-535e876\" data-id=\"535e876\" data-element_type=\"column\">\n\t\t\t<div class=\"elementor-widget-wrap elementor-element-populated\">\n\t\t\t\t\t\t<div class=\"elementor-element elementor-element-96396bc elementor-align-center elementor-widget elementor-widget-button\" data-id=\"96396bc\" data-element_type=\"widget\" data-widget_type=\"button.default\">\n\t\t\t\t<div class=\"elementor-widget-container\">\n\t\t\t\t\t\t\t<div class=\"elementor-button-wrapper\">\n\t\t\t\t\t<a class=\"elementor-button elementor-button-link elementor-size-sm\" href=\"\/aktuelles\/\">\n\t\t\t\t\t\t<span class=\"elementor-button-content-wrapper\">\n\t\t\t\t\t\t\t\t\t<span class=\"elementor-button-text\">Zur\u00fcck zur \u00dcbersicht<\/span>\n\t\t\t\t\t<\/span>\n\t\t\t\t\t<\/a>\n\t\t\t\t<\/div>\n\t\t\t\t\t\t<\/div>\n\t\t\t\t<\/div>\n\t\t\t\t\t<\/div>\n\t\t<\/div>\n\t\t\t\t\t<\/div>\n\t\t<\/section>\n\t\t\t\t\t<\/div>\n\t\t<\/div>\n\t\t\t\t\t<\/div>\n\t\t<\/section>\n\t\t\t\t<\/div>\n\t\t","protected":false},"excerpt":{"rendered":"<p>Das aktuelle Mitglied des Minderheitenrates kandidiert f\u00fcr das Amt des FUEN-Pr\u00e4sidenten. <\/p>\n","protected":false},"author":1,"featured_media":5257,"comment_status":"closed","ping_status":"closed","sticky":false,"template":"elementor_header_footer","format":"standard","meta":{"footnotes":""},"categories":[49],"tags":[],"class_list":["post-20864","post","type-post","status-publish","format-standard","has-post-thumbnail","hentry","category-startseite"],"yoast_head":"<!-- This site is optimized with the Yoast SEO plugin v23.8 - https:\/\/yoast.com\/wordpress\/plugins\/seo\/ -->\n<title>Die d\u00e4nische Minderheit nominiert Jens A. Christiansen als Pr\u00e4sidentschaftskandidaten f\u00fcr die FUEN - Minderheitensekretariat<\/title>\n<meta name=\"robots\" content=\"index, follow, max-snippet:-1, max-image-preview:large, max-video-preview:-1\" \/>\n<link rel=\"canonical\" href=\"https:\/\/www.minderheitensekretariat.de\/en\/2025\/07\/02\/die-daenische-minderheit-nominiert-jens-a-christiansen-als-praesidentschaftskandidaten-fuer-die-fuen\/\" \/>\n<meta property=\"og:locale\" content=\"en_US\" \/>\n<meta property=\"og:type\" content=\"article\" \/>\n<meta property=\"og:title\" content=\"Die d\u00e4nische Minderheit nominiert Jens A. Christiansen als Pr\u00e4sidentschaftskandidaten f\u00fcr die FUEN - Minderheitensekretariat\" \/>\n<meta property=\"og:description\" content=\"Das aktuelle Mitglied des Minderheitenrates kandidiert f\u00fcr das Amt des FUEN-Pr\u00e4sidenten.\" \/>\n<meta property=\"og:url\" content=\"https:\/\/www.minderheitensekretariat.de\/en\/2025\/07\/02\/die-daenische-minderheit-nominiert-jens-a-christiansen-als-praesidentschaftskandidaten-fuer-die-fuen\/\" \/>\n<meta property=\"og:site_name\" content=\"Minderheitensekretariat\" \/>\n<meta property=\"article:publisher\" content=\"https:\/\/www.facebook.com\/minderheitensekretariat.de\" \/>\n<meta property=\"article:published_time\" content=\"2025-07-02T10:23:45+00:00\" \/>\n<meta property=\"article:modified_time\" content=\"2025-07-02T10:24:55+00:00\" \/>\n<meta property=\"og:image\" content=\"https:\/\/www.minderheitensekretariat.de\/wp-content\/uploads\/2022\/08\/SSF_Logo-3.png\" \/>\n\t<meta property=\"og:image:width\" content=\"1200\" \/>\n\t<meta property=\"og:image:height\" content=\"450\" \/>\n\t<meta property=\"og:image:type\" content=\"image\/png\" \/>\n<meta name=\"author\" content=\"Minderheitensekretariat\" \/>\n<meta name=\"twitter:card\" content=\"summary_large_image\" \/>\n<meta name=\"twitter:label1\" content=\"Written by\" \/>\n\t<meta name=\"twitter:data1\" content=\"Minderheitensekretariat\" \/>\n\t<meta name=\"twitter:label2\" content=\"Est. reading time\" \/>\n\t<meta name=\"twitter:data2\" content=\"4 minutes\" \/>\n<script type=\"application\/ld+json\" class=\"yoast-schema-graph\">{\"@context\":\"https:\/\/schema.org\",\"@graph\":[{\"@type\":\"Article\",\"@id\":\"https:\/\/www.minderheitensekretariat.de\/en\/2025\/07\/02\/die-daenische-minderheit-nominiert-jens-a-christiansen-als-praesidentschaftskandidaten-fuer-die-fuen\/#article\",\"isPartOf\":{\"@id\":\"https:\/\/www.minderheitensekretariat.de\/en\/2025\/07\/02\/die-daenische-minderheit-nominiert-jens-a-christiansen-als-praesidentschaftskandidaten-fuer-die-fuen\/\"},\"author\":{\"name\":\"Minderheitensekretariat\",\"@id\":\"https:\/\/www.minderheitensekretariat.de\/en\/#\/schema\/person\/55df1c4c912f10debba5dfc9bc26c1cf\"},\"headline\":\"Die d\u00e4nische Minderheit nominiert Jens A. Christiansen als Pr\u00e4sidentschaftskandidaten f\u00fcr die FUEN\",\"datePublished\":\"2025-07-02T10:23:45+00:00\",\"dateModified\":\"2025-07-02T10:24:55+00:00\",\"mainEntityOfPage\":{\"@id\":\"https:\/\/www.minderheitensekretariat.de\/en\/2025\/07\/02\/die-daenische-minderheit-nominiert-jens-a-christiansen-als-praesidentschaftskandidaten-fuer-die-fuen\/\"},\"wordCount\":673,\"publisher\":{\"@id\":\"https:\/\/www.minderheitensekretariat.de\/en\/#organization\"},\"image\":{\"@id\":\"https:\/\/www.minderheitensekretariat.de\/en\/2025\/07\/02\/die-daenische-minderheit-nominiert-jens-a-christiansen-als-praesidentschaftskandidaten-fuer-die-fuen\/#primaryimage\"},\"thumbnailUrl\":\"https:\/\/www.minderheitensekretariat.de\/wp-content\/uploads\/2022\/08\/SSF_Logo-3.png\",\"articleSection\":[\"Startseite\"],\"inLanguage\":\"en-US\"},{\"@type\":\"WebPage\",\"@id\":\"https:\/\/www.minderheitensekretariat.de\/en\/2025\/07\/02\/die-daenische-minderheit-nominiert-jens-a-christiansen-als-praesidentschaftskandidaten-fuer-die-fuen\/\",\"url\":\"https:\/\/www.minderheitensekretariat.de\/en\/2025\/07\/02\/die-daenische-minderheit-nominiert-jens-a-christiansen-als-praesidentschaftskandidaten-fuer-die-fuen\/\",\"name\":\"Die d\u00e4nische Minderheit nominiert Jens A. Christiansen als Pr\u00e4sidentschaftskandidaten f\u00fcr die FUEN - Minderheitensekretariat\",\"isPartOf\":{\"@id\":\"https:\/\/www.minderheitensekretariat.de\/en\/#website\"},\"primaryImageOfPage\":{\"@id\":\"https:\/\/www.minderheitensekretariat.de\/en\/2025\/07\/02\/die-daenische-minderheit-nominiert-jens-a-christiansen-als-praesidentschaftskandidaten-fuer-die-fuen\/#primaryimage\"},\"image\":{\"@id\":\"https:\/\/www.minderheitensekretariat.de\/en\/2025\/07\/02\/die-daenische-minderheit-nominiert-jens-a-christiansen-als-praesidentschaftskandidaten-fuer-die-fuen\/#primaryimage\"},\"thumbnailUrl\":\"https:\/\/www.minderheitensekretariat.de\/wp-content\/uploads\/2022\/08\/SSF_Logo-3.png\",\"datePublished\":\"2025-07-02T10:23:45+00:00\",\"dateModified\":\"2025-07-02T10:24:55+00:00\",\"breadcrumb\":{\"@id\":\"https:\/\/www.minderheitensekretariat.de\/en\/2025\/07\/02\/die-daenische-minderheit-nominiert-jens-a-christiansen-als-praesidentschaftskandidaten-fuer-die-fuen\/#breadcrumb\"},\"inLanguage\":\"en-US\",\"potentialAction\":[{\"@type\":\"ReadAction\",\"target\":[\"https:\/\/www.minderheitensekretariat.de\/en\/2025\/07\/02\/die-daenische-minderheit-nominiert-jens-a-christiansen-als-praesidentschaftskandidaten-fuer-die-fuen\/\"]}]},{\"@type\":\"ImageObject\",\"inLanguage\":\"en-US\",\"@id\":\"https:\/\/www.minderheitensekretariat.de\/en\/2025\/07\/02\/die-daenische-minderheit-nominiert-jens-a-christiansen-als-praesidentschaftskandidaten-fuer-die-fuen\/#primaryimage\",\"url\":\"https:\/\/www.minderheitensekretariat.de\/wp-content\/uploads\/2022\/08\/SSF_Logo-3.png\",\"contentUrl\":\"https:\/\/www.minderheitensekretariat.de\/wp-content\/uploads\/2022\/08\/SSF_Logo-3.png\",\"width\":1200,\"height\":450},{\"@type\":\"BreadcrumbList\",\"@id\":\"https:\/\/www.minderheitensekretariat.de\/en\/2025\/07\/02\/die-daenische-minderheit-nominiert-jens-a-christiansen-als-praesidentschaftskandidaten-fuer-die-fuen\/#breadcrumb\",\"itemListElement\":[{\"@type\":\"ListItem\",\"position\":1,\"name\":\"Startseite\",\"item\":\"https:\/\/www.minderheitensekretariat.de\/en\/\"},{\"@type\":\"ListItem\",\"position\":2,\"name\":\"Die d\u00e4nische Minderheit nominiert Jens A. Christiansen als Pr\u00e4sidentschaftskandidaten f\u00fcr die FUEN\"}]},{\"@type\":\"WebSite\",\"@id\":\"https:\/\/www.minderheitensekretariat.de\/en\/#website\",\"url\":\"https:\/\/www.minderheitensekretariat.de\/en\/\",\"name\":\"Minderheitensekretariat\",\"description\":\"\",\"publisher\":{\"@id\":\"https:\/\/www.minderheitensekretariat.de\/en\/#organization\"},\"potentialAction\":[{\"@type\":\"SearchAction\",\"target\":{\"@type\":\"EntryPoint\",\"urlTemplate\":\"https:\/\/www.minderheitensekretariat.de\/en\/?s={search_term_string}\"},\"query-input\":{\"@type\":\"PropertyValueSpecification\",\"valueRequired\":true,\"valueName\":\"search_term_string\"}}],\"inLanguage\":\"en-US\"},{\"@type\":\"Organization\",\"@id\":\"https:\/\/www.minderheitensekretariat.de\/en\/#organization\",\"name\":\"Minderheitensekretariat\",\"url\":\"https:\/\/www.minderheitensekretariat.de\/en\/\",\"logo\":{\"@type\":\"ImageObject\",\"inLanguage\":\"en-US\",\"@id\":\"https:\/\/www.minderheitensekretariat.de\/en\/#\/schema\/logo\/image\/\",\"url\":\"https:\/\/www.minderheitensekretariat.de\/wp-content\/uploads\/2023\/03\/Min_sek_Logo_4c.jpg\",\"contentUrl\":\"https:\/\/www.minderheitensekretariat.de\/wp-content\/uploads\/2023\/03\/Min_sek_Logo_4c.jpg\",\"width\":984,\"height\":236,\"caption\":\"Minderheitensekretariat\"},\"image\":{\"@id\":\"https:\/\/www.minderheitensekretariat.de\/en\/#\/schema\/logo\/image\/\"},\"sameAs\":[\"https:\/\/www.facebook.com\/minderheitensekretariat.de\"]},{\"@type\":\"Person\",\"@id\":\"https:\/\/www.minderheitensekretariat.de\/en\/#\/schema\/person\/55df1c4c912f10debba5dfc9bc26c1cf\",\"name\":\"Minderheitensekretariat\",\"image\":{\"@type\":\"ImageObject\",\"inLanguage\":\"en-US\",\"@id\":\"https:\/\/www.minderheitensekretariat.de\/en\/#\/schema\/person\/image\/\",\"url\":\"https:\/\/secure.gravatar.com\/avatar\/370caba7511c95d16d2d05ef3fa57095fae805fdb97d13f46df8534525f106da?s=96&d=mm&r=g\",\"contentUrl\":\"https:\/\/secure.gravatar.com\/avatar\/370caba7511c95d16d2d05ef3fa57095fae805fdb97d13f46df8534525f106da?s=96&d=mm&r=g\",\"caption\":\"Minderheitensekretariat\"},\"sameAs\":[\"https:\/\/www.minderheitensekretariat.de\"],\"url\":\"https:\/\/www.minderheitensekretariat.de\/en\/author\/minderheitensekretariat\/\"}]}<\/script>\n<!-- \/ Yoast SEO plugin. -->","yoast_head_json":{"title":"Die d\u00e4nische Minderheit nominiert Jens A. Christiansen als Pr\u00e4sidentschaftskandidaten f\u00fcr die FUEN - Minderheitensekretariat","robots":{"index":"index","follow":"follow","max-snippet":"max-snippet:-1","max-image-preview":"max-image-preview:large","max-video-preview":"max-video-preview:-1"},"canonical":"https:\/\/www.minderheitensekretariat.de\/en\/2025\/07\/02\/die-daenische-minderheit-nominiert-jens-a-christiansen-als-praesidentschaftskandidaten-fuer-die-fuen\/","og_locale":"en_US","og_type":"article","og_title":"Die d\u00e4nische Minderheit nominiert Jens A. Christiansen als Pr\u00e4sidentschaftskandidaten f\u00fcr die FUEN - Minderheitensekretariat","og_description":"Das aktuelle Mitglied des Minderheitenrates kandidiert f\u00fcr das Amt des FUEN-Pr\u00e4sidenten.","og_url":"https:\/\/www.minderheitensekretariat.de\/en\/2025\/07\/02\/die-daenische-minderheit-nominiert-jens-a-christiansen-als-praesidentschaftskandidaten-fuer-die-fuen\/","og_site_name":"Minderheitensekretariat","article_publisher":"https:\/\/www.facebook.com\/minderheitensekretariat.de","article_published_time":"2025-07-02T10:23:45+00:00","article_modified_time":"2025-07-02T10:24:55+00:00","og_image":[{"width":1200,"height":450,"url":"https:\/\/www.minderheitensekretariat.de\/wp-content\/uploads\/2022\/08\/SSF_Logo-3.png","type":"image\/png"}],"author":"Minderheitensekretariat","twitter_card":"summary_large_image","twitter_misc":{"Written by":"Minderheitensekretariat","Est. reading time":"4 minutes"},"schema":{"@context":"https:\/\/schema.org","@graph":[{"@type":"Article","@id":"https:\/\/www.minderheitensekretariat.de\/en\/2025\/07\/02\/die-daenische-minderheit-nominiert-jens-a-christiansen-als-praesidentschaftskandidaten-fuer-die-fuen\/#article","isPartOf":{"@id":"https:\/\/www.minderheitensekretariat.de\/en\/2025\/07\/02\/die-daenische-minderheit-nominiert-jens-a-christiansen-als-praesidentschaftskandidaten-fuer-die-fuen\/"},"author":{"name":"Minderheitensekretariat","@id":"https:\/\/www.minderheitensekretariat.de\/en\/#\/schema\/person\/55df1c4c912f10debba5dfc9bc26c1cf"},"headline":"Die d\u00e4nische Minderheit nominiert Jens A. Christiansen als Pr\u00e4sidentschaftskandidaten f\u00fcr die FUEN","datePublished":"2025-07-02T10:23:45+00:00","dateModified":"2025-07-02T10:24:55+00:00","mainEntityOfPage":{"@id":"https:\/\/www.minderheitensekretariat.de\/en\/2025\/07\/02\/die-daenische-minderheit-nominiert-jens-a-christiansen-als-praesidentschaftskandidaten-fuer-die-fuen\/"},"wordCount":673,"publisher":{"@id":"https:\/\/www.minderheitensekretariat.de\/en\/#organization"},"image":{"@id":"https:\/\/www.minderheitensekretariat.de\/en\/2025\/07\/02\/die-daenische-minderheit-nominiert-jens-a-christiansen-als-praesidentschaftskandidaten-fuer-die-fuen\/#primaryimage"},"thumbnailUrl":"https:\/\/www.minderheitensekretariat.de\/wp-content\/uploads\/2022\/08\/SSF_Logo-3.png","articleSection":["Startseite"],"inLanguage":"en-US"},{"@type":"WebPage","@id":"https:\/\/www.minderheitensekretariat.de\/en\/2025\/07\/02\/die-daenische-minderheit-nominiert-jens-a-christiansen-als-praesidentschaftskandidaten-fuer-die-fuen\/","url":"https:\/\/www.minderheitensekretariat.de\/en\/2025\/07\/02\/die-daenische-minderheit-nominiert-jens-a-christiansen-als-praesidentschaftskandidaten-fuer-die-fuen\/","name":"Die d\u00e4nische Minderheit nominiert Jens A. Christiansen als Pr\u00e4sidentschaftskandidaten f\u00fcr die FUEN - Minderheitensekretariat","isPartOf":{"@id":"https:\/\/www.minderheitensekretariat.de\/en\/#website"},"primaryImageOfPage":{"@id":"https:\/\/www.minderheitensekretariat.de\/en\/2025\/07\/02\/die-daenische-minderheit-nominiert-jens-a-christiansen-als-praesidentschaftskandidaten-fuer-die-fuen\/#primaryimage"},"image":{"@id":"https:\/\/www.minderheitensekretariat.de\/en\/2025\/07\/02\/die-daenische-minderheit-nominiert-jens-a-christiansen-als-praesidentschaftskandidaten-fuer-die-fuen\/#primaryimage"},"thumbnailUrl":"https:\/\/www.minderheitensekretariat.de\/wp-content\/uploads\/2022\/08\/SSF_Logo-3.png","datePublished":"2025-07-02T10:23:45+00:00","dateModified":"2025-07-02T10:24:55+00:00","breadcrumb":{"@id":"https:\/\/www.minderheitensekretariat.de\/en\/2025\/07\/02\/die-daenische-minderheit-nominiert-jens-a-christiansen-als-praesidentschaftskandidaten-fuer-die-fuen\/#breadcrumb"},"inLanguage":"en-US","potentialAction":[{"@type":"ReadAction","target":["https:\/\/www.minderheitensekretariat.de\/en\/2025\/07\/02\/die-daenische-minderheit-nominiert-jens-a-christiansen-als-praesidentschaftskandidaten-fuer-die-fuen\/"]}]},{"@type":"ImageObject","inLanguage":"en-US","@id":"https:\/\/www.minderheitensekretariat.de\/en\/2025\/07\/02\/die-daenische-minderheit-nominiert-jens-a-christiansen-als-praesidentschaftskandidaten-fuer-die-fuen\/#primaryimage","url":"https:\/\/www.minderheitensekretariat.de\/wp-content\/uploads\/2022\/08\/SSF_Logo-3.png","contentUrl":"https:\/\/www.minderheitensekretariat.de\/wp-content\/uploads\/2022\/08\/SSF_Logo-3.png","width":1200,"height":450},{"@type":"BreadcrumbList","@id":"https:\/\/www.minderheitensekretariat.de\/en\/2025\/07\/02\/die-daenische-minderheit-nominiert-jens-a-christiansen-als-praesidentschaftskandidaten-fuer-die-fuen\/#breadcrumb","itemListElement":[{"@type":"ListItem","position":1,"name":"Startseite","item":"https:\/\/www.minderheitensekretariat.de\/en\/"},{"@type":"ListItem","position":2,"name":"Die d\u00e4nische Minderheit nominiert Jens A. Christiansen als Pr\u00e4sidentschaftskandidaten f\u00fcr die FUEN"}]},{"@type":"WebSite","@id":"https:\/\/www.minderheitensekretariat.de\/en\/#website","url":"https:\/\/www.minderheitensekretariat.de\/en\/","name":"Minderheitensekretariat","description":"","publisher":{"@id":"https:\/\/www.minderheitensekretariat.de\/en\/#organization"},"potentialAction":[{"@type":"SearchAction","target":{"@type":"EntryPoint","urlTemplate":"https:\/\/www.minderheitensekretariat.de\/en\/?s={search_term_string}"},"query-input":{"@type":"PropertyValueSpecification","valueRequired":true,"valueName":"search_term_string"}}],"inLanguage":"en-US"},{"@type":"Organization","@id":"https:\/\/www.minderheitensekretariat.de\/en\/#organization","name":"Minderheitensekretariat","url":"https:\/\/www.minderheitensekretariat.de\/en\/","logo":{"@type":"ImageObject","inLanguage":"en-US","@id":"https:\/\/www.minderheitensekretariat.de\/en\/#\/schema\/logo\/image\/","url":"https:\/\/www.minderheitensekretariat.de\/wp-content\/uploads\/2023\/03\/Min_sek_Logo_4c.jpg","contentUrl":"https:\/\/www.minderheitensekretariat.de\/wp-content\/uploads\/2023\/03\/Min_sek_Logo_4c.jpg","width":984,"height":236,"caption":"Minderheitensekretariat"},"image":{"@id":"https:\/\/www.minderheitensekretariat.de\/en\/#\/schema\/logo\/image\/"},"sameAs":["https:\/\/www.facebook.com\/minderheitensekretariat.de"]},{"@type":"Person","@id":"https:\/\/www.minderheitensekretariat.de\/en\/#\/schema\/person\/55df1c4c912f10debba5dfc9bc26c1cf","name":"Minderheitensekretariat","image":{"@type":"ImageObject","inLanguage":"en-US","@id":"https:\/\/www.minderheitensekretariat.de\/en\/#\/schema\/person\/image\/","url":"https:\/\/secure.gravatar.com\/avatar\/370caba7511c95d16d2d05ef3fa57095fae805fdb97d13f46df8534525f106da?s=96&d=mm&r=g","contentUrl":"https:\/\/secure.gravatar.com\/avatar\/370caba7511c95d16d2d05ef3fa57095fae805fdb97d13f46df8534525f106da?s=96&d=mm&r=g","caption":"Minderheitensekretariat"},"sameAs":["https:\/\/www.minderheitensekretariat.de"],"url":"https:\/\/www.minderheitensekretariat.de\/en\/author\/minderheitensekretariat\/"}]}},"_links":{"self":[{"href":"https:\/\/www.minderheitensekretariat.de\/en\/wp-json\/wp\/v2\/posts\/20864","targetHints":{"allow":["GET"]}}],"collection":[{"href":"https:\/\/www.minderheitensekretariat.de\/en\/wp-json\/wp\/v2\/posts"}],"about":[{"href":"https:\/\/www.minderheitensekretariat.de\/en\/wp-json\/wp\/v2\/types\/post"}],"author":[{"embeddable":true,"href":"https:\/\/www.minderheitensekretariat.de\/en\/wp-json\/wp\/v2\/users\/1"}],"replies":[{"embeddable":true,"href":"https:\/\/www.minderheitensekretariat.de\/en\/wp-json\/wp\/v2\/comments?post=20864"}],"version-history":[{"count":4,"href":"https:\/\/www.minderheitensekretariat.de\/en\/wp-json\/wp\/v2\/posts\/20864\/revisions"}],"predecessor-version":[{"id":20882,"href":"https:\/\/www.minderheitensekretariat.de\/en\/wp-json\/wp\/v2\/posts\/20864\/revisions\/20882"}],"wp:featuredmedia":[{"embeddable":true,"href":"https:\/\/www.minderheitensekretariat.de\/en\/wp-json\/wp\/v2\/media\/5257"}],"wp:attachment":[{"href":"https:\/\/www.minderheitensekretariat.de\/en\/wp-json\/wp\/v2\/media?parent=20864"}],"wp:term":[{"taxonomy":"category","embeddable":true,"href":"https:\/\/www.minderheitensekretariat.de\/en\/wp-json\/wp\/v2\/categories?post=20864"},{"taxonomy":"post_tag","embeddable":true,"href":"https:\/\/www.minderheitensekretariat.de\/en\/wp-json\/wp\/v2\/tags?post=20864"}],"curies":[{"name":"wp","href":"https:\/\/api.w.org\/{rel}","templated":true}]}}