{"id":21334,"date":"2025-09-12T11:54:03","date_gmt":"2025-09-12T09:54:03","guid":{"rendered":"https:\/\/www.minderheitensekretariat.de\/?p=21334"},"modified":"2025-09-17T15:24:16","modified_gmt":"2025-09-17T13:24:16","slug":"neues-sorabistisches-arbeitspapier-fokussiert-minderheitenbedarfe-in-raumplanungsprozessen","status":"publish","type":"post","link":"https:\/\/www.minderheitensekretariat.de\/en\/2025\/09\/12\/neues-sorabistisches-arbeitspapier-fokussiert-minderheitenbedarfe-in-raumplanungsprozessen\/","title":{"rendered":"Neues \u201eSorabistisches Arbeitspapier\u201c fokussiert Minderheitenbedarfe in Raumplanungsprozessen"},"content":{"rendered":"\t\t<div data-elementor-type=\"wp-post\" data-elementor-id=\"21334\" class=\"elementor elementor-21334\" data-elementor-post-type=\"post\">\n\t\t\t\t\t\t<section class=\"elementor-section elementor-top-section elementor-element elementor-element-7333b6f elementor-section-boxed elementor-section-height-default elementor-section-height-default\" data-id=\"7333b6f\" data-element_type=\"section\" data-settings=\"{&quot;background_background&quot;:&quot;gradient&quot;}\">\n\t\t\t\t\t\t\t<div class=\"elementor-background-overlay\"><\/div>\n\t\t\t\t\t\t\t<div class=\"elementor-container elementor-column-gap-default\">\n\t\t\t\t\t<div class=\"elementor-column elementor-col-100 elementor-top-column elementor-element elementor-element-1b921a3\" data-id=\"1b921a3\" data-element_type=\"column\">\n\t\t\t<div class=\"elementor-widget-wrap elementor-element-populated\">\n\t\t\t\t\t\t<section class=\"elementor-section elementor-inner-section elementor-element elementor-element-b0fb436 elementor-section-full_width elementor-section-height-default elementor-section-height-default\" data-id=\"b0fb436\" data-element_type=\"section\">\n\t\t\t\t\t\t<div class=\"elementor-container elementor-column-gap-default\">\n\t\t\t\t\t<div class=\"elementor-column elementor-col-50 elementor-inner-column elementor-element elementor-element-fa2d1aa\" data-id=\"fa2d1aa\" data-element_type=\"column\">\n\t\t\t<div class=\"elementor-widget-wrap elementor-element-populated\">\n\t\t\t\t\t\t<div class=\"elementor-element elementor-element-ea2fe1b elementor-widget elementor-widget-image\" data-id=\"ea2fe1b\" data-element_type=\"widget\" data-widget_type=\"image.default\">\n\t\t\t\t<div class=\"elementor-widget-container\">\n\t\t\t\t\t\t\t\t\t\t<figure class=\"wp-caption\">\n\t\t\t\t\t\t\t\t\t\t<img fetchpriority=\"high\" decoding=\"async\" width=\"670\" height=\"382\" src=\"https:\/\/www.minderheitensekretariat.de\/wp-content\/uploads\/2022\/08\/Sorbisches-Institut_logo.jpg\" class=\"attachment-large size-large wp-image-3901\" alt=\"\" srcset=\"https:\/\/www.minderheitensekretariat.de\/wp-content\/uploads\/2022\/08\/Sorbisches-Institut_logo.jpg 670w, https:\/\/www.minderheitensekretariat.de\/wp-content\/uploads\/2022\/08\/Sorbisches-Institut_logo-300x171.jpg 300w\" sizes=\"(max-width: 670px) 100vw, 670px\" \/>\t\t\t\t\t\t\t\t\t\t\t<figcaption class=\"widget-image-caption wp-caption-text\"><\/figcaption>\n\t\t\t\t\t\t\t\t\t\t<\/figure>\n\t\t\t\t\t\t\t<\/div>\n\t\t\t\t<\/div>\n\t\t\t\t\t<\/div>\n\t\t<\/div>\n\t\t\t\t<div class=\"elementor-column elementor-col-50 elementor-inner-column elementor-element elementor-element-f592ef7\" data-id=\"f592ef7\" data-element_type=\"column\">\n\t\t\t<div class=\"elementor-widget-wrap elementor-element-populated\">\n\t\t\t\t\t\t<div class=\"elementor-element elementor-element-03b0f5e elementor-widget elementor-widget-text-editor\" data-id=\"03b0f5e\" data-element_type=\"widget\" data-widget_type=\"text-editor.default\">\n\t\t\t\t<div class=\"elementor-widget-container\">\n\t\t\t\t\t\t\t12\/09\/2025\t\t\t\t\t\t<\/div>\n\t\t\t\t<\/div>\n\t\t\t\t<div class=\"elementor-element elementor-element-1a51d24 elementor-widget elementor-widget-text-editor\" data-id=\"1a51d24\" data-element_type=\"widget\" data-widget_type=\"text-editor.default\">\n\t\t\t\t<div class=\"elementor-widget-container\">\n\t\t\t\t\t\t\t\u201eFolgenabsch\u00e4tzung in minderheitenkulturellen Kontexten. Ein \u00dcberblick \u00fcber Methoden des internationalen Impact Assessments\u201c ist das achte Heft der Schriftenreihe \u201eSorabistische Arbeitspapiere\u201c des Sorbischen Instituts. \t\t\t\t\t\t<\/div>\n\t\t\t\t<\/div>\n\t\t\t\t<div class=\"elementor-element elementor-element-2aa7c17 elementor-widget-divider--view-line elementor-widget elementor-widget-divider\" data-id=\"2aa7c17\" data-element_type=\"widget\" data-widget_type=\"divider.default\">\n\t\t\t\t<div class=\"elementor-widget-container\">\n\t\t\t\t\t<div class=\"elementor-divider\">\n\t\t\t<span class=\"elementor-divider-separator\">\n\t\t\t\t\t\t<\/span>\n\t\t<\/div>\n\t\t\t\t<\/div>\n\t\t\t\t<\/div>\n\t\t\t\t\t<\/div>\n\t\t<\/div>\n\t\t\t\t\t<\/div>\n\t\t<\/section>\n\t\t\t\t<div class=\"elementor-element elementor-element-87b8590 elementor-hidden-mobile elementor-invisible elementor-widget elementor-widget-image\" data-id=\"87b8590\" data-element_type=\"widget\" data-settings=\"{&quot;_animation&quot;:&quot;fadeInDown&quot;,&quot;_animation_delay&quot;:1000}\" data-widget_type=\"image.default\">\n\t\t\t\t<div class=\"elementor-widget-container\">\n\t\t\t\t\t\t\t\t\t\t\t\t\t\t<a href=\"#mehr\">\n\t\t\t\t\t\t\t<img decoding=\"async\" width=\"27\" height=\"15\" src=\"https:\/\/www.minderheitensekretariat.de\/wp-content\/uploads\/2022\/07\/arrow_down.svg\" class=\"elementor-animation-shrink attachment-large size-large wp-image-657\" alt=\"\" \/>\t\t\t\t\t\t\t\t<\/a>\n\t\t\t\t\t\t\t\t\t\t\t\t\t<\/div>\n\t\t\t\t<\/div>\n\t\t\t\t<section class=\"elementor-section elementor-inner-section elementor-element elementor-element-8629abe elementor-section-boxed elementor-section-height-default elementor-section-height-default\" data-id=\"8629abe\" data-element_type=\"section\">\n\t\t\t\t\t\t<div class=\"elementor-container elementor-column-gap-default\">\n\t\t\t\t\t<div class=\"elementor-column elementor-col-100 elementor-inner-column elementor-element elementor-element-8fa23c1\" data-id=\"8fa23c1\" data-element_type=\"column\">\n\t\t\t<div class=\"elementor-widget-wrap elementor-element-populated\">\n\t\t\t\t\t\t<div class=\"elementor-element elementor-element-2440ca1 elementor-widget elementor-widget-heading\" data-id=\"2440ca1\" data-element_type=\"widget\" data-widget_type=\"heading.default\">\n\t\t\t\t<div class=\"elementor-widget-container\">\n\t\t\t<h2 class=\"elementor-heading-title elementor-size-default\">Neues \u201eSorabistisches Arbeitspapier\u201c fokussiert Minderheitenbedarfe in Raumplanungsprozessen<\/h2>\t\t<\/div>\n\t\t\t\t<\/div>\n\t\t\t\t<div class=\"elementor-element elementor-element-c01359a elementor-widget elementor-widget-text-editor\" data-id=\"c01359a\" data-element_type=\"widget\" data-widget_type=\"text-editor.default\">\n\t\t\t\t<div class=\"elementor-widget-container\">\n\t\t\t\t\t\t\t<p>Unter dem Titel <em>\u201eFolgenabsch\u00e4tzung in minderheitenkulturellen Kontexten. Ein \u00dcberblick \u00fcber Methoden des internationalen Impact Assessments\u201c <\/em>erscheint das bereits achte Heft der Schriftenreihe \u201eSorabistische Arbeitspapiere\u201c des Sorbischen Instituts.<br \/><br \/>Dr. <a href=\"https:\/\/www.serbski-institut.de\/mitarbeiter\/dr-jenny-hagemann\/\"><span style=\"text-decoration: underline;\">Jenny Hagemann<\/span><\/a>, Kulturanthropologin am Sorbischen Institut, widmet sich in ihrer Arbeit den Wirkungsanalysen \u2013 einem zentralen Planungsinstrument. Wirkungsanalysen erm\u00f6glichen es, die positiven und negativen Folgen von Vorhaben in der Raum-, Regional-, Bergbau-, Stadt- und Verkehrsplanung einzusch\u00e4tzen und zu steuern. Die Autorin macht deutlich, dass es in Deutschland bislang kaum M\u00f6glichkeiten gibt, die Auswirkungen von Vorhaben auf kollektive kulturelle Belange zu bewerten. Etablierte Instrumente wie Umwelt- oder Sozialvertr\u00e4glichkeitspr\u00fcfungen greifen hier nicht. F\u00fcr Regionen mit Minderheiten, etwa die sorbische\/wendische Lausitz, ist dies jedoch von besonderer Bedeutung.<br \/><br \/>Nach einem \u00dcberblick \u00fcber bestehende Arten der Wirkungsanalyse richtet die Verfasserin den Fokus auf das Cultural Impact Assessment (Kulturvertr\u00e4glichkeitspr\u00fcfung). Dieses Verfahren wurde speziell entwickelt, um Minderheitenbedarfe systematisch in Planungsprozesse entsprechend einzubinden. Anhand eines konkreten Beispiels aus Neuseeland zeigt Hagemann, welche Ans\u00e4tze sich auf die sorbische\/wendische Lausitz \u00fcbertragen lie\u00dfen.<br \/><br \/>Dr. Lutz Laschewski, Leiter der Abteilung Regionalentwicklung und Minderheitenschutz am Sorbischen Institut, betont den praktischen Bezug der Arbeit: \u201eAnfang 2023 wurde f\u00fcr eine m\u00f6gliche Kupfermine der <em>Kupferschiefer Lausitz GmbH<\/em> zwischen Spremberg\/Grodk und Schleife\/Sl\u011bpe ein Raumordnungsverfahren aufgenommen, welches im September desselben Jahres mit dem Ergebnis abgeschlossen wurde, dass die Raumvertr\u00e4glichkeit des Vorhabens nicht festgestellt werden konnte. Im Rahmen dieses Verfahrens forderte die Domowina \u2013 nach Beratung mit dem Sorbischen Institut\/Serbski institut \u2013 erstmals eine Kulturvertr\u00e4glichkeitspr\u00fcfung. Damit sollte gepr\u00fcft werden, welche Auswirkungen das geplante Vorhaben auf die sorbische\/wendische Minderheit hat. Dies ist ein erster Schritt auf dem Weg zu einer Kulturvertr\u00e4glichkeitspr\u00fcfung f\u00fcr die Lausitz. Die von Dr. Jenny Hagemann vorgestellten Ans\u00e4tze sind damit nicht nur theoretisch. Sie zeigen, dass solche Pr\u00fcfungen k\u00fcnftig ein geeignetes Instrument f\u00fcr den regionalen Transformationsprozess sein k\u00f6nnen. Unser Ziel ist es, dieses Verfahren in den kommenden Jahren an den hiesigen Kontext anzupassen und f\u00fcr kommunale wie regionale Planungen nutzbar zu machen.\u201c<br \/><br \/><em>In der <\/em><span style=\"text-decoration: underline;\"><a href=\"https:\/\/www.serbski-institut.de\/publikationen\/sorabistische-arbeitspapiere\/\"><em>Schriftenreihe \u201eSorabistische Arbeitspapiere\u201c<\/em><\/a><\/span><em> erscheinen in loser Folge Arbeiten und Berichte, in der Regel aus Projekten des Sorbischen Instituts. Es handelt sich dabei um Positions- oder Konzeptpapiere, Dokumentationen (z. B. von Best Practices) und \u00e4hnliche Texte aus dem laufenden Arbeitsprozess. <br \/><br \/><\/em><em>Ab sofort stehen alle Hefte unter Open- Access-Bedingungen und mit eigener DOI auf dem neuen <\/em><span style=\"text-decoration: underline;\"><a href=\"https:\/\/si.qucosa.de\/landing-page\/https%3A%2F%2Fsi.qucosa.de%2Fapi%2Fqucosa%253A95629%2Fmets%2F\/\"><em>Publikationsserver des Sorbischen Instituts Qucosa<\/em><\/a><\/span><em> zur Verf\u00fcgung.<br \/><br \/><\/em>Hagemann, Jenny (2025): <a href=\"https:\/\/www.serbski-institut.de\/publikation\/folgenabschaetzung-in-minderheitenkulturellen-kontexten\/\"><span style=\"text-decoration: underline;\">Folgenabsch\u00e4tzung in minderheitenkulturellen Kontexten. Ein \u00dcberblick \u00fcber Methoden des internationalen Impact Assessments<\/span><\/a>. Budy\u0161in: Serbski institut (= Sorabistische Arbeitspapiere, Heft 8).<br \/><br \/>DOI: <span style=\"text-decoration: underline;\"><a href=\"https:\/\/doi.org\/10.59195\/2025.21\">https:\/\/doi.org\/10.59195\/2025.21<\/a><\/span><\/p>\t\t\t\t\t\t<\/div>\n\t\t\t\t<\/div>\n\t\t\t\t<div class=\"elementor-element elementor-element-37f7ccc elementor-widget elementor-widget-text-editor\" data-id=\"37f7ccc\" data-element_type=\"widget\" data-widget_type=\"text-editor.default\">\n\t\t\t\t<div class=\"elementor-widget-container\">\n\t\t\t\t\t\t\t<p><span style=\"color: var( --e-global-color-39532aa ); letter-spacing: 0px; background-color: transparent;\">(Quelle: Serbski institut, 12.09.2025<\/span><span style=\"color: var( --e-global-color-39532aa ); letter-spacing: 0px; background-color: transparent;\">)<\/span><\/p>\t\t\t\t\t\t<\/div>\n\t\t\t\t<\/div>\n\t\t\t\t\t<\/div>\n\t\t<\/div>\n\t\t\t\t\t<\/div>\n\t\t<\/section>\n\t\t\t\t<section class=\"elementor-section elementor-inner-section elementor-element elementor-element-79ac782 elementor-section-boxed elementor-section-height-default elementor-section-height-default\" data-id=\"79ac782\" data-element_type=\"section\">\n\t\t\t\t\t\t<div class=\"elementor-container elementor-column-gap-default\">\n\t\t\t\t\t<div class=\"elementor-column elementor-col-100 elementor-inner-column elementor-element elementor-element-535e876\" data-id=\"535e876\" data-element_type=\"column\">\n\t\t\t<div class=\"elementor-widget-wrap elementor-element-populated\">\n\t\t\t\t\t\t<div class=\"elementor-element elementor-element-96396bc elementor-align-center elementor-widget elementor-widget-button\" data-id=\"96396bc\" data-element_type=\"widget\" data-widget_type=\"button.default\">\n\t\t\t\t<div class=\"elementor-widget-container\">\n\t\t\t\t\t\t\t<div class=\"elementor-button-wrapper\">\n\t\t\t\t\t<a class=\"elementor-button elementor-button-link elementor-size-sm\" href=\"\/aktuelles\/\">\n\t\t\t\t\t\t<span class=\"elementor-button-content-wrapper\">\n\t\t\t\t\t\t\t\t\t<span class=\"elementor-button-text\">Zur\u00fcck zur \u00dcbersicht<\/span>\n\t\t\t\t\t<\/span>\n\t\t\t\t\t<\/a>\n\t\t\t\t<\/div>\n\t\t\t\t\t\t<\/div>\n\t\t\t\t<\/div>\n\t\t\t\t\t<\/div>\n\t\t<\/div>\n\t\t\t\t\t<\/div>\n\t\t<\/section>\n\t\t\t\t\t<\/div>\n\t\t<\/div>\n\t\t\t\t\t<\/div>\n\t\t<\/section>\n\t\t\t\t<\/div>\n\t\t","protected":false},"excerpt":{"rendered":"<p>\u201eFolgenabsch\u00e4tzung in minderheitenkulturellen Kontexten. Ein \u00dcberblick \u00fcber Methoden des internationalen Impact Assessments\u201c ist das achte Heft der Schriftenreihe \u201eSorabistische Arbeitspapiere\u201c des Sorbischen Instituts. <\/p>\n","protected":false},"author":1,"featured_media":3901,"comment_status":"closed","ping_status":"closed","sticky":false,"template":"elementor_header_footer","format":"standard","meta":{"footnotes":""},"categories":[49],"tags":[],"class_list":["post-21334","post","type-post","status-publish","format-standard","has-post-thumbnail","hentry","category-startseite"],"yoast_head":"<!-- This site is optimized with the Yoast SEO plugin v23.8 - https:\/\/yoast.com\/wordpress\/plugins\/seo\/ -->\n<title>Neues \u201eSorabistisches Arbeitspapier\u201c fokussiert Minderheitenbedarfe in Raumplanungsprozessen - Minderheitensekretariat<\/title>\n<meta name=\"robots\" content=\"index, follow, max-snippet:-1, max-image-preview:large, max-video-preview:-1\" \/>\n<link rel=\"canonical\" href=\"https:\/\/www.minderheitensekretariat.de\/en\/2025\/09\/12\/neues-sorabistisches-arbeitspapier-fokussiert-minderheitenbedarfe-in-raumplanungsprozessen\/\" \/>\n<meta property=\"og:locale\" content=\"en_US\" \/>\n<meta property=\"og:type\" content=\"article\" \/>\n<meta property=\"og:title\" content=\"Neues \u201eSorabistisches Arbeitspapier\u201c fokussiert Minderheitenbedarfe in Raumplanungsprozessen - Minderheitensekretariat\" \/>\n<meta property=\"og:description\" content=\"\u201eFolgenabsch\u00e4tzung in minderheitenkulturellen Kontexten. Ein \u00dcberblick \u00fcber Methoden des internationalen Impact Assessments\u201c ist das achte Heft der Schriftenreihe \u201eSorabistische Arbeitspapiere\u201c des Sorbischen Instituts.\" \/>\n<meta property=\"og:url\" content=\"https:\/\/www.minderheitensekretariat.de\/en\/2025\/09\/12\/neues-sorabistisches-arbeitspapier-fokussiert-minderheitenbedarfe-in-raumplanungsprozessen\/\" \/>\n<meta property=\"og:site_name\" content=\"Minderheitensekretariat\" \/>\n<meta property=\"article:publisher\" content=\"https:\/\/www.facebook.com\/minderheitensekretariat.de\" \/>\n<meta property=\"article:published_time\" content=\"2025-09-12T09:54:03+00:00\" \/>\n<meta property=\"article:modified_time\" content=\"2025-09-17T13:24:16+00:00\" \/>\n<meta property=\"og:image\" content=\"https:\/\/www.minderheitensekretariat.de\/wp-content\/uploads\/2022\/08\/Sorbisches-Institut_logo.jpg\" \/>\n\t<meta property=\"og:image:width\" content=\"670\" \/>\n\t<meta property=\"og:image:height\" content=\"382\" \/>\n\t<meta property=\"og:image:type\" content=\"image\/jpeg\" \/>\n<meta name=\"author\" content=\"Minderheitensekretariat\" \/>\n<meta name=\"twitter:card\" content=\"summary_large_image\" \/>\n<meta name=\"twitter:label1\" content=\"Written by\" \/>\n\t<meta name=\"twitter:data1\" content=\"Minderheitensekretariat\" \/>\n\t<meta name=\"twitter:label2\" content=\"Est. reading time\" \/>\n\t<meta name=\"twitter:data2\" content=\"3 minutes\" \/>\n<script type=\"application\/ld+json\" class=\"yoast-schema-graph\">{\"@context\":\"https:\/\/schema.org\",\"@graph\":[{\"@type\":\"Article\",\"@id\":\"https:\/\/www.minderheitensekretariat.de\/en\/2025\/09\/12\/neues-sorabistisches-arbeitspapier-fokussiert-minderheitenbedarfe-in-raumplanungsprozessen\/#article\",\"isPartOf\":{\"@id\":\"https:\/\/www.minderheitensekretariat.de\/en\/2025\/09\/12\/neues-sorabistisches-arbeitspapier-fokussiert-minderheitenbedarfe-in-raumplanungsprozessen\/\"},\"author\":{\"name\":\"Minderheitensekretariat\",\"@id\":\"https:\/\/www.minderheitensekretariat.de\/en\/#\/schema\/person\/55df1c4c912f10debba5dfc9bc26c1cf\"},\"headline\":\"Neues \u201eSorabistisches Arbeitspapier\u201c fokussiert Minderheitenbedarfe in Raumplanungsprozessen\",\"datePublished\":\"2025-09-12T09:54:03+00:00\",\"dateModified\":\"2025-09-17T13:24:16+00:00\",\"mainEntityOfPage\":{\"@id\":\"https:\/\/www.minderheitensekretariat.de\/en\/2025\/09\/12\/neues-sorabistisches-arbeitspapier-fokussiert-minderheitenbedarfe-in-raumplanungsprozessen\/\"},\"wordCount\":446,\"publisher\":{\"@id\":\"https:\/\/www.minderheitensekretariat.de\/en\/#organization\"},\"image\":{\"@id\":\"https:\/\/www.minderheitensekretariat.de\/en\/2025\/09\/12\/neues-sorabistisches-arbeitspapier-fokussiert-minderheitenbedarfe-in-raumplanungsprozessen\/#primaryimage\"},\"thumbnailUrl\":\"https:\/\/www.minderheitensekretariat.de\/wp-content\/uploads\/2022\/08\/Sorbisches-Institut_logo.jpg\",\"articleSection\":[\"Startseite\"],\"inLanguage\":\"en-US\"},{\"@type\":\"WebPage\",\"@id\":\"https:\/\/www.minderheitensekretariat.de\/en\/2025\/09\/12\/neues-sorabistisches-arbeitspapier-fokussiert-minderheitenbedarfe-in-raumplanungsprozessen\/\",\"url\":\"https:\/\/www.minderheitensekretariat.de\/en\/2025\/09\/12\/neues-sorabistisches-arbeitspapier-fokussiert-minderheitenbedarfe-in-raumplanungsprozessen\/\",\"name\":\"Neues \u201eSorabistisches Arbeitspapier\u201c fokussiert Minderheitenbedarfe in Raumplanungsprozessen - Minderheitensekretariat\",\"isPartOf\":{\"@id\":\"https:\/\/www.minderheitensekretariat.de\/en\/#website\"},\"primaryImageOfPage\":{\"@id\":\"https:\/\/www.minderheitensekretariat.de\/en\/2025\/09\/12\/neues-sorabistisches-arbeitspapier-fokussiert-minderheitenbedarfe-in-raumplanungsprozessen\/#primaryimage\"},\"image\":{\"@id\":\"https:\/\/www.minderheitensekretariat.de\/en\/2025\/09\/12\/neues-sorabistisches-arbeitspapier-fokussiert-minderheitenbedarfe-in-raumplanungsprozessen\/#primaryimage\"},\"thumbnailUrl\":\"https:\/\/www.minderheitensekretariat.de\/wp-content\/uploads\/2022\/08\/Sorbisches-Institut_logo.jpg\",\"datePublished\":\"2025-09-12T09:54:03+00:00\",\"dateModified\":\"2025-09-17T13:24:16+00:00\",\"breadcrumb\":{\"@id\":\"https:\/\/www.minderheitensekretariat.de\/en\/2025\/09\/12\/neues-sorabistisches-arbeitspapier-fokussiert-minderheitenbedarfe-in-raumplanungsprozessen\/#breadcrumb\"},\"inLanguage\":\"en-US\",\"potentialAction\":[{\"@type\":\"ReadAction\",\"target\":[\"https:\/\/www.minderheitensekretariat.de\/en\/2025\/09\/12\/neues-sorabistisches-arbeitspapier-fokussiert-minderheitenbedarfe-in-raumplanungsprozessen\/\"]}]},{\"@type\":\"ImageObject\",\"inLanguage\":\"en-US\",\"@id\":\"https:\/\/www.minderheitensekretariat.de\/en\/2025\/09\/12\/neues-sorabistisches-arbeitspapier-fokussiert-minderheitenbedarfe-in-raumplanungsprozessen\/#primaryimage\",\"url\":\"https:\/\/www.minderheitensekretariat.de\/wp-content\/uploads\/2022\/08\/Sorbisches-Institut_logo.jpg\",\"contentUrl\":\"https:\/\/www.minderheitensekretariat.de\/wp-content\/uploads\/2022\/08\/Sorbisches-Institut_logo.jpg\",\"width\":670,\"height\":382},{\"@type\":\"BreadcrumbList\",\"@id\":\"https:\/\/www.minderheitensekretariat.de\/en\/2025\/09\/12\/neues-sorabistisches-arbeitspapier-fokussiert-minderheitenbedarfe-in-raumplanungsprozessen\/#breadcrumb\",\"itemListElement\":[{\"@type\":\"ListItem\",\"position\":1,\"name\":\"Startseite\",\"item\":\"https:\/\/www.minderheitensekretariat.de\/en\/\"},{\"@type\":\"ListItem\",\"position\":2,\"name\":\"Neues \u201eSorabistisches Arbeitspapier\u201c fokussiert Minderheitenbedarfe in Raumplanungsprozessen\"}]},{\"@type\":\"WebSite\",\"@id\":\"https:\/\/www.minderheitensekretariat.de\/en\/#website\",\"url\":\"https:\/\/www.minderheitensekretariat.de\/en\/\",\"name\":\"Minderheitensekretariat\",\"description\":\"\",\"publisher\":{\"@id\":\"https:\/\/www.minderheitensekretariat.de\/en\/#organization\"},\"potentialAction\":[{\"@type\":\"SearchAction\",\"target\":{\"@type\":\"EntryPoint\",\"urlTemplate\":\"https:\/\/www.minderheitensekretariat.de\/en\/?s={search_term_string}\"},\"query-input\":{\"@type\":\"PropertyValueSpecification\",\"valueRequired\":true,\"valueName\":\"search_term_string\"}}],\"inLanguage\":\"en-US\"},{\"@type\":\"Organization\",\"@id\":\"https:\/\/www.minderheitensekretariat.de\/en\/#organization\",\"name\":\"Minderheitensekretariat\",\"url\":\"https:\/\/www.minderheitensekretariat.de\/en\/\",\"logo\":{\"@type\":\"ImageObject\",\"inLanguage\":\"en-US\",\"@id\":\"https:\/\/www.minderheitensekretariat.de\/en\/#\/schema\/logo\/image\/\",\"url\":\"https:\/\/www.minderheitensekretariat.de\/wp-content\/uploads\/2023\/03\/Min_sek_Logo_4c.jpg\",\"contentUrl\":\"https:\/\/www.minderheitensekretariat.de\/wp-content\/uploads\/2023\/03\/Min_sek_Logo_4c.jpg\",\"width\":984,\"height\":236,\"caption\":\"Minderheitensekretariat\"},\"image\":{\"@id\":\"https:\/\/www.minderheitensekretariat.de\/en\/#\/schema\/logo\/image\/\"},\"sameAs\":[\"https:\/\/www.facebook.com\/minderheitensekretariat.de\"]},{\"@type\":\"Person\",\"@id\":\"https:\/\/www.minderheitensekretariat.de\/en\/#\/schema\/person\/55df1c4c912f10debba5dfc9bc26c1cf\",\"name\":\"Minderheitensekretariat\",\"image\":{\"@type\":\"ImageObject\",\"inLanguage\":\"en-US\",\"@id\":\"https:\/\/www.minderheitensekretariat.de\/en\/#\/schema\/person\/image\/\",\"url\":\"https:\/\/secure.gravatar.com\/avatar\/370caba7511c95d16d2d05ef3fa57095fae805fdb97d13f46df8534525f106da?s=96&d=mm&r=g\",\"contentUrl\":\"https:\/\/secure.gravatar.com\/avatar\/370caba7511c95d16d2d05ef3fa57095fae805fdb97d13f46df8534525f106da?s=96&d=mm&r=g\",\"caption\":\"Minderheitensekretariat\"},\"sameAs\":[\"https:\/\/www.minderheitensekretariat.de\"],\"url\":\"https:\/\/www.minderheitensekretariat.de\/en\/author\/minderheitensekretariat\/\"}]}<\/script>\n<!-- \/ Yoast SEO plugin. -->","yoast_head_json":{"title":"Neues \u201eSorabistisches Arbeitspapier\u201c fokussiert Minderheitenbedarfe in Raumplanungsprozessen - Minderheitensekretariat","robots":{"index":"index","follow":"follow","max-snippet":"max-snippet:-1","max-image-preview":"max-image-preview:large","max-video-preview":"max-video-preview:-1"},"canonical":"https:\/\/www.minderheitensekretariat.de\/en\/2025\/09\/12\/neues-sorabistisches-arbeitspapier-fokussiert-minderheitenbedarfe-in-raumplanungsprozessen\/","og_locale":"en_US","og_type":"article","og_title":"Neues \u201eSorabistisches Arbeitspapier\u201c fokussiert Minderheitenbedarfe in Raumplanungsprozessen - Minderheitensekretariat","og_description":"\u201eFolgenabsch\u00e4tzung in minderheitenkulturellen Kontexten. Ein \u00dcberblick \u00fcber Methoden des internationalen Impact Assessments\u201c ist das achte Heft der Schriftenreihe \u201eSorabistische Arbeitspapiere\u201c des Sorbischen Instituts.","og_url":"https:\/\/www.minderheitensekretariat.de\/en\/2025\/09\/12\/neues-sorabistisches-arbeitspapier-fokussiert-minderheitenbedarfe-in-raumplanungsprozessen\/","og_site_name":"Minderheitensekretariat","article_publisher":"https:\/\/www.facebook.com\/minderheitensekretariat.de","article_published_time":"2025-09-12T09:54:03+00:00","article_modified_time":"2025-09-17T13:24:16+00:00","og_image":[{"width":670,"height":382,"url":"https:\/\/www.minderheitensekretariat.de\/wp-content\/uploads\/2022\/08\/Sorbisches-Institut_logo.jpg","type":"image\/jpeg"}],"author":"Minderheitensekretariat","twitter_card":"summary_large_image","twitter_misc":{"Written by":"Minderheitensekretariat","Est. reading time":"3 minutes"},"schema":{"@context":"https:\/\/schema.org","@graph":[{"@type":"Article","@id":"https:\/\/www.minderheitensekretariat.de\/en\/2025\/09\/12\/neues-sorabistisches-arbeitspapier-fokussiert-minderheitenbedarfe-in-raumplanungsprozessen\/#article","isPartOf":{"@id":"https:\/\/www.minderheitensekretariat.de\/en\/2025\/09\/12\/neues-sorabistisches-arbeitspapier-fokussiert-minderheitenbedarfe-in-raumplanungsprozessen\/"},"author":{"name":"Minderheitensekretariat","@id":"https:\/\/www.minderheitensekretariat.de\/en\/#\/schema\/person\/55df1c4c912f10debba5dfc9bc26c1cf"},"headline":"Neues \u201eSorabistisches Arbeitspapier\u201c fokussiert Minderheitenbedarfe in Raumplanungsprozessen","datePublished":"2025-09-12T09:54:03+00:00","dateModified":"2025-09-17T13:24:16+00:00","mainEntityOfPage":{"@id":"https:\/\/www.minderheitensekretariat.de\/en\/2025\/09\/12\/neues-sorabistisches-arbeitspapier-fokussiert-minderheitenbedarfe-in-raumplanungsprozessen\/"},"wordCount":446,"publisher":{"@id":"https:\/\/www.minderheitensekretariat.de\/en\/#organization"},"image":{"@id":"https:\/\/www.minderheitensekretariat.de\/en\/2025\/09\/12\/neues-sorabistisches-arbeitspapier-fokussiert-minderheitenbedarfe-in-raumplanungsprozessen\/#primaryimage"},"thumbnailUrl":"https:\/\/www.minderheitensekretariat.de\/wp-content\/uploads\/2022\/08\/Sorbisches-Institut_logo.jpg","articleSection":["Startseite"],"inLanguage":"en-US"},{"@type":"WebPage","@id":"https:\/\/www.minderheitensekretariat.de\/en\/2025\/09\/12\/neues-sorabistisches-arbeitspapier-fokussiert-minderheitenbedarfe-in-raumplanungsprozessen\/","url":"https:\/\/www.minderheitensekretariat.de\/en\/2025\/09\/12\/neues-sorabistisches-arbeitspapier-fokussiert-minderheitenbedarfe-in-raumplanungsprozessen\/","name":"Neues \u201eSorabistisches Arbeitspapier\u201c fokussiert Minderheitenbedarfe in Raumplanungsprozessen - Minderheitensekretariat","isPartOf":{"@id":"https:\/\/www.minderheitensekretariat.de\/en\/#website"},"primaryImageOfPage":{"@id":"https:\/\/www.minderheitensekretariat.de\/en\/2025\/09\/12\/neues-sorabistisches-arbeitspapier-fokussiert-minderheitenbedarfe-in-raumplanungsprozessen\/#primaryimage"},"image":{"@id":"https:\/\/www.minderheitensekretariat.de\/en\/2025\/09\/12\/neues-sorabistisches-arbeitspapier-fokussiert-minderheitenbedarfe-in-raumplanungsprozessen\/#primaryimage"},"thumbnailUrl":"https:\/\/www.minderheitensekretariat.de\/wp-content\/uploads\/2022\/08\/Sorbisches-Institut_logo.jpg","datePublished":"2025-09-12T09:54:03+00:00","dateModified":"2025-09-17T13:24:16+00:00","breadcrumb":{"@id":"https:\/\/www.minderheitensekretariat.de\/en\/2025\/09\/12\/neues-sorabistisches-arbeitspapier-fokussiert-minderheitenbedarfe-in-raumplanungsprozessen\/#breadcrumb"},"inLanguage":"en-US","potentialAction":[{"@type":"ReadAction","target":["https:\/\/www.minderheitensekretariat.de\/en\/2025\/09\/12\/neues-sorabistisches-arbeitspapier-fokussiert-minderheitenbedarfe-in-raumplanungsprozessen\/"]}]},{"@type":"ImageObject","inLanguage":"en-US","@id":"https:\/\/www.minderheitensekretariat.de\/en\/2025\/09\/12\/neues-sorabistisches-arbeitspapier-fokussiert-minderheitenbedarfe-in-raumplanungsprozessen\/#primaryimage","url":"https:\/\/www.minderheitensekretariat.de\/wp-content\/uploads\/2022\/08\/Sorbisches-Institut_logo.jpg","contentUrl":"https:\/\/www.minderheitensekretariat.de\/wp-content\/uploads\/2022\/08\/Sorbisches-Institut_logo.jpg","width":670,"height":382},{"@type":"BreadcrumbList","@id":"https:\/\/www.minderheitensekretariat.de\/en\/2025\/09\/12\/neues-sorabistisches-arbeitspapier-fokussiert-minderheitenbedarfe-in-raumplanungsprozessen\/#breadcrumb","itemListElement":[{"@type":"ListItem","position":1,"name":"Startseite","item":"https:\/\/www.minderheitensekretariat.de\/en\/"},{"@type":"ListItem","position":2,"name":"Neues \u201eSorabistisches Arbeitspapier\u201c fokussiert Minderheitenbedarfe in Raumplanungsprozessen"}]},{"@type":"WebSite","@id":"https:\/\/www.minderheitensekretariat.de\/en\/#website","url":"https:\/\/www.minderheitensekretariat.de\/en\/","name":"Minderheitensekretariat","description":"","publisher":{"@id":"https:\/\/www.minderheitensekretariat.de\/en\/#organization"},"potentialAction":[{"@type":"SearchAction","target":{"@type":"EntryPoint","urlTemplate":"https:\/\/www.minderheitensekretariat.de\/en\/?s={search_term_string}"},"query-input":{"@type":"PropertyValueSpecification","valueRequired":true,"valueName":"search_term_string"}}],"inLanguage":"en-US"},{"@type":"Organization","@id":"https:\/\/www.minderheitensekretariat.de\/en\/#organization","name":"Minderheitensekretariat","url":"https:\/\/www.minderheitensekretariat.de\/en\/","logo":{"@type":"ImageObject","inLanguage":"en-US","@id":"https:\/\/www.minderheitensekretariat.de\/en\/#\/schema\/logo\/image\/","url":"https:\/\/www.minderheitensekretariat.de\/wp-content\/uploads\/2023\/03\/Min_sek_Logo_4c.jpg","contentUrl":"https:\/\/www.minderheitensekretariat.de\/wp-content\/uploads\/2023\/03\/Min_sek_Logo_4c.jpg","width":984,"height":236,"caption":"Minderheitensekretariat"},"image":{"@id":"https:\/\/www.minderheitensekretariat.de\/en\/#\/schema\/logo\/image\/"},"sameAs":["https:\/\/www.facebook.com\/minderheitensekretariat.de"]},{"@type":"Person","@id":"https:\/\/www.minderheitensekretariat.de\/en\/#\/schema\/person\/55df1c4c912f10debba5dfc9bc26c1cf","name":"Minderheitensekretariat","image":{"@type":"ImageObject","inLanguage":"en-US","@id":"https:\/\/www.minderheitensekretariat.de\/en\/#\/schema\/person\/image\/","url":"https:\/\/secure.gravatar.com\/avatar\/370caba7511c95d16d2d05ef3fa57095fae805fdb97d13f46df8534525f106da?s=96&d=mm&r=g","contentUrl":"https:\/\/secure.gravatar.com\/avatar\/370caba7511c95d16d2d05ef3fa57095fae805fdb97d13f46df8534525f106da?s=96&d=mm&r=g","caption":"Minderheitensekretariat"},"sameAs":["https:\/\/www.minderheitensekretariat.de"],"url":"https:\/\/www.minderheitensekretariat.de\/en\/author\/minderheitensekretariat\/"}]}},"_links":{"self":[{"href":"https:\/\/www.minderheitensekretariat.de\/en\/wp-json\/wp\/v2\/posts\/21334","targetHints":{"allow":["GET"]}}],"collection":[{"href":"https:\/\/www.minderheitensekretariat.de\/en\/wp-json\/wp\/v2\/posts"}],"about":[{"href":"https:\/\/www.minderheitensekretariat.de\/en\/wp-json\/wp\/v2\/types\/post"}],"author":[{"embeddable":true,"href":"https:\/\/www.minderheitensekretariat.de\/en\/wp-json\/wp\/v2\/users\/1"}],"replies":[{"embeddable":true,"href":"https:\/\/www.minderheitensekretariat.de\/en\/wp-json\/wp\/v2\/comments?post=21334"}],"version-history":[{"count":7,"href":"https:\/\/www.minderheitensekretariat.de\/en\/wp-json\/wp\/v2\/posts\/21334\/revisions"}],"predecessor-version":[{"id":21347,"href":"https:\/\/www.minderheitensekretariat.de\/en\/wp-json\/wp\/v2\/posts\/21334\/revisions\/21347"}],"wp:featuredmedia":[{"embeddable":true,"href":"https:\/\/www.minderheitensekretariat.de\/en\/wp-json\/wp\/v2\/media\/3901"}],"wp:attachment":[{"href":"https:\/\/www.minderheitensekretariat.de\/en\/wp-json\/wp\/v2\/media?parent=21334"}],"wp:term":[{"taxonomy":"category","embeddable":true,"href":"https:\/\/www.minderheitensekretariat.de\/en\/wp-json\/wp\/v2\/categories?post=21334"},{"taxonomy":"post_tag","embeddable":true,"href":"https:\/\/www.minderheitensekretariat.de\/en\/wp-json\/wp\/v2\/tags?post=21334"}],"curies":[{"name":"wp","href":"https:\/\/api.w.org\/{rel}","templated":true}]}}