{"id":21348,"date":"2025-09-23T11:07:31","date_gmt":"2025-09-23T09:07:31","guid":{"rendered":"https:\/\/www.minderheitensekretariat.de\/?p=21348"},"modified":"2025-09-23T13:41:01","modified_gmt":"2025-09-23T11:41:01","slug":"ausschreibung-einer-studentischen-wissenschaftlichen-hilfskraft-m-w-d","status":"publish","type":"post","link":"https:\/\/www.minderheitensekretariat.de\/en\/2025\/09\/23\/ausschreibung-einer-studentischen-wissenschaftlichen-hilfskraft-m-w-d\/","title":{"rendered":"Ausschreibung einer studentischen\/ wissenschaftlichen Hilfskraft (m\/w\/d)"},"content":{"rendered":"\t\t<div data-elementor-type=\"wp-post\" data-elementor-id=\"21348\" class=\"elementor elementor-21348\" data-elementor-post-type=\"post\">\n\t\t\t\t\t\t<section class=\"elementor-section elementor-top-section elementor-element elementor-element-7333b6f elementor-section-boxed elementor-section-height-default elementor-section-height-default\" data-id=\"7333b6f\" data-element_type=\"section\" data-settings=\"{&quot;background_background&quot;:&quot;gradient&quot;}\">\n\t\t\t\t\t\t\t<div class=\"elementor-background-overlay\"><\/div>\n\t\t\t\t\t\t\t<div class=\"elementor-container elementor-column-gap-default\">\n\t\t\t\t\t<div class=\"elementor-column elementor-col-100 elementor-top-column elementor-element elementor-element-1b921a3\" data-id=\"1b921a3\" data-element_type=\"column\">\n\t\t\t<div class=\"elementor-widget-wrap elementor-element-populated\">\n\t\t\t\t\t\t<section class=\"elementor-section elementor-inner-section elementor-element elementor-element-b0fb436 elementor-section-full_width elementor-section-height-default elementor-section-height-default\" data-id=\"b0fb436\" data-element_type=\"section\">\n\t\t\t\t\t\t<div class=\"elementor-container elementor-column-gap-default\">\n\t\t\t\t\t<div class=\"elementor-column elementor-col-50 elementor-inner-column elementor-element elementor-element-fa2d1aa\" data-id=\"fa2d1aa\" data-element_type=\"column\">\n\t\t\t<div class=\"elementor-widget-wrap elementor-element-populated\">\n\t\t\t\t\t\t<div class=\"elementor-element elementor-element-ea2fe1b elementor-widget elementor-widget-image\" data-id=\"ea2fe1b\" data-element_type=\"widget\" data-widget_type=\"image.default\">\n\t\t\t\t<div class=\"elementor-widget-container\">\n\t\t\t\t\t\t\t\t\t\t<figure class=\"wp-caption\">\n\t\t\t\t\t\t\t\t\t\t<img fetchpriority=\"high\" decoding=\"async\" width=\"670\" height=\"382\" src=\"https:\/\/www.minderheitensekretariat.de\/wp-content\/uploads\/2022\/08\/Sorbisches-Institut_logo.jpg\" class=\"attachment-large size-large wp-image-3901\" alt=\"\" srcset=\"https:\/\/www.minderheitensekretariat.de\/wp-content\/uploads\/2022\/08\/Sorbisches-Institut_logo.jpg 670w, https:\/\/www.minderheitensekretariat.de\/wp-content\/uploads\/2022\/08\/Sorbisches-Institut_logo-300x171.jpg 300w\" sizes=\"(max-width: 670px) 100vw, 670px\" \/>\t\t\t\t\t\t\t\t\t\t\t<figcaption class=\"widget-image-caption wp-caption-text\"><\/figcaption>\n\t\t\t\t\t\t\t\t\t\t<\/figure>\n\t\t\t\t\t\t\t<\/div>\n\t\t\t\t<\/div>\n\t\t\t\t\t<\/div>\n\t\t<\/div>\n\t\t\t\t<div class=\"elementor-column elementor-col-50 elementor-inner-column elementor-element elementor-element-f592ef7\" data-id=\"f592ef7\" data-element_type=\"column\">\n\t\t\t<div class=\"elementor-widget-wrap elementor-element-populated\">\n\t\t\t\t\t\t<div class=\"elementor-element elementor-element-03b0f5e elementor-widget elementor-widget-text-editor\" data-id=\"03b0f5e\" data-element_type=\"widget\" data-widget_type=\"text-editor.default\">\n\t\t\t\t<div class=\"elementor-widget-container\">\n\t\t\t\t\t\t\t23\/09\/2025\t\t\t\t\t\t<\/div>\n\t\t\t\t<\/div>\n\t\t\t\t<div class=\"elementor-element elementor-element-1a51d24 elementor-widget elementor-widget-text-editor\" data-id=\"1a51d24\" data-element_type=\"widget\" data-widget_type=\"text-editor.default\">\n\t\t\t\t<div class=\"elementor-widget-container\">\n\t\t\t\t\t\t\tDas Sorbische Institut sucht zum n\u00e4chstm\u00f6glichen Zeitpunkt in Cottbus eine studentische\/wissenschaftliche Hilfskraft.\t\t\t\t\t\t<\/div>\n\t\t\t\t<\/div>\n\t\t\t\t<div class=\"elementor-element elementor-element-2aa7c17 elementor-widget-divider--view-line elementor-widget elementor-widget-divider\" data-id=\"2aa7c17\" data-element_type=\"widget\" data-widget_type=\"divider.default\">\n\t\t\t\t<div class=\"elementor-widget-container\">\n\t\t\t\t\t<div class=\"elementor-divider\">\n\t\t\t<span class=\"elementor-divider-separator\">\n\t\t\t\t\t\t<\/span>\n\t\t<\/div>\n\t\t\t\t<\/div>\n\t\t\t\t<\/div>\n\t\t\t\t\t<\/div>\n\t\t<\/div>\n\t\t\t\t\t<\/div>\n\t\t<\/section>\n\t\t\t\t<div class=\"elementor-element elementor-element-87b8590 elementor-hidden-mobile elementor-invisible elementor-widget elementor-widget-image\" data-id=\"87b8590\" data-element_type=\"widget\" data-settings=\"{&quot;_animation&quot;:&quot;fadeInDown&quot;,&quot;_animation_delay&quot;:1000}\" data-widget_type=\"image.default\">\n\t\t\t\t<div class=\"elementor-widget-container\">\n\t\t\t\t\t\t\t\t\t\t\t\t\t\t<a href=\"#mehr\">\n\t\t\t\t\t\t\t<img decoding=\"async\" width=\"27\" height=\"15\" src=\"https:\/\/www.minderheitensekretariat.de\/wp-content\/uploads\/2022\/07\/arrow_down.svg\" class=\"elementor-animation-shrink attachment-large size-large wp-image-657\" alt=\"\" \/>\t\t\t\t\t\t\t\t<\/a>\n\t\t\t\t\t\t\t\t\t\t\t\t\t<\/div>\n\t\t\t\t<\/div>\n\t\t\t\t<section class=\"elementor-section elementor-inner-section elementor-element elementor-element-8629abe elementor-section-boxed elementor-section-height-default elementor-section-height-default\" data-id=\"8629abe\" data-element_type=\"section\">\n\t\t\t\t\t\t<div class=\"elementor-container elementor-column-gap-default\">\n\t\t\t\t\t<div class=\"elementor-column elementor-col-100 elementor-inner-column elementor-element elementor-element-8fa23c1\" data-id=\"8fa23c1\" data-element_type=\"column\">\n\t\t\t<div class=\"elementor-widget-wrap elementor-element-populated\">\n\t\t\t\t\t\t<div class=\"elementor-element elementor-element-2440ca1 elementor-widget elementor-widget-heading\" data-id=\"2440ca1\" data-element_type=\"widget\" data-widget_type=\"heading.default\">\n\t\t\t\t<div class=\"elementor-widget-container\">\n\t\t\t<h2 class=\"elementor-heading-title elementor-size-default\">Ausschreibung einer studentischen\/ wissenschaftlichen Hilfskraft (m\/w\/d)<\/h2>\t\t<\/div>\n\t\t\t\t<\/div>\n\t\t\t\t<div class=\"elementor-element elementor-element-c01359a elementor-widget elementor-widget-text-editor\" data-id=\"c01359a\" data-element_type=\"widget\" data-widget_type=\"text-editor.default\">\n\t\t\t\t<div class=\"elementor-widget-container\">\n\t\t\t\t\t\t\t<p>Das Sorbische Institut sucht\u00a0<strong>zum n\u00e4chstm\u00f6glichen Zeitpunkt<\/strong>\u00a0in Cottbus\/Ch\u00f3\u015bebuz (befristet\u00a0<strong>bis 31.12.2026<\/strong>) eine studentische\/wissenschaftliche Hilfskraft (BA\/MA) (w\/m\/d),\u00a0<strong>bis 10h\/Woche<\/strong>\u00a0zur Unterst\u00fctzung der Abteilung f\u00fcr Regionalentwicklung und Minderheitenschutz. Die Arbeitszeit ist flexibel.<br \/><br \/><strong>Aufgaben:<\/strong><\/p><ul><li>Unterst\u00fctzung in den Projekten der Abteilung, insbesondere\u00a0<strong>\u201eMasterplan zur Revitalisierung der niedersorbischen Sprache\u201c<\/strong><\/li><li>Unterst\u00fctzung bei der technischen Betreuung und Auswertung eines Online-Dialogs<\/li><li>Unterst\u00fctzung bei organisatorischen Aufgaben (Dokumentation, Vorbereitung von Veranstaltungen)<\/li><li>Datenverwaltung<\/li><li>Recherchearbeiten<br \/><br \/><\/li><\/ul><p><strong>Voraussetzungen:<\/strong><\/p><ul><li>Bachelor- oder Masterstudium in Sorabistik, Sozial-\/Kultur-\/Regionalwissenschaften, P\u00e4dagogik (Sprachen) oder vergleichbar<\/li><li>Englisch-Kenntnisse in Wort und Schrift; Kenntnisse einer sorbischen Sprache sind von Vorteil, aber keine Bedingung<\/li><li>sicherer Umgang mit MS-Office<\/li><li>zuverl\u00e4ssige und selbstst\u00e4ndige Arbeitsweise, Teamf\u00e4higkeit<br \/><br \/><\/li><\/ul><p>Ihre Bewerbung richten Sie bitte\u00a0<strong>bis zum 04.10.2025<\/strong>\u00a0mit den \u00fcblichen Unterlagen\u00a0<strong>ausschlie\u00dflich in digitaler Form<\/strong> (als PDF) an das Sekretariat des Serbski institut\/ Sorbischen Instituts per E-Mail an <span style=\"text-decoration: underline;\"><a href=\"mailto:si@serbski-institut.de\"><strong>si@serbski-institut.de<\/strong><\/a><\/span>.<br \/><br \/>Informationen zum Projekt:\u00a0<span style=\"text-decoration: underline;\"><a href=\"https:\/\/www.serbski-institut.de\/projekte-regionalentwicklung-minderheitenschutz\/masterplan\/\">www.serbski-institut.de\/projekte-regionalentwicklung-minderheitenschutz\/masterplan\/<\/a><br \/><br \/><\/span><em>Datenschutzhinweis:<\/em>\u00a0Mit der Einreichung Ihrer Bewerbung stimmen Sie der Verarbeitung Ihrer personenbezogenen Daten im Rahmen und zur Durchf\u00fchrung des Bewerbungsverfahrens zu. Diese Einwilligung kann jederzeit ohne Angaben von Gr\u00fcnden gegen\u00fcber dem Direktorat schriftlich oder elektronisch widerrufen werden. Bitte beachten Sie, dass ein Widerruf der Einwilligung dazu f\u00fchrt, dass die Bewerbung im laufenden Verfahren nicht mehr ber\u00fccksichtigt werden kann.<br \/><br \/><em>Die Abteilung Regionalentwicklung und Minderheitenschutz sowie das Projekt \u201eMasterplan zur Revitalisierung der niedersorbischen Sprache\u201c werden durch die Stiftung f\u00fcr das sorbische Volk aus Mitteln des Bundesministeriums des Inneren aufgrund eines Beschlusses des Deutschen Bundestages gef\u00f6rdert.<\/em><\/p>\t\t\t\t\t\t<\/div>\n\t\t\t\t<\/div>\n\t\t\t\t<div class=\"elementor-element elementor-element-73585d0 elementor-widget elementor-widget-text-editor\" data-id=\"73585d0\" data-element_type=\"widget\" data-widget_type=\"text-editor.default\">\n\t\t\t\t<div class=\"elementor-widget-container\">\n\t\t\t\t\t\t\t<p><span style=\"color: var( --e-global-color-39532aa ); letter-spacing: 0px; background-color: transparent;\">(Quelle: <span style=\"text-decoration: underline;\"><a href=\"https:\/\/www.serbski-institut.de\/ausschreibung-shk-whk_09-2025\/\">Sorbisches Institut<\/a><\/span>, 22.09.2025<\/span><span style=\"color: var( --e-global-color-39532aa ); letter-spacing: 0px; background-color: transparent;\">)<\/span><\/p>\t\t\t\t\t\t<\/div>\n\t\t\t\t<\/div>\n\t\t\t\t\t<\/div>\n\t\t<\/div>\n\t\t\t\t\t<\/div>\n\t\t<\/section>\n\t\t\t\t<section class=\"elementor-section elementor-inner-section elementor-element elementor-element-79ac782 elementor-section-boxed elementor-section-height-default elementor-section-height-default\" data-id=\"79ac782\" data-element_type=\"section\">\n\t\t\t\t\t\t<div class=\"elementor-container elementor-column-gap-default\">\n\t\t\t\t\t<div class=\"elementor-column elementor-col-100 elementor-inner-column elementor-element elementor-element-535e876\" data-id=\"535e876\" data-element_type=\"column\">\n\t\t\t<div class=\"elementor-widget-wrap elementor-element-populated\">\n\t\t\t\t\t\t<div class=\"elementor-element elementor-element-96396bc elementor-align-center elementor-widget elementor-widget-button\" data-id=\"96396bc\" data-element_type=\"widget\" data-widget_type=\"button.default\">\n\t\t\t\t<div class=\"elementor-widget-container\">\n\t\t\t\t\t\t\t<div class=\"elementor-button-wrapper\">\n\t\t\t\t\t<a class=\"elementor-button elementor-button-link elementor-size-sm\" href=\"\/aktuelles\/\">\n\t\t\t\t\t\t<span class=\"elementor-button-content-wrapper\">\n\t\t\t\t\t\t\t\t\t<span class=\"elementor-button-text\">Zur\u00fcck zur \u00dcbersicht<\/span>\n\t\t\t\t\t<\/span>\n\t\t\t\t\t<\/a>\n\t\t\t\t<\/div>\n\t\t\t\t\t\t<\/div>\n\t\t\t\t<\/div>\n\t\t\t\t\t<\/div>\n\t\t<\/div>\n\t\t\t\t\t<\/div>\n\t\t<\/section>\n\t\t\t\t\t<\/div>\n\t\t<\/div>\n\t\t\t\t\t<\/div>\n\t\t<\/section>\n\t\t\t\t<\/div>\n\t\t","protected":false},"excerpt":{"rendered":"<p>Das Sorbische Institut sucht zum n\u00e4chstm\u00f6glichen Zeitpunkt in Cottbus eine studentische\/wissenschaftliche Hilfskraft.<\/p>\n","protected":false},"author":1,"featured_media":3901,"comment_status":"closed","ping_status":"closed","sticky":false,"template":"elementor_header_footer","format":"standard","meta":{"footnotes":""},"categories":[49],"tags":[],"class_list":["post-21348","post","type-post","status-publish","format-standard","has-post-thumbnail","hentry","category-startseite"],"yoast_head":"<!-- This site is optimized with the Yoast SEO plugin v23.8 - https:\/\/yoast.com\/wordpress\/plugins\/seo\/ -->\n<title>Ausschreibung einer studentischen\/ wissenschaftlichen Hilfskraft (m\/w\/d) - Minderheitensekretariat<\/title>\n<meta name=\"robots\" content=\"index, follow, max-snippet:-1, max-image-preview:large, max-video-preview:-1\" \/>\n<link rel=\"canonical\" href=\"https:\/\/www.minderheitensekretariat.de\/en\/2025\/09\/23\/ausschreibung-einer-studentischen-wissenschaftlichen-hilfskraft-m-w-d\/\" \/>\n<meta property=\"og:locale\" content=\"en_US\" \/>\n<meta property=\"og:type\" content=\"article\" \/>\n<meta property=\"og:title\" content=\"Ausschreibung einer studentischen\/ wissenschaftlichen Hilfskraft (m\/w\/d) - Minderheitensekretariat\" \/>\n<meta property=\"og:description\" content=\"Das Sorbische Institut sucht zum n\u00e4chstm\u00f6glichen Zeitpunkt in Cottbus eine studentische\/wissenschaftliche Hilfskraft.\" \/>\n<meta property=\"og:url\" content=\"https:\/\/www.minderheitensekretariat.de\/en\/2025\/09\/23\/ausschreibung-einer-studentischen-wissenschaftlichen-hilfskraft-m-w-d\/\" \/>\n<meta property=\"og:site_name\" content=\"Minderheitensekretariat\" \/>\n<meta property=\"article:publisher\" content=\"https:\/\/www.facebook.com\/minderheitensekretariat.de\" \/>\n<meta property=\"article:published_time\" content=\"2025-09-23T09:07:31+00:00\" \/>\n<meta property=\"article:modified_time\" content=\"2025-09-23T11:41:01+00:00\" \/>\n<meta property=\"og:image\" content=\"https:\/\/www.minderheitensekretariat.de\/wp-content\/uploads\/2022\/08\/Sorbisches-Institut_logo.jpg\" \/>\n\t<meta property=\"og:image:width\" content=\"670\" \/>\n\t<meta property=\"og:image:height\" content=\"382\" \/>\n\t<meta property=\"og:image:type\" content=\"image\/jpeg\" \/>\n<meta name=\"author\" content=\"Minderheitensekretariat\" \/>\n<meta name=\"twitter:card\" content=\"summary_large_image\" \/>\n<meta name=\"twitter:label1\" content=\"Written by\" \/>\n\t<meta name=\"twitter:data1\" content=\"Minderheitensekretariat\" \/>\n\t<meta name=\"twitter:label2\" content=\"Est. reading time\" \/>\n\t<meta name=\"twitter:data2\" content=\"2 minutes\" \/>\n<script type=\"application\/ld+json\" class=\"yoast-schema-graph\">{\"@context\":\"https:\/\/schema.org\",\"@graph\":[{\"@type\":\"Article\",\"@id\":\"https:\/\/www.minderheitensekretariat.de\/en\/2025\/09\/23\/ausschreibung-einer-studentischen-wissenschaftlichen-hilfskraft-m-w-d\/#article\",\"isPartOf\":{\"@id\":\"https:\/\/www.minderheitensekretariat.de\/en\/2025\/09\/23\/ausschreibung-einer-studentischen-wissenschaftlichen-hilfskraft-m-w-d\/\"},\"author\":{\"name\":\"Minderheitensekretariat\",\"@id\":\"https:\/\/www.minderheitensekretariat.de\/en\/#\/schema\/person\/55df1c4c912f10debba5dfc9bc26c1cf\"},\"headline\":\"Ausschreibung einer studentischen\/ wissenschaftlichen Hilfskraft (m\/w\/d)\",\"datePublished\":\"2025-09-23T09:07:31+00:00\",\"dateModified\":\"2025-09-23T11:41:01+00:00\",\"mainEntityOfPage\":{\"@id\":\"https:\/\/www.minderheitensekretariat.de\/en\/2025\/09\/23\/ausschreibung-einer-studentischen-wissenschaftlichen-hilfskraft-m-w-d\/\"},\"wordCount\":273,\"publisher\":{\"@id\":\"https:\/\/www.minderheitensekretariat.de\/en\/#organization\"},\"image\":{\"@id\":\"https:\/\/www.minderheitensekretariat.de\/en\/2025\/09\/23\/ausschreibung-einer-studentischen-wissenschaftlichen-hilfskraft-m-w-d\/#primaryimage\"},\"thumbnailUrl\":\"https:\/\/www.minderheitensekretariat.de\/wp-content\/uploads\/2022\/08\/Sorbisches-Institut_logo.jpg\",\"articleSection\":[\"Startseite\"],\"inLanguage\":\"en-US\"},{\"@type\":\"WebPage\",\"@id\":\"https:\/\/www.minderheitensekretariat.de\/en\/2025\/09\/23\/ausschreibung-einer-studentischen-wissenschaftlichen-hilfskraft-m-w-d\/\",\"url\":\"https:\/\/www.minderheitensekretariat.de\/en\/2025\/09\/23\/ausschreibung-einer-studentischen-wissenschaftlichen-hilfskraft-m-w-d\/\",\"name\":\"Ausschreibung einer studentischen\/ wissenschaftlichen Hilfskraft (m\/w\/d) - Minderheitensekretariat\",\"isPartOf\":{\"@id\":\"https:\/\/www.minderheitensekretariat.de\/en\/#website\"},\"primaryImageOfPage\":{\"@id\":\"https:\/\/www.minderheitensekretariat.de\/en\/2025\/09\/23\/ausschreibung-einer-studentischen-wissenschaftlichen-hilfskraft-m-w-d\/#primaryimage\"},\"image\":{\"@id\":\"https:\/\/www.minderheitensekretariat.de\/en\/2025\/09\/23\/ausschreibung-einer-studentischen-wissenschaftlichen-hilfskraft-m-w-d\/#primaryimage\"},\"thumbnailUrl\":\"https:\/\/www.minderheitensekretariat.de\/wp-content\/uploads\/2022\/08\/Sorbisches-Institut_logo.jpg\",\"datePublished\":\"2025-09-23T09:07:31+00:00\",\"dateModified\":\"2025-09-23T11:41:01+00:00\",\"breadcrumb\":{\"@id\":\"https:\/\/www.minderheitensekretariat.de\/en\/2025\/09\/23\/ausschreibung-einer-studentischen-wissenschaftlichen-hilfskraft-m-w-d\/#breadcrumb\"},\"inLanguage\":\"en-US\",\"potentialAction\":[{\"@type\":\"ReadAction\",\"target\":[\"https:\/\/www.minderheitensekretariat.de\/en\/2025\/09\/23\/ausschreibung-einer-studentischen-wissenschaftlichen-hilfskraft-m-w-d\/\"]}]},{\"@type\":\"ImageObject\",\"inLanguage\":\"en-US\",\"@id\":\"https:\/\/www.minderheitensekretariat.de\/en\/2025\/09\/23\/ausschreibung-einer-studentischen-wissenschaftlichen-hilfskraft-m-w-d\/#primaryimage\",\"url\":\"https:\/\/www.minderheitensekretariat.de\/wp-content\/uploads\/2022\/08\/Sorbisches-Institut_logo.jpg\",\"contentUrl\":\"https:\/\/www.minderheitensekretariat.de\/wp-content\/uploads\/2022\/08\/Sorbisches-Institut_logo.jpg\",\"width\":670,\"height\":382},{\"@type\":\"BreadcrumbList\",\"@id\":\"https:\/\/www.minderheitensekretariat.de\/en\/2025\/09\/23\/ausschreibung-einer-studentischen-wissenschaftlichen-hilfskraft-m-w-d\/#breadcrumb\",\"itemListElement\":[{\"@type\":\"ListItem\",\"position\":1,\"name\":\"Startseite\",\"item\":\"https:\/\/www.minderheitensekretariat.de\/en\/\"},{\"@type\":\"ListItem\",\"position\":2,\"name\":\"Ausschreibung einer studentischen\/ wissenschaftlichen Hilfskraft (m\/w\/d)\"}]},{\"@type\":\"WebSite\",\"@id\":\"https:\/\/www.minderheitensekretariat.de\/en\/#website\",\"url\":\"https:\/\/www.minderheitensekretariat.de\/en\/\",\"name\":\"Minderheitensekretariat\",\"description\":\"\",\"publisher\":{\"@id\":\"https:\/\/www.minderheitensekretariat.de\/en\/#organization\"},\"potentialAction\":[{\"@type\":\"SearchAction\",\"target\":{\"@type\":\"EntryPoint\",\"urlTemplate\":\"https:\/\/www.minderheitensekretariat.de\/en\/?s={search_term_string}\"},\"query-input\":{\"@type\":\"PropertyValueSpecification\",\"valueRequired\":true,\"valueName\":\"search_term_string\"}}],\"inLanguage\":\"en-US\"},{\"@type\":\"Organization\",\"@id\":\"https:\/\/www.minderheitensekretariat.de\/en\/#organization\",\"name\":\"Minderheitensekretariat\",\"url\":\"https:\/\/www.minderheitensekretariat.de\/en\/\",\"logo\":{\"@type\":\"ImageObject\",\"inLanguage\":\"en-US\",\"@id\":\"https:\/\/www.minderheitensekretariat.de\/en\/#\/schema\/logo\/image\/\",\"url\":\"https:\/\/www.minderheitensekretariat.de\/wp-content\/uploads\/2023\/03\/Min_sek_Logo_4c.jpg\",\"contentUrl\":\"https:\/\/www.minderheitensekretariat.de\/wp-content\/uploads\/2023\/03\/Min_sek_Logo_4c.jpg\",\"width\":984,\"height\":236,\"caption\":\"Minderheitensekretariat\"},\"image\":{\"@id\":\"https:\/\/www.minderheitensekretariat.de\/en\/#\/schema\/logo\/image\/\"},\"sameAs\":[\"https:\/\/www.facebook.com\/minderheitensekretariat.de\"]},{\"@type\":\"Person\",\"@id\":\"https:\/\/www.minderheitensekretariat.de\/en\/#\/schema\/person\/55df1c4c912f10debba5dfc9bc26c1cf\",\"name\":\"Minderheitensekretariat\",\"image\":{\"@type\":\"ImageObject\",\"inLanguage\":\"en-US\",\"@id\":\"https:\/\/www.minderheitensekretariat.de\/en\/#\/schema\/person\/image\/\",\"url\":\"https:\/\/secure.gravatar.com\/avatar\/370caba7511c95d16d2d05ef3fa57095fae805fdb97d13f46df8534525f106da?s=96&d=mm&r=g\",\"contentUrl\":\"https:\/\/secure.gravatar.com\/avatar\/370caba7511c95d16d2d05ef3fa57095fae805fdb97d13f46df8534525f106da?s=96&d=mm&r=g\",\"caption\":\"Minderheitensekretariat\"},\"sameAs\":[\"https:\/\/www.minderheitensekretariat.de\"],\"url\":\"https:\/\/www.minderheitensekretariat.de\/en\/author\/minderheitensekretariat\/\"}]}<\/script>\n<!-- \/ Yoast SEO plugin. -->","yoast_head_json":{"title":"Ausschreibung einer studentischen\/ wissenschaftlichen Hilfskraft (m\/w\/d) - Minderheitensekretariat","robots":{"index":"index","follow":"follow","max-snippet":"max-snippet:-1","max-image-preview":"max-image-preview:large","max-video-preview":"max-video-preview:-1"},"canonical":"https:\/\/www.minderheitensekretariat.de\/en\/2025\/09\/23\/ausschreibung-einer-studentischen-wissenschaftlichen-hilfskraft-m-w-d\/","og_locale":"en_US","og_type":"article","og_title":"Ausschreibung einer studentischen\/ wissenschaftlichen Hilfskraft (m\/w\/d) - Minderheitensekretariat","og_description":"Das Sorbische Institut sucht zum n\u00e4chstm\u00f6glichen Zeitpunkt in Cottbus eine studentische\/wissenschaftliche Hilfskraft.","og_url":"https:\/\/www.minderheitensekretariat.de\/en\/2025\/09\/23\/ausschreibung-einer-studentischen-wissenschaftlichen-hilfskraft-m-w-d\/","og_site_name":"Minderheitensekretariat","article_publisher":"https:\/\/www.facebook.com\/minderheitensekretariat.de","article_published_time":"2025-09-23T09:07:31+00:00","article_modified_time":"2025-09-23T11:41:01+00:00","og_image":[{"width":670,"height":382,"url":"https:\/\/www.minderheitensekretariat.de\/wp-content\/uploads\/2022\/08\/Sorbisches-Institut_logo.jpg","type":"image\/jpeg"}],"author":"Minderheitensekretariat","twitter_card":"summary_large_image","twitter_misc":{"Written by":"Minderheitensekretariat","Est. reading time":"2 minutes"},"schema":{"@context":"https:\/\/schema.org","@graph":[{"@type":"Article","@id":"https:\/\/www.minderheitensekretariat.de\/en\/2025\/09\/23\/ausschreibung-einer-studentischen-wissenschaftlichen-hilfskraft-m-w-d\/#article","isPartOf":{"@id":"https:\/\/www.minderheitensekretariat.de\/en\/2025\/09\/23\/ausschreibung-einer-studentischen-wissenschaftlichen-hilfskraft-m-w-d\/"},"author":{"name":"Minderheitensekretariat","@id":"https:\/\/www.minderheitensekretariat.de\/en\/#\/schema\/person\/55df1c4c912f10debba5dfc9bc26c1cf"},"headline":"Ausschreibung einer studentischen\/ wissenschaftlichen Hilfskraft (m\/w\/d)","datePublished":"2025-09-23T09:07:31+00:00","dateModified":"2025-09-23T11:41:01+00:00","mainEntityOfPage":{"@id":"https:\/\/www.minderheitensekretariat.de\/en\/2025\/09\/23\/ausschreibung-einer-studentischen-wissenschaftlichen-hilfskraft-m-w-d\/"},"wordCount":273,"publisher":{"@id":"https:\/\/www.minderheitensekretariat.de\/en\/#organization"},"image":{"@id":"https:\/\/www.minderheitensekretariat.de\/en\/2025\/09\/23\/ausschreibung-einer-studentischen-wissenschaftlichen-hilfskraft-m-w-d\/#primaryimage"},"thumbnailUrl":"https:\/\/www.minderheitensekretariat.de\/wp-content\/uploads\/2022\/08\/Sorbisches-Institut_logo.jpg","articleSection":["Startseite"],"inLanguage":"en-US"},{"@type":"WebPage","@id":"https:\/\/www.minderheitensekretariat.de\/en\/2025\/09\/23\/ausschreibung-einer-studentischen-wissenschaftlichen-hilfskraft-m-w-d\/","url":"https:\/\/www.minderheitensekretariat.de\/en\/2025\/09\/23\/ausschreibung-einer-studentischen-wissenschaftlichen-hilfskraft-m-w-d\/","name":"Ausschreibung einer studentischen\/ wissenschaftlichen Hilfskraft (m\/w\/d) - Minderheitensekretariat","isPartOf":{"@id":"https:\/\/www.minderheitensekretariat.de\/en\/#website"},"primaryImageOfPage":{"@id":"https:\/\/www.minderheitensekretariat.de\/en\/2025\/09\/23\/ausschreibung-einer-studentischen-wissenschaftlichen-hilfskraft-m-w-d\/#primaryimage"},"image":{"@id":"https:\/\/www.minderheitensekretariat.de\/en\/2025\/09\/23\/ausschreibung-einer-studentischen-wissenschaftlichen-hilfskraft-m-w-d\/#primaryimage"},"thumbnailUrl":"https:\/\/www.minderheitensekretariat.de\/wp-content\/uploads\/2022\/08\/Sorbisches-Institut_logo.jpg","datePublished":"2025-09-23T09:07:31+00:00","dateModified":"2025-09-23T11:41:01+00:00","breadcrumb":{"@id":"https:\/\/www.minderheitensekretariat.de\/en\/2025\/09\/23\/ausschreibung-einer-studentischen-wissenschaftlichen-hilfskraft-m-w-d\/#breadcrumb"},"inLanguage":"en-US","potentialAction":[{"@type":"ReadAction","target":["https:\/\/www.minderheitensekretariat.de\/en\/2025\/09\/23\/ausschreibung-einer-studentischen-wissenschaftlichen-hilfskraft-m-w-d\/"]}]},{"@type":"ImageObject","inLanguage":"en-US","@id":"https:\/\/www.minderheitensekretariat.de\/en\/2025\/09\/23\/ausschreibung-einer-studentischen-wissenschaftlichen-hilfskraft-m-w-d\/#primaryimage","url":"https:\/\/www.minderheitensekretariat.de\/wp-content\/uploads\/2022\/08\/Sorbisches-Institut_logo.jpg","contentUrl":"https:\/\/www.minderheitensekretariat.de\/wp-content\/uploads\/2022\/08\/Sorbisches-Institut_logo.jpg","width":670,"height":382},{"@type":"BreadcrumbList","@id":"https:\/\/www.minderheitensekretariat.de\/en\/2025\/09\/23\/ausschreibung-einer-studentischen-wissenschaftlichen-hilfskraft-m-w-d\/#breadcrumb","itemListElement":[{"@type":"ListItem","position":1,"name":"Startseite","item":"https:\/\/www.minderheitensekretariat.de\/en\/"},{"@type":"ListItem","position":2,"name":"Ausschreibung einer studentischen\/ wissenschaftlichen Hilfskraft (m\/w\/d)"}]},{"@type":"WebSite","@id":"https:\/\/www.minderheitensekretariat.de\/en\/#website","url":"https:\/\/www.minderheitensekretariat.de\/en\/","name":"Minderheitensekretariat","description":"","publisher":{"@id":"https:\/\/www.minderheitensekretariat.de\/en\/#organization"},"potentialAction":[{"@type":"SearchAction","target":{"@type":"EntryPoint","urlTemplate":"https:\/\/www.minderheitensekretariat.de\/en\/?s={search_term_string}"},"query-input":{"@type":"PropertyValueSpecification","valueRequired":true,"valueName":"search_term_string"}}],"inLanguage":"en-US"},{"@type":"Organization","@id":"https:\/\/www.minderheitensekretariat.de\/en\/#organization","name":"Minderheitensekretariat","url":"https:\/\/www.minderheitensekretariat.de\/en\/","logo":{"@type":"ImageObject","inLanguage":"en-US","@id":"https:\/\/www.minderheitensekretariat.de\/en\/#\/schema\/logo\/image\/","url":"https:\/\/www.minderheitensekretariat.de\/wp-content\/uploads\/2023\/03\/Min_sek_Logo_4c.jpg","contentUrl":"https:\/\/www.minderheitensekretariat.de\/wp-content\/uploads\/2023\/03\/Min_sek_Logo_4c.jpg","width":984,"height":236,"caption":"Minderheitensekretariat"},"image":{"@id":"https:\/\/www.minderheitensekretariat.de\/en\/#\/schema\/logo\/image\/"},"sameAs":["https:\/\/www.facebook.com\/minderheitensekretariat.de"]},{"@type":"Person","@id":"https:\/\/www.minderheitensekretariat.de\/en\/#\/schema\/person\/55df1c4c912f10debba5dfc9bc26c1cf","name":"Minderheitensekretariat","image":{"@type":"ImageObject","inLanguage":"en-US","@id":"https:\/\/www.minderheitensekretariat.de\/en\/#\/schema\/person\/image\/","url":"https:\/\/secure.gravatar.com\/avatar\/370caba7511c95d16d2d05ef3fa57095fae805fdb97d13f46df8534525f106da?s=96&d=mm&r=g","contentUrl":"https:\/\/secure.gravatar.com\/avatar\/370caba7511c95d16d2d05ef3fa57095fae805fdb97d13f46df8534525f106da?s=96&d=mm&r=g","caption":"Minderheitensekretariat"},"sameAs":["https:\/\/www.minderheitensekretariat.de"],"url":"https:\/\/www.minderheitensekretariat.de\/en\/author\/minderheitensekretariat\/"}]}},"_links":{"self":[{"href":"https:\/\/www.minderheitensekretariat.de\/en\/wp-json\/wp\/v2\/posts\/21348","targetHints":{"allow":["GET"]}}],"collection":[{"href":"https:\/\/www.minderheitensekretariat.de\/en\/wp-json\/wp\/v2\/posts"}],"about":[{"href":"https:\/\/www.minderheitensekretariat.de\/en\/wp-json\/wp\/v2\/types\/post"}],"author":[{"embeddable":true,"href":"https:\/\/www.minderheitensekretariat.de\/en\/wp-json\/wp\/v2\/users\/1"}],"replies":[{"embeddable":true,"href":"https:\/\/www.minderheitensekretariat.de\/en\/wp-json\/wp\/v2\/comments?post=21348"}],"version-history":[{"count":6,"href":"https:\/\/www.minderheitensekretariat.de\/en\/wp-json\/wp\/v2\/posts\/21348\/revisions"}],"predecessor-version":[{"id":21581,"href":"https:\/\/www.minderheitensekretariat.de\/en\/wp-json\/wp\/v2\/posts\/21348\/revisions\/21581"}],"wp:featuredmedia":[{"embeddable":true,"href":"https:\/\/www.minderheitensekretariat.de\/en\/wp-json\/wp\/v2\/media\/3901"}],"wp:attachment":[{"href":"https:\/\/www.minderheitensekretariat.de\/en\/wp-json\/wp\/v2\/media?parent=21348"}],"wp:term":[{"taxonomy":"category","embeddable":true,"href":"https:\/\/www.minderheitensekretariat.de\/en\/wp-json\/wp\/v2\/categories?post=21348"},{"taxonomy":"post_tag","embeddable":true,"href":"https:\/\/www.minderheitensekretariat.de\/en\/wp-json\/wp\/v2\/tags?post=21348"}],"curies":[{"name":"wp","href":"https:\/\/api.w.org\/{rel}","templated":true}]}}