{"id":22397,"date":"2025-11-28T11:37:50","date_gmt":"2025-11-28T10:37:50","guid":{"rendered":"https:\/\/www.minderheitensekretariat.de\/?p=22397"},"modified":"2025-11-28T11:41:51","modified_gmt":"2025-11-28T10:41:51","slug":"beratender-ausschuss-fuer-fragen-des-sorbischen-volkes-tagte-in-berlin","status":"publish","type":"post","link":"https:\/\/www.minderheitensekretariat.de\/en\/2025\/11\/28\/beratender-ausschuss-fuer-fragen-des-sorbischen-volkes-tagte-in-berlin\/","title":{"rendered":"Beratender Ausschuss f\u00fcr Fragen des sorbischen Volkes tagte in Berlin"},"content":{"rendered":"\t\t<div data-elementor-type=\"wp-post\" data-elementor-id=\"22397\" class=\"elementor elementor-22397\" data-elementor-post-type=\"post\">\n\t\t\t\t\t\t<section class=\"elementor-section elementor-top-section elementor-element elementor-element-7333b6f elementor-section-boxed elementor-section-height-default elementor-section-height-default\" data-id=\"7333b6f\" data-element_type=\"section\" data-settings=\"{&quot;background_background&quot;:&quot;gradient&quot;}\">\n\t\t\t\t\t\t\t<div class=\"elementor-background-overlay\"><\/div>\n\t\t\t\t\t\t\t<div class=\"elementor-container elementor-column-gap-default\">\n\t\t\t\t\t<div class=\"elementor-column elementor-col-100 elementor-top-column elementor-element elementor-element-1b921a3\" data-id=\"1b921a3\" data-element_type=\"column\">\n\t\t\t<div class=\"elementor-widget-wrap elementor-element-populated\">\n\t\t\t\t\t\t<section class=\"elementor-section elementor-inner-section elementor-element elementor-element-b0fb436 elementor-section-full_width elementor-section-height-default elementor-section-height-default\" data-id=\"b0fb436\" data-element_type=\"section\">\n\t\t\t\t\t\t<div class=\"elementor-container elementor-column-gap-default\">\n\t\t\t\t\t<div class=\"elementor-column elementor-col-50 elementor-inner-column elementor-element elementor-element-fa2d1aa\" data-id=\"fa2d1aa\" data-element_type=\"column\">\n\t\t\t<div class=\"elementor-widget-wrap elementor-element-populated\">\n\t\t\t\t\t\t<div class=\"elementor-element elementor-element-ea2fe1b elementor-widget elementor-widget-image\" data-id=\"ea2fe1b\" data-element_type=\"widget\" data-widget_type=\"image.default\">\n\t\t\t\t<div class=\"elementor-widget-container\">\n\t\t\t\t\t\t\t\t\t\t<figure class=\"wp-caption\">\n\t\t\t\t\t\t\t\t\t\t<img fetchpriority=\"high\" decoding=\"async\" width=\"800\" height=\"616\" src=\"https:\/\/www.minderheitensekretariat.de\/wp-content\/uploads\/2025\/11\/WhatsApp-Image-2025-11-26-at-19.39.18-1-e1764326263968-1024x789.jpeg\" class=\"attachment-large size-large wp-image-22422\" alt=\"\" srcset=\"https:\/\/www.minderheitensekretariat.de\/wp-content\/uploads\/2025\/11\/WhatsApp-Image-2025-11-26-at-19.39.18-1-e1764326263968-1024x789.jpeg 1024w, https:\/\/www.minderheitensekretariat.de\/wp-content\/uploads\/2025\/11\/WhatsApp-Image-2025-11-26-at-19.39.18-1-e1764326263968-300x231.jpeg 300w, https:\/\/www.minderheitensekretariat.de\/wp-content\/uploads\/2025\/11\/WhatsApp-Image-2025-11-26-at-19.39.18-1-e1764326263968-768x592.jpeg 768w, https:\/\/www.minderheitensekretariat.de\/wp-content\/uploads\/2025\/11\/WhatsApp-Image-2025-11-26-at-19.39.18-1-e1764326263968.jpeg 1200w\" sizes=\"(max-width: 800px) 100vw, 800px\" \/>\t\t\t\t\t\t\t\t\t\t\t<figcaption class=\"widget-image-caption wp-caption-text\"><\/figcaption>\n\t\t\t\t\t\t\t\t\t\t<\/figure>\n\t\t\t\t\t\t\t<\/div>\n\t\t\t\t<\/div>\n\t\t\t\t\t<\/div>\n\t\t<\/div>\n\t\t\t\t<div class=\"elementor-column elementor-col-50 elementor-inner-column elementor-element elementor-element-f592ef7\" data-id=\"f592ef7\" data-element_type=\"column\">\n\t\t\t<div class=\"elementor-widget-wrap elementor-element-populated\">\n\t\t\t\t\t\t<div class=\"elementor-element elementor-element-03b0f5e elementor-widget elementor-widget-text-editor\" data-id=\"03b0f5e\" data-element_type=\"widget\" data-widget_type=\"text-editor.default\">\n\t\t\t\t<div class=\"elementor-widget-container\">\n\t\t\t\t\t\t\t28\/11\/2025\t\t\t\t\t\t<\/div>\n\t\t\t\t<\/div>\n\t\t\t\t<div class=\"elementor-element elementor-element-1a51d24 elementor-widget elementor-widget-text-editor\" data-id=\"1a51d24\" data-element_type=\"widget\" data-widget_type=\"text-editor.default\">\n\t\t\t\t<div class=\"elementor-widget-container\">\n\t\t\t\t\t\t\tSchwerpunkte waren die Aufnahme der Minderheiten ins Grundgesetz, die Finanzierung der sorbischen Einrichtungen und der zunehmende Rechtsextremismus mit Angriffen gegen Minderheitenangeh\u00f6rige. \t\t\t\t\t\t<\/div>\n\t\t\t\t<\/div>\n\t\t\t\t<div class=\"elementor-element elementor-element-2aa7c17 elementor-widget-divider--view-line elementor-widget elementor-widget-divider\" data-id=\"2aa7c17\" data-element_type=\"widget\" data-widget_type=\"divider.default\">\n\t\t\t\t<div class=\"elementor-widget-container\">\n\t\t\t\t\t<div class=\"elementor-divider\">\n\t\t\t<span class=\"elementor-divider-separator\">\n\t\t\t\t\t\t<\/span>\n\t\t<\/div>\n\t\t\t\t<\/div>\n\t\t\t\t<\/div>\n\t\t\t\t\t<\/div>\n\t\t<\/div>\n\t\t\t\t\t<\/div>\n\t\t<\/section>\n\t\t\t\t<div class=\"elementor-element elementor-element-87b8590 elementor-hidden-mobile elementor-invisible elementor-widget elementor-widget-image\" data-id=\"87b8590\" data-element_type=\"widget\" data-settings=\"{&quot;_animation&quot;:&quot;fadeInDown&quot;,&quot;_animation_delay&quot;:1000}\" data-widget_type=\"image.default\">\n\t\t\t\t<div class=\"elementor-widget-container\">\n\t\t\t\t\t\t\t\t\t\t\t\t\t\t<a href=\"#mehr\">\n\t\t\t\t\t\t\t<img decoding=\"async\" width=\"27\" height=\"15\" src=\"https:\/\/www.minderheitensekretariat.de\/wp-content\/uploads\/2022\/07\/arrow_down.svg\" class=\"elementor-animation-shrink attachment-large size-large wp-image-657\" alt=\"\" \/>\t\t\t\t\t\t\t\t<\/a>\n\t\t\t\t\t\t\t\t\t\t\t\t\t<\/div>\n\t\t\t\t<\/div>\n\t\t\t\t<section class=\"elementor-section elementor-inner-section elementor-element elementor-element-8629abe elementor-section-boxed elementor-section-height-default elementor-section-height-default\" data-id=\"8629abe\" data-element_type=\"section\">\n\t\t\t\t\t\t<div class=\"elementor-container elementor-column-gap-default\">\n\t\t\t\t\t<div class=\"elementor-column elementor-col-100 elementor-inner-column elementor-element elementor-element-8fa23c1\" data-id=\"8fa23c1\" data-element_type=\"column\">\n\t\t\t<div class=\"elementor-widget-wrap elementor-element-populated\">\n\t\t\t\t\t\t<div class=\"elementor-element elementor-element-2440ca1 elementor-widget elementor-widget-heading\" data-id=\"2440ca1\" data-element_type=\"widget\" data-widget_type=\"heading.default\">\n\t\t\t\t<div class=\"elementor-widget-container\">\n\t\t\t<h2 class=\"elementor-heading-title elementor-size-default\">Beratender Ausschuss f\u00fcr Fragen des sorbischen Volkes tagte in Berlin<\/h2>\t\t<\/div>\n\t\t\t\t<\/div>\n\t\t\t\t<div class=\"elementor-element elementor-element-c01359a elementor-widget elementor-widget-text-editor\" data-id=\"c01359a\" data-element_type=\"widget\" data-widget_type=\"text-editor.default\">\n\t\t\t\t<div class=\"elementor-widget-container\">\n\t\t\t\t\t\t\t<p><span data-contrast=\"auto\">Am Mittwoch, den 26. November, tagte der Beratende Ausschuss f\u00fcr Fragen des sorbischen Volkes unter Vorsitz des Beauftragten f\u00fcr Aussiedlerfragen und nationale Minderheiten, Dr. Bernd Fabritius, in Berlin. Zu Gast waren die Vetreter*innen der Domowina sowie ein Jugendvertreter, das Serbski Institut (Sorbisches Institut) und Vertreter*innen der L\u00e4nder Sachsen und Brandenburg.\u00a0<\/span><span data-ccp-props=\"{}\">\u00a0<\/span><\/p><p><span data-contrast=\"auto\">Zudem nahmen die Abgeordneten Florian Oest (CDU), Maja Wallstein (SPD), Andrea L\u00fcbcke (Gr\u00fcne), Caren Lay (Linke), Christian G\u00f6rke (Linke), Stefan Seidler (SSW) und Karsten Hilse (AfD) teil.<\/span><span data-ccp-props=\"{}\">\u00a0<\/span><\/p><p><span data-contrast=\"auto\">Intensiv wurde das Thema der Aufnahme der autochthonen nationalen Minderheiten in das Grundgesetz diskutiert. Vonseiten der sorbischen Delegation wurde hier um Unterst\u00fctzung geworben.<\/span><span data-contrast=\"auto\"> Die Abgeordneten sandten positive Signale und waren sich einig, dass hier in den Fraktionen f\u00fcr die Position geworben werden muss, um ein erfolgreiches parlamentarisches Verfahren anzusto\u00dfen.<\/span><span data-ccp-props=\"{}\">\u00a0<\/span><\/p><p><span data-contrast=\"auto\">Der Vorsitzende der Domowina, Dawid Statnik, zeigt sich zufrieden: <\/span><i><span data-contrast=\"auto\">\u201eIch freue mich, dass wir heute eine sehr rege und offene Diskussion zu diesem Thema \u00fcber alle Parteien hinweg gef\u00fchrt haben. Dieses Anliegen wird uns im Laufe der n\u00e4chsten Zeit besch\u00e4ftigen. Ich bin mir sicher, dass wir einen langen Atem ben\u00f6tigen. Aber aktuell sind wir in der Diskussion weiter, als es in den letzten 30 Jahren der Fall gewesen ist. Gern nehmen wir das Angebot der anwesenden Abgeordneten an, mit den Fraktionsspitzen hierzu ins Gespr\u00e4ch zu kommen.\u201c<\/span><\/i><span data-ccp-props=\"{&quot;134233117&quot;:false,&quot;134233118&quot;:false,&quot;335559738&quot;:0,&quot;335559739&quot;:0}\">\u00a0<\/span><\/p><p><span data-contrast=\"auto\">Neben dem Bericht der Domowina wurden die Themen des Namensrechts, der Zweisprachigkeit in der <\/span><span data-contrast=\"auto\">\u0141u\u017eica\/\u0141u\u017eyca\/Lausitz sowie das Leitbild der Sorben bis 2100 er\u00f6rtert, um bis dahin 100.000 Sprechende zu erreichen. Schwerpunkt des Gespr\u00e4chs waren zudem die Wissensvermittlung \u00fcber das sorbische Volk und die Problematik des zunehmenden Rechtsextremismus, der mit verbalen und k\u00f6rperlichen Angriffen gegen Minderheitenangeh\u00f6rige einhergeht.<\/span><span data-ccp-props=\"{}\">\u00a0<\/span><\/p><p><span data-contrast=\"auto\">Der Beratende Ausschuss f\u00fcr Fragen des sorbischen Volkes bildet damit f\u00fcr das Jahr 2025 den Abschluss an Beratenden Aussch\u00fcssen zu Fragen der nationalen Minderheiten. Der Minderheitenrat bedankt sich f\u00fcr die rege Beteiligung der Abgeordneten und den konstruktiven Austausch und freut sich auf eine fruchtbare Zusammenarbeit im Jahr 2026.<\/span><span data-ccp-props=\"{}\">\u00a0<\/span><\/p><p><span style=\"color: var( --e-global-color-39532aa ); letter-spacing: 0px; background-color: transparent;\">(Quelle: Minderheitensekretariat, 28.11.2025<\/span><span style=\"color: var( --e-global-color-39532aa ); letter-spacing: 0px; background-color: transparent;\">)<\/span><\/p>\t\t\t\t\t\t<\/div>\n\t\t\t\t<\/div>\n\t\t\t\t\t<\/div>\n\t\t<\/div>\n\t\t\t\t\t<\/div>\n\t\t<\/section>\n\t\t\t\t<section class=\"elementor-section elementor-inner-section elementor-element elementor-element-79ac782 elementor-section-boxed elementor-section-height-default elementor-section-height-default\" data-id=\"79ac782\" data-element_type=\"section\">\n\t\t\t\t\t\t<div class=\"elementor-container elementor-column-gap-default\">\n\t\t\t\t\t<div class=\"elementor-column elementor-col-100 elementor-inner-column elementor-element elementor-element-535e876\" data-id=\"535e876\" data-element_type=\"column\">\n\t\t\t<div class=\"elementor-widget-wrap elementor-element-populated\">\n\t\t\t\t\t\t<div class=\"elementor-element elementor-element-96396bc elementor-align-center elementor-widget elementor-widget-button\" data-id=\"96396bc\" data-element_type=\"widget\" data-widget_type=\"button.default\">\n\t\t\t\t<div class=\"elementor-widget-container\">\n\t\t\t\t\t\t\t<div class=\"elementor-button-wrapper\">\n\t\t\t\t\t<a class=\"elementor-button elementor-button-link elementor-size-sm\" href=\"\/aktuelles\/\">\n\t\t\t\t\t\t<span class=\"elementor-button-content-wrapper\">\n\t\t\t\t\t\t\t\t\t<span class=\"elementor-button-text\">Zur\u00fcck zur \u00dcbersicht<\/span>\n\t\t\t\t\t<\/span>\n\t\t\t\t\t<\/a>\n\t\t\t\t<\/div>\n\t\t\t\t\t\t<\/div>\n\t\t\t\t<\/div>\n\t\t\t\t\t<\/div>\n\t\t<\/div>\n\t\t\t\t\t<\/div>\n\t\t<\/section>\n\t\t\t\t\t<\/div>\n\t\t<\/div>\n\t\t\t\t\t<\/div>\n\t\t<\/section>\n\t\t\t\t<\/div>\n\t\t","protected":false},"excerpt":{"rendered":"<p>Schwerpunkte waren die Aufnahme der Minderheiten ins Grundgesetz, die Finanzierung der sorbischen Einrichtungen und der zunehmende Rechtsextremismus mit Angriffen gegen Minderheitenangeh\u00f6rige. <\/p>\n","protected":false},"author":1,"featured_media":22422,"comment_status":"closed","ping_status":"closed","sticky":false,"template":"elementor_header_footer","format":"standard","meta":{"footnotes":""},"categories":[49],"tags":[],"class_list":["post-22397","post","type-post","status-publish","format-standard","has-post-thumbnail","hentry","category-startseite"],"yoast_head":"<!-- This site is optimized with the Yoast SEO plugin v23.8 - https:\/\/yoast.com\/wordpress\/plugins\/seo\/ -->\n<title>Beratender Ausschuss f\u00fcr Fragen des sorbischen Volkes tagte in Berlin - Minderheitensekretariat<\/title>\n<meta name=\"robots\" content=\"index, follow, max-snippet:-1, max-image-preview:large, max-video-preview:-1\" \/>\n<link rel=\"canonical\" href=\"https:\/\/www.minderheitensekretariat.de\/en\/2025\/11\/28\/beratender-ausschuss-fuer-fragen-des-sorbischen-volkes-tagte-in-berlin\/\" \/>\n<meta property=\"og:locale\" content=\"en_US\" \/>\n<meta property=\"og:type\" content=\"article\" \/>\n<meta property=\"og:title\" content=\"Beratender Ausschuss f\u00fcr Fragen des sorbischen Volkes tagte in Berlin - Minderheitensekretariat\" \/>\n<meta property=\"og:description\" content=\"Schwerpunkte waren die Aufnahme der Minderheiten ins Grundgesetz, die Finanzierung der sorbischen Einrichtungen und der zunehmende Rechtsextremismus mit Angriffen gegen Minderheitenangeh\u00f6rige.\" \/>\n<meta property=\"og:url\" content=\"https:\/\/www.minderheitensekretariat.de\/en\/2025\/11\/28\/beratender-ausschuss-fuer-fragen-des-sorbischen-volkes-tagte-in-berlin\/\" \/>\n<meta property=\"og:site_name\" content=\"Minderheitensekretariat\" \/>\n<meta property=\"article:publisher\" content=\"https:\/\/www.facebook.com\/minderheitensekretariat.de\" \/>\n<meta property=\"article:published_time\" content=\"2025-11-28T10:37:50+00:00\" \/>\n<meta property=\"article:modified_time\" content=\"2025-11-28T10:41:51+00:00\" \/>\n<meta property=\"og:image\" content=\"https:\/\/www.minderheitensekretariat.de\/wp-content\/uploads\/2025\/11\/WhatsApp-Image-2025-11-26-at-19.39.18-1-e1764326263968.jpeg\" \/>\n\t<meta property=\"og:image:width\" content=\"1200\" \/>\n\t<meta property=\"og:image:height\" content=\"925\" \/>\n\t<meta property=\"og:image:type\" content=\"image\/jpeg\" \/>\n<meta name=\"author\" content=\"Minderheitensekretariat\" \/>\n<meta name=\"twitter:card\" content=\"summary_large_image\" \/>\n<meta name=\"twitter:label1\" content=\"Written by\" \/>\n\t<meta name=\"twitter:data1\" content=\"Minderheitensekretariat\" \/>\n\t<meta name=\"twitter:label2\" content=\"Est. reading time\" \/>\n\t<meta name=\"twitter:data2\" content=\"3 minutes\" \/>\n<script type=\"application\/ld+json\" class=\"yoast-schema-graph\">{\"@context\":\"https:\/\/schema.org\",\"@graph\":[{\"@type\":\"Article\",\"@id\":\"https:\/\/www.minderheitensekretariat.de\/en\/2025\/11\/28\/beratender-ausschuss-fuer-fragen-des-sorbischen-volkes-tagte-in-berlin\/#article\",\"isPartOf\":{\"@id\":\"https:\/\/www.minderheitensekretariat.de\/en\/2025\/11\/28\/beratender-ausschuss-fuer-fragen-des-sorbischen-volkes-tagte-in-berlin\/\"},\"author\":{\"name\":\"Minderheitensekretariat\",\"@id\":\"https:\/\/www.minderheitensekretariat.de\/en\/#\/schema\/person\/55df1c4c912f10debba5dfc9bc26c1cf\"},\"headline\":\"Beratender Ausschuss f\u00fcr Fragen des sorbischen Volkes tagte in Berlin\",\"datePublished\":\"2025-11-28T10:37:50+00:00\",\"dateModified\":\"2025-11-28T10:41:51+00:00\",\"mainEntityOfPage\":{\"@id\":\"https:\/\/www.minderheitensekretariat.de\/en\/2025\/11\/28\/beratender-ausschuss-fuer-fragen-des-sorbischen-volkes-tagte-in-berlin\/\"},\"wordCount\":355,\"publisher\":{\"@id\":\"https:\/\/www.minderheitensekretariat.de\/en\/#organization\"},\"image\":{\"@id\":\"https:\/\/www.minderheitensekretariat.de\/en\/2025\/11\/28\/beratender-ausschuss-fuer-fragen-des-sorbischen-volkes-tagte-in-berlin\/#primaryimage\"},\"thumbnailUrl\":\"https:\/\/www.minderheitensekretariat.de\/wp-content\/uploads\/2025\/11\/WhatsApp-Image-2025-11-26-at-19.39.18-1-e1764326263968.jpeg\",\"articleSection\":[\"Startseite\"],\"inLanguage\":\"en-US\"},{\"@type\":\"WebPage\",\"@id\":\"https:\/\/www.minderheitensekretariat.de\/en\/2025\/11\/28\/beratender-ausschuss-fuer-fragen-des-sorbischen-volkes-tagte-in-berlin\/\",\"url\":\"https:\/\/www.minderheitensekretariat.de\/en\/2025\/11\/28\/beratender-ausschuss-fuer-fragen-des-sorbischen-volkes-tagte-in-berlin\/\",\"name\":\"Beratender Ausschuss f\u00fcr Fragen des sorbischen Volkes tagte in Berlin - Minderheitensekretariat\",\"isPartOf\":{\"@id\":\"https:\/\/www.minderheitensekretariat.de\/en\/#website\"},\"primaryImageOfPage\":{\"@id\":\"https:\/\/www.minderheitensekretariat.de\/en\/2025\/11\/28\/beratender-ausschuss-fuer-fragen-des-sorbischen-volkes-tagte-in-berlin\/#primaryimage\"},\"image\":{\"@id\":\"https:\/\/www.minderheitensekretariat.de\/en\/2025\/11\/28\/beratender-ausschuss-fuer-fragen-des-sorbischen-volkes-tagte-in-berlin\/#primaryimage\"},\"thumbnailUrl\":\"https:\/\/www.minderheitensekretariat.de\/wp-content\/uploads\/2025\/11\/WhatsApp-Image-2025-11-26-at-19.39.18-1-e1764326263968.jpeg\",\"datePublished\":\"2025-11-28T10:37:50+00:00\",\"dateModified\":\"2025-11-28T10:41:51+00:00\",\"breadcrumb\":{\"@id\":\"https:\/\/www.minderheitensekretariat.de\/en\/2025\/11\/28\/beratender-ausschuss-fuer-fragen-des-sorbischen-volkes-tagte-in-berlin\/#breadcrumb\"},\"inLanguage\":\"en-US\",\"potentialAction\":[{\"@type\":\"ReadAction\",\"target\":[\"https:\/\/www.minderheitensekretariat.de\/en\/2025\/11\/28\/beratender-ausschuss-fuer-fragen-des-sorbischen-volkes-tagte-in-berlin\/\"]}]},{\"@type\":\"ImageObject\",\"inLanguage\":\"en-US\",\"@id\":\"https:\/\/www.minderheitensekretariat.de\/en\/2025\/11\/28\/beratender-ausschuss-fuer-fragen-des-sorbischen-volkes-tagte-in-berlin\/#primaryimage\",\"url\":\"https:\/\/www.minderheitensekretariat.de\/wp-content\/uploads\/2025\/11\/WhatsApp-Image-2025-11-26-at-19.39.18-1-e1764326263968.jpeg\",\"contentUrl\":\"https:\/\/www.minderheitensekretariat.de\/wp-content\/uploads\/2025\/11\/WhatsApp-Image-2025-11-26-at-19.39.18-1-e1764326263968.jpeg\",\"width\":1200,\"height\":925},{\"@type\":\"BreadcrumbList\",\"@id\":\"https:\/\/www.minderheitensekretariat.de\/en\/2025\/11\/28\/beratender-ausschuss-fuer-fragen-des-sorbischen-volkes-tagte-in-berlin\/#breadcrumb\",\"itemListElement\":[{\"@type\":\"ListItem\",\"position\":1,\"name\":\"Startseite\",\"item\":\"https:\/\/www.minderheitensekretariat.de\/en\/\"},{\"@type\":\"ListItem\",\"position\":2,\"name\":\"Beratender Ausschuss f\u00fcr Fragen des sorbischen Volkes tagte in Berlin\"}]},{\"@type\":\"WebSite\",\"@id\":\"https:\/\/www.minderheitensekretariat.de\/en\/#website\",\"url\":\"https:\/\/www.minderheitensekretariat.de\/en\/\",\"name\":\"Minderheitensekretariat\",\"description\":\"\",\"publisher\":{\"@id\":\"https:\/\/www.minderheitensekretariat.de\/en\/#organization\"},\"potentialAction\":[{\"@type\":\"SearchAction\",\"target\":{\"@type\":\"EntryPoint\",\"urlTemplate\":\"https:\/\/www.minderheitensekretariat.de\/en\/?s={search_term_string}\"},\"query-input\":{\"@type\":\"PropertyValueSpecification\",\"valueRequired\":true,\"valueName\":\"search_term_string\"}}],\"inLanguage\":\"en-US\"},{\"@type\":\"Organization\",\"@id\":\"https:\/\/www.minderheitensekretariat.de\/en\/#organization\",\"name\":\"Minderheitensekretariat\",\"url\":\"https:\/\/www.minderheitensekretariat.de\/en\/\",\"logo\":{\"@type\":\"ImageObject\",\"inLanguage\":\"en-US\",\"@id\":\"https:\/\/www.minderheitensekretariat.de\/en\/#\/schema\/logo\/image\/\",\"url\":\"https:\/\/www.minderheitensekretariat.de\/wp-content\/uploads\/2023\/03\/Min_sek_Logo_4c.jpg\",\"contentUrl\":\"https:\/\/www.minderheitensekretariat.de\/wp-content\/uploads\/2023\/03\/Min_sek_Logo_4c.jpg\",\"width\":984,\"height\":236,\"caption\":\"Minderheitensekretariat\"},\"image\":{\"@id\":\"https:\/\/www.minderheitensekretariat.de\/en\/#\/schema\/logo\/image\/\"},\"sameAs\":[\"https:\/\/www.facebook.com\/minderheitensekretariat.de\"]},{\"@type\":\"Person\",\"@id\":\"https:\/\/www.minderheitensekretariat.de\/en\/#\/schema\/person\/55df1c4c912f10debba5dfc9bc26c1cf\",\"name\":\"Minderheitensekretariat\",\"image\":{\"@type\":\"ImageObject\",\"inLanguage\":\"en-US\",\"@id\":\"https:\/\/www.minderheitensekretariat.de\/en\/#\/schema\/person\/image\/\",\"url\":\"https:\/\/secure.gravatar.com\/avatar\/370caba7511c95d16d2d05ef3fa57095fae805fdb97d13f46df8534525f106da?s=96&d=mm&r=g\",\"contentUrl\":\"https:\/\/secure.gravatar.com\/avatar\/370caba7511c95d16d2d05ef3fa57095fae805fdb97d13f46df8534525f106da?s=96&d=mm&r=g\",\"caption\":\"Minderheitensekretariat\"},\"sameAs\":[\"https:\/\/www.minderheitensekretariat.de\"],\"url\":\"https:\/\/www.minderheitensekretariat.de\/en\/author\/minderheitensekretariat\/\"}]}<\/script>\n<!-- \/ Yoast SEO plugin. -->","yoast_head_json":{"title":"Beratender Ausschuss f\u00fcr Fragen des sorbischen Volkes tagte in Berlin - Minderheitensekretariat","robots":{"index":"index","follow":"follow","max-snippet":"max-snippet:-1","max-image-preview":"max-image-preview:large","max-video-preview":"max-video-preview:-1"},"canonical":"https:\/\/www.minderheitensekretariat.de\/en\/2025\/11\/28\/beratender-ausschuss-fuer-fragen-des-sorbischen-volkes-tagte-in-berlin\/","og_locale":"en_US","og_type":"article","og_title":"Beratender Ausschuss f\u00fcr Fragen des sorbischen Volkes tagte in Berlin - Minderheitensekretariat","og_description":"Schwerpunkte waren die Aufnahme der Minderheiten ins Grundgesetz, die Finanzierung der sorbischen Einrichtungen und der zunehmende Rechtsextremismus mit Angriffen gegen Minderheitenangeh\u00f6rige.","og_url":"https:\/\/www.minderheitensekretariat.de\/en\/2025\/11\/28\/beratender-ausschuss-fuer-fragen-des-sorbischen-volkes-tagte-in-berlin\/","og_site_name":"Minderheitensekretariat","article_publisher":"https:\/\/www.facebook.com\/minderheitensekretariat.de","article_published_time":"2025-11-28T10:37:50+00:00","article_modified_time":"2025-11-28T10:41:51+00:00","og_image":[{"width":1200,"height":925,"url":"https:\/\/www.minderheitensekretariat.de\/wp-content\/uploads\/2025\/11\/WhatsApp-Image-2025-11-26-at-19.39.18-1-e1764326263968.jpeg","type":"image\/jpeg"}],"author":"Minderheitensekretariat","twitter_card":"summary_large_image","twitter_misc":{"Written by":"Minderheitensekretariat","Est. reading time":"3 minutes"},"schema":{"@context":"https:\/\/schema.org","@graph":[{"@type":"Article","@id":"https:\/\/www.minderheitensekretariat.de\/en\/2025\/11\/28\/beratender-ausschuss-fuer-fragen-des-sorbischen-volkes-tagte-in-berlin\/#article","isPartOf":{"@id":"https:\/\/www.minderheitensekretariat.de\/en\/2025\/11\/28\/beratender-ausschuss-fuer-fragen-des-sorbischen-volkes-tagte-in-berlin\/"},"author":{"name":"Minderheitensekretariat","@id":"https:\/\/www.minderheitensekretariat.de\/en\/#\/schema\/person\/55df1c4c912f10debba5dfc9bc26c1cf"},"headline":"Beratender Ausschuss f\u00fcr Fragen des sorbischen Volkes tagte in Berlin","datePublished":"2025-11-28T10:37:50+00:00","dateModified":"2025-11-28T10:41:51+00:00","mainEntityOfPage":{"@id":"https:\/\/www.minderheitensekretariat.de\/en\/2025\/11\/28\/beratender-ausschuss-fuer-fragen-des-sorbischen-volkes-tagte-in-berlin\/"},"wordCount":355,"publisher":{"@id":"https:\/\/www.minderheitensekretariat.de\/en\/#organization"},"image":{"@id":"https:\/\/www.minderheitensekretariat.de\/en\/2025\/11\/28\/beratender-ausschuss-fuer-fragen-des-sorbischen-volkes-tagte-in-berlin\/#primaryimage"},"thumbnailUrl":"https:\/\/www.minderheitensekretariat.de\/wp-content\/uploads\/2025\/11\/WhatsApp-Image-2025-11-26-at-19.39.18-1-e1764326263968.jpeg","articleSection":["Startseite"],"inLanguage":"en-US"},{"@type":"WebPage","@id":"https:\/\/www.minderheitensekretariat.de\/en\/2025\/11\/28\/beratender-ausschuss-fuer-fragen-des-sorbischen-volkes-tagte-in-berlin\/","url":"https:\/\/www.minderheitensekretariat.de\/en\/2025\/11\/28\/beratender-ausschuss-fuer-fragen-des-sorbischen-volkes-tagte-in-berlin\/","name":"Beratender Ausschuss f\u00fcr Fragen des sorbischen Volkes tagte in Berlin - Minderheitensekretariat","isPartOf":{"@id":"https:\/\/www.minderheitensekretariat.de\/en\/#website"},"primaryImageOfPage":{"@id":"https:\/\/www.minderheitensekretariat.de\/en\/2025\/11\/28\/beratender-ausschuss-fuer-fragen-des-sorbischen-volkes-tagte-in-berlin\/#primaryimage"},"image":{"@id":"https:\/\/www.minderheitensekretariat.de\/en\/2025\/11\/28\/beratender-ausschuss-fuer-fragen-des-sorbischen-volkes-tagte-in-berlin\/#primaryimage"},"thumbnailUrl":"https:\/\/www.minderheitensekretariat.de\/wp-content\/uploads\/2025\/11\/WhatsApp-Image-2025-11-26-at-19.39.18-1-e1764326263968.jpeg","datePublished":"2025-11-28T10:37:50+00:00","dateModified":"2025-11-28T10:41:51+00:00","breadcrumb":{"@id":"https:\/\/www.minderheitensekretariat.de\/en\/2025\/11\/28\/beratender-ausschuss-fuer-fragen-des-sorbischen-volkes-tagte-in-berlin\/#breadcrumb"},"inLanguage":"en-US","potentialAction":[{"@type":"ReadAction","target":["https:\/\/www.minderheitensekretariat.de\/en\/2025\/11\/28\/beratender-ausschuss-fuer-fragen-des-sorbischen-volkes-tagte-in-berlin\/"]}]},{"@type":"ImageObject","inLanguage":"en-US","@id":"https:\/\/www.minderheitensekretariat.de\/en\/2025\/11\/28\/beratender-ausschuss-fuer-fragen-des-sorbischen-volkes-tagte-in-berlin\/#primaryimage","url":"https:\/\/www.minderheitensekretariat.de\/wp-content\/uploads\/2025\/11\/WhatsApp-Image-2025-11-26-at-19.39.18-1-e1764326263968.jpeg","contentUrl":"https:\/\/www.minderheitensekretariat.de\/wp-content\/uploads\/2025\/11\/WhatsApp-Image-2025-11-26-at-19.39.18-1-e1764326263968.jpeg","width":1200,"height":925},{"@type":"BreadcrumbList","@id":"https:\/\/www.minderheitensekretariat.de\/en\/2025\/11\/28\/beratender-ausschuss-fuer-fragen-des-sorbischen-volkes-tagte-in-berlin\/#breadcrumb","itemListElement":[{"@type":"ListItem","position":1,"name":"Startseite","item":"https:\/\/www.minderheitensekretariat.de\/en\/"},{"@type":"ListItem","position":2,"name":"Beratender Ausschuss f\u00fcr Fragen des sorbischen Volkes tagte in Berlin"}]},{"@type":"WebSite","@id":"https:\/\/www.minderheitensekretariat.de\/en\/#website","url":"https:\/\/www.minderheitensekretariat.de\/en\/","name":"Minderheitensekretariat","description":"","publisher":{"@id":"https:\/\/www.minderheitensekretariat.de\/en\/#organization"},"potentialAction":[{"@type":"SearchAction","target":{"@type":"EntryPoint","urlTemplate":"https:\/\/www.minderheitensekretariat.de\/en\/?s={search_term_string}"},"query-input":{"@type":"PropertyValueSpecification","valueRequired":true,"valueName":"search_term_string"}}],"inLanguage":"en-US"},{"@type":"Organization","@id":"https:\/\/www.minderheitensekretariat.de\/en\/#organization","name":"Minderheitensekretariat","url":"https:\/\/www.minderheitensekretariat.de\/en\/","logo":{"@type":"ImageObject","inLanguage":"en-US","@id":"https:\/\/www.minderheitensekretariat.de\/en\/#\/schema\/logo\/image\/","url":"https:\/\/www.minderheitensekretariat.de\/wp-content\/uploads\/2023\/03\/Min_sek_Logo_4c.jpg","contentUrl":"https:\/\/www.minderheitensekretariat.de\/wp-content\/uploads\/2023\/03\/Min_sek_Logo_4c.jpg","width":984,"height":236,"caption":"Minderheitensekretariat"},"image":{"@id":"https:\/\/www.minderheitensekretariat.de\/en\/#\/schema\/logo\/image\/"},"sameAs":["https:\/\/www.facebook.com\/minderheitensekretariat.de"]},{"@type":"Person","@id":"https:\/\/www.minderheitensekretariat.de\/en\/#\/schema\/person\/55df1c4c912f10debba5dfc9bc26c1cf","name":"Minderheitensekretariat","image":{"@type":"ImageObject","inLanguage":"en-US","@id":"https:\/\/www.minderheitensekretariat.de\/en\/#\/schema\/person\/image\/","url":"https:\/\/secure.gravatar.com\/avatar\/370caba7511c95d16d2d05ef3fa57095fae805fdb97d13f46df8534525f106da?s=96&d=mm&r=g","contentUrl":"https:\/\/secure.gravatar.com\/avatar\/370caba7511c95d16d2d05ef3fa57095fae805fdb97d13f46df8534525f106da?s=96&d=mm&r=g","caption":"Minderheitensekretariat"},"sameAs":["https:\/\/www.minderheitensekretariat.de"],"url":"https:\/\/www.minderheitensekretariat.de\/en\/author\/minderheitensekretariat\/"}]}},"_links":{"self":[{"href":"https:\/\/www.minderheitensekretariat.de\/en\/wp-json\/wp\/v2\/posts\/22397","targetHints":{"allow":["GET"]}}],"collection":[{"href":"https:\/\/www.minderheitensekretariat.de\/en\/wp-json\/wp\/v2\/posts"}],"about":[{"href":"https:\/\/www.minderheitensekretariat.de\/en\/wp-json\/wp\/v2\/types\/post"}],"author":[{"embeddable":true,"href":"https:\/\/www.minderheitensekretariat.de\/en\/wp-json\/wp\/v2\/users\/1"}],"replies":[{"embeddable":true,"href":"https:\/\/www.minderheitensekretariat.de\/en\/wp-json\/wp\/v2\/comments?post=22397"}],"version-history":[{"count":7,"href":"https:\/\/www.minderheitensekretariat.de\/en\/wp-json\/wp\/v2\/posts\/22397\/revisions"}],"predecessor-version":[{"id":22437,"href":"https:\/\/www.minderheitensekretariat.de\/en\/wp-json\/wp\/v2\/posts\/22397\/revisions\/22437"}],"wp:featuredmedia":[{"embeddable":true,"href":"https:\/\/www.minderheitensekretariat.de\/en\/wp-json\/wp\/v2\/media\/22422"}],"wp:attachment":[{"href":"https:\/\/www.minderheitensekretariat.de\/en\/wp-json\/wp\/v2\/media?parent=22397"}],"wp:term":[{"taxonomy":"category","embeddable":true,"href":"https:\/\/www.minderheitensekretariat.de\/en\/wp-json\/wp\/v2\/categories?post=22397"},{"taxonomy":"post_tag","embeddable":true,"href":"https:\/\/www.minderheitensekretariat.de\/en\/wp-json\/wp\/v2\/tags?post=22397"}],"curies":[{"name":"wp","href":"https:\/\/api.w.org\/{rel}","templated":true}]}}