{"id":22454,"date":"2025-12-08T10:06:49","date_gmt":"2025-12-08T09:06:49","guid":{"rendered":"https:\/\/www.minderheitensekretariat.de\/?p=22454"},"modified":"2025-12-08T10:08:15","modified_gmt":"2025-12-08T09:08:15","slug":"mia-veroeffentlicht-bericht-zu-antiziganismus-in-der-polizei-215-gemeldete-faelle-zeigen-institutionelle-diskriminierung","status":"publish","type":"post","link":"https:\/\/www.minderheitensekretariat.de\/en\/2025\/12\/08\/mia-veroeffentlicht-bericht-zu-antiziganismus-in-der-polizei-215-gemeldete-faelle-zeigen-institutionelle-diskriminierung\/","title":{"rendered":"MIA ver\u00f6ffentlicht Bericht zu Antiziganismus in der Polizei: 215 gemeldete F\u00e4lle zeigen institutionelle Diskriminierung"},"content":{"rendered":"\t\t<div data-elementor-type=\"wp-post\" data-elementor-id=\"22454\" class=\"elementor elementor-22454\" data-elementor-post-type=\"post\">\n\t\t\t\t\t\t<section class=\"elementor-section elementor-top-section elementor-element elementor-element-7333b6f elementor-section-boxed elementor-section-height-default elementor-section-height-default\" data-id=\"7333b6f\" data-element_type=\"section\" data-settings=\"{&quot;background_background&quot;:&quot;gradient&quot;}\">\n\t\t\t\t\t\t\t<div class=\"elementor-background-overlay\"><\/div>\n\t\t\t\t\t\t\t<div class=\"elementor-container elementor-column-gap-default\">\n\t\t\t\t\t<div class=\"elementor-column elementor-col-100 elementor-top-column elementor-element elementor-element-1b921a3\" data-id=\"1b921a3\" data-element_type=\"column\">\n\t\t\t<div class=\"elementor-widget-wrap elementor-element-populated\">\n\t\t\t\t\t\t<section class=\"elementor-section elementor-inner-section elementor-element elementor-element-b0fb436 elementor-section-full_width elementor-section-height-default elementor-section-height-default\" data-id=\"b0fb436\" data-element_type=\"section\">\n\t\t\t\t\t\t<div class=\"elementor-container elementor-column-gap-default\">\n\t\t\t\t\t<div class=\"elementor-column elementor-col-50 elementor-inner-column elementor-element elementor-element-fa2d1aa\" data-id=\"fa2d1aa\" data-element_type=\"column\">\n\t\t\t<div class=\"elementor-widget-wrap elementor-element-populated\">\n\t\t\t\t\t\t<div class=\"elementor-element elementor-element-ea2fe1b elementor-widget elementor-widget-image\" data-id=\"ea2fe1b\" data-element_type=\"widget\" data-widget_type=\"image.default\">\n\t\t\t\t<div class=\"elementor-widget-container\">\n\t\t\t\t\t\t\t\t\t\t<figure class=\"wp-caption\">\n\t\t\t\t\t\t\t\t\t\t<img fetchpriority=\"high\" decoding=\"async\" width=\"800\" height=\"600\" src=\"https:\/\/www.minderheitensekretariat.de\/wp-content\/uploads\/2025\/12\/WhatsApp-Image-2025-12-04-at-16.46.31-1024x768.jpeg\" class=\"attachment-large size-large wp-image-22474\" alt=\"\" srcset=\"https:\/\/www.minderheitensekretariat.de\/wp-content\/uploads\/2025\/12\/WhatsApp-Image-2025-12-04-at-16.46.31-1024x768.jpeg 1024w, https:\/\/www.minderheitensekretariat.de\/wp-content\/uploads\/2025\/12\/WhatsApp-Image-2025-12-04-at-16.46.31-300x225.jpeg 300w, https:\/\/www.minderheitensekretariat.de\/wp-content\/uploads\/2025\/12\/WhatsApp-Image-2025-12-04-at-16.46.31-768x576.jpeg 768w, https:\/\/www.minderheitensekretariat.de\/wp-content\/uploads\/2025\/12\/WhatsApp-Image-2025-12-04-at-16.46.31-1536x1152.jpeg 1536w, https:\/\/www.minderheitensekretariat.de\/wp-content\/uploads\/2025\/12\/WhatsApp-Image-2025-12-04-at-16.46.31.jpeg 1600w\" sizes=\"(max-width: 800px) 100vw, 800px\" \/>\t\t\t\t\t\t\t\t\t\t\t<figcaption class=\"widget-image-caption wp-caption-text\"><\/figcaption>\n\t\t\t\t\t\t\t\t\t\t<\/figure>\n\t\t\t\t\t\t\t<\/div>\n\t\t\t\t<\/div>\n\t\t\t\t\t<\/div>\n\t\t<\/div>\n\t\t\t\t<div class=\"elementor-column elementor-col-50 elementor-inner-column elementor-element elementor-element-f592ef7\" data-id=\"f592ef7\" data-element_type=\"column\">\n\t\t\t<div class=\"elementor-widget-wrap elementor-element-populated\">\n\t\t\t\t\t\t<div class=\"elementor-element elementor-element-03b0f5e elementor-widget elementor-widget-text-editor\" data-id=\"03b0f5e\" data-element_type=\"widget\" data-widget_type=\"text-editor.default\">\n\t\t\t\t<div class=\"elementor-widget-container\">\n\t\t\t\t\t\t\t08\/12\/2025\t\t\t\t\t\t<\/div>\n\t\t\t\t<\/div>\n\t\t\t\t<div class=\"elementor-element elementor-element-1a51d24 elementor-widget elementor-widget-text-editor\" data-id=\"1a51d24\" data-element_type=\"widget\" data-widget_type=\"text-editor.default\">\n\t\t\t\t<div class=\"elementor-widget-container\">\n\t\t\t\t\t\t\tDie Melde- und Informationsstelle Antiziganismus MIA zeigt mit ihrem neuen Bericht die Benachteiligung von Sinti und Roma im Polizeikontakt auf.\t\t\t\t\t\t<\/div>\n\t\t\t\t<\/div>\n\t\t\t\t<div class=\"elementor-element elementor-element-2aa7c17 elementor-widget-divider--view-line elementor-widget elementor-widget-divider\" data-id=\"2aa7c17\" data-element_type=\"widget\" data-widget_type=\"divider.default\">\n\t\t\t\t<div class=\"elementor-widget-container\">\n\t\t\t\t\t<div class=\"elementor-divider\">\n\t\t\t<span class=\"elementor-divider-separator\">\n\t\t\t\t\t\t<\/span>\n\t\t<\/div>\n\t\t\t\t<\/div>\n\t\t\t\t<\/div>\n\t\t\t\t\t<\/div>\n\t\t<\/div>\n\t\t\t\t\t<\/div>\n\t\t<\/section>\n\t\t\t\t<div class=\"elementor-element elementor-element-87b8590 elementor-hidden-mobile elementor-invisible elementor-widget elementor-widget-image\" data-id=\"87b8590\" data-element_type=\"widget\" data-settings=\"{&quot;_animation&quot;:&quot;fadeInDown&quot;,&quot;_animation_delay&quot;:1000}\" data-widget_type=\"image.default\">\n\t\t\t\t<div class=\"elementor-widget-container\">\n\t\t\t\t\t\t\t\t\t\t\t\t\t\t<a href=\"#mehr\">\n\t\t\t\t\t\t\t<img decoding=\"async\" width=\"27\" height=\"15\" src=\"https:\/\/www.minderheitensekretariat.de\/wp-content\/uploads\/2022\/07\/arrow_down.svg\" class=\"elementor-animation-shrink attachment-large size-large wp-image-657\" alt=\"\" \/>\t\t\t\t\t\t\t\t<\/a>\n\t\t\t\t\t\t\t\t\t\t\t\t\t<\/div>\n\t\t\t\t<\/div>\n\t\t\t\t<section class=\"elementor-section elementor-inner-section elementor-element elementor-element-8629abe elementor-section-boxed elementor-section-height-default elementor-section-height-default\" data-id=\"8629abe\" data-element_type=\"section\">\n\t\t\t\t\t\t<div class=\"elementor-container elementor-column-gap-default\">\n\t\t\t\t\t<div class=\"elementor-column elementor-col-100 elementor-inner-column elementor-element elementor-element-8fa23c1\" data-id=\"8fa23c1\" data-element_type=\"column\">\n\t\t\t<div class=\"elementor-widget-wrap elementor-element-populated\">\n\t\t\t\t\t\t<div class=\"elementor-element elementor-element-2440ca1 elementor-widget elementor-widget-heading\" data-id=\"2440ca1\" data-element_type=\"widget\" data-widget_type=\"heading.default\">\n\t\t\t\t<div class=\"elementor-widget-container\">\n\t\t\t<h2 class=\"elementor-heading-title elementor-size-default\">MIA ver\u00f6ffentlicht Bericht zu Antiziganismus in der Polizei: 215 gemeldete F\u00e4lle zeigen institutionelle Diskriminierung<\/h2>\t\t<\/div>\n\t\t\t\t<\/div>\n\t\t\t\t<div class=\"elementor-element elementor-element-c01359a elementor-widget elementor-widget-text-editor\" data-id=\"c01359a\" data-element_type=\"widget\" data-widget_type=\"text-editor.default\">\n\t\t\t\t<div class=\"elementor-widget-container\">\n\t\t\t\t\t\t\t<p>Die Melde- und Informationsstelle Antiziganismus MIA ver\u00f6ffentlichte am 4. Dezember 2025 ihren <span style=\"text-decoration: underline;\"><a href=\"https:\/\/www.antiziganismus-melden.de\/wp-content\/uploads\/2025\/12\/MIA_Polizeibericht.pdf\">Bericht \u201eAntiziganismus in der Polizei. Analyse der Vorf\u00e4lle von 2022\u20132024\u201c<\/a><\/span>. Grundlage sind <strong>215 gemeldete F\u00e4lle<\/strong>, die einen klaren Einblick in polizeiliche Praktiken und institutionelle Mechanismen der Diskriminierung erm\u00f6glichen. <strong>Die Analyse zeigt, dass antiziganistische Benachteiligungen im Polizeikontakt kein Randph\u00e4nomen sind, sondern wiederkehrenden Mustern folgen<\/strong>.<\/p><p>Sinti und Roma berichten h\u00e4ufig dar\u00fcber, dass Anzeigen nicht aufgenommen, Vorf\u00e4lle verharmlost oder geleugnet, Ermittlungen gegen Polizeikr\u00e4fte nach Beschwerden eingestellt werden. In einigen F\u00e4llen geraten die Betroffenen, die eine Anzeige erstatten, selbst ins Visier von Ermittlungen. Zudem dokumentiert der Bericht wiederkehrende <strong>anlasslose Kontrollen, unverh\u00e4ltnism\u00e4\u00dfige Ma\u00dfnahmen <\/strong>und eine<strong> niedrige Schwelle zur Anwendung von Zwangsmitteln<\/strong>, die teils in<strong> schwere Gewalt<\/strong> m\u00fcnden.<\/p><p>Die Studie zeigt, dass institutioneller Antiziganismus nicht nur in konkreten Vorf\u00e4llen sichtbar wird, sondern auf tief verwurzelten Wissensbest\u00e4nden und Routinen beruht \u2013 darunter rassifizierende Annahmen und Zuschreibungen sowie eine teilweise fortgesetzte <strong>Sondererfassung <\/strong>von Angeh\u00f6rigen der Minderheit. Die Unabh\u00e4ngige Kommission Antiziganismus (UKA) hatte bereits 2021 darauf hingewiesen, dass die Polizei historisch wie gegenw\u00e4rtig eine zentrale Rolle bei der Produktion antiziganistischer Ideologie spiele \u2013 eine Einsch\u00e4tzung, die durch die MIA-Daten best\u00e4tigt wird. Besonders deutlich tritt dies im Themenfeld <strong>\u201eClankriminalit\u00e4t\u201c<\/strong> zutage, das regelm\u00e4\u00dfig als Projektionsfl\u00e4che antiziganistischer Stereotype dient.<\/p><p><em>\u201eDie Ergebnisse unseres Berichts zeigen, dass antiziganistische Diskriminierung in polizeilichen Strukturen kein historisches Relikt ist, sondern eine gegenw\u00e4rtige Realit\u00e4t, mit der Sinti und Roma tagt\u00e4glich konfrontiert sind\u201c,<\/em> erkl\u00e4rt <strong>Dr. Guillermo Ruiz, Gesch\u00e4ftsf\u00fchrer von MIA e.V.<\/strong> <em>\u201eWer den Schutz durch die Polizei nicht in Anspruch nehmen kann, weil ihm pauschal Misstrauen entgegengebracht wird, dem werden rechtsstaatliche Garantien verwehrt. Wir fordern daher entschlossene Reformen, die institutionellen Antiziganismus klar benennen, sichtbar machen und wirksam bek\u00e4mpfen.\u201c<\/em><\/p><p>MIA verurteilt diese Formen institutioneller Diskriminierung entschieden und fordert umfassende Reformen innerhalb der Polizei. Innenministerien und Polizeibeh\u00f6rden m\u00fcssen die bestehenden Probleme klar benennen und gezielt gegen <strong>Diskriminierung, unverh\u00e4ltnism\u00e4\u00dfige Gewaltanwendung, Racial Profiling, stigmatisierende Kommunikation nach au\u00dfen und Sondererfassung<\/strong> vorgehen.<\/p><p>MIA fordert:<\/p><ul><li>Beh\u00f6rdeninterne Bek\u00e4mpfung von Antiziganismus: Anerkennung institutioneller Probleme; \u00dcberarbeitung von Abl\u00e4ufen; diskriminierungsfreie Aufnahme von Anzeigen; verantwortliche Kommunikation; Ausbau von Schulungen und Kooperationen.<\/li><li>Sensibilisierung und Pr\u00e4vention: Verpflichtende Trainings zu Antiziganismus und Geschichte der Sinti und Roma; antiziganismuskritische Inhalte in der Ausbildung; \u00dcberpr\u00fcfung von Regelwerken gegen Racial Profiling.<\/li><li>Ende der Sondererfassung &amp; Abschaffung der Ermittlungskategorie \u201eClankriminalit\u00e4t\u201c: \u00dcberpr\u00fcfung polizeilicher Datenbanken; Einbindung der Datenschutzbeauftragten; Abschaffung stigmatisierender Kategorien.<\/li><li>Unabh\u00e4ngige Beschwerdestellen: Fl\u00e4chendeckende, gut ausgestattete Strukturen mit klaren Befugnissen und antiziganismuskritischer Expertise.<\/li><li>Forschung &amp; historische Aufarbeitung: Unabh\u00e4ngige Untersuchungen zu Wissensbest\u00e4nden und Praktiken; Aufarbeitung der Geschichte der Polizeibeh\u00f6rden zur Sichtbarmachung bestehender Kontinuit\u00e4ten.<\/li><\/ul><p>\u00a0<\/p><p><span style=\"color: var( --e-global-color-39532aa ); letter-spacing: 0px; background-color: transparent;\">(Quelle: <span style=\"text-decoration: underline;\"><a href=\"https:\/\/www.antiziganismus-melden.de\/\">Melde- und Informationsstelle Antiziganismus MIA<\/a><\/span>, 5.12.2025<\/span><span style=\"color: var( --e-global-color-39532aa ); letter-spacing: 0px; background-color: transparent;\">)<\/span><\/p>\t\t\t\t\t\t<\/div>\n\t\t\t\t<\/div>\n\t\t\t\t\t<\/div>\n\t\t<\/div>\n\t\t\t\t\t<\/div>\n\t\t<\/section>\n\t\t\t\t<section class=\"elementor-section elementor-inner-section elementor-element elementor-element-79ac782 elementor-section-boxed elementor-section-height-default elementor-section-height-default\" data-id=\"79ac782\" data-element_type=\"section\">\n\t\t\t\t\t\t<div class=\"elementor-container elementor-column-gap-default\">\n\t\t\t\t\t<div class=\"elementor-column elementor-col-100 elementor-inner-column elementor-element elementor-element-535e876\" data-id=\"535e876\" data-element_type=\"column\">\n\t\t\t<div class=\"elementor-widget-wrap elementor-element-populated\">\n\t\t\t\t\t\t<div class=\"elementor-element elementor-element-96396bc elementor-align-center elementor-widget elementor-widget-button\" data-id=\"96396bc\" data-element_type=\"widget\" data-widget_type=\"button.default\">\n\t\t\t\t<div class=\"elementor-widget-container\">\n\t\t\t\t\t\t\t<div class=\"elementor-button-wrapper\">\n\t\t\t\t\t<a class=\"elementor-button elementor-button-link elementor-size-sm\" href=\"\/aktuelles\/\">\n\t\t\t\t\t\t<span class=\"elementor-button-content-wrapper\">\n\t\t\t\t\t\t\t\t\t<span class=\"elementor-button-text\">Zur\u00fcck zur \u00dcbersicht<\/span>\n\t\t\t\t\t<\/span>\n\t\t\t\t\t<\/a>\n\t\t\t\t<\/div>\n\t\t\t\t\t\t<\/div>\n\t\t\t\t<\/div>\n\t\t\t\t\t<\/div>\n\t\t<\/div>\n\t\t\t\t\t<\/div>\n\t\t<\/section>\n\t\t\t\t\t<\/div>\n\t\t<\/div>\n\t\t\t\t\t<\/div>\n\t\t<\/section>\n\t\t\t\t<\/div>\n\t\t","protected":false},"excerpt":{"rendered":"<p>Die Melde- und Informationsstelle Antiziganismus MIA zeigt mit ihrem neuen Bericht die Benachteiligung von Sinti und Roma im Polizeikontakt auf.<\/p>\n","protected":false},"author":1,"featured_media":22474,"comment_status":"closed","ping_status":"closed","sticky":false,"template":"elementor_header_footer","format":"standard","meta":{"footnotes":""},"categories":[49],"tags":[],"class_list":["post-22454","post","type-post","status-publish","format-standard","has-post-thumbnail","hentry","category-startseite"],"yoast_head":"<!-- This site is optimized with the Yoast SEO plugin v23.8 - https:\/\/yoast.com\/wordpress\/plugins\/seo\/ -->\n<title>MIA ver\u00f6ffentlicht Bericht zu Antiziganismus in der Polizei: 215 gemeldete F\u00e4lle zeigen institutionelle Diskriminierung - Minderheitensekretariat<\/title>\n<meta name=\"robots\" content=\"index, follow, max-snippet:-1, max-image-preview:large, max-video-preview:-1\" \/>\n<link rel=\"canonical\" href=\"https:\/\/www.minderheitensekretariat.de\/en\/2025\/12\/08\/mia-veroeffentlicht-bericht-zu-antiziganismus-in-der-polizei-215-gemeldete-faelle-zeigen-institutionelle-diskriminierung\/\" \/>\n<meta property=\"og:locale\" content=\"en_US\" \/>\n<meta property=\"og:type\" content=\"article\" \/>\n<meta property=\"og:title\" content=\"MIA ver\u00f6ffentlicht Bericht zu Antiziganismus in der Polizei: 215 gemeldete F\u00e4lle zeigen institutionelle Diskriminierung - Minderheitensekretariat\" \/>\n<meta property=\"og:description\" content=\"Die Melde- und Informationsstelle Antiziganismus MIA zeigt mit ihrem neuen Bericht die Benachteiligung von Sinti und Roma im Polizeikontakt auf.\" \/>\n<meta property=\"og:url\" content=\"https:\/\/www.minderheitensekretariat.de\/en\/2025\/12\/08\/mia-veroeffentlicht-bericht-zu-antiziganismus-in-der-polizei-215-gemeldete-faelle-zeigen-institutionelle-diskriminierung\/\" \/>\n<meta property=\"og:site_name\" content=\"Minderheitensekretariat\" \/>\n<meta property=\"article:publisher\" content=\"https:\/\/www.facebook.com\/minderheitensekretariat.de\" \/>\n<meta property=\"article:published_time\" content=\"2025-12-08T09:06:49+00:00\" \/>\n<meta property=\"article:modified_time\" content=\"2025-12-08T09:08:15+00:00\" \/>\n<meta property=\"og:image\" content=\"https:\/\/www.minderheitensekretariat.de\/wp-content\/uploads\/2025\/12\/WhatsApp-Image-2025-12-04-at-16.46.31.jpeg\" \/>\n\t<meta property=\"og:image:width\" content=\"1600\" \/>\n\t<meta property=\"og:image:height\" content=\"1200\" \/>\n\t<meta property=\"og:image:type\" content=\"image\/jpeg\" \/>\n<meta name=\"author\" content=\"Minderheitensekretariat\" \/>\n<meta name=\"twitter:card\" content=\"summary_large_image\" \/>\n<meta name=\"twitter:label1\" content=\"Written by\" \/>\n\t<meta name=\"twitter:data1\" content=\"Minderheitensekretariat\" \/>\n\t<meta name=\"twitter:label2\" content=\"Est. reading time\" \/>\n\t<meta name=\"twitter:data2\" content=\"3 minutes\" \/>\n<script type=\"application\/ld+json\" class=\"yoast-schema-graph\">{\"@context\":\"https:\/\/schema.org\",\"@graph\":[{\"@type\":\"Article\",\"@id\":\"https:\/\/www.minderheitensekretariat.de\/en\/2025\/12\/08\/mia-veroeffentlicht-bericht-zu-antiziganismus-in-der-polizei-215-gemeldete-faelle-zeigen-institutionelle-diskriminierung\/#article\",\"isPartOf\":{\"@id\":\"https:\/\/www.minderheitensekretariat.de\/en\/2025\/12\/08\/mia-veroeffentlicht-bericht-zu-antiziganismus-in-der-polizei-215-gemeldete-faelle-zeigen-institutionelle-diskriminierung\/\"},\"author\":{\"name\":\"Minderheitensekretariat\",\"@id\":\"https:\/\/www.minderheitensekretariat.de\/en\/#\/schema\/person\/55df1c4c912f10debba5dfc9bc26c1cf\"},\"headline\":\"MIA ver\u00f6ffentlicht Bericht zu Antiziganismus in der Polizei: 215 gemeldete F\u00e4lle zeigen institutionelle Diskriminierung\",\"datePublished\":\"2025-12-08T09:06:49+00:00\",\"dateModified\":\"2025-12-08T09:08:15+00:00\",\"mainEntityOfPage\":{\"@id\":\"https:\/\/www.minderheitensekretariat.de\/en\/2025\/12\/08\/mia-veroeffentlicht-bericht-zu-antiziganismus-in-der-polizei-215-gemeldete-faelle-zeigen-institutionelle-diskriminierung\/\"},\"wordCount\":472,\"publisher\":{\"@id\":\"https:\/\/www.minderheitensekretariat.de\/en\/#organization\"},\"image\":{\"@id\":\"https:\/\/www.minderheitensekretariat.de\/en\/2025\/12\/08\/mia-veroeffentlicht-bericht-zu-antiziganismus-in-der-polizei-215-gemeldete-faelle-zeigen-institutionelle-diskriminierung\/#primaryimage\"},\"thumbnailUrl\":\"https:\/\/www.minderheitensekretariat.de\/wp-content\/uploads\/2025\/12\/WhatsApp-Image-2025-12-04-at-16.46.31.jpeg\",\"articleSection\":[\"Startseite\"],\"inLanguage\":\"en-US\"},{\"@type\":\"WebPage\",\"@id\":\"https:\/\/www.minderheitensekretariat.de\/en\/2025\/12\/08\/mia-veroeffentlicht-bericht-zu-antiziganismus-in-der-polizei-215-gemeldete-faelle-zeigen-institutionelle-diskriminierung\/\",\"url\":\"https:\/\/www.minderheitensekretariat.de\/en\/2025\/12\/08\/mia-veroeffentlicht-bericht-zu-antiziganismus-in-der-polizei-215-gemeldete-faelle-zeigen-institutionelle-diskriminierung\/\",\"name\":\"MIA ver\u00f6ffentlicht Bericht zu Antiziganismus in der Polizei: 215 gemeldete F\u00e4lle zeigen institutionelle Diskriminierung - Minderheitensekretariat\",\"isPartOf\":{\"@id\":\"https:\/\/www.minderheitensekretariat.de\/en\/#website\"},\"primaryImageOfPage\":{\"@id\":\"https:\/\/www.minderheitensekretariat.de\/en\/2025\/12\/08\/mia-veroeffentlicht-bericht-zu-antiziganismus-in-der-polizei-215-gemeldete-faelle-zeigen-institutionelle-diskriminierung\/#primaryimage\"},\"image\":{\"@id\":\"https:\/\/www.minderheitensekretariat.de\/en\/2025\/12\/08\/mia-veroeffentlicht-bericht-zu-antiziganismus-in-der-polizei-215-gemeldete-faelle-zeigen-institutionelle-diskriminierung\/#primaryimage\"},\"thumbnailUrl\":\"https:\/\/www.minderheitensekretariat.de\/wp-content\/uploads\/2025\/12\/WhatsApp-Image-2025-12-04-at-16.46.31.jpeg\",\"datePublished\":\"2025-12-08T09:06:49+00:00\",\"dateModified\":\"2025-12-08T09:08:15+00:00\",\"breadcrumb\":{\"@id\":\"https:\/\/www.minderheitensekretariat.de\/en\/2025\/12\/08\/mia-veroeffentlicht-bericht-zu-antiziganismus-in-der-polizei-215-gemeldete-faelle-zeigen-institutionelle-diskriminierung\/#breadcrumb\"},\"inLanguage\":\"en-US\",\"potentialAction\":[{\"@type\":\"ReadAction\",\"target\":[\"https:\/\/www.minderheitensekretariat.de\/en\/2025\/12\/08\/mia-veroeffentlicht-bericht-zu-antiziganismus-in-der-polizei-215-gemeldete-faelle-zeigen-institutionelle-diskriminierung\/\"]}]},{\"@type\":\"ImageObject\",\"inLanguage\":\"en-US\",\"@id\":\"https:\/\/www.minderheitensekretariat.de\/en\/2025\/12\/08\/mia-veroeffentlicht-bericht-zu-antiziganismus-in-der-polizei-215-gemeldete-faelle-zeigen-institutionelle-diskriminierung\/#primaryimage\",\"url\":\"https:\/\/www.minderheitensekretariat.de\/wp-content\/uploads\/2025\/12\/WhatsApp-Image-2025-12-04-at-16.46.31.jpeg\",\"contentUrl\":\"https:\/\/www.minderheitensekretariat.de\/wp-content\/uploads\/2025\/12\/WhatsApp-Image-2025-12-04-at-16.46.31.jpeg\",\"width\":1600,\"height\":1200},{\"@type\":\"BreadcrumbList\",\"@id\":\"https:\/\/www.minderheitensekretariat.de\/en\/2025\/12\/08\/mia-veroeffentlicht-bericht-zu-antiziganismus-in-der-polizei-215-gemeldete-faelle-zeigen-institutionelle-diskriminierung\/#breadcrumb\",\"itemListElement\":[{\"@type\":\"ListItem\",\"position\":1,\"name\":\"Startseite\",\"item\":\"https:\/\/www.minderheitensekretariat.de\/en\/\"},{\"@type\":\"ListItem\",\"position\":2,\"name\":\"MIA ver\u00f6ffentlicht Bericht zu Antiziganismus in der Polizei: 215 gemeldete F\u00e4lle zeigen institutionelle Diskriminierung\"}]},{\"@type\":\"WebSite\",\"@id\":\"https:\/\/www.minderheitensekretariat.de\/en\/#website\",\"url\":\"https:\/\/www.minderheitensekretariat.de\/en\/\",\"name\":\"Minderheitensekretariat\",\"description\":\"\",\"publisher\":{\"@id\":\"https:\/\/www.minderheitensekretariat.de\/en\/#organization\"},\"potentialAction\":[{\"@type\":\"SearchAction\",\"target\":{\"@type\":\"EntryPoint\",\"urlTemplate\":\"https:\/\/www.minderheitensekretariat.de\/en\/?s={search_term_string}\"},\"query-input\":{\"@type\":\"PropertyValueSpecification\",\"valueRequired\":true,\"valueName\":\"search_term_string\"}}],\"inLanguage\":\"en-US\"},{\"@type\":\"Organization\",\"@id\":\"https:\/\/www.minderheitensekretariat.de\/en\/#organization\",\"name\":\"Minderheitensekretariat\",\"url\":\"https:\/\/www.minderheitensekretariat.de\/en\/\",\"logo\":{\"@type\":\"ImageObject\",\"inLanguage\":\"en-US\",\"@id\":\"https:\/\/www.minderheitensekretariat.de\/en\/#\/schema\/logo\/image\/\",\"url\":\"https:\/\/www.minderheitensekretariat.de\/wp-content\/uploads\/2023\/03\/Min_sek_Logo_4c.jpg\",\"contentUrl\":\"https:\/\/www.minderheitensekretariat.de\/wp-content\/uploads\/2023\/03\/Min_sek_Logo_4c.jpg\",\"width\":984,\"height\":236,\"caption\":\"Minderheitensekretariat\"},\"image\":{\"@id\":\"https:\/\/www.minderheitensekretariat.de\/en\/#\/schema\/logo\/image\/\"},\"sameAs\":[\"https:\/\/www.facebook.com\/minderheitensekretariat.de\"]},{\"@type\":\"Person\",\"@id\":\"https:\/\/www.minderheitensekretariat.de\/en\/#\/schema\/person\/55df1c4c912f10debba5dfc9bc26c1cf\",\"name\":\"Minderheitensekretariat\",\"image\":{\"@type\":\"ImageObject\",\"inLanguage\":\"en-US\",\"@id\":\"https:\/\/www.minderheitensekretariat.de\/en\/#\/schema\/person\/image\/\",\"url\":\"https:\/\/secure.gravatar.com\/avatar\/370caba7511c95d16d2d05ef3fa57095fae805fdb97d13f46df8534525f106da?s=96&d=mm&r=g\",\"contentUrl\":\"https:\/\/secure.gravatar.com\/avatar\/370caba7511c95d16d2d05ef3fa57095fae805fdb97d13f46df8534525f106da?s=96&d=mm&r=g\",\"caption\":\"Minderheitensekretariat\"},\"sameAs\":[\"https:\/\/www.minderheitensekretariat.de\"],\"url\":\"https:\/\/www.minderheitensekretariat.de\/en\/author\/minderheitensekretariat\/\"}]}<\/script>\n<!-- \/ Yoast SEO plugin. -->","yoast_head_json":{"title":"MIA ver\u00f6ffentlicht Bericht zu Antiziganismus in der Polizei: 215 gemeldete F\u00e4lle zeigen institutionelle Diskriminierung - Minderheitensekretariat","robots":{"index":"index","follow":"follow","max-snippet":"max-snippet:-1","max-image-preview":"max-image-preview:large","max-video-preview":"max-video-preview:-1"},"canonical":"https:\/\/www.minderheitensekretariat.de\/en\/2025\/12\/08\/mia-veroeffentlicht-bericht-zu-antiziganismus-in-der-polizei-215-gemeldete-faelle-zeigen-institutionelle-diskriminierung\/","og_locale":"en_US","og_type":"article","og_title":"MIA ver\u00f6ffentlicht Bericht zu Antiziganismus in der Polizei: 215 gemeldete F\u00e4lle zeigen institutionelle Diskriminierung - Minderheitensekretariat","og_description":"Die Melde- und Informationsstelle Antiziganismus MIA zeigt mit ihrem neuen Bericht die Benachteiligung von Sinti und Roma im Polizeikontakt auf.","og_url":"https:\/\/www.minderheitensekretariat.de\/en\/2025\/12\/08\/mia-veroeffentlicht-bericht-zu-antiziganismus-in-der-polizei-215-gemeldete-faelle-zeigen-institutionelle-diskriminierung\/","og_site_name":"Minderheitensekretariat","article_publisher":"https:\/\/www.facebook.com\/minderheitensekretariat.de","article_published_time":"2025-12-08T09:06:49+00:00","article_modified_time":"2025-12-08T09:08:15+00:00","og_image":[{"width":1600,"height":1200,"url":"https:\/\/www.minderheitensekretariat.de\/wp-content\/uploads\/2025\/12\/WhatsApp-Image-2025-12-04-at-16.46.31.jpeg","type":"image\/jpeg"}],"author":"Minderheitensekretariat","twitter_card":"summary_large_image","twitter_misc":{"Written by":"Minderheitensekretariat","Est. reading time":"3 minutes"},"schema":{"@context":"https:\/\/schema.org","@graph":[{"@type":"Article","@id":"https:\/\/www.minderheitensekretariat.de\/en\/2025\/12\/08\/mia-veroeffentlicht-bericht-zu-antiziganismus-in-der-polizei-215-gemeldete-faelle-zeigen-institutionelle-diskriminierung\/#article","isPartOf":{"@id":"https:\/\/www.minderheitensekretariat.de\/en\/2025\/12\/08\/mia-veroeffentlicht-bericht-zu-antiziganismus-in-der-polizei-215-gemeldete-faelle-zeigen-institutionelle-diskriminierung\/"},"author":{"name":"Minderheitensekretariat","@id":"https:\/\/www.minderheitensekretariat.de\/en\/#\/schema\/person\/55df1c4c912f10debba5dfc9bc26c1cf"},"headline":"MIA ver\u00f6ffentlicht Bericht zu Antiziganismus in der Polizei: 215 gemeldete F\u00e4lle zeigen institutionelle Diskriminierung","datePublished":"2025-12-08T09:06:49+00:00","dateModified":"2025-12-08T09:08:15+00:00","mainEntityOfPage":{"@id":"https:\/\/www.minderheitensekretariat.de\/en\/2025\/12\/08\/mia-veroeffentlicht-bericht-zu-antiziganismus-in-der-polizei-215-gemeldete-faelle-zeigen-institutionelle-diskriminierung\/"},"wordCount":472,"publisher":{"@id":"https:\/\/www.minderheitensekretariat.de\/en\/#organization"},"image":{"@id":"https:\/\/www.minderheitensekretariat.de\/en\/2025\/12\/08\/mia-veroeffentlicht-bericht-zu-antiziganismus-in-der-polizei-215-gemeldete-faelle-zeigen-institutionelle-diskriminierung\/#primaryimage"},"thumbnailUrl":"https:\/\/www.minderheitensekretariat.de\/wp-content\/uploads\/2025\/12\/WhatsApp-Image-2025-12-04-at-16.46.31.jpeg","articleSection":["Startseite"],"inLanguage":"en-US"},{"@type":"WebPage","@id":"https:\/\/www.minderheitensekretariat.de\/en\/2025\/12\/08\/mia-veroeffentlicht-bericht-zu-antiziganismus-in-der-polizei-215-gemeldete-faelle-zeigen-institutionelle-diskriminierung\/","url":"https:\/\/www.minderheitensekretariat.de\/en\/2025\/12\/08\/mia-veroeffentlicht-bericht-zu-antiziganismus-in-der-polizei-215-gemeldete-faelle-zeigen-institutionelle-diskriminierung\/","name":"MIA ver\u00f6ffentlicht Bericht zu Antiziganismus in der Polizei: 215 gemeldete F\u00e4lle zeigen institutionelle Diskriminierung - Minderheitensekretariat","isPartOf":{"@id":"https:\/\/www.minderheitensekretariat.de\/en\/#website"},"primaryImageOfPage":{"@id":"https:\/\/www.minderheitensekretariat.de\/en\/2025\/12\/08\/mia-veroeffentlicht-bericht-zu-antiziganismus-in-der-polizei-215-gemeldete-faelle-zeigen-institutionelle-diskriminierung\/#primaryimage"},"image":{"@id":"https:\/\/www.minderheitensekretariat.de\/en\/2025\/12\/08\/mia-veroeffentlicht-bericht-zu-antiziganismus-in-der-polizei-215-gemeldete-faelle-zeigen-institutionelle-diskriminierung\/#primaryimage"},"thumbnailUrl":"https:\/\/www.minderheitensekretariat.de\/wp-content\/uploads\/2025\/12\/WhatsApp-Image-2025-12-04-at-16.46.31.jpeg","datePublished":"2025-12-08T09:06:49+00:00","dateModified":"2025-12-08T09:08:15+00:00","breadcrumb":{"@id":"https:\/\/www.minderheitensekretariat.de\/en\/2025\/12\/08\/mia-veroeffentlicht-bericht-zu-antiziganismus-in-der-polizei-215-gemeldete-faelle-zeigen-institutionelle-diskriminierung\/#breadcrumb"},"inLanguage":"en-US","potentialAction":[{"@type":"ReadAction","target":["https:\/\/www.minderheitensekretariat.de\/en\/2025\/12\/08\/mia-veroeffentlicht-bericht-zu-antiziganismus-in-der-polizei-215-gemeldete-faelle-zeigen-institutionelle-diskriminierung\/"]}]},{"@type":"ImageObject","inLanguage":"en-US","@id":"https:\/\/www.minderheitensekretariat.de\/en\/2025\/12\/08\/mia-veroeffentlicht-bericht-zu-antiziganismus-in-der-polizei-215-gemeldete-faelle-zeigen-institutionelle-diskriminierung\/#primaryimage","url":"https:\/\/www.minderheitensekretariat.de\/wp-content\/uploads\/2025\/12\/WhatsApp-Image-2025-12-04-at-16.46.31.jpeg","contentUrl":"https:\/\/www.minderheitensekretariat.de\/wp-content\/uploads\/2025\/12\/WhatsApp-Image-2025-12-04-at-16.46.31.jpeg","width":1600,"height":1200},{"@type":"BreadcrumbList","@id":"https:\/\/www.minderheitensekretariat.de\/en\/2025\/12\/08\/mia-veroeffentlicht-bericht-zu-antiziganismus-in-der-polizei-215-gemeldete-faelle-zeigen-institutionelle-diskriminierung\/#breadcrumb","itemListElement":[{"@type":"ListItem","position":1,"name":"Startseite","item":"https:\/\/www.minderheitensekretariat.de\/en\/"},{"@type":"ListItem","position":2,"name":"MIA ver\u00f6ffentlicht Bericht zu Antiziganismus in der Polizei: 215 gemeldete F\u00e4lle zeigen institutionelle Diskriminierung"}]},{"@type":"WebSite","@id":"https:\/\/www.minderheitensekretariat.de\/en\/#website","url":"https:\/\/www.minderheitensekretariat.de\/en\/","name":"Minderheitensekretariat","description":"","publisher":{"@id":"https:\/\/www.minderheitensekretariat.de\/en\/#organization"},"potentialAction":[{"@type":"SearchAction","target":{"@type":"EntryPoint","urlTemplate":"https:\/\/www.minderheitensekretariat.de\/en\/?s={search_term_string}"},"query-input":{"@type":"PropertyValueSpecification","valueRequired":true,"valueName":"search_term_string"}}],"inLanguage":"en-US"},{"@type":"Organization","@id":"https:\/\/www.minderheitensekretariat.de\/en\/#organization","name":"Minderheitensekretariat","url":"https:\/\/www.minderheitensekretariat.de\/en\/","logo":{"@type":"ImageObject","inLanguage":"en-US","@id":"https:\/\/www.minderheitensekretariat.de\/en\/#\/schema\/logo\/image\/","url":"https:\/\/www.minderheitensekretariat.de\/wp-content\/uploads\/2023\/03\/Min_sek_Logo_4c.jpg","contentUrl":"https:\/\/www.minderheitensekretariat.de\/wp-content\/uploads\/2023\/03\/Min_sek_Logo_4c.jpg","width":984,"height":236,"caption":"Minderheitensekretariat"},"image":{"@id":"https:\/\/www.minderheitensekretariat.de\/en\/#\/schema\/logo\/image\/"},"sameAs":["https:\/\/www.facebook.com\/minderheitensekretariat.de"]},{"@type":"Person","@id":"https:\/\/www.minderheitensekretariat.de\/en\/#\/schema\/person\/55df1c4c912f10debba5dfc9bc26c1cf","name":"Minderheitensekretariat","image":{"@type":"ImageObject","inLanguage":"en-US","@id":"https:\/\/www.minderheitensekretariat.de\/en\/#\/schema\/person\/image\/","url":"https:\/\/secure.gravatar.com\/avatar\/370caba7511c95d16d2d05ef3fa57095fae805fdb97d13f46df8534525f106da?s=96&d=mm&r=g","contentUrl":"https:\/\/secure.gravatar.com\/avatar\/370caba7511c95d16d2d05ef3fa57095fae805fdb97d13f46df8534525f106da?s=96&d=mm&r=g","caption":"Minderheitensekretariat"},"sameAs":["https:\/\/www.minderheitensekretariat.de"],"url":"https:\/\/www.minderheitensekretariat.de\/en\/author\/minderheitensekretariat\/"}]}},"_links":{"self":[{"href":"https:\/\/www.minderheitensekretariat.de\/en\/wp-json\/wp\/v2\/posts\/22454","targetHints":{"allow":["GET"]}}],"collection":[{"href":"https:\/\/www.minderheitensekretariat.de\/en\/wp-json\/wp\/v2\/posts"}],"about":[{"href":"https:\/\/www.minderheitensekretariat.de\/en\/wp-json\/wp\/v2\/types\/post"}],"author":[{"embeddable":true,"href":"https:\/\/www.minderheitensekretariat.de\/en\/wp-json\/wp\/v2\/users\/1"}],"replies":[{"embeddable":true,"href":"https:\/\/www.minderheitensekretariat.de\/en\/wp-json\/wp\/v2\/comments?post=22454"}],"version-history":[{"count":7,"href":"https:\/\/www.minderheitensekretariat.de\/en\/wp-json\/wp\/v2\/posts\/22454\/revisions"}],"predecessor-version":[{"id":22489,"href":"https:\/\/www.minderheitensekretariat.de\/en\/wp-json\/wp\/v2\/posts\/22454\/revisions\/22489"}],"wp:featuredmedia":[{"embeddable":true,"href":"https:\/\/www.minderheitensekretariat.de\/en\/wp-json\/wp\/v2\/media\/22474"}],"wp:attachment":[{"href":"https:\/\/www.minderheitensekretariat.de\/en\/wp-json\/wp\/v2\/media?parent=22454"}],"wp:term":[{"taxonomy":"category","embeddable":true,"href":"https:\/\/www.minderheitensekretariat.de\/en\/wp-json\/wp\/v2\/categories?post=22454"},{"taxonomy":"post_tag","embeddable":true,"href":"https:\/\/www.minderheitensekretariat.de\/en\/wp-json\/wp\/v2\/tags?post=22454"}],"curies":[{"name":"wp","href":"https:\/\/api.w.org\/{rel}","templated":true}]}}