{"id":15312,"date":"2023-09-19T10:19:41","date_gmt":"2023-09-19T08:19:41","guid":{"rendered":"https:\/\/www.minderheitensekretariat.de\/?p=15312"},"modified":"2023-10-05T12:11:48","modified_gmt":"2023-10-05T10:11:48","slug":"minderheiten-und-sprechergruppe-niederdeutsch-treffen-innenausschuss","status":"publish","type":"post","link":"https:\/\/www.minderheitensekretariat.de\/nd\/2023\/09\/19\/minderheiten-und-sprechergruppe-niederdeutsch-treffen-innenausschuss\/","title":{"rendered":"Minderheiten und Sprechergruppe Niederdeutsch treffen Innenausschuss"},"content":{"rendered":"\t\t<div data-elementor-type=\"wp-post\" data-elementor-id=\"15312\" class=\"elementor elementor-15312\" data-elementor-post-type=\"post\">\n\t\t\t\t\t\t<section class=\"elementor-section elementor-top-section elementor-element elementor-element-7333b6f elementor-section-boxed elementor-section-height-default elementor-section-height-default\" data-id=\"7333b6f\" data-element_type=\"section\" data-settings=\"{&quot;background_background&quot;:&quot;gradient&quot;}\">\n\t\t\t\t\t\t\t<div class=\"elementor-background-overlay\"><\/div>\n\t\t\t\t\t\t\t<div class=\"elementor-container elementor-column-gap-default\">\n\t\t\t\t\t<div class=\"elementor-column elementor-col-100 elementor-top-column elementor-element elementor-element-1b921a3\" data-id=\"1b921a3\" data-element_type=\"column\">\n\t\t\t<div class=\"elementor-widget-wrap elementor-element-populated\">\n\t\t\t\t\t\t<section class=\"elementor-section elementor-inner-section elementor-element elementor-element-b0fb436 elementor-section-full_width elementor-section-height-default elementor-section-height-default\" data-id=\"b0fb436\" data-element_type=\"section\">\n\t\t\t\t\t\t<div class=\"elementor-container elementor-column-gap-default\">\n\t\t\t\t\t<div class=\"elementor-column elementor-col-50 elementor-inner-column elementor-element elementor-element-fa2d1aa\" data-id=\"fa2d1aa\" data-element_type=\"column\">\n\t\t\t<div class=\"elementor-widget-wrap elementor-element-populated\">\n\t\t\t\t\t\t<div class=\"elementor-element elementor-element-ea2fe1b elementor-widget elementor-widget-image\" data-id=\"ea2fe1b\" data-element_type=\"widget\" data-widget_type=\"image.default\">\n\t\t\t\t<div class=\"elementor-widget-container\">\n\t\t\t\t\t\t\t\t\t\t<figure class=\"wp-caption\">\n\t\t\t\t\t\t\t\t\t\t<img fetchpriority=\"high\" decoding=\"async\" width=\"800\" height=\"600\" src=\"https:\/\/www.minderheitensekretariat.de\/wp-content\/uploads\/2023\/09\/20230918_164021-1024x768.jpg\" class=\"attachment-large size-large wp-image-15326\" alt=\"\" srcset=\"https:\/\/www.minderheitensekretariat.de\/wp-content\/uploads\/2023\/09\/20230918_164021-1024x768.jpg 1024w, https:\/\/www.minderheitensekretariat.de\/wp-content\/uploads\/2023\/09\/20230918_164021-300x225.jpg 300w, https:\/\/www.minderheitensekretariat.de\/wp-content\/uploads\/2023\/09\/20230918_164021-768x576.jpg 768w, https:\/\/www.minderheitensekretariat.de\/wp-content\/uploads\/2023\/09\/20230918_164021-1536x1152.jpg 1536w, https:\/\/www.minderheitensekretariat.de\/wp-content\/uploads\/2023\/09\/20230918_164021-2048x1536.jpg 2048w\" sizes=\"(max-width: 800px) 100vw, 800px\" \/>\t\t\t\t\t\t\t\t\t\t\t<figcaption class=\"widget-image-caption wp-caption-text\">Foto: Minderheitensekretariat<\/figcaption>\n\t\t\t\t\t\t\t\t\t\t<\/figure>\n\t\t\t\t\t\t\t<\/div>\n\t\t\t\t<\/div>\n\t\t\t\t\t<\/div>\n\t\t<\/div>\n\t\t\t\t<div class=\"elementor-column elementor-col-50 elementor-inner-column elementor-element elementor-element-f592ef7\" data-id=\"f592ef7\" data-element_type=\"column\">\n\t\t\t<div class=\"elementor-widget-wrap elementor-element-populated\">\n\t\t\t\t\t\t<div class=\"elementor-element elementor-element-2b7e6d1 elementor-widget elementor-widget-heading\" data-id=\"2b7e6d1\" data-element_type=\"widget\" data-widget_type=\"heading.default\">\n\t\t\t\t<div class=\"elementor-widget-container\">\n\t\t\t<h2 class=\"elementor-heading-title elementor-size-default\">Minderheiten und Sprechergruppe Niederdeutsch treffen Innenausschuss<\/h2>\t\t<\/div>\n\t\t\t\t<\/div>\n\t\t\t\t<div class=\"elementor-element elementor-element-03b0f5e elementor-widget elementor-widget-text-editor\" data-id=\"03b0f5e\" data-element_type=\"widget\" data-widget_type=\"text-editor.default\">\n\t\t\t\t<div class=\"elementor-widget-container\">\n\t\t\t\t\t\t\t19\/09\/2023\t\t\t\t\t\t<\/div>\n\t\t\t\t<\/div>\n\t\t\t\t<div class=\"elementor-element elementor-element-1a51d24 elementor-widget elementor-widget-text-editor\" data-id=\"1a51d24\" data-element_type=\"widget\" data-widget_type=\"text-editor.default\">\n\t\t\t\t<div class=\"elementor-widget-container\">\n\t\t\t\t\t\t\tEin angeregtes Gespr\u00e4ch zwischen dem Minderheitenrat und dem Bunnsraat f\u00f6r Nedderd\u00fc\u00fctsch mit dem Innenausschuss des Deutschen Bundestages.\t\t\t\t\t\t<\/div>\n\t\t\t\t<\/div>\n\t\t\t\t<div class=\"elementor-element elementor-element-2aa7c17 elementor-widget-divider--view-line elementor-widget elementor-widget-divider\" data-id=\"2aa7c17\" data-element_type=\"widget\" data-widget_type=\"divider.default\">\n\t\t\t\t<div class=\"elementor-widget-container\">\n\t\t\t\t\t<div class=\"elementor-divider\">\n\t\t\t<span class=\"elementor-divider-separator\">\n\t\t\t\t\t\t<\/span>\n\t\t<\/div>\n\t\t\t\t<\/div>\n\t\t\t\t<\/div>\n\t\t\t\t\t<\/div>\n\t\t<\/div>\n\t\t\t\t\t<\/div>\n\t\t<\/section>\n\t\t\t\t<div class=\"elementor-element elementor-element-87b8590 elementor-hidden-mobile elementor-invisible elementor-widget elementor-widget-image\" data-id=\"87b8590\" data-element_type=\"widget\" data-settings=\"{&quot;_animation&quot;:&quot;fadeInDown&quot;,&quot;_animation_delay&quot;:1000}\" data-widget_type=\"image.default\">\n\t\t\t\t<div class=\"elementor-widget-container\">\n\t\t\t\t\t\t\t\t\t\t\t\t\t\t<a href=\"#mehr\">\n\t\t\t\t\t\t\t<img decoding=\"async\" width=\"27\" height=\"15\" src=\"https:\/\/www.minderheitensekretariat.de\/wp-content\/uploads\/2022\/07\/arrow_down.svg\" class=\"elementor-animation-shrink attachment-large size-large wp-image-657\" alt=\"\" \/>\t\t\t\t\t\t\t\t<\/a>\n\t\t\t\t\t\t\t\t\t\t\t\t\t<\/div>\n\t\t\t\t<\/div>\n\t\t\t\t<section class=\"elementor-section elementor-inner-section elementor-element elementor-element-8629abe elementor-section-boxed elementor-section-height-default elementor-section-height-default\" data-id=\"8629abe\" data-element_type=\"section\">\n\t\t\t\t\t\t<div class=\"elementor-container elementor-column-gap-default\">\n\t\t\t\t\t<div class=\"elementor-column elementor-col-100 elementor-inner-column elementor-element elementor-element-8fa23c1\" data-id=\"8fa23c1\" data-element_type=\"column\">\n\t\t\t<div class=\"elementor-widget-wrap elementor-element-populated\">\n\t\t\t\t\t\t<div class=\"elementor-element elementor-element-2440ca1 elementor-widget elementor-widget-heading\" data-id=\"2440ca1\" data-element_type=\"widget\" data-widget_type=\"heading.default\">\n\t\t\t\t<div class=\"elementor-widget-container\">\n\t\t\t<h2 class=\"elementor-heading-title elementor-size-default\">Minderheiten und Sprechergruppe Niederdeutsch treffen Innenausschuss<\/h2>\t\t<\/div>\n\t\t\t\t<\/div>\n\t\t\t\t<div class=\"elementor-element elementor-element-c01359a elementor-widget elementor-widget-text-editor\" data-id=\"c01359a\" data-element_type=\"widget\" data-widget_type=\"text-editor.default\">\n\t\t\t\t<div class=\"elementor-widget-container\">\n\t\t\t\t\t\t\t<div><p>Am Montagnachmittag, den 18. September, fand das j\u00e4hrliche Gespr\u00e4chskreistreffen der vier autochthonen nationalen Minderheiten und Volksgruppen Deutschlands und der<span class=\"apple-converted-space\">\u00a0<\/span>Sprechergruppe<span class=\"apple-converted-space\">\u00a0<\/span>Niederdeutsch mit dem Innenausschuss des Deutschen Bundestages statt.\u00a0<\/p><\/div><div><p>Die anwesenden Abgeordneten der Fraktionen CDU\/CSU \u2013 Astrid Damerow und Petra Nicolaisen, SPD \u2013 Jan Plobner, FDP \u2013 Friedhelm Boginski und SSW \u2013 Stefan Seidler diskutierten unter Leitung des Vorsitzenden des Innenausschusses Prof. Dr. Lars Castellucci (SPD) und<span class=\"apple-converted-space\"> der <\/span>Beauftragten der Bundesregierung f\u00fcr nationale Minderheiten, Natalie Pawlik (SPD)<span class=\"apple-converted-space\">\u00a0<\/span>haupts\u00e4chlich fraktions\u00fcbergreifend \u00fcber die Themen der friesischen Volksgruppe, der Lausitzer Sorben, der deutschen Sinti und Roma, der d\u00e4nischen Volksgruppe und der<span class=\"apple-converted-space\">\u00a0<\/span>Sprechergruppe<span class=\"apple-converted-space\">\u00a0<\/span>Niederdeutsch.<\/p><\/div><div><p>Zu Beginn der Sitzung wurde eine zuk\u00fcnftige Bundestagsdebatte f\u00fcr das Jahr 2024 thematisiert.<span class=\"apple-converted-space\">\u00a0<\/span>Der Minderheitenrat und<span class=\"apple-converted-space\">\u00a0<\/span>der<span class=\"apple-converted-space\">\u00a0<\/span>Bunnsraat f\u00f6r Nedderd\u00fc\u00fctsch pl\u00e4dierten daf\u00fcr, dieser Debatte einen Entschlie\u00dfungsantrag zugrunde zu legen, so wie bereits im Jahr 2017. Im Ergebnis der damaligen Debatte wurde die Grundlage f\u00fcr eine bessere Wissensvermittlung gelegt, unter anderem mit der Wanderausstellung \u201eWas hei\u00dft hier Minderheit&#8221;. Auch wurde im Ergebnis das Niederdeutschsekretariat eingerichtet, was die Position der Sprechergruppe Niederdeutsch seitdem erheblich verbesserte. Als zweites Thema wurden die drohenden K\u00fcrzungen f\u00fcr das Minderheitensekretariat und Niederdeutschsekretariat durch den f\u00fcr 2024 geplanten Haushalt angesprochen. Nach der gegenw\u00e4rtigen Planung drohen beiden Sekretariaten Personalk\u00fcrzungen. Die Vertreter*innen der Minderheiten und der<span class=\"apple-converted-space\">\u00a0<\/span>Sprechergruppe Niederdeutsch<span class=\"apple-converted-space\">\u00a0<\/span>warben f\u00fcr die Wichtigkeit beider Sekretariate und baten die anwesenden Abgeordneten um Hilfe im parlamentarischen Prozess.<br \/>Jens A. Christiansen, Vertreter der d\u00e4nischen Minderheit, appellierte an die Anwesenden, dass eine ausk\u00f6mmliche Finanzierung der Sekretariate kein Selbstzweck<span class=\"apple-converted-space\">\u00a0<\/span>sei, sondern die praktische Umsetzung europ\u00e4ischer Verpflichtungen, die eine entsprechende Arbeitsstruktur der Minderheiten<span class=\"apple-converted-space\">\u00a0<\/span>und der Sprechergruppe<span class=\"apple-converted-space\">\u00a0<\/span>auf Bundesebene rechtfertigen.<\/p><\/div><div><p>Lobend \u00e4u\u00dferte sich die Sorbin Judit \u0160o\u0142\u0107ina \u00fcber den aktuellen Stand zum Namensrecht. So wurden die Anliegen des sorbischen Volkes, der friesischen Volksgruppe und der d\u00e4nischen Minderheit im Gesetzesentwurf beachtet. Auch sicherten die Vertreter*innen der zust\u00e4ndigen Bundesministerien BMJ und BMI zu, noch offene Fragen der praktischen Umsetzung durch Verwaltungsvorschriften im Sinne einer einfachen Antragsstellung zu realisieren. Dies betrifft unter anderem die Frage der Bekenntnisfreiheit.<\/p><\/div><div><p>F\u00fcr die im Sommer anstehende Europeada,<span class=\"apple-converted-space\">\u00a0<\/span>die Fu\u00dfball-Europameisterschaft der autochthonen Minderheiten,<span class=\"apple-converted-space\">\u00a0<\/span>muss nach wie vor die Finanzierung durch die Bundesregierung gekl\u00e4rt werden. Daf\u00fcr bedarf es eines entsprechenden Beschlusses im Bundestag.<\/p><\/div><div><p>Zum Onlinezugangsgesetz monierte der Sprecher des Bunnsraat f\u00f6r Nedderd\u00fc\u00fctsch, Heinrich Siefer, dass bisher kein nennenswerter Fortschritt erreicht wurde. Hier wird die Bundespolitik in der Verantwortung gesehen, auf die L\u00e4nder entsprechend einzuwirken.<\/p><\/div><div><p>Die Vertreter*innen der friesischen Volksgruppe informierten \u00fcber den &#8220;Ausverkauf der friesischen Sprache&#8221;. So haben sich Produzenten aus Amerika Ortsbezeichnungen in friesischer Sprache als Markenname sch\u00fctzen lassen. Im Deutschen Markenrecht ist dies f\u00fcr deutsche Ortsbezeichnungen undenkbar, friesische Bezeichnungen sind allerdings nicht darunter gesch\u00fctzt. Hier wird eine diskriminierende Nichtbeachtung der Minderheitensprachen gesehen.<\/p><\/div><div><p>Der Vorsitzende des Minderheitenrates, Dawid Statnik, selbst Lausitzer Sorbe, zeigt\u00a0sich zufrieden mit<span class=\"apple-converted-space\">\u00a0<\/span>dem Gespr\u00e4ch: <span class=\"apple-converted-space\"><i>\u201e<\/i><\/span><i>Das Gremium ist ein wichtiges Mittel, um auf bundespolitischer Ebene unsere Sachthemen auf die Agenda zu setzen. Nun folgen konkrete und weitere Gespr\u00e4che mit den zust\u00e4ndigen MdB<\/i><i>s<span class=\"apple-converted-space\">\u00a0und dem parlamentarischen Gespr\u00e4chskreis. Wir bleiben am Ball!\u201c<\/span><\/i><\/p><\/div><p><span style=\"color: var( --e-global-color-39532aa ); letter-spacing: 0px; background-color: transparent;\">(Quelle: Minderheitensekretariat und Niederdeutschsekretariat am 19.09.2023<\/span><span style=\"color: var( --e-global-color-39532aa ); letter-spacing: 0px; background-color: transparent;\">)<\/span><\/p>\t\t\t\t\t\t<\/div>\n\t\t\t\t<\/div>\n\t\t\t\t\t<\/div>\n\t\t<\/div>\n\t\t\t\t\t<\/div>\n\t\t<\/section>\n\t\t\t\t<section class=\"elementor-section elementor-inner-section elementor-element elementor-element-79ac782 elementor-section-boxed elementor-section-height-default elementor-section-height-default\" data-id=\"79ac782\" data-element_type=\"section\">\n\t\t\t\t\t\t<div class=\"elementor-container elementor-column-gap-default\">\n\t\t\t\t\t<div class=\"elementor-column elementor-col-100 elementor-inner-column elementor-element elementor-element-535e876\" data-id=\"535e876\" data-element_type=\"column\">\n\t\t\t<div class=\"elementor-widget-wrap elementor-element-populated\">\n\t\t\t\t\t\t<div class=\"elementor-element elementor-element-96396bc elementor-align-center elementor-widget elementor-widget-button\" data-id=\"96396bc\" data-element_type=\"widget\" data-widget_type=\"button.default\">\n\t\t\t\t<div class=\"elementor-widget-container\">\n\t\t\t\t\t\t\t<div class=\"elementor-button-wrapper\">\n\t\t\t\t\t<a class=\"elementor-button elementor-button-link elementor-size-sm\" href=\"\/aktuelles\/\">\n\t\t\t\t\t\t<span class=\"elementor-button-content-wrapper\">\n\t\t\t\t\t\t\t\t\t<span class=\"elementor-button-text\">Zur\u00fcck zur \u00dcbersicht<\/span>\n\t\t\t\t\t<\/span>\n\t\t\t\t\t<\/a>\n\t\t\t\t<\/div>\n\t\t\t\t\t\t<\/div>\n\t\t\t\t<\/div>\n\t\t\t\t\t<\/div>\n\t\t<\/div>\n\t\t\t\t\t<\/div>\n\t\t<\/section>\n\t\t\t\t\t<\/div>\n\t\t<\/div>\n\t\t\t\t\t<\/div>\n\t\t<\/section>\n\t\t\t\t<\/div>\n\t\t","protected":false},"excerpt":{"rendered":"<p>Ein angeregtes Gespr\u00e4ch zwischen dem Minderheitenrat und dem Bunnsraat f\u00f6r Nedderd\u00fc\u00fctsch mit dem Innenausschuss des Deutschen Bundestages.<\/p>\n","protected":false},"author":1,"featured_media":15326,"comment_status":"closed","ping_status":"closed","sticky":false,"template":"elementor_header_footer","format":"standard","meta":{"footnotes":""},"categories":[49],"tags":[],"class_list":["post-15312","post","type-post","status-publish","format-standard","has-post-thumbnail","hentry","category-startseite"],"yoast_head":"<!-- This site is optimized with the Yoast SEO plugin v23.8 - https:\/\/yoast.com\/wordpress\/plugins\/seo\/ -->\n<title>Minderheiten und Sprechergruppe Niederdeutsch treffen Innenausschuss - Minderheitensekretariat<\/title>\n<meta name=\"robots\" content=\"index, follow, max-snippet:-1, max-image-preview:large, max-video-preview:-1\" \/>\n<link rel=\"canonical\" href=\"https:\/\/www.minderheitensekretariat.de\/nd\/2023\/09\/19\/minderheiten-und-sprechergruppe-niederdeutsch-treffen-innenausschuss\/\" \/>\n<meta property=\"og:locale\" content=\"en_US\" \/>\n<meta property=\"og:type\" content=\"article\" \/>\n<meta property=\"og:title\" content=\"Minderheiten und Sprechergruppe Niederdeutsch treffen Innenausschuss - Minderheitensekretariat\" \/>\n<meta property=\"og:description\" content=\"Ein angeregtes Gespr\u00e4ch zwischen dem Minderheitenrat und dem Bunnsraat f\u00f6r Nedderd\u00fc\u00fctsch mit dem Innenausschuss des Deutschen Bundestages.\" \/>\n<meta property=\"og:url\" content=\"https:\/\/www.minderheitensekretariat.de\/nd\/2023\/09\/19\/minderheiten-und-sprechergruppe-niederdeutsch-treffen-innenausschuss\/\" \/>\n<meta property=\"og:site_name\" content=\"Minderheitensekretariat\" \/>\n<meta property=\"article:publisher\" content=\"https:\/\/www.facebook.com\/minderheitensekretariat.de\" \/>\n<meta property=\"article:published_time\" content=\"2023-09-19T08:19:41+00:00\" \/>\n<meta property=\"article:modified_time\" content=\"2023-10-05T10:11:48+00:00\" \/>\n<meta property=\"og:image\" content=\"https:\/\/www.minderheitensekretariat.de\/wp-content\/uploads\/2023\/09\/20230918_164021-scaled.jpg\" \/>\n\t<meta property=\"og:image:width\" content=\"2560\" \/>\n\t<meta property=\"og:image:height\" content=\"1920\" \/>\n\t<meta property=\"og:image:type\" content=\"image\/jpeg\" \/>\n<meta name=\"author\" content=\"Minderheitensekretariat\" \/>\n<meta name=\"twitter:card\" content=\"summary_large_image\" \/>\n<meta name=\"twitter:label1\" content=\"Written by\" \/>\n\t<meta name=\"twitter:data1\" content=\"Minderheitensekretariat\" \/>\n\t<meta name=\"twitter:label2\" content=\"Est. reading time\" \/>\n\t<meta name=\"twitter:data2\" content=\"4 minutes\" \/>\n<script type=\"application\/ld+json\" class=\"yoast-schema-graph\">{\"@context\":\"https:\/\/schema.org\",\"@graph\":[{\"@type\":\"Article\",\"@id\":\"https:\/\/www.minderheitensekretariat.de\/nd\/2023\/09\/19\/minderheiten-und-sprechergruppe-niederdeutsch-treffen-innenausschuss\/#article\",\"isPartOf\":{\"@id\":\"https:\/\/www.minderheitensekretariat.de\/nd\/2023\/09\/19\/minderheiten-und-sprechergruppe-niederdeutsch-treffen-innenausschuss\/\"},\"author\":{\"name\":\"Minderheitensekretariat\",\"@id\":\"https:\/\/www.minderheitensekretariat.de\/nd\/#\/schema\/person\/55df1c4c912f10debba5dfc9bc26c1cf\"},\"headline\":\"Minderheiten und Sprechergruppe Niederdeutsch treffen Innenausschuss\",\"datePublished\":\"2023-09-19T08:19:41+00:00\",\"dateModified\":\"2023-10-05T10:11:48+00:00\",\"mainEntityOfPage\":{\"@id\":\"https:\/\/www.minderheitensekretariat.de\/nd\/2023\/09\/19\/minderheiten-und-sprechergruppe-niederdeutsch-treffen-innenausschuss\/\"},\"wordCount\":552,\"publisher\":{\"@id\":\"https:\/\/www.minderheitensekretariat.de\/nd\/#organization\"},\"image\":{\"@id\":\"https:\/\/www.minderheitensekretariat.de\/nd\/2023\/09\/19\/minderheiten-und-sprechergruppe-niederdeutsch-treffen-innenausschuss\/#primaryimage\"},\"thumbnailUrl\":\"https:\/\/www.minderheitensekretariat.de\/wp-content\/uploads\/2023\/09\/20230918_164021-scaled.jpg\",\"articleSection\":[\"Startseite\"],\"inLanguage\":\"nd-ND\"},{\"@type\":\"WebPage\",\"@id\":\"https:\/\/www.minderheitensekretariat.de\/nd\/2023\/09\/19\/minderheiten-und-sprechergruppe-niederdeutsch-treffen-innenausschuss\/\",\"url\":\"https:\/\/www.minderheitensekretariat.de\/nd\/2023\/09\/19\/minderheiten-und-sprechergruppe-niederdeutsch-treffen-innenausschuss\/\",\"name\":\"Minderheiten und Sprechergruppe Niederdeutsch treffen Innenausschuss - Minderheitensekretariat\",\"isPartOf\":{\"@id\":\"https:\/\/www.minderheitensekretariat.de\/nd\/#website\"},\"primaryImageOfPage\":{\"@id\":\"https:\/\/www.minderheitensekretariat.de\/nd\/2023\/09\/19\/minderheiten-und-sprechergruppe-niederdeutsch-treffen-innenausschuss\/#primaryimage\"},\"image\":{\"@id\":\"https:\/\/www.minderheitensekretariat.de\/nd\/2023\/09\/19\/minderheiten-und-sprechergruppe-niederdeutsch-treffen-innenausschuss\/#primaryimage\"},\"thumbnailUrl\":\"https:\/\/www.minderheitensekretariat.de\/wp-content\/uploads\/2023\/09\/20230918_164021-scaled.jpg\",\"datePublished\":\"2023-09-19T08:19:41+00:00\",\"dateModified\":\"2023-10-05T10:11:48+00:00\",\"breadcrumb\":{\"@id\":\"https:\/\/www.minderheitensekretariat.de\/nd\/2023\/09\/19\/minderheiten-und-sprechergruppe-niederdeutsch-treffen-innenausschuss\/#breadcrumb\"},\"inLanguage\":\"nd-ND\",\"potentialAction\":[{\"@type\":\"ReadAction\",\"target\":[\"https:\/\/www.minderheitensekretariat.de\/nd\/2023\/09\/19\/minderheiten-und-sprechergruppe-niederdeutsch-treffen-innenausschuss\/\"]}]},{\"@type\":\"ImageObject\",\"inLanguage\":\"nd-ND\",\"@id\":\"https:\/\/www.minderheitensekretariat.de\/nd\/2023\/09\/19\/minderheiten-und-sprechergruppe-niederdeutsch-treffen-innenausschuss\/#primaryimage\",\"url\":\"https:\/\/www.minderheitensekretariat.de\/wp-content\/uploads\/2023\/09\/20230918_164021-scaled.jpg\",\"contentUrl\":\"https:\/\/www.minderheitensekretariat.de\/wp-content\/uploads\/2023\/09\/20230918_164021-scaled.jpg\",\"width\":2560,\"height\":1920,\"caption\":\"Foto: Minderheitensekretariat\"},{\"@type\":\"BreadcrumbList\",\"@id\":\"https:\/\/www.minderheitensekretariat.de\/nd\/2023\/09\/19\/minderheiten-und-sprechergruppe-niederdeutsch-treffen-innenausschuss\/#breadcrumb\",\"itemListElement\":[{\"@type\":\"ListItem\",\"position\":1,\"name\":\"Startseite\",\"item\":\"https:\/\/www.minderheitensekretariat.de\/nd\/\"},{\"@type\":\"ListItem\",\"position\":2,\"name\":\"Minderheiten und Sprechergruppe Niederdeutsch treffen Innenausschuss\"}]},{\"@type\":\"WebSite\",\"@id\":\"https:\/\/www.minderheitensekretariat.de\/nd\/#website\",\"url\":\"https:\/\/www.minderheitensekretariat.de\/nd\/\",\"name\":\"Minderheitensekretariat\",\"description\":\"\",\"publisher\":{\"@id\":\"https:\/\/www.minderheitensekretariat.de\/nd\/#organization\"},\"potentialAction\":[{\"@type\":\"SearchAction\",\"target\":{\"@type\":\"EntryPoint\",\"urlTemplate\":\"https:\/\/www.minderheitensekretariat.de\/nd\/?s={search_term_string}\"},\"query-input\":{\"@type\":\"PropertyValueSpecification\",\"valueRequired\":true,\"valueName\":\"search_term_string\"}}],\"inLanguage\":\"nd-ND\"},{\"@type\":\"Organization\",\"@id\":\"https:\/\/www.minderheitensekretariat.de\/nd\/#organization\",\"name\":\"Minderheitensekretariat\",\"url\":\"https:\/\/www.minderheitensekretariat.de\/nd\/\",\"logo\":{\"@type\":\"ImageObject\",\"inLanguage\":\"nd-ND\",\"@id\":\"https:\/\/www.minderheitensekretariat.de\/nd\/#\/schema\/logo\/image\/\",\"url\":\"https:\/\/www.minderheitensekretariat.de\/wp-content\/uploads\/2023\/03\/Min_sek_Logo_4c.jpg\",\"contentUrl\":\"https:\/\/www.minderheitensekretariat.de\/wp-content\/uploads\/2023\/03\/Min_sek_Logo_4c.jpg\",\"width\":984,\"height\":236,\"caption\":\"Minderheitensekretariat\"},\"image\":{\"@id\":\"https:\/\/www.minderheitensekretariat.de\/nd\/#\/schema\/logo\/image\/\"},\"sameAs\":[\"https:\/\/www.facebook.com\/minderheitensekretariat.de\"]},{\"@type\":\"Person\",\"@id\":\"https:\/\/www.minderheitensekretariat.de\/nd\/#\/schema\/person\/55df1c4c912f10debba5dfc9bc26c1cf\",\"name\":\"Minderheitensekretariat\",\"image\":{\"@type\":\"ImageObject\",\"inLanguage\":\"nd-ND\",\"@id\":\"https:\/\/www.minderheitensekretariat.de\/nd\/#\/schema\/person\/image\/\",\"url\":\"https:\/\/secure.gravatar.com\/avatar\/370caba7511c95d16d2d05ef3fa57095fae805fdb97d13f46df8534525f106da?s=96&d=mm&r=g\",\"contentUrl\":\"https:\/\/secure.gravatar.com\/avatar\/370caba7511c95d16d2d05ef3fa57095fae805fdb97d13f46df8534525f106da?s=96&d=mm&r=g\",\"caption\":\"Minderheitensekretariat\"},\"sameAs\":[\"https:\/\/www.minderheitensekretariat.de\"],\"url\":\"https:\/\/www.minderheitensekretariat.de\/nd\/author\/minderheitensekretariat\/\"}]}<\/script>\n<!-- \/ Yoast SEO plugin. -->","yoast_head_json":{"title":"Minderheiten und Sprechergruppe Niederdeutsch treffen Innenausschuss - Minderheitensekretariat","robots":{"index":"index","follow":"follow","max-snippet":"max-snippet:-1","max-image-preview":"max-image-preview:large","max-video-preview":"max-video-preview:-1"},"canonical":"https:\/\/www.minderheitensekretariat.de\/nd\/2023\/09\/19\/minderheiten-und-sprechergruppe-niederdeutsch-treffen-innenausschuss\/","og_locale":"en_US","og_type":"article","og_title":"Minderheiten und Sprechergruppe Niederdeutsch treffen Innenausschuss - Minderheitensekretariat","og_description":"Ein angeregtes Gespr\u00e4ch zwischen dem Minderheitenrat und dem Bunnsraat f\u00f6r Nedderd\u00fc\u00fctsch mit dem Innenausschuss des Deutschen Bundestages.","og_url":"https:\/\/www.minderheitensekretariat.de\/nd\/2023\/09\/19\/minderheiten-und-sprechergruppe-niederdeutsch-treffen-innenausschuss\/","og_site_name":"Minderheitensekretariat","article_publisher":"https:\/\/www.facebook.com\/minderheitensekretariat.de","article_published_time":"2023-09-19T08:19:41+00:00","article_modified_time":"2023-10-05T10:11:48+00:00","og_image":[{"width":2560,"height":1920,"url":"https:\/\/www.minderheitensekretariat.de\/wp-content\/uploads\/2023\/09\/20230918_164021-scaled.jpg","type":"image\/jpeg"}],"author":"Minderheitensekretariat","twitter_card":"summary_large_image","twitter_misc":{"Written by":"Minderheitensekretariat","Est. reading time":"4 minutes"},"schema":{"@context":"https:\/\/schema.org","@graph":[{"@type":"Article","@id":"https:\/\/www.minderheitensekretariat.de\/nd\/2023\/09\/19\/minderheiten-und-sprechergruppe-niederdeutsch-treffen-innenausschuss\/#article","isPartOf":{"@id":"https:\/\/www.minderheitensekretariat.de\/nd\/2023\/09\/19\/minderheiten-und-sprechergruppe-niederdeutsch-treffen-innenausschuss\/"},"author":{"name":"Minderheitensekretariat","@id":"https:\/\/www.minderheitensekretariat.de\/nd\/#\/schema\/person\/55df1c4c912f10debba5dfc9bc26c1cf"},"headline":"Minderheiten und Sprechergruppe Niederdeutsch treffen Innenausschuss","datePublished":"2023-09-19T08:19:41+00:00","dateModified":"2023-10-05T10:11:48+00:00","mainEntityOfPage":{"@id":"https:\/\/www.minderheitensekretariat.de\/nd\/2023\/09\/19\/minderheiten-und-sprechergruppe-niederdeutsch-treffen-innenausschuss\/"},"wordCount":552,"publisher":{"@id":"https:\/\/www.minderheitensekretariat.de\/nd\/#organization"},"image":{"@id":"https:\/\/www.minderheitensekretariat.de\/nd\/2023\/09\/19\/minderheiten-und-sprechergruppe-niederdeutsch-treffen-innenausschuss\/#primaryimage"},"thumbnailUrl":"https:\/\/www.minderheitensekretariat.de\/wp-content\/uploads\/2023\/09\/20230918_164021-scaled.jpg","articleSection":["Startseite"],"inLanguage":"nd-ND"},{"@type":"WebPage","@id":"https:\/\/www.minderheitensekretariat.de\/nd\/2023\/09\/19\/minderheiten-und-sprechergruppe-niederdeutsch-treffen-innenausschuss\/","url":"https:\/\/www.minderheitensekretariat.de\/nd\/2023\/09\/19\/minderheiten-und-sprechergruppe-niederdeutsch-treffen-innenausschuss\/","name":"Minderheiten und Sprechergruppe Niederdeutsch treffen Innenausschuss - Minderheitensekretariat","isPartOf":{"@id":"https:\/\/www.minderheitensekretariat.de\/nd\/#website"},"primaryImageOfPage":{"@id":"https:\/\/www.minderheitensekretariat.de\/nd\/2023\/09\/19\/minderheiten-und-sprechergruppe-niederdeutsch-treffen-innenausschuss\/#primaryimage"},"image":{"@id":"https:\/\/www.minderheitensekretariat.de\/nd\/2023\/09\/19\/minderheiten-und-sprechergruppe-niederdeutsch-treffen-innenausschuss\/#primaryimage"},"thumbnailUrl":"https:\/\/www.minderheitensekretariat.de\/wp-content\/uploads\/2023\/09\/20230918_164021-scaled.jpg","datePublished":"2023-09-19T08:19:41+00:00","dateModified":"2023-10-05T10:11:48+00:00","breadcrumb":{"@id":"https:\/\/www.minderheitensekretariat.de\/nd\/2023\/09\/19\/minderheiten-und-sprechergruppe-niederdeutsch-treffen-innenausschuss\/#breadcrumb"},"inLanguage":"nd-ND","potentialAction":[{"@type":"ReadAction","target":["https:\/\/www.minderheitensekretariat.de\/nd\/2023\/09\/19\/minderheiten-und-sprechergruppe-niederdeutsch-treffen-innenausschuss\/"]}]},{"@type":"ImageObject","inLanguage":"nd-ND","@id":"https:\/\/www.minderheitensekretariat.de\/nd\/2023\/09\/19\/minderheiten-und-sprechergruppe-niederdeutsch-treffen-innenausschuss\/#primaryimage","url":"https:\/\/www.minderheitensekretariat.de\/wp-content\/uploads\/2023\/09\/20230918_164021-scaled.jpg","contentUrl":"https:\/\/www.minderheitensekretariat.de\/wp-content\/uploads\/2023\/09\/20230918_164021-scaled.jpg","width":2560,"height":1920,"caption":"Foto: Minderheitensekretariat"},{"@type":"BreadcrumbList","@id":"https:\/\/www.minderheitensekretariat.de\/nd\/2023\/09\/19\/minderheiten-und-sprechergruppe-niederdeutsch-treffen-innenausschuss\/#breadcrumb","itemListElement":[{"@type":"ListItem","position":1,"name":"Startseite","item":"https:\/\/www.minderheitensekretariat.de\/nd\/"},{"@type":"ListItem","position":2,"name":"Minderheiten und Sprechergruppe Niederdeutsch treffen Innenausschuss"}]},{"@type":"WebSite","@id":"https:\/\/www.minderheitensekretariat.de\/nd\/#website","url":"https:\/\/www.minderheitensekretariat.de\/nd\/","name":"Minderheitensekretariat","description":"","publisher":{"@id":"https:\/\/www.minderheitensekretariat.de\/nd\/#organization"},"potentialAction":[{"@type":"SearchAction","target":{"@type":"EntryPoint","urlTemplate":"https:\/\/www.minderheitensekretariat.de\/nd\/?s={search_term_string}"},"query-input":{"@type":"PropertyValueSpecification","valueRequired":true,"valueName":"search_term_string"}}],"inLanguage":"nd-ND"},{"@type":"Organization","@id":"https:\/\/www.minderheitensekretariat.de\/nd\/#organization","name":"Minderheitensekretariat","url":"https:\/\/www.minderheitensekretariat.de\/nd\/","logo":{"@type":"ImageObject","inLanguage":"nd-ND","@id":"https:\/\/www.minderheitensekretariat.de\/nd\/#\/schema\/logo\/image\/","url":"https:\/\/www.minderheitensekretariat.de\/wp-content\/uploads\/2023\/03\/Min_sek_Logo_4c.jpg","contentUrl":"https:\/\/www.minderheitensekretariat.de\/wp-content\/uploads\/2023\/03\/Min_sek_Logo_4c.jpg","width":984,"height":236,"caption":"Minderheitensekretariat"},"image":{"@id":"https:\/\/www.minderheitensekretariat.de\/nd\/#\/schema\/logo\/image\/"},"sameAs":["https:\/\/www.facebook.com\/minderheitensekretariat.de"]},{"@type":"Person","@id":"https:\/\/www.minderheitensekretariat.de\/nd\/#\/schema\/person\/55df1c4c912f10debba5dfc9bc26c1cf","name":"Minderheitensekretariat","image":{"@type":"ImageObject","inLanguage":"nd-ND","@id":"https:\/\/www.minderheitensekretariat.de\/nd\/#\/schema\/person\/image\/","url":"https:\/\/secure.gravatar.com\/avatar\/370caba7511c95d16d2d05ef3fa57095fae805fdb97d13f46df8534525f106da?s=96&d=mm&r=g","contentUrl":"https:\/\/secure.gravatar.com\/avatar\/370caba7511c95d16d2d05ef3fa57095fae805fdb97d13f46df8534525f106da?s=96&d=mm&r=g","caption":"Minderheitensekretariat"},"sameAs":["https:\/\/www.minderheitensekretariat.de"],"url":"https:\/\/www.minderheitensekretariat.de\/nd\/author\/minderheitensekretariat\/"}]}},"_links":{"self":[{"href":"https:\/\/www.minderheitensekretariat.de\/nd\/wp-json\/wp\/v2\/posts\/15312","targetHints":{"allow":["GET"]}}],"collection":[{"href":"https:\/\/www.minderheitensekretariat.de\/nd\/wp-json\/wp\/v2\/posts"}],"about":[{"href":"https:\/\/www.minderheitensekretariat.de\/nd\/wp-json\/wp\/v2\/types\/post"}],"author":[{"embeddable":true,"href":"https:\/\/www.minderheitensekretariat.de\/nd\/wp-json\/wp\/v2\/users\/1"}],"replies":[{"embeddable":true,"href":"https:\/\/www.minderheitensekretariat.de\/nd\/wp-json\/wp\/v2\/comments?post=15312"}],"version-history":[{"count":19,"href":"https:\/\/www.minderheitensekretariat.de\/nd\/wp-json\/wp\/v2\/posts\/15312\/revisions"}],"predecessor-version":[{"id":16419,"href":"https:\/\/www.minderheitensekretariat.de\/nd\/wp-json\/wp\/v2\/posts\/15312\/revisions\/16419"}],"wp:featuredmedia":[{"embeddable":true,"href":"https:\/\/www.minderheitensekretariat.de\/nd\/wp-json\/wp\/v2\/media\/15326"}],"wp:attachment":[{"href":"https:\/\/www.minderheitensekretariat.de\/nd\/wp-json\/wp\/v2\/media?parent=15312"}],"wp:term":[{"taxonomy":"category","embeddable":true,"href":"https:\/\/www.minderheitensekretariat.de\/nd\/wp-json\/wp\/v2\/categories?post=15312"},{"taxonomy":"post_tag","embeddable":true,"href":"https:\/\/www.minderheitensekretariat.de\/nd\/wp-json\/wp\/v2\/tags?post=15312"}],"curies":[{"name":"wp","href":"https:\/\/api.w.org\/{rel}","templated":true}]}}