{"id":20661,"date":"2025-06-12T16:31:21","date_gmt":"2025-06-12T14:31:21","guid":{"rendered":"https:\/\/www.minderheitensekretariat.de\/?p=20661"},"modified":"2025-06-16T14:24:11","modified_gmt":"2025-06-16T12:24:11","slug":"der-cisinski-preis-geht-2025-an-mercin-weclich","status":"publish","type":"post","link":"https:\/\/www.minderheitensekretariat.de\/nd\/2025\/06\/12\/der-cisinski-preis-geht-2025-an-mercin-weclich\/","title":{"rendered":"Der \u0106i\u0161inski-Preis geht 2025 an M\u011br\u0107in Weclich\u00a0"},"content":{"rendered":"\t\t<div data-elementor-type=\"wp-post\" data-elementor-id=\"20661\" class=\"elementor elementor-20661\" data-elementor-post-type=\"post\">\n\t\t\t\t\t\t<section class=\"elementor-section elementor-top-section elementor-element elementor-element-7333b6f elementor-section-boxed elementor-section-height-default elementor-section-height-default\" data-id=\"7333b6f\" data-element_type=\"section\" data-settings=\"{&quot;background_background&quot;:&quot;gradient&quot;}\">\n\t\t\t\t\t\t\t<div class=\"elementor-background-overlay\"><\/div>\n\t\t\t\t\t\t\t<div class=\"elementor-container elementor-column-gap-default\">\n\t\t\t\t\t<div class=\"elementor-column elementor-col-100 elementor-top-column elementor-element elementor-element-1b921a3\" data-id=\"1b921a3\" data-element_type=\"column\">\n\t\t\t<div class=\"elementor-widget-wrap elementor-element-populated\">\n\t\t\t\t\t\t<section class=\"elementor-section elementor-inner-section elementor-element elementor-element-b0fb436 elementor-section-full_width elementor-section-height-default elementor-section-height-default\" data-id=\"b0fb436\" data-element_type=\"section\">\n\t\t\t\t\t\t<div class=\"elementor-container elementor-column-gap-default\">\n\t\t\t\t\t<div class=\"elementor-column elementor-col-50 elementor-inner-column elementor-element elementor-element-fa2d1aa\" data-id=\"fa2d1aa\" data-element_type=\"column\">\n\t\t\t<div class=\"elementor-widget-wrap elementor-element-populated\">\n\t\t\t\t\t\t<div class=\"elementor-element elementor-element-ea2fe1b elementor-widget elementor-widget-image\" data-id=\"ea2fe1b\" data-element_type=\"widget\" data-widget_type=\"image.default\">\n\t\t\t\t<div class=\"elementor-widget-container\">\n\t\t\t\t\t\t\t\t\t\t<figure class=\"wp-caption\">\n\t\t\t\t\t\t\t\t\t\t<img fetchpriority=\"high\" decoding=\"async\" width=\"670\" height=\"382\" src=\"https:\/\/www.minderheitensekretariat.de\/wp-content\/uploads\/2022\/08\/Sorbisches-Institut_logo.jpg\" class=\"attachment-large size-large wp-image-3901\" alt=\"\" srcset=\"https:\/\/www.minderheitensekretariat.de\/wp-content\/uploads\/2022\/08\/Sorbisches-Institut_logo.jpg 670w, https:\/\/www.minderheitensekretariat.de\/wp-content\/uploads\/2022\/08\/Sorbisches-Institut_logo-300x171.jpg 300w\" sizes=\"(max-width: 670px) 100vw, 670px\" \/>\t\t\t\t\t\t\t\t\t\t\t<figcaption class=\"widget-image-caption wp-caption-text\"><\/figcaption>\n\t\t\t\t\t\t\t\t\t\t<\/figure>\n\t\t\t\t\t\t\t<\/div>\n\t\t\t\t<\/div>\n\t\t\t\t\t<\/div>\n\t\t<\/div>\n\t\t\t\t<div class=\"elementor-column elementor-col-50 elementor-inner-column elementor-element elementor-element-f592ef7\" data-id=\"f592ef7\" data-element_type=\"column\">\n\t\t\t<div class=\"elementor-widget-wrap elementor-element-populated\">\n\t\t\t\t\t\t<div class=\"elementor-element elementor-element-03b0f5e elementor-widget elementor-widget-text-editor\" data-id=\"03b0f5e\" data-element_type=\"widget\" data-widget_type=\"text-editor.default\">\n\t\t\t\t<div class=\"elementor-widget-container\">\n\t\t\t\t\t\t\t12\/06\/2025\t\t\t\t\t\t<\/div>\n\t\t\t\t<\/div>\n\t\t\t\t<div class=\"elementor-element elementor-element-1a51d24 elementor-widget elementor-widget-text-editor\" data-id=\"1a51d24\" data-element_type=\"widget\" data-widget_type=\"text-editor.default\">\n\t\t\t\t<div class=\"elementor-widget-container\">\n\t\t\t\t\t\t\tDie Preistr\u00e4ger des h\u00f6chsten sorbischen Preises stehen fest!\t\t\t\t\t\t<\/div>\n\t\t\t\t<\/div>\n\t\t\t\t<div class=\"elementor-element elementor-element-2aa7c17 elementor-widget-divider--view-line elementor-widget elementor-widget-divider\" data-id=\"2aa7c17\" data-element_type=\"widget\" data-widget_type=\"divider.default\">\n\t\t\t\t<div class=\"elementor-widget-container\">\n\t\t\t\t\t<div class=\"elementor-divider\">\n\t\t\t<span class=\"elementor-divider-separator\">\n\t\t\t\t\t\t<\/span>\n\t\t<\/div>\n\t\t\t\t<\/div>\n\t\t\t\t<\/div>\n\t\t\t\t\t<\/div>\n\t\t<\/div>\n\t\t\t\t\t<\/div>\n\t\t<\/section>\n\t\t\t\t<div class=\"elementor-element elementor-element-87b8590 elementor-hidden-mobile elementor-invisible elementor-widget elementor-widget-image\" data-id=\"87b8590\" data-element_type=\"widget\" data-settings=\"{&quot;_animation&quot;:&quot;fadeInDown&quot;,&quot;_animation_delay&quot;:1000}\" data-widget_type=\"image.default\">\n\t\t\t\t<div class=\"elementor-widget-container\">\n\t\t\t\t\t\t\t\t\t\t\t\t\t\t<a href=\"#mehr\">\n\t\t\t\t\t\t\t<img decoding=\"async\" width=\"27\" height=\"15\" src=\"https:\/\/www.minderheitensekretariat.de\/wp-content\/uploads\/2022\/07\/arrow_down.svg\" class=\"elementor-animation-shrink attachment-large size-large wp-image-657\" alt=\"\" \/>\t\t\t\t\t\t\t\t<\/a>\n\t\t\t\t\t\t\t\t\t\t\t\t\t<\/div>\n\t\t\t\t<\/div>\n\t\t\t\t<section class=\"elementor-section elementor-inner-section elementor-element elementor-element-8629abe elementor-section-boxed elementor-section-height-default elementor-section-height-default\" data-id=\"8629abe\" data-element_type=\"section\">\n\t\t\t\t\t\t<div class=\"elementor-container elementor-column-gap-default\">\n\t\t\t\t\t<div class=\"elementor-column elementor-col-100 elementor-inner-column elementor-element elementor-element-8fa23c1\" data-id=\"8fa23c1\" data-element_type=\"column\">\n\t\t\t<div class=\"elementor-widget-wrap elementor-element-populated\">\n\t\t\t\t\t\t<div class=\"elementor-element elementor-element-2440ca1 elementor-widget elementor-widget-heading\" data-id=\"2440ca1\" data-element_type=\"widget\" data-widget_type=\"heading.default\">\n\t\t\t\t<div class=\"elementor-widget-container\">\n\t\t\t<h2 class=\"elementor-heading-title elementor-size-default\">Der \u0106i\u0161inski-Preis geht 2025 an M\u011br\u0107in Weclich\u00a0<\/h2>\t\t<\/div>\n\t\t\t\t<\/div>\n\t\t\t\t<div class=\"elementor-element elementor-element-c01359a elementor-widget elementor-widget-text-editor\" data-id=\"c01359a\" data-element_type=\"widget\" data-widget_type=\"text-editor.default\">\n\t\t\t\t<div class=\"elementor-widget-container\">\n\t\t\t\t\t\t\t<p class=\"bodytext\">Der \u0106i\u0161inski-Preis 2025 der Stiftung f\u00fcr das sorbische Volk wird im Herbst (18. Oktober 2025) <strong>M\u011br\u0107in Weclich<\/strong> (Martin Wetzlich) f\u00fcr sein wegbereitendes Wirken auf dem Gebiet der sorbischen popul\u00e4ren Musik und die F\u00f6rderung junger sorbischer Gesangstalente verliehen.<\/p><p class=\"bodytext\">Der \u0106i\u0161inski F\u00f6rderpreis 2025 wird <strong>Julian Ny\u010da<\/strong> (Nitzsche) verliehen, f\u00fcr seine besonderen Verdienste bei der Etablierung der sorbischen Sprache und der Vermittlung von Wissen \u00fcber die Sorben in den digitalen Medien.<\/p><p class=\"bodytext\">Dies entschied das Kuratorium zur Verleihung des \u0106i\u0161inski-Preises gestern, am 4. Juni 2025 in Bautzen.<\/p><p class=\"bodytext\">Die feierliche Preisverleihung findet am 18. Oktober 2025 im Bildungsgut Schmochtitz St. Benno statt. Zu dieser wird laut dem Vorsitzenden des Kuratoriums Marko Kowar, auch ein s\u00e4chsischer Regierungsvertreter anwesend sein.<\/p><p><span style=\"color: var( --e-global-color-39532aa ); letter-spacing: 0px; background-color: transparent;\">(Quelle: Pressemitteilung des <a href=\"https:\/\/www.serbski-institut.de\/\"><span style=\"text-decoration: underline;\">Sorbischen Instituts<\/span><\/a> vom 05.06.2025<\/span><span style=\"color: var( --e-global-color-39532aa ); letter-spacing: 0px; background-color: transparent;\">)<\/span><\/p>\t\t\t\t\t\t<\/div>\n\t\t\t\t<\/div>\n\t\t\t\t\t<\/div>\n\t\t<\/div>\n\t\t\t\t\t<\/div>\n\t\t<\/section>\n\t\t\t\t<section class=\"elementor-section elementor-inner-section elementor-element elementor-element-79ac782 elementor-section-boxed elementor-section-height-default elementor-section-height-default\" data-id=\"79ac782\" data-element_type=\"section\">\n\t\t\t\t\t\t<div class=\"elementor-container elementor-column-gap-default\">\n\t\t\t\t\t<div class=\"elementor-column elementor-col-100 elementor-inner-column elementor-element elementor-element-535e876\" data-id=\"535e876\" data-element_type=\"column\">\n\t\t\t<div class=\"elementor-widget-wrap elementor-element-populated\">\n\t\t\t\t\t\t<div class=\"elementor-element elementor-element-96396bc elementor-align-center elementor-widget elementor-widget-button\" data-id=\"96396bc\" data-element_type=\"widget\" data-widget_type=\"button.default\">\n\t\t\t\t<div class=\"elementor-widget-container\">\n\t\t\t\t\t\t\t<div class=\"elementor-button-wrapper\">\n\t\t\t\t\t<a class=\"elementor-button elementor-button-link elementor-size-sm\" href=\"\/aktuelles\/\">\n\t\t\t\t\t\t<span class=\"elementor-button-content-wrapper\">\n\t\t\t\t\t\t\t\t\t<span class=\"elementor-button-text\">Zur\u00fcck zur \u00dcbersicht<\/span>\n\t\t\t\t\t<\/span>\n\t\t\t\t\t<\/a>\n\t\t\t\t<\/div>\n\t\t\t\t\t\t<\/div>\n\t\t\t\t<\/div>\n\t\t\t\t\t<\/div>\n\t\t<\/div>\n\t\t\t\t\t<\/div>\n\t\t<\/section>\n\t\t\t\t\t<\/div>\n\t\t<\/div>\n\t\t\t\t\t<\/div>\n\t\t<\/section>\n\t\t\t\t<\/div>\n\t\t","protected":false},"excerpt":{"rendered":"<p>Die Preistr\u00e4ger des h\u00f6chsten sorbischen Preises stehen fest!<\/p>\n","protected":false},"author":1,"featured_media":3901,"comment_status":"closed","ping_status":"closed","sticky":false,"template":"elementor_header_footer","format":"standard","meta":{"footnotes":""},"categories":[49],"tags":[],"class_list":["post-20661","post","type-post","status-publish","format-standard","has-post-thumbnail","hentry","category-startseite"],"yoast_head":"<!-- This site is optimized with the Yoast SEO plugin v23.8 - https:\/\/yoast.com\/wordpress\/plugins\/seo\/ -->\n<title>Der \u0106i\u0161inski-Preis geht 2025 an M\u011br\u0107in Weclich\u00a0 - Minderheitensekretariat<\/title>\n<meta name=\"robots\" content=\"index, follow, max-snippet:-1, max-image-preview:large, max-video-preview:-1\" \/>\n<link rel=\"canonical\" href=\"https:\/\/www.minderheitensekretariat.de\/nd\/2025\/06\/12\/der-cisinski-preis-geht-2025-an-mercin-weclich\/\" \/>\n<meta property=\"og:locale\" content=\"en_US\" \/>\n<meta property=\"og:type\" content=\"article\" \/>\n<meta property=\"og:title\" content=\"Der \u0106i\u0161inski-Preis geht 2025 an M\u011br\u0107in Weclich\u00a0 - Minderheitensekretariat\" \/>\n<meta property=\"og:description\" content=\"Die Preistr\u00e4ger des h\u00f6chsten sorbischen Preises stehen fest!\" \/>\n<meta property=\"og:url\" content=\"https:\/\/www.minderheitensekretariat.de\/nd\/2025\/06\/12\/der-cisinski-preis-geht-2025-an-mercin-weclich\/\" \/>\n<meta property=\"og:site_name\" content=\"Minderheitensekretariat\" \/>\n<meta property=\"article:publisher\" content=\"https:\/\/www.facebook.com\/minderheitensekretariat.de\" \/>\n<meta property=\"article:published_time\" content=\"2025-06-12T14:31:21+00:00\" \/>\n<meta property=\"article:modified_time\" content=\"2025-06-16T12:24:11+00:00\" \/>\n<meta property=\"og:image\" content=\"https:\/\/www.minderheitensekretariat.de\/wp-content\/uploads\/2022\/08\/Sorbisches-Institut_logo.jpg\" \/>\n\t<meta property=\"og:image:width\" content=\"670\" \/>\n\t<meta property=\"og:image:height\" content=\"382\" \/>\n\t<meta property=\"og:image:type\" content=\"image\/jpeg\" \/>\n<meta name=\"author\" content=\"Minderheitensekretariat\" \/>\n<meta name=\"twitter:card\" content=\"summary_large_image\" \/>\n<meta name=\"twitter:label1\" content=\"Written by\" \/>\n\t<meta name=\"twitter:data1\" content=\"Minderheitensekretariat\" \/>\n\t<meta name=\"twitter:label2\" content=\"Est. reading time\" \/>\n\t<meta name=\"twitter:data2\" content=\"2 minutes\" \/>\n<script type=\"application\/ld+json\" class=\"yoast-schema-graph\">{\"@context\":\"https:\/\/schema.org\",\"@graph\":[{\"@type\":\"Article\",\"@id\":\"https:\/\/www.minderheitensekretariat.de\/nd\/2025\/06\/12\/der-cisinski-preis-geht-2025-an-mercin-weclich\/#article\",\"isPartOf\":{\"@id\":\"https:\/\/www.minderheitensekretariat.de\/nd\/2025\/06\/12\/der-cisinski-preis-geht-2025-an-mercin-weclich\/\"},\"author\":{\"name\":\"Minderheitensekretariat\",\"@id\":\"https:\/\/www.minderheitensekretariat.de\/nd\/#\/schema\/person\/55df1c4c912f10debba5dfc9bc26c1cf\"},\"headline\":\"Der \u0106i\u0161inski-Preis geht 2025 an M\u011br\u0107in Weclich\u00a0\",\"datePublished\":\"2025-06-12T14:31:21+00:00\",\"dateModified\":\"2025-06-16T12:24:11+00:00\",\"mainEntityOfPage\":{\"@id\":\"https:\/\/www.minderheitensekretariat.de\/nd\/2025\/06\/12\/der-cisinski-preis-geht-2025-an-mercin-weclich\/\"},\"wordCount\":137,\"publisher\":{\"@id\":\"https:\/\/www.minderheitensekretariat.de\/nd\/#organization\"},\"image\":{\"@id\":\"https:\/\/www.minderheitensekretariat.de\/nd\/2025\/06\/12\/der-cisinski-preis-geht-2025-an-mercin-weclich\/#primaryimage\"},\"thumbnailUrl\":\"https:\/\/www.minderheitensekretariat.de\/wp-content\/uploads\/2022\/08\/Sorbisches-Institut_logo.jpg\",\"articleSection\":[\"Startseite\"],\"inLanguage\":\"nd-ND\"},{\"@type\":\"WebPage\",\"@id\":\"https:\/\/www.minderheitensekretariat.de\/nd\/2025\/06\/12\/der-cisinski-preis-geht-2025-an-mercin-weclich\/\",\"url\":\"https:\/\/www.minderheitensekretariat.de\/nd\/2025\/06\/12\/der-cisinski-preis-geht-2025-an-mercin-weclich\/\",\"name\":\"Der \u0106i\u0161inski-Preis geht 2025 an M\u011br\u0107in Weclich\u00a0 - Minderheitensekretariat\",\"isPartOf\":{\"@id\":\"https:\/\/www.minderheitensekretariat.de\/nd\/#website\"},\"primaryImageOfPage\":{\"@id\":\"https:\/\/www.minderheitensekretariat.de\/nd\/2025\/06\/12\/der-cisinski-preis-geht-2025-an-mercin-weclich\/#primaryimage\"},\"image\":{\"@id\":\"https:\/\/www.minderheitensekretariat.de\/nd\/2025\/06\/12\/der-cisinski-preis-geht-2025-an-mercin-weclich\/#primaryimage\"},\"thumbnailUrl\":\"https:\/\/www.minderheitensekretariat.de\/wp-content\/uploads\/2022\/08\/Sorbisches-Institut_logo.jpg\",\"datePublished\":\"2025-06-12T14:31:21+00:00\",\"dateModified\":\"2025-06-16T12:24:11+00:00\",\"breadcrumb\":{\"@id\":\"https:\/\/www.minderheitensekretariat.de\/nd\/2025\/06\/12\/der-cisinski-preis-geht-2025-an-mercin-weclich\/#breadcrumb\"},\"inLanguage\":\"nd-ND\",\"potentialAction\":[{\"@type\":\"ReadAction\",\"target\":[\"https:\/\/www.minderheitensekretariat.de\/nd\/2025\/06\/12\/der-cisinski-preis-geht-2025-an-mercin-weclich\/\"]}]},{\"@type\":\"ImageObject\",\"inLanguage\":\"nd-ND\",\"@id\":\"https:\/\/www.minderheitensekretariat.de\/nd\/2025\/06\/12\/der-cisinski-preis-geht-2025-an-mercin-weclich\/#primaryimage\",\"url\":\"https:\/\/www.minderheitensekretariat.de\/wp-content\/uploads\/2022\/08\/Sorbisches-Institut_logo.jpg\",\"contentUrl\":\"https:\/\/www.minderheitensekretariat.de\/wp-content\/uploads\/2022\/08\/Sorbisches-Institut_logo.jpg\",\"width\":670,\"height\":382},{\"@type\":\"BreadcrumbList\",\"@id\":\"https:\/\/www.minderheitensekretariat.de\/nd\/2025\/06\/12\/der-cisinski-preis-geht-2025-an-mercin-weclich\/#breadcrumb\",\"itemListElement\":[{\"@type\":\"ListItem\",\"position\":1,\"name\":\"Startseite\",\"item\":\"https:\/\/www.minderheitensekretariat.de\/nd\/\"},{\"@type\":\"ListItem\",\"position\":2,\"name\":\"Der \u0106i\u0161inski-Preis geht 2025 an M\u011br\u0107in Weclich\u00a0\"}]},{\"@type\":\"WebSite\",\"@id\":\"https:\/\/www.minderheitensekretariat.de\/nd\/#website\",\"url\":\"https:\/\/www.minderheitensekretariat.de\/nd\/\",\"name\":\"Minderheitensekretariat\",\"description\":\"\",\"publisher\":{\"@id\":\"https:\/\/www.minderheitensekretariat.de\/nd\/#organization\"},\"potentialAction\":[{\"@type\":\"SearchAction\",\"target\":{\"@type\":\"EntryPoint\",\"urlTemplate\":\"https:\/\/www.minderheitensekretariat.de\/nd\/?s={search_term_string}\"},\"query-input\":{\"@type\":\"PropertyValueSpecification\",\"valueRequired\":true,\"valueName\":\"search_term_string\"}}],\"inLanguage\":\"nd-ND\"},{\"@type\":\"Organization\",\"@id\":\"https:\/\/www.minderheitensekretariat.de\/nd\/#organization\",\"name\":\"Minderheitensekretariat\",\"url\":\"https:\/\/www.minderheitensekretariat.de\/nd\/\",\"logo\":{\"@type\":\"ImageObject\",\"inLanguage\":\"nd-ND\",\"@id\":\"https:\/\/www.minderheitensekretariat.de\/nd\/#\/schema\/logo\/image\/\",\"url\":\"https:\/\/www.minderheitensekretariat.de\/wp-content\/uploads\/2023\/03\/Min_sek_Logo_4c.jpg\",\"contentUrl\":\"https:\/\/www.minderheitensekretariat.de\/wp-content\/uploads\/2023\/03\/Min_sek_Logo_4c.jpg\",\"width\":984,\"height\":236,\"caption\":\"Minderheitensekretariat\"},\"image\":{\"@id\":\"https:\/\/www.minderheitensekretariat.de\/nd\/#\/schema\/logo\/image\/\"},\"sameAs\":[\"https:\/\/www.facebook.com\/minderheitensekretariat.de\"]},{\"@type\":\"Person\",\"@id\":\"https:\/\/www.minderheitensekretariat.de\/nd\/#\/schema\/person\/55df1c4c912f10debba5dfc9bc26c1cf\",\"name\":\"Minderheitensekretariat\",\"image\":{\"@type\":\"ImageObject\",\"inLanguage\":\"nd-ND\",\"@id\":\"https:\/\/www.minderheitensekretariat.de\/nd\/#\/schema\/person\/image\/\",\"url\":\"https:\/\/secure.gravatar.com\/avatar\/370caba7511c95d16d2d05ef3fa57095fae805fdb97d13f46df8534525f106da?s=96&d=mm&r=g\",\"contentUrl\":\"https:\/\/secure.gravatar.com\/avatar\/370caba7511c95d16d2d05ef3fa57095fae805fdb97d13f46df8534525f106da?s=96&d=mm&r=g\",\"caption\":\"Minderheitensekretariat\"},\"sameAs\":[\"https:\/\/www.minderheitensekretariat.de\"],\"url\":\"https:\/\/www.minderheitensekretariat.de\/nd\/author\/minderheitensekretariat\/\"}]}<\/script>\n<!-- \/ Yoast SEO plugin. -->","yoast_head_json":{"title":"Der \u0106i\u0161inski-Preis geht 2025 an M\u011br\u0107in Weclich\u00a0 - Minderheitensekretariat","robots":{"index":"index","follow":"follow","max-snippet":"max-snippet:-1","max-image-preview":"max-image-preview:large","max-video-preview":"max-video-preview:-1"},"canonical":"https:\/\/www.minderheitensekretariat.de\/nd\/2025\/06\/12\/der-cisinski-preis-geht-2025-an-mercin-weclich\/","og_locale":"en_US","og_type":"article","og_title":"Der \u0106i\u0161inski-Preis geht 2025 an M\u011br\u0107in Weclich\u00a0 - Minderheitensekretariat","og_description":"Die Preistr\u00e4ger des h\u00f6chsten sorbischen Preises stehen fest!","og_url":"https:\/\/www.minderheitensekretariat.de\/nd\/2025\/06\/12\/der-cisinski-preis-geht-2025-an-mercin-weclich\/","og_site_name":"Minderheitensekretariat","article_publisher":"https:\/\/www.facebook.com\/minderheitensekretariat.de","article_published_time":"2025-06-12T14:31:21+00:00","article_modified_time":"2025-06-16T12:24:11+00:00","og_image":[{"width":670,"height":382,"url":"https:\/\/www.minderheitensekretariat.de\/wp-content\/uploads\/2022\/08\/Sorbisches-Institut_logo.jpg","type":"image\/jpeg"}],"author":"Minderheitensekretariat","twitter_card":"summary_large_image","twitter_misc":{"Written by":"Minderheitensekretariat","Est. reading time":"2 minutes"},"schema":{"@context":"https:\/\/schema.org","@graph":[{"@type":"Article","@id":"https:\/\/www.minderheitensekretariat.de\/nd\/2025\/06\/12\/der-cisinski-preis-geht-2025-an-mercin-weclich\/#article","isPartOf":{"@id":"https:\/\/www.minderheitensekretariat.de\/nd\/2025\/06\/12\/der-cisinski-preis-geht-2025-an-mercin-weclich\/"},"author":{"name":"Minderheitensekretariat","@id":"https:\/\/www.minderheitensekretariat.de\/nd\/#\/schema\/person\/55df1c4c912f10debba5dfc9bc26c1cf"},"headline":"Der \u0106i\u0161inski-Preis geht 2025 an M\u011br\u0107in Weclich\u00a0","datePublished":"2025-06-12T14:31:21+00:00","dateModified":"2025-06-16T12:24:11+00:00","mainEntityOfPage":{"@id":"https:\/\/www.minderheitensekretariat.de\/nd\/2025\/06\/12\/der-cisinski-preis-geht-2025-an-mercin-weclich\/"},"wordCount":137,"publisher":{"@id":"https:\/\/www.minderheitensekretariat.de\/nd\/#organization"},"image":{"@id":"https:\/\/www.minderheitensekretariat.de\/nd\/2025\/06\/12\/der-cisinski-preis-geht-2025-an-mercin-weclich\/#primaryimage"},"thumbnailUrl":"https:\/\/www.minderheitensekretariat.de\/wp-content\/uploads\/2022\/08\/Sorbisches-Institut_logo.jpg","articleSection":["Startseite"],"inLanguage":"nd-ND"},{"@type":"WebPage","@id":"https:\/\/www.minderheitensekretariat.de\/nd\/2025\/06\/12\/der-cisinski-preis-geht-2025-an-mercin-weclich\/","url":"https:\/\/www.minderheitensekretariat.de\/nd\/2025\/06\/12\/der-cisinski-preis-geht-2025-an-mercin-weclich\/","name":"Der \u0106i\u0161inski-Preis geht 2025 an M\u011br\u0107in Weclich\u00a0 - Minderheitensekretariat","isPartOf":{"@id":"https:\/\/www.minderheitensekretariat.de\/nd\/#website"},"primaryImageOfPage":{"@id":"https:\/\/www.minderheitensekretariat.de\/nd\/2025\/06\/12\/der-cisinski-preis-geht-2025-an-mercin-weclich\/#primaryimage"},"image":{"@id":"https:\/\/www.minderheitensekretariat.de\/nd\/2025\/06\/12\/der-cisinski-preis-geht-2025-an-mercin-weclich\/#primaryimage"},"thumbnailUrl":"https:\/\/www.minderheitensekretariat.de\/wp-content\/uploads\/2022\/08\/Sorbisches-Institut_logo.jpg","datePublished":"2025-06-12T14:31:21+00:00","dateModified":"2025-06-16T12:24:11+00:00","breadcrumb":{"@id":"https:\/\/www.minderheitensekretariat.de\/nd\/2025\/06\/12\/der-cisinski-preis-geht-2025-an-mercin-weclich\/#breadcrumb"},"inLanguage":"nd-ND","potentialAction":[{"@type":"ReadAction","target":["https:\/\/www.minderheitensekretariat.de\/nd\/2025\/06\/12\/der-cisinski-preis-geht-2025-an-mercin-weclich\/"]}]},{"@type":"ImageObject","inLanguage":"nd-ND","@id":"https:\/\/www.minderheitensekretariat.de\/nd\/2025\/06\/12\/der-cisinski-preis-geht-2025-an-mercin-weclich\/#primaryimage","url":"https:\/\/www.minderheitensekretariat.de\/wp-content\/uploads\/2022\/08\/Sorbisches-Institut_logo.jpg","contentUrl":"https:\/\/www.minderheitensekretariat.de\/wp-content\/uploads\/2022\/08\/Sorbisches-Institut_logo.jpg","width":670,"height":382},{"@type":"BreadcrumbList","@id":"https:\/\/www.minderheitensekretariat.de\/nd\/2025\/06\/12\/der-cisinski-preis-geht-2025-an-mercin-weclich\/#breadcrumb","itemListElement":[{"@type":"ListItem","position":1,"name":"Startseite","item":"https:\/\/www.minderheitensekretariat.de\/nd\/"},{"@type":"ListItem","position":2,"name":"Der \u0106i\u0161inski-Preis geht 2025 an M\u011br\u0107in Weclich\u00a0"}]},{"@type":"WebSite","@id":"https:\/\/www.minderheitensekretariat.de\/nd\/#website","url":"https:\/\/www.minderheitensekretariat.de\/nd\/","name":"Minderheitensekretariat","description":"","publisher":{"@id":"https:\/\/www.minderheitensekretariat.de\/nd\/#organization"},"potentialAction":[{"@type":"SearchAction","target":{"@type":"EntryPoint","urlTemplate":"https:\/\/www.minderheitensekretariat.de\/nd\/?s={search_term_string}"},"query-input":{"@type":"PropertyValueSpecification","valueRequired":true,"valueName":"search_term_string"}}],"inLanguage":"nd-ND"},{"@type":"Organization","@id":"https:\/\/www.minderheitensekretariat.de\/nd\/#organization","name":"Minderheitensekretariat","url":"https:\/\/www.minderheitensekretariat.de\/nd\/","logo":{"@type":"ImageObject","inLanguage":"nd-ND","@id":"https:\/\/www.minderheitensekretariat.de\/nd\/#\/schema\/logo\/image\/","url":"https:\/\/www.minderheitensekretariat.de\/wp-content\/uploads\/2023\/03\/Min_sek_Logo_4c.jpg","contentUrl":"https:\/\/www.minderheitensekretariat.de\/wp-content\/uploads\/2023\/03\/Min_sek_Logo_4c.jpg","width":984,"height":236,"caption":"Minderheitensekretariat"},"image":{"@id":"https:\/\/www.minderheitensekretariat.de\/nd\/#\/schema\/logo\/image\/"},"sameAs":["https:\/\/www.facebook.com\/minderheitensekretariat.de"]},{"@type":"Person","@id":"https:\/\/www.minderheitensekretariat.de\/nd\/#\/schema\/person\/55df1c4c912f10debba5dfc9bc26c1cf","name":"Minderheitensekretariat","image":{"@type":"ImageObject","inLanguage":"nd-ND","@id":"https:\/\/www.minderheitensekretariat.de\/nd\/#\/schema\/person\/image\/","url":"https:\/\/secure.gravatar.com\/avatar\/370caba7511c95d16d2d05ef3fa57095fae805fdb97d13f46df8534525f106da?s=96&d=mm&r=g","contentUrl":"https:\/\/secure.gravatar.com\/avatar\/370caba7511c95d16d2d05ef3fa57095fae805fdb97d13f46df8534525f106da?s=96&d=mm&r=g","caption":"Minderheitensekretariat"},"sameAs":["https:\/\/www.minderheitensekretariat.de"],"url":"https:\/\/www.minderheitensekretariat.de\/nd\/author\/minderheitensekretariat\/"}]}},"_links":{"self":[{"href":"https:\/\/www.minderheitensekretariat.de\/nd\/wp-json\/wp\/v2\/posts\/20661","targetHints":{"allow":["GET"]}}],"collection":[{"href":"https:\/\/www.minderheitensekretariat.de\/nd\/wp-json\/wp\/v2\/posts"}],"about":[{"href":"https:\/\/www.minderheitensekretariat.de\/nd\/wp-json\/wp\/v2\/types\/post"}],"author":[{"embeddable":true,"href":"https:\/\/www.minderheitensekretariat.de\/nd\/wp-json\/wp\/v2\/users\/1"}],"replies":[{"embeddable":true,"href":"https:\/\/www.minderheitensekretariat.de\/nd\/wp-json\/wp\/v2\/comments?post=20661"}],"version-history":[{"count":13,"href":"https:\/\/www.minderheitensekretariat.de\/nd\/wp-json\/wp\/v2\/posts\/20661\/revisions"}],"predecessor-version":[{"id":20688,"href":"https:\/\/www.minderheitensekretariat.de\/nd\/wp-json\/wp\/v2\/posts\/20661\/revisions\/20688"}],"wp:featuredmedia":[{"embeddable":true,"href":"https:\/\/www.minderheitensekretariat.de\/nd\/wp-json\/wp\/v2\/media\/3901"}],"wp:attachment":[{"href":"https:\/\/www.minderheitensekretariat.de\/nd\/wp-json\/wp\/v2\/media?parent=20661"}],"wp:term":[{"taxonomy":"category","embeddable":true,"href":"https:\/\/www.minderheitensekretariat.de\/nd\/wp-json\/wp\/v2\/categories?post=20661"},{"taxonomy":"post_tag","embeddable":true,"href":"https:\/\/www.minderheitensekretariat.de\/nd\/wp-json\/wp\/v2\/tags?post=20661"}],"curies":[{"name":"wp","href":"https:\/\/api.w.org\/{rel}","templated":true}]}}