{"id":14250,"date":"2023-08-25T08:56:28","date_gmt":"2023-08-25T06:56:28","guid":{"rendered":"https:\/\/www.minderheitensekretariat.de\/?p=14250"},"modified":"2023-09-13T11:01:11","modified_gmt":"2023-09-13T09:01:11","slug":"namensrecht-regierungsentwurf-berucksichtigt-nationale-minderheiten","status":"publish","type":"post","link":"https:\/\/www.minderheitensekretariat.de\/nf\/2023\/08\/25\/namensrecht-regierungsentwurf-berucksichtigt-nationale-minderheiten\/","title":{"rendered":"Namensrecht: Regierungsentwurf ber\u00fccksichtigt nationale Minderheiten"},"content":{"rendered":"\t\t<div data-elementor-type=\"wp-post\" data-elementor-id=\"14250\" class=\"elementor elementor-14250\" data-elementor-post-type=\"post\">\n\t\t\t\t\t\t<section class=\"elementor-section elementor-top-section elementor-element elementor-element-7333b6f elementor-section-boxed elementor-section-height-default elementor-section-height-default\" data-id=\"7333b6f\" data-element_type=\"section\" data-settings=\"{&quot;background_background&quot;:&quot;gradient&quot;}\">\n\t\t\t\t\t\t\t<div class=\"elementor-background-overlay\"><\/div>\n\t\t\t\t\t\t\t<div class=\"elementor-container elementor-column-gap-default\">\n\t\t\t\t\t<div class=\"elementor-column elementor-col-100 elementor-top-column elementor-element elementor-element-1b921a3\" data-id=\"1b921a3\" data-element_type=\"column\">\n\t\t\t<div class=\"elementor-widget-wrap elementor-element-populated\">\n\t\t\t\t\t\t<section class=\"elementor-section elementor-inner-section elementor-element elementor-element-b0fb436 elementor-section-full_width elementor-section-height-default elementor-section-height-default\" data-id=\"b0fb436\" data-element_type=\"section\">\n\t\t\t\t\t\t<div class=\"elementor-container elementor-column-gap-default\">\n\t\t\t\t\t<div class=\"elementor-column elementor-col-50 elementor-inner-column elementor-element elementor-element-fa2d1aa\" data-id=\"fa2d1aa\" data-element_type=\"column\">\n\t\t\t<div class=\"elementor-widget-wrap elementor-element-populated\">\n\t\t\t\t\t\t<div class=\"elementor-element elementor-element-ea2fe1b elementor-widget elementor-widget-image\" data-id=\"ea2fe1b\" data-element_type=\"widget\" data-widget_type=\"image.default\">\n\t\t\t\t<div class=\"elementor-widget-container\">\n\t\t\t\t\t\t\t\t\t\t<figure class=\"wp-caption\">\n\t\t\t\t\t\t\t\t\t\t<img fetchpriority=\"high\" decoding=\"async\" width=\"800\" height=\"466\" src=\"https:\/\/www.minderheitensekretariat.de\/wp-content\/uploads\/2023\/09\/Min_rat_Logo_4c_Kurven_h.png\" class=\"attachment-large size-large wp-image-14447\" alt=\"\" srcset=\"https:\/\/www.minderheitensekretariat.de\/wp-content\/uploads\/2023\/09\/Min_rat_Logo_4c_Kurven_h.png 945w, https:\/\/www.minderheitensekretariat.de\/wp-content\/uploads\/2023\/09\/Min_rat_Logo_4c_Kurven_h-300x175.png 300w, https:\/\/www.minderheitensekretariat.de\/wp-content\/uploads\/2023\/09\/Min_rat_Logo_4c_Kurven_h-768x447.png 768w\" sizes=\"(max-width: 800px) 100vw, 800px\" \/>\t\t\t\t\t\t\t\t\t\t\t<figcaption class=\"widget-image-caption wp-caption-text\"><\/figcaption>\n\t\t\t\t\t\t\t\t\t\t<\/figure>\n\t\t\t\t\t\t\t<\/div>\n\t\t\t\t<\/div>\n\t\t\t\t\t<\/div>\n\t\t<\/div>\n\t\t\t\t<div class=\"elementor-column elementor-col-50 elementor-inner-column elementor-element elementor-element-f592ef7\" data-id=\"f592ef7\" data-element_type=\"column\">\n\t\t\t<div class=\"elementor-widget-wrap elementor-element-populated\">\n\t\t\t\t\t\t<div class=\"elementor-element elementor-element-03b0f5e elementor-widget elementor-widget-text-editor\" data-id=\"03b0f5e\" data-element_type=\"widget\" data-widget_type=\"text-editor.default\">\n\t\t\t\t<div class=\"elementor-widget-container\">\n\t\t\t\t\t\t\t25\/08\/2023\t\t\t\t\t\t<\/div>\n\t\t\t\t<\/div>\n\t\t\t\t<div class=\"elementor-element elementor-element-a21e5c4 elementor-widget elementor-widget-heading\" data-id=\"a21e5c4\" data-element_type=\"widget\" data-widget_type=\"heading.default\">\n\t\t\t\t<div class=\"elementor-widget-container\">\n\t\t\t<h2 class=\"elementor-heading-title elementor-size-default\">Namensrecht: Regierungsentwurf ber\u00fccksichtigt nationale Minderheiten<\/h2>\t\t<\/div>\n\t\t\t\t<\/div>\n\t\t\t\t<div class=\"elementor-element elementor-element-1a51d24 elementor-widget elementor-widget-text-editor\" data-id=\"1a51d24\" data-element_type=\"widget\" data-widget_type=\"text-editor.default\">\n\t\t\t\t<div class=\"elementor-widget-container\">\n\t\t\t\t\t\t\tK\u00fcnftig soll die Namensgebung nach sorbischer, d\u00e4nischer und friesischer Tradition m\u00f6glich sein. Dies hat die Bundesregierung beschlossen.\t\t\t\t\t\t<\/div>\n\t\t\t\t<\/div>\n\t\t\t\t<div class=\"elementor-element elementor-element-2aa7c17 elementor-widget-divider--view-line elementor-widget elementor-widget-divider\" data-id=\"2aa7c17\" data-element_type=\"widget\" data-widget_type=\"divider.default\">\n\t\t\t\t<div class=\"elementor-widget-container\">\n\t\t\t\t\t<div class=\"elementor-divider\">\n\t\t\t<span class=\"elementor-divider-separator\">\n\t\t\t\t\t\t<\/span>\n\t\t<\/div>\n\t\t\t\t<\/div>\n\t\t\t\t<\/div>\n\t\t\t\t\t<\/div>\n\t\t<\/div>\n\t\t\t\t\t<\/div>\n\t\t<\/section>\n\t\t\t\t<div class=\"elementor-element elementor-element-87b8590 elementor-hidden-mobile elementor-invisible elementor-widget elementor-widget-image\" data-id=\"87b8590\" data-element_type=\"widget\" data-settings=\"{&quot;_animation&quot;:&quot;fadeInDown&quot;,&quot;_animation_delay&quot;:1000}\" data-widget_type=\"image.default\">\n\t\t\t\t<div class=\"elementor-widget-container\">\n\t\t\t\t\t\t\t\t\t\t\t\t\t\t<a href=\"#mehr\">\n\t\t\t\t\t\t\t<img decoding=\"async\" width=\"27\" height=\"15\" src=\"https:\/\/www.minderheitensekretariat.de\/wp-content\/uploads\/2022\/07\/arrow_down.svg\" class=\"elementor-animation-shrink attachment-large size-large wp-image-657\" alt=\"\" \/>\t\t\t\t\t\t\t\t<\/a>\n\t\t\t\t\t\t\t\t\t\t\t\t\t<\/div>\n\t\t\t\t<\/div>\n\t\t\t\t<section class=\"elementor-section elementor-inner-section elementor-element elementor-element-2b19a64 elementor-hidden-mobile elementor-section-boxed elementor-section-height-default elementor-section-height-default\" data-id=\"2b19a64\" data-element_type=\"section\">\n\t\t\t\t\t\t<div class=\"elementor-container elementor-column-gap-default\">\n\t\t\t\t\t<div class=\"elementor-column elementor-col-100 elementor-inner-column elementor-element elementor-element-e1b551d\" data-id=\"e1b551d\" data-element_type=\"column\">\n\t\t\t<div class=\"elementor-widget-wrap elementor-element-populated\">\n\t\t\t\t\t\t<div class=\"elementor-element elementor-element-5723f99 elementor-widget elementor-widget-menu-anchor\" data-id=\"5723f99\" data-element_type=\"widget\" data-widget_type=\"menu-anchor.default\">\n\t\t\t\t<div class=\"elementor-widget-container\">\n\t\t\t\t\t<div class=\"elementor-menu-anchor\" id=\"mehr\"><\/div>\n\t\t\t\t<\/div>\n\t\t\t\t<\/div>\n\t\t\t\t\t<\/div>\n\t\t<\/div>\n\t\t\t\t\t<\/div>\n\t\t<\/section>\n\t\t\t\t<section class=\"elementor-section elementor-inner-section elementor-element elementor-element-8629abe elementor-section-boxed elementor-section-height-default elementor-section-height-default\" data-id=\"8629abe\" data-element_type=\"section\">\n\t\t\t\t\t\t<div class=\"elementor-container elementor-column-gap-default\">\n\t\t\t\t\t<div class=\"elementor-column elementor-col-100 elementor-inner-column elementor-element elementor-element-8fa23c1\" data-id=\"8fa23c1\" data-element_type=\"column\">\n\t\t\t<div class=\"elementor-widget-wrap elementor-element-populated\">\n\t\t\t\t\t\t<div class=\"elementor-element elementor-element-c01359a elementor-widget elementor-widget-text-editor\" data-id=\"c01359a\" data-element_type=\"widget\" data-widget_type=\"text-editor.default\">\n\t\t\t\t<div class=\"elementor-widget-container\">\n\t\t\t\t\t\t\t<p style=\"font-weight: 400;\">Am 23. August hat die Bundesregierung einen Gesetzentwurf zur \u00c4nderung des Ehenamens- und Geburtsnamensrechts beschlossen. Dieser ber\u00fccksichtigt erstmals auch Namensgebungen nach sorbischer, d\u00e4nischer und friesischer Tradition. Sorbinnen sollen demnach die weibliche Form ihres Nachnamens auch in Ausweisdokumenten f\u00fchren d\u00fcrfen. Auch die Annahme eines Mittelnamens nach d\u00e4nischer Tradition ist vorgesehen, gem\u00e4\u00df friesischer Namensgebung soll es m\u00f6glich sein, einen Nachnamen k\u00fcnftig aus dem Vornamen eines Elternteils zu bilden.<\/p>\n<p style=\"font-weight: 400;\">Minderheitenvertreter begr\u00fc\u00dften die Aufnahme von Namensgebungstraditionen der nationalen Minderheiten in den Gesetzentwurf.<\/p>\n<p style=\"font-weight: 400;\"><em>\u201eDass Minderheitenrechte im Gesetzentwurf der Bundesregierung beachtet werden, ist das Ergebnis einer langfristigen Zusammenarbeit. Davon zeugt auch das Treffen mit Bundesjustizminister Marco Buschmann im April diesen Jahres. Wir schauen uns den Gesetzentwurf nun erst einmal gemeinsam an. Dem Ziel, sorbische, d\u00e4nische und friesische Traditionen im deutschen Namensrecht angemessen widerzuspiegeln, sind wir mit diesem Beschluss jedenfalls ein gro\u00dfes St\u00fcck n\u00e4her ger\u00fcckt\u201c,<\/em> erkl\u00e4rte der Vorsitzende des Minderheitenrates, Dawid Statnik, zum Gesetzentwurf.&nbsp; Im Minderheitenrat haben sich die Dachorganisationen der d\u00e4nischen Minderheit, des sorbischen Volkes, der friesischen Volksgruppe und der deutschen Sinti und Roma zusammengeschlossen, um gemeinsam ihre bundespolitischen Interessen zu vertreten.<\/p>\n<p style=\"font-weight: 400;\"><em>\u201eWir haben beharrlich darauf hingewiesen, wie entscheidend es ist, die Namenstraditionen der d\u00e4nischen Minderheit und der friesischen Volksgruppe angemessen zu ber\u00fccksichtigen. Nun zeigt sich, dass diese Bem\u00fchungen erfolgreich waren. Daher k\u00f6nnen wir stolz auf die geplante Reform schauen und einen wichtigen Schritt zur Modernisierung des Namensrechts erkennen&#8221;,<\/em> begr\u00fc\u00dfte auch der SSW-Bundestagsabgeordnete Stefan Seidler den Beschluss der Bundesregierung. Der SSW vertritt als Minderheitenpartei die Interessen der d\u00e4nischen Minderheit und nationalen Friesen.<\/p>\n<p style=\"font-weight: 400;\">Das Gesetz soll am 01. Mai 2025 in Kraft treten, muss aber zuvor noch von Bundestag und Bundesrat beschlossen werden, um g\u00fcltiges Recht zu werden.<\/p>\n<p><span style=\"color: var( --e-global-color-39532aa ); letter-spacing: 0px; background-color: transparent;\">(Quelle: Pressemitteilung des Minderheitensekretariats<\/span><span style=\"color: var( --e-global-color-39532aa ); letter-spacing: 0px; background-color: transparent;\">, 25.08.2023)<\/span><\/p>\t\t\t\t\t\t<\/div>\n\t\t\t\t<\/div>\n\t\t\t\t\t<\/div>\n\t\t<\/div>\n\t\t\t\t\t<\/div>\n\t\t<\/section>\n\t\t\t\t<section class=\"elementor-section elementor-inner-section elementor-element elementor-element-79ac782 elementor-section-boxed elementor-section-height-default elementor-section-height-default\" data-id=\"79ac782\" data-element_type=\"section\">\n\t\t\t\t\t\t<div class=\"elementor-container elementor-column-gap-default\">\n\t\t\t\t\t<div class=\"elementor-column elementor-col-100 elementor-inner-column elementor-element elementor-element-535e876\" data-id=\"535e876\" data-element_type=\"column\">\n\t\t\t<div class=\"elementor-widget-wrap elementor-element-populated\">\n\t\t\t\t\t\t<div class=\"elementor-element elementor-element-96396bc elementor-align-center elementor-widget elementor-widget-button\" data-id=\"96396bc\" data-element_type=\"widget\" data-widget_type=\"button.default\">\n\t\t\t\t<div class=\"elementor-widget-container\">\n\t\t\t\t\t\t\t<div class=\"elementor-button-wrapper\">\n\t\t\t\t\t<a class=\"elementor-button elementor-button-link elementor-size-sm\" href=\"\/aktuelles\/\">\n\t\t\t\t\t\t<span class=\"elementor-button-content-wrapper\">\n\t\t\t\t\t\t\t\t\t<span class=\"elementor-button-text\">Zur\u00fcck zur \u00dcbersicht<\/span>\n\t\t\t\t\t<\/span>\n\t\t\t\t\t<\/a>\n\t\t\t\t<\/div>\n\t\t\t\t\t\t<\/div>\n\t\t\t\t<\/div>\n\t\t\t\t\t<\/div>\n\t\t<\/div>\n\t\t\t\t\t<\/div>\n\t\t<\/section>\n\t\t\t\t\t<\/div>\n\t\t<\/div>\n\t\t\t\t\t<\/div>\n\t\t<\/section>\n\t\t\t\t<\/div>\n\t\t","protected":false},"excerpt":{"rendered":"<p>K\u00fcnftig soll die Namensgebung nach sorbischer, d\u00e4nischer und friesischer Tradition m\u00f6glich sein. Dies hat die Bundesregierung beschlossen.<\/p>\n","protected":false},"author":1,"featured_media":14447,"comment_status":"closed","ping_status":"closed","sticky":false,"template":"elementor_header_footer","format":"standard","meta":{"footnotes":""},"categories":[49],"tags":[],"class_list":["post-14250","post","type-post","status-publish","format-standard","has-post-thumbnail","hentry","category-startseite"],"yoast_head":"<!-- This site is optimized with the Yoast SEO plugin v23.8 - https:\/\/yoast.com\/wordpress\/plugins\/seo\/ -->\n<title>Namensrecht: Regierungsentwurf ber\u00fccksichtigt nationale Minderheiten - Minderheitensekretariat<\/title>\n<meta name=\"robots\" content=\"index, follow, max-snippet:-1, max-image-preview:large, max-video-preview:-1\" \/>\n<link rel=\"canonical\" href=\"https:\/\/www.minderheitensekretariat.de\/nf\/2023\/08\/25\/namensrecht-regierungsentwurf-berucksichtigt-nationale-minderheiten\/\" \/>\n<meta property=\"og:locale\" content=\"en_US\" \/>\n<meta property=\"og:type\" content=\"article\" \/>\n<meta property=\"og:title\" content=\"Namensrecht: Regierungsentwurf ber\u00fccksichtigt nationale Minderheiten - Minderheitensekretariat\" \/>\n<meta property=\"og:description\" content=\"K\u00fcnftig soll die Namensgebung nach sorbischer, d\u00e4nischer und friesischer Tradition m\u00f6glich sein. Dies hat die Bundesregierung beschlossen.\" \/>\n<meta property=\"og:url\" content=\"https:\/\/www.minderheitensekretariat.de\/nf\/2023\/08\/25\/namensrecht-regierungsentwurf-berucksichtigt-nationale-minderheiten\/\" \/>\n<meta property=\"og:site_name\" content=\"Minderheitensekretariat\" \/>\n<meta property=\"article:publisher\" content=\"https:\/\/www.facebook.com\/minderheitensekretariat.de\" \/>\n<meta property=\"article:published_time\" content=\"2023-08-25T06:56:28+00:00\" \/>\n<meta property=\"article:modified_time\" content=\"2023-09-13T09:01:11+00:00\" \/>\n<meta property=\"og:image\" content=\"https:\/\/www.minderheitensekretariat.de\/wp-content\/uploads\/2023\/09\/Min_rat_Logo_4c_Kurven_h.png\" \/>\n\t<meta property=\"og:image:width\" content=\"945\" \/>\n\t<meta property=\"og:image:height\" content=\"550\" \/>\n\t<meta property=\"og:image:type\" content=\"image\/png\" \/>\n<meta name=\"author\" content=\"Minderheitensekretariat\" \/>\n<meta name=\"twitter:card\" content=\"summary_large_image\" \/>\n<meta name=\"twitter:label1\" content=\"Written by\" \/>\n\t<meta name=\"twitter:data1\" content=\"Minderheitensekretariat\" \/>\n\t<meta name=\"twitter:label2\" content=\"Est. reading time\" \/>\n\t<meta name=\"twitter:data2\" content=\"2 minutes\" \/>\n<script type=\"application\/ld+json\" class=\"yoast-schema-graph\">{\"@context\":\"https:\/\/schema.org\",\"@graph\":[{\"@type\":\"Article\",\"@id\":\"https:\/\/www.minderheitensekretariat.de\/nf\/2023\/08\/25\/namensrecht-regierungsentwurf-berucksichtigt-nationale-minderheiten\/#article\",\"isPartOf\":{\"@id\":\"https:\/\/www.minderheitensekretariat.de\/nf\/2023\/08\/25\/namensrecht-regierungsentwurf-berucksichtigt-nationale-minderheiten\/\"},\"author\":{\"name\":\"Minderheitensekretariat\",\"@id\":\"https:\/\/www.minderheitensekretariat.de\/nf\/#\/schema\/person\/55df1c4c912f10debba5dfc9bc26c1cf\"},\"headline\":\"Namensrecht: Regierungsentwurf ber\u00fccksichtigt nationale Minderheiten\",\"datePublished\":\"2023-08-25T06:56:28+00:00\",\"dateModified\":\"2023-09-13T09:01:11+00:00\",\"mainEntityOfPage\":{\"@id\":\"https:\/\/www.minderheitensekretariat.de\/nf\/2023\/08\/25\/namensrecht-regierungsentwurf-berucksichtigt-nationale-minderheiten\/\"},\"wordCount\":305,\"publisher\":{\"@id\":\"https:\/\/www.minderheitensekretariat.de\/nf\/#organization\"},\"image\":{\"@id\":\"https:\/\/www.minderheitensekretariat.de\/nf\/2023\/08\/25\/namensrecht-regierungsentwurf-berucksichtigt-nationale-minderheiten\/#primaryimage\"},\"thumbnailUrl\":\"https:\/\/www.minderheitensekretariat.de\/wp-content\/uploads\/2023\/09\/Min_rat_Logo_4c_Kurven_h.png\",\"articleSection\":[\"Startseite\"],\"inLanguage\":\"nf-NF\"},{\"@type\":\"WebPage\",\"@id\":\"https:\/\/www.minderheitensekretariat.de\/nf\/2023\/08\/25\/namensrecht-regierungsentwurf-berucksichtigt-nationale-minderheiten\/\",\"url\":\"https:\/\/www.minderheitensekretariat.de\/nf\/2023\/08\/25\/namensrecht-regierungsentwurf-berucksichtigt-nationale-minderheiten\/\",\"name\":\"Namensrecht: Regierungsentwurf ber\u00fccksichtigt nationale Minderheiten - Minderheitensekretariat\",\"isPartOf\":{\"@id\":\"https:\/\/www.minderheitensekretariat.de\/nf\/#website\"},\"primaryImageOfPage\":{\"@id\":\"https:\/\/www.minderheitensekretariat.de\/nf\/2023\/08\/25\/namensrecht-regierungsentwurf-berucksichtigt-nationale-minderheiten\/#primaryimage\"},\"image\":{\"@id\":\"https:\/\/www.minderheitensekretariat.de\/nf\/2023\/08\/25\/namensrecht-regierungsentwurf-berucksichtigt-nationale-minderheiten\/#primaryimage\"},\"thumbnailUrl\":\"https:\/\/www.minderheitensekretariat.de\/wp-content\/uploads\/2023\/09\/Min_rat_Logo_4c_Kurven_h.png\",\"datePublished\":\"2023-08-25T06:56:28+00:00\",\"dateModified\":\"2023-09-13T09:01:11+00:00\",\"breadcrumb\":{\"@id\":\"https:\/\/www.minderheitensekretariat.de\/nf\/2023\/08\/25\/namensrecht-regierungsentwurf-berucksichtigt-nationale-minderheiten\/#breadcrumb\"},\"inLanguage\":\"nf-NF\",\"potentialAction\":[{\"@type\":\"ReadAction\",\"target\":[\"https:\/\/www.minderheitensekretariat.de\/nf\/2023\/08\/25\/namensrecht-regierungsentwurf-berucksichtigt-nationale-minderheiten\/\"]}]},{\"@type\":\"ImageObject\",\"inLanguage\":\"nf-NF\",\"@id\":\"https:\/\/www.minderheitensekretariat.de\/nf\/2023\/08\/25\/namensrecht-regierungsentwurf-berucksichtigt-nationale-minderheiten\/#primaryimage\",\"url\":\"https:\/\/www.minderheitensekretariat.de\/wp-content\/uploads\/2023\/09\/Min_rat_Logo_4c_Kurven_h.png\",\"contentUrl\":\"https:\/\/www.minderheitensekretariat.de\/wp-content\/uploads\/2023\/09\/Min_rat_Logo_4c_Kurven_h.png\",\"width\":945,\"height\":550},{\"@type\":\"BreadcrumbList\",\"@id\":\"https:\/\/www.minderheitensekretariat.de\/nf\/2023\/08\/25\/namensrecht-regierungsentwurf-berucksichtigt-nationale-minderheiten\/#breadcrumb\",\"itemListElement\":[{\"@type\":\"ListItem\",\"position\":1,\"name\":\"Startseite\",\"item\":\"https:\/\/www.minderheitensekretariat.de\/nf\/\"},{\"@type\":\"ListItem\",\"position\":2,\"name\":\"Namensrecht: Regierungsentwurf ber\u00fccksichtigt nationale Minderheiten\"}]},{\"@type\":\"WebSite\",\"@id\":\"https:\/\/www.minderheitensekretariat.de\/nf\/#website\",\"url\":\"https:\/\/www.minderheitensekretariat.de\/nf\/\",\"name\":\"Minderheitensekretariat\",\"description\":\"\",\"publisher\":{\"@id\":\"https:\/\/www.minderheitensekretariat.de\/nf\/#organization\"},\"potentialAction\":[{\"@type\":\"SearchAction\",\"target\":{\"@type\":\"EntryPoint\",\"urlTemplate\":\"https:\/\/www.minderheitensekretariat.de\/nf\/?s={search_term_string}\"},\"query-input\":{\"@type\":\"PropertyValueSpecification\",\"valueRequired\":true,\"valueName\":\"search_term_string\"}}],\"inLanguage\":\"nf-NF\"},{\"@type\":\"Organization\",\"@id\":\"https:\/\/www.minderheitensekretariat.de\/nf\/#organization\",\"name\":\"Minderheitensekretariat\",\"url\":\"https:\/\/www.minderheitensekretariat.de\/nf\/\",\"logo\":{\"@type\":\"ImageObject\",\"inLanguage\":\"nf-NF\",\"@id\":\"https:\/\/www.minderheitensekretariat.de\/nf\/#\/schema\/logo\/image\/\",\"url\":\"https:\/\/www.minderheitensekretariat.de\/wp-content\/uploads\/2023\/03\/Min_sek_Logo_4c.jpg\",\"contentUrl\":\"https:\/\/www.minderheitensekretariat.de\/wp-content\/uploads\/2023\/03\/Min_sek_Logo_4c.jpg\",\"width\":984,\"height\":236,\"caption\":\"Minderheitensekretariat\"},\"image\":{\"@id\":\"https:\/\/www.minderheitensekretariat.de\/nf\/#\/schema\/logo\/image\/\"},\"sameAs\":[\"https:\/\/www.facebook.com\/minderheitensekretariat.de\"]},{\"@type\":\"Person\",\"@id\":\"https:\/\/www.minderheitensekretariat.de\/nf\/#\/schema\/person\/55df1c4c912f10debba5dfc9bc26c1cf\",\"name\":\"Minderheitensekretariat\",\"image\":{\"@type\":\"ImageObject\",\"inLanguage\":\"nf-NF\",\"@id\":\"https:\/\/www.minderheitensekretariat.de\/nf\/#\/schema\/person\/image\/\",\"url\":\"https:\/\/secure.gravatar.com\/avatar\/370caba7511c95d16d2d05ef3fa57095fae805fdb97d13f46df8534525f106da?s=96&d=mm&r=g\",\"contentUrl\":\"https:\/\/secure.gravatar.com\/avatar\/370caba7511c95d16d2d05ef3fa57095fae805fdb97d13f46df8534525f106da?s=96&d=mm&r=g\",\"caption\":\"Minderheitensekretariat\"},\"sameAs\":[\"https:\/\/www.minderheitensekretariat.de\"],\"url\":\"https:\/\/www.minderheitensekretariat.de\/nf\/author\/minderheitensekretariat\/\"}]}<\/script>\n<!-- \/ Yoast SEO plugin. -->","yoast_head_json":{"title":"Namensrecht: Regierungsentwurf ber\u00fccksichtigt nationale Minderheiten - Minderheitensekretariat","robots":{"index":"index","follow":"follow","max-snippet":"max-snippet:-1","max-image-preview":"max-image-preview:large","max-video-preview":"max-video-preview:-1"},"canonical":"https:\/\/www.minderheitensekretariat.de\/nf\/2023\/08\/25\/namensrecht-regierungsentwurf-berucksichtigt-nationale-minderheiten\/","og_locale":"en_US","og_type":"article","og_title":"Namensrecht: Regierungsentwurf ber\u00fccksichtigt nationale Minderheiten - Minderheitensekretariat","og_description":"K\u00fcnftig soll die Namensgebung nach sorbischer, d\u00e4nischer und friesischer Tradition m\u00f6glich sein. Dies hat die Bundesregierung beschlossen.","og_url":"https:\/\/www.minderheitensekretariat.de\/nf\/2023\/08\/25\/namensrecht-regierungsentwurf-berucksichtigt-nationale-minderheiten\/","og_site_name":"Minderheitensekretariat","article_publisher":"https:\/\/www.facebook.com\/minderheitensekretariat.de","article_published_time":"2023-08-25T06:56:28+00:00","article_modified_time":"2023-09-13T09:01:11+00:00","og_image":[{"width":945,"height":550,"url":"https:\/\/www.minderheitensekretariat.de\/wp-content\/uploads\/2023\/09\/Min_rat_Logo_4c_Kurven_h.png","type":"image\/png"}],"author":"Minderheitensekretariat","twitter_card":"summary_large_image","twitter_misc":{"Written by":"Minderheitensekretariat","Est. reading time":"2 minutes"},"schema":{"@context":"https:\/\/schema.org","@graph":[{"@type":"Article","@id":"https:\/\/www.minderheitensekretariat.de\/nf\/2023\/08\/25\/namensrecht-regierungsentwurf-berucksichtigt-nationale-minderheiten\/#article","isPartOf":{"@id":"https:\/\/www.minderheitensekretariat.de\/nf\/2023\/08\/25\/namensrecht-regierungsentwurf-berucksichtigt-nationale-minderheiten\/"},"author":{"name":"Minderheitensekretariat","@id":"https:\/\/www.minderheitensekretariat.de\/nf\/#\/schema\/person\/55df1c4c912f10debba5dfc9bc26c1cf"},"headline":"Namensrecht: Regierungsentwurf ber\u00fccksichtigt nationale Minderheiten","datePublished":"2023-08-25T06:56:28+00:00","dateModified":"2023-09-13T09:01:11+00:00","mainEntityOfPage":{"@id":"https:\/\/www.minderheitensekretariat.de\/nf\/2023\/08\/25\/namensrecht-regierungsentwurf-berucksichtigt-nationale-minderheiten\/"},"wordCount":305,"publisher":{"@id":"https:\/\/www.minderheitensekretariat.de\/nf\/#organization"},"image":{"@id":"https:\/\/www.minderheitensekretariat.de\/nf\/2023\/08\/25\/namensrecht-regierungsentwurf-berucksichtigt-nationale-minderheiten\/#primaryimage"},"thumbnailUrl":"https:\/\/www.minderheitensekretariat.de\/wp-content\/uploads\/2023\/09\/Min_rat_Logo_4c_Kurven_h.png","articleSection":["Startseite"],"inLanguage":"nf-NF"},{"@type":"WebPage","@id":"https:\/\/www.minderheitensekretariat.de\/nf\/2023\/08\/25\/namensrecht-regierungsentwurf-berucksichtigt-nationale-minderheiten\/","url":"https:\/\/www.minderheitensekretariat.de\/nf\/2023\/08\/25\/namensrecht-regierungsentwurf-berucksichtigt-nationale-minderheiten\/","name":"Namensrecht: Regierungsentwurf ber\u00fccksichtigt nationale Minderheiten - Minderheitensekretariat","isPartOf":{"@id":"https:\/\/www.minderheitensekretariat.de\/nf\/#website"},"primaryImageOfPage":{"@id":"https:\/\/www.minderheitensekretariat.de\/nf\/2023\/08\/25\/namensrecht-regierungsentwurf-berucksichtigt-nationale-minderheiten\/#primaryimage"},"image":{"@id":"https:\/\/www.minderheitensekretariat.de\/nf\/2023\/08\/25\/namensrecht-regierungsentwurf-berucksichtigt-nationale-minderheiten\/#primaryimage"},"thumbnailUrl":"https:\/\/www.minderheitensekretariat.de\/wp-content\/uploads\/2023\/09\/Min_rat_Logo_4c_Kurven_h.png","datePublished":"2023-08-25T06:56:28+00:00","dateModified":"2023-09-13T09:01:11+00:00","breadcrumb":{"@id":"https:\/\/www.minderheitensekretariat.de\/nf\/2023\/08\/25\/namensrecht-regierungsentwurf-berucksichtigt-nationale-minderheiten\/#breadcrumb"},"inLanguage":"nf-NF","potentialAction":[{"@type":"ReadAction","target":["https:\/\/www.minderheitensekretariat.de\/nf\/2023\/08\/25\/namensrecht-regierungsentwurf-berucksichtigt-nationale-minderheiten\/"]}]},{"@type":"ImageObject","inLanguage":"nf-NF","@id":"https:\/\/www.minderheitensekretariat.de\/nf\/2023\/08\/25\/namensrecht-regierungsentwurf-berucksichtigt-nationale-minderheiten\/#primaryimage","url":"https:\/\/www.minderheitensekretariat.de\/wp-content\/uploads\/2023\/09\/Min_rat_Logo_4c_Kurven_h.png","contentUrl":"https:\/\/www.minderheitensekretariat.de\/wp-content\/uploads\/2023\/09\/Min_rat_Logo_4c_Kurven_h.png","width":945,"height":550},{"@type":"BreadcrumbList","@id":"https:\/\/www.minderheitensekretariat.de\/nf\/2023\/08\/25\/namensrecht-regierungsentwurf-berucksichtigt-nationale-minderheiten\/#breadcrumb","itemListElement":[{"@type":"ListItem","position":1,"name":"Startseite","item":"https:\/\/www.minderheitensekretariat.de\/nf\/"},{"@type":"ListItem","position":2,"name":"Namensrecht: Regierungsentwurf ber\u00fccksichtigt nationale Minderheiten"}]},{"@type":"WebSite","@id":"https:\/\/www.minderheitensekretariat.de\/nf\/#website","url":"https:\/\/www.minderheitensekretariat.de\/nf\/","name":"Minderheitensekretariat","description":"","publisher":{"@id":"https:\/\/www.minderheitensekretariat.de\/nf\/#organization"},"potentialAction":[{"@type":"SearchAction","target":{"@type":"EntryPoint","urlTemplate":"https:\/\/www.minderheitensekretariat.de\/nf\/?s={search_term_string}"},"query-input":{"@type":"PropertyValueSpecification","valueRequired":true,"valueName":"search_term_string"}}],"inLanguage":"nf-NF"},{"@type":"Organization","@id":"https:\/\/www.minderheitensekretariat.de\/nf\/#organization","name":"Minderheitensekretariat","url":"https:\/\/www.minderheitensekretariat.de\/nf\/","logo":{"@type":"ImageObject","inLanguage":"nf-NF","@id":"https:\/\/www.minderheitensekretariat.de\/nf\/#\/schema\/logo\/image\/","url":"https:\/\/www.minderheitensekretariat.de\/wp-content\/uploads\/2023\/03\/Min_sek_Logo_4c.jpg","contentUrl":"https:\/\/www.minderheitensekretariat.de\/wp-content\/uploads\/2023\/03\/Min_sek_Logo_4c.jpg","width":984,"height":236,"caption":"Minderheitensekretariat"},"image":{"@id":"https:\/\/www.minderheitensekretariat.de\/nf\/#\/schema\/logo\/image\/"},"sameAs":["https:\/\/www.facebook.com\/minderheitensekretariat.de"]},{"@type":"Person","@id":"https:\/\/www.minderheitensekretariat.de\/nf\/#\/schema\/person\/55df1c4c912f10debba5dfc9bc26c1cf","name":"Minderheitensekretariat","image":{"@type":"ImageObject","inLanguage":"nf-NF","@id":"https:\/\/www.minderheitensekretariat.de\/nf\/#\/schema\/person\/image\/","url":"https:\/\/secure.gravatar.com\/avatar\/370caba7511c95d16d2d05ef3fa57095fae805fdb97d13f46df8534525f106da?s=96&d=mm&r=g","contentUrl":"https:\/\/secure.gravatar.com\/avatar\/370caba7511c95d16d2d05ef3fa57095fae805fdb97d13f46df8534525f106da?s=96&d=mm&r=g","caption":"Minderheitensekretariat"},"sameAs":["https:\/\/www.minderheitensekretariat.de"],"url":"https:\/\/www.minderheitensekretariat.de\/nf\/author\/minderheitensekretariat\/"}]}},"_links":{"self":[{"href":"https:\/\/www.minderheitensekretariat.de\/nf\/wp-json\/wp\/v2\/posts\/14250","targetHints":{"allow":["GET"]}}],"collection":[{"href":"https:\/\/www.minderheitensekretariat.de\/nf\/wp-json\/wp\/v2\/posts"}],"about":[{"href":"https:\/\/www.minderheitensekretariat.de\/nf\/wp-json\/wp\/v2\/types\/post"}],"author":[{"embeddable":true,"href":"https:\/\/www.minderheitensekretariat.de\/nf\/wp-json\/wp\/v2\/users\/1"}],"replies":[{"embeddable":true,"href":"https:\/\/www.minderheitensekretariat.de\/nf\/wp-json\/wp\/v2\/comments?post=14250"}],"version-history":[{"count":16,"href":"https:\/\/www.minderheitensekretariat.de\/nf\/wp-json\/wp\/v2\/posts\/14250\/revisions"}],"predecessor-version":[{"id":14304,"href":"https:\/\/www.minderheitensekretariat.de\/nf\/wp-json\/wp\/v2\/posts\/14250\/revisions\/14304"}],"wp:featuredmedia":[{"embeddable":true,"href":"https:\/\/www.minderheitensekretariat.de\/nf\/wp-json\/wp\/v2\/media\/14447"}],"wp:attachment":[{"href":"https:\/\/www.minderheitensekretariat.de\/nf\/wp-json\/wp\/v2\/media?parent=14250"}],"wp:term":[{"taxonomy":"category","embeddable":true,"href":"https:\/\/www.minderheitensekretariat.de\/nf\/wp-json\/wp\/v2\/categories?post=14250"},{"taxonomy":"post_tag","embeddable":true,"href":"https:\/\/www.minderheitensekretariat.de\/nf\/wp-json\/wp\/v2\/tags?post=14250"}],"curies":[{"name":"wp","href":"https:\/\/api.w.org\/{rel}","templated":true}]}}