{"id":18421,"date":"2024-12-20T15:15:21","date_gmt":"2024-12-20T14:15:21","guid":{"rendered":"https:\/\/www.minderheitensekretariat.de\/?p=18421"},"modified":"2024-12-20T16:02:09","modified_gmt":"2024-12-20T15:02:09","slug":"juel-rati-middewinterfaest-hody-jul-gody-wiehnachtsdaag","status":"publish","type":"post","link":"https:\/\/www.minderheitensekretariat.de\/nf\/2024\/12\/20\/juel-rati-middewinterfaest-hody-jul-gody-wiehnachtsdaag\/","title":{"rendered":"J\u00dcL \u2013 RATI \u2013 MIDDEWINTERF\u00c4ST \u2013 HODY \u2013 JUL \u2013 G\u00d3DY \u2013 WIEHNACHTSDAAG"},"content":{"rendered":"\t\t<div data-elementor-type=\"wp-post\" data-elementor-id=\"18421\" class=\"elementor elementor-18421\" data-elementor-post-type=\"post\">\n\t\t\t\t\t\t<section class=\"elementor-section elementor-top-section elementor-element elementor-element-7333b6f elementor-section-boxed elementor-section-height-default elementor-section-height-default\" data-id=\"7333b6f\" data-element_type=\"section\" data-settings=\"{&quot;background_background&quot;:&quot;gradient&quot;}\">\n\t\t\t\t\t\t\t<div class=\"elementor-background-overlay\"><\/div>\n\t\t\t\t\t\t\t<div class=\"elementor-container elementor-column-gap-default\">\n\t\t\t\t\t<div class=\"elementor-column elementor-col-100 elementor-top-column elementor-element elementor-element-1b921a3\" data-id=\"1b921a3\" data-element_type=\"column\">\n\t\t\t<div class=\"elementor-widget-wrap elementor-element-populated\">\n\t\t\t\t\t\t<section class=\"elementor-section elementor-inner-section elementor-element elementor-element-b0fb436 elementor-section-full_width elementor-section-height-default elementor-section-height-default\" data-id=\"b0fb436\" data-element_type=\"section\">\n\t\t\t\t\t\t<div class=\"elementor-container elementor-column-gap-default\">\n\t\t\t\t\t<div class=\"elementor-column elementor-col-50 elementor-inner-column elementor-element elementor-element-fa2d1aa\" data-id=\"fa2d1aa\" data-element_type=\"column\">\n\t\t\t<div class=\"elementor-widget-wrap elementor-element-populated\">\n\t\t\t\t\t\t<div class=\"elementor-element elementor-element-ea2fe1b elementor-widget elementor-widget-image\" data-id=\"ea2fe1b\" data-element_type=\"widget\" data-widget_type=\"image.default\">\n\t\t\t\t<div class=\"elementor-widget-container\">\n\t\t\t\t\t\t\t\t\t\t<figure class=\"wp-caption\">\n\t\t\t\t\t\t\t\t\t\t<img fetchpriority=\"high\" decoding=\"async\" width=\"800\" height=\"456\" src=\"https:\/\/www.minderheitensekretariat.de\/wp-content\/uploads\/2024\/05\/Minderheitensekretariat_Logo-1024x584.jpg\" class=\"attachment-large size-large wp-image-17470\" alt=\"\" srcset=\"https:\/\/www.minderheitensekretariat.de\/wp-content\/uploads\/2024\/05\/Minderheitensekretariat_Logo-1024x584.jpg 1024w, https:\/\/www.minderheitensekretariat.de\/wp-content\/uploads\/2024\/05\/Minderheitensekretariat_Logo-300x171.jpg 300w, https:\/\/www.minderheitensekretariat.de\/wp-content\/uploads\/2024\/05\/Minderheitensekretariat_Logo-768x438.jpg 768w, https:\/\/www.minderheitensekretariat.de\/wp-content\/uploads\/2024\/05\/Minderheitensekretariat_Logo-1536x876.jpg 1536w, https:\/\/www.minderheitensekretariat.de\/wp-content\/uploads\/2024\/05\/Minderheitensekretariat_Logo-2048x1168.jpg 2048w\" sizes=\"(max-width: 800px) 100vw, 800px\" \/>\t\t\t\t\t\t\t\t\t\t\t<figcaption class=\"widget-image-caption wp-caption-text\"><\/figcaption>\n\t\t\t\t\t\t\t\t\t\t<\/figure>\n\t\t\t\t\t\t\t<\/div>\n\t\t\t\t<\/div>\n\t\t\t\t\t<\/div>\n\t\t<\/div>\n\t\t\t\t<div class=\"elementor-column elementor-col-50 elementor-inner-column elementor-element elementor-element-f592ef7\" data-id=\"f592ef7\" data-element_type=\"column\">\n\t\t\t<div class=\"elementor-widget-wrap elementor-element-populated\">\n\t\t\t\t\t\t<div class=\"elementor-element elementor-element-03b0f5e elementor-widget elementor-widget-text-editor\" data-id=\"03b0f5e\" data-element_type=\"widget\" data-widget_type=\"text-editor.default\">\n\t\t\t\t<div class=\"elementor-widget-container\">\n\t\t\t\t\t\t\t20\/12\/2024\t\t\t\t\t\t<\/div>\n\t\t\t\t<\/div>\n\t\t\t\t<div class=\"elementor-element elementor-element-1a51d24 elementor-widget elementor-widget-text-editor\" data-id=\"1a51d24\" data-element_type=\"widget\" data-widget_type=\"text-editor.default\">\n\t\t\t\t<div class=\"elementor-widget-container\">\n\t\t\t\t\t\t\tDas Minderheitensekretariat w\u00fcnscht frohe Weihnachten und einen guten Rutsch ins Jahr 2025.\t\t\t\t\t\t<\/div>\n\t\t\t\t<\/div>\n\t\t\t\t<div class=\"elementor-element elementor-element-2aa7c17 elementor-widget-divider--view-line elementor-widget elementor-widget-divider\" data-id=\"2aa7c17\" data-element_type=\"widget\" data-widget_type=\"divider.default\">\n\t\t\t\t<div class=\"elementor-widget-container\">\n\t\t\t\t\t<div class=\"elementor-divider\">\n\t\t\t<span class=\"elementor-divider-separator\">\n\t\t\t\t\t\t<\/span>\n\t\t<\/div>\n\t\t\t\t<\/div>\n\t\t\t\t<\/div>\n\t\t\t\t\t<\/div>\n\t\t<\/div>\n\t\t\t\t\t<\/div>\n\t\t<\/section>\n\t\t\t\t<div class=\"elementor-element elementor-element-87b8590 elementor-hidden-mobile elementor-invisible elementor-widget elementor-widget-image\" data-id=\"87b8590\" data-element_type=\"widget\" data-settings=\"{&quot;_animation&quot;:&quot;fadeInDown&quot;,&quot;_animation_delay&quot;:1000}\" data-widget_type=\"image.default\">\n\t\t\t\t<div class=\"elementor-widget-container\">\n\t\t\t\t\t\t\t\t\t\t\t\t\t\t<a href=\"#mehr\">\n\t\t\t\t\t\t\t<img decoding=\"async\" width=\"27\" height=\"15\" src=\"https:\/\/www.minderheitensekretariat.de\/wp-content\/uploads\/2022\/07\/arrow_down.svg\" class=\"elementor-animation-shrink attachment-large size-large wp-image-657\" alt=\"\" \/>\t\t\t\t\t\t\t\t<\/a>\n\t\t\t\t\t\t\t\t\t\t\t\t\t<\/div>\n\t\t\t\t<\/div>\n\t\t\t\t<section class=\"elementor-section elementor-inner-section elementor-element elementor-element-8629abe elementor-section-boxed elementor-section-height-default elementor-section-height-default\" data-id=\"8629abe\" data-element_type=\"section\">\n\t\t\t\t\t\t<div class=\"elementor-container elementor-column-gap-default\">\n\t\t\t\t\t<div class=\"elementor-column elementor-col-100 elementor-inner-column elementor-element elementor-element-8fa23c1\" data-id=\"8fa23c1\" data-element_type=\"column\">\n\t\t\t<div class=\"elementor-widget-wrap elementor-element-populated\">\n\t\t\t\t\t\t<div class=\"elementor-element elementor-element-2440ca1 elementor-widget elementor-widget-heading\" data-id=\"2440ca1\" data-element_type=\"widget\" data-widget_type=\"heading.default\">\n\t\t\t\t<div class=\"elementor-widget-container\">\n\t\t\t<h2 class=\"elementor-heading-title elementor-size-default\">J\u00dcL \u2013 RATI \u2013 MIDDEWINTERF\u00c4ST \u2013 HODY \u2013 JUL \u2013 G\u00d3DY \u2013 WIEHNACHTSDAAG<\/h2>\t\t<\/div>\n\t\t\t\t<\/div>\n\t\t\t\t<div class=\"elementor-element elementor-element-c01359a elementor-widget elementor-widget-text-editor\" data-id=\"c01359a\" data-element_type=\"widget\" data-widget_type=\"text-editor.default\">\n\t\t\t\t<div class=\"elementor-widget-container\">\n\t\t\t\t\t\t\t<p style=\"font-weight: 400;\">Liebe Freund*innen und Partner*innen,<br \/>im Namen der vier autochthonen nationalen Minderheiten und Volksgruppen Deutschlands bedankt sich das Minderheitensekretariat recht herzlich f\u00fcr die gute Zusammenarbeit und Unterst\u00fctzung in diesem Jahr.<br \/><br \/>Zur\u00fcckblickend auf das Jahr 2024 danken wir unseren Partner*innen, die uns mit Ausdauer und Kreativit\u00e4t begleitet haben. Gemeinsam konnten wir viel erreichen: Die spezifisch d\u00e4nischen, friesischen und sorbischen <span style=\"text-decoration: underline;\"><a href=\"http:\/\/www.minderheitensekretariat.de\/2024\/05\/21\/auf-zum-standesamt-minderheiten-begrussen-bundesratsbeschluss-zum-namensrecht\/\" data-cke-saved-href=\"http:\/\/www.minderheitensekretariat.de\/2024\/05\/21\/auf-zum-standesamt-minderheiten-begrussen-bundesratsbeschluss-zum-namensrecht\/\">Namensgebungen<\/a><\/span> werden explizit im neuen deutschen Namensrecht ber\u00fccksichtigt, wir organisierten ein <span style=\"text-decoration: underline;\"><a href=\"http:\/\/www.minderheitensekretariat.de\/2024\/09\/11\/ruckblick-auf-das-vernetzungstreffen-vielfalt-zwischen-den-meeren-in-flensburg-19-23-juli\/\" data-cke-saved-href=\"http:\/\/www.minderheitensekretariat.de\/2024\/09\/11\/ruckblick-auf-das-vernetzungstreffen-vielfalt-zwischen-den-meeren-in-flensburg-19-23-juli\/\">Netzwerktreffen<\/a><\/span> f\u00fcr junge Menschen aus den Minderheiten und der Sprechergruppe Niederdeutsch in Schleswig-Holstein, zeigten die Wanderausstellung <span style=\"text-decoration: underline;\"><a href=\"http:\/\/washeissthierminderheit.de\/\" data-cke-saved-href=\"http:\/\/washeissthierminderheit.de\">\u201eWas hei\u00dft hier Minderheiten?<\/a>\u201c<\/span> an vier Orten in Deutschland und feierten zum Jahresende die <span style=\"text-decoration: underline;\"><a href=\"http:\/\/www.minderheitensekretariat.de\/2024\/12\/13\/ein-etappenerfolg\/\" data-cke-saved-href=\"http:\/\/www.minderheitensekretariat.de\/2024\/12\/13\/ein-etappenerfolg\/\">KMK-Empfehlung<\/a><\/span> zur Wissensvermittlung \u00fcber nationale Minderheiten und die Sprechergruppe Niederdeutsch. All das w\u00e4re ohne euch nicht m\u00f6glich gewesen \u2013 vielen Dank! \u00a0<br \/><br \/>In das Jahr 2025 startet das Minderheitensekretariat mit zwei neuen Gesichtern im Team.\u00a0<br \/>Ab dem 13. Januar sind wir zur\u00fcck aus der Weihnachtspause. Bis dahin w\u00fcnscht das Minderheitensekretariat:<br \/><br \/><strong>Gl\u00e6delig jul og godt nyt\u00e5r! \u2013\u00a0Latschi prossedi Rati un sasstepen un u newo Bersch!\u00a0\u2013\u00a0Wjaso\u0142e g\u00f3dy a strowe nowe l\u011bto!\u00a0\u2013\u00a0Fr\u00f6iliken j\u00fcl \u00e4n luk \u00e4n s\u00fcdnh\u00e4id \u00f6njt nai iir!\u00a0\u2013\u00a0\u017dohnowane hody a strowe nowe l\u011bto!\u00a0\u2013\u00a0Een besinnlik Middewinterf\u00e4st un een goud n\u00e4i Jiehr!\u00a0\u2013\u00a0Wi w\u00fcnscht kommodige Wiehnachtsdaag. Un kaamt Se goot in\u2019t nee\u2019e Johr!\u00a0<\/strong><br \/><br \/>Fr\u00f6hliche Weihnachten und ein gesundes neues Jahr 2025!<br \/><br \/>PS: Was w\u00fcnschen Sie sich eigentlich zu Weihnachten und f\u00fcrs neue Jahr? Das haben wir verschiedene Menschen aus den nationalen Minderheiten gefragt. Die Antworten finden Sie\u00a0<u><a href=\"https:\/\/www.instagram.com\/minderheitensekretariat_\/\" data-cke-saved-href=\"https:\/\/www.instagram.com\/minderheitensekretariat_\/\">hier<\/a><\/u>, in der n\u00e4chsten Woche folgen noch die W\u00fcnsche aus der Lausitz.<\/p><p style=\"font-weight: 400;\"><img decoding=\"async\" class=\"aligncenter wp-image-18568 size-large\" src=\"https:\/\/www.minderheitensekretariat.de\/wp-content\/uploads\/2024\/12\/image00001-2-1024x1024.jpeg\" alt=\"\" width=\"800\" height=\"800\" srcset=\"https:\/\/www.minderheitensekretariat.de\/wp-content\/uploads\/2024\/12\/image00001-2-1024x1024.jpeg 1024w, https:\/\/www.minderheitensekretariat.de\/wp-content\/uploads\/2024\/12\/image00001-2-300x300.jpeg 300w, https:\/\/www.minderheitensekretariat.de\/wp-content\/uploads\/2024\/12\/image00001-2-150x150.jpeg 150w, https:\/\/www.minderheitensekretariat.de\/wp-content\/uploads\/2024\/12\/image00001-2-768x768.jpeg 768w, https:\/\/www.minderheitensekretariat.de\/wp-content\/uploads\/2024\/12\/image00001-2-1536x1536.jpeg 1536w, https:\/\/www.minderheitensekretariat.de\/wp-content\/uploads\/2024\/12\/image00001-2-2048x2048.jpeg 2048w\" sizes=\"(max-width: 800px) 100vw, 800px\" \/><\/p><p><span style=\"color: var( --e-global-color-39532aa ); letter-spacing: 0px; background-color: transparent;\">(Quelle: Minderheitensekretariat, 20.12.2024<\/span><span style=\"color: var( --e-global-color-39532aa ); letter-spacing: 0px; background-color: transparent;\">)<\/span><\/p>\t\t\t\t\t\t<\/div>\n\t\t\t\t<\/div>\n\t\t\t\t\t<\/div>\n\t\t<\/div>\n\t\t\t\t\t<\/div>\n\t\t<\/section>\n\t\t\t\t<section class=\"elementor-section elementor-inner-section elementor-element elementor-element-79ac782 elementor-section-boxed elementor-section-height-default elementor-section-height-default\" data-id=\"79ac782\" data-element_type=\"section\">\n\t\t\t\t\t\t<div class=\"elementor-container elementor-column-gap-default\">\n\t\t\t\t\t<div class=\"elementor-column elementor-col-100 elementor-inner-column elementor-element elementor-element-535e876\" data-id=\"535e876\" data-element_type=\"column\">\n\t\t\t<div class=\"elementor-widget-wrap elementor-element-populated\">\n\t\t\t\t\t\t<div class=\"elementor-element elementor-element-96396bc elementor-align-center elementor-widget elementor-widget-button\" data-id=\"96396bc\" data-element_type=\"widget\" data-widget_type=\"button.default\">\n\t\t\t\t<div class=\"elementor-widget-container\">\n\t\t\t\t\t\t\t<div class=\"elementor-button-wrapper\">\n\t\t\t\t\t<a class=\"elementor-button elementor-button-link elementor-size-sm\" href=\"\/aktuelles\/\">\n\t\t\t\t\t\t<span class=\"elementor-button-content-wrapper\">\n\t\t\t\t\t\t\t\t\t<span class=\"elementor-button-text\">Zur\u00fcck zur \u00dcbersicht<\/span>\n\t\t\t\t\t<\/span>\n\t\t\t\t\t<\/a>\n\t\t\t\t<\/div>\n\t\t\t\t\t\t<\/div>\n\t\t\t\t<\/div>\n\t\t\t\t\t<\/div>\n\t\t<\/div>\n\t\t\t\t\t<\/div>\n\t\t<\/section>\n\t\t\t\t\t<\/div>\n\t\t<\/div>\n\t\t\t\t\t<\/div>\n\t\t<\/section>\n\t\t\t\t<\/div>\n\t\t","protected":false},"excerpt":{"rendered":"<p>Das Minderheitensekretariat w\u00fcnscht frohe Weihnachten und einen guten Rutsch ins Jahr 2025.<\/p>\n","protected":false},"author":1,"featured_media":17470,"comment_status":"closed","ping_status":"closed","sticky":false,"template":"elementor_header_footer","format":"standard","meta":{"footnotes":""},"categories":[49],"tags":[],"class_list":["post-18421","post","type-post","status-publish","format-standard","has-post-thumbnail","hentry","category-startseite"],"yoast_head":"<!-- This site is optimized with the Yoast SEO plugin v23.8 - https:\/\/yoast.com\/wordpress\/plugins\/seo\/ -->\n<title>J\u00dcL \u2013 RATI \u2013 MIDDEWINTERF\u00c4ST \u2013 HODY \u2013 JUL \u2013 G\u00d3DY \u2013 WIEHNACHTSDAAG - Minderheitensekretariat<\/title>\n<meta name=\"robots\" content=\"index, follow, max-snippet:-1, max-image-preview:large, max-video-preview:-1\" \/>\n<link rel=\"canonical\" href=\"https:\/\/www.minderheitensekretariat.de\/nf\/2024\/12\/20\/juel-rati-middewinterfaest-hody-jul-gody-wiehnachtsdaag\/\" \/>\n<meta property=\"og:locale\" content=\"en_US\" \/>\n<meta property=\"og:type\" content=\"article\" \/>\n<meta property=\"og:title\" content=\"J\u00dcL \u2013 RATI \u2013 MIDDEWINTERF\u00c4ST \u2013 HODY \u2013 JUL \u2013 G\u00d3DY \u2013 WIEHNACHTSDAAG - Minderheitensekretariat\" \/>\n<meta property=\"og:description\" content=\"Das Minderheitensekretariat w\u00fcnscht frohe Weihnachten und einen guten Rutsch ins Jahr 2025.\" \/>\n<meta property=\"og:url\" content=\"https:\/\/www.minderheitensekretariat.de\/nf\/2024\/12\/20\/juel-rati-middewinterfaest-hody-jul-gody-wiehnachtsdaag\/\" \/>\n<meta property=\"og:site_name\" content=\"Minderheitensekretariat\" \/>\n<meta property=\"article:publisher\" content=\"https:\/\/www.facebook.com\/minderheitensekretariat.de\" \/>\n<meta property=\"article:published_time\" content=\"2024-12-20T14:15:21+00:00\" \/>\n<meta property=\"article:modified_time\" content=\"2024-12-20T15:02:09+00:00\" \/>\n<meta property=\"og:image\" content=\"https:\/\/www.minderheitensekretariat.de\/wp-content\/uploads\/2024\/05\/Minderheitensekretariat_Logo-scaled.jpg\" \/>\n\t<meta property=\"og:image:width\" content=\"2560\" \/>\n\t<meta property=\"og:image:height\" content=\"1460\" \/>\n\t<meta property=\"og:image:type\" content=\"image\/jpeg\" \/>\n<meta name=\"author\" content=\"Minderheitensekretariat\" \/>\n<meta name=\"twitter:card\" content=\"summary_large_image\" \/>\n<meta name=\"twitter:label1\" content=\"Written by\" \/>\n\t<meta name=\"twitter:data1\" content=\"Minderheitensekretariat\" \/>\n\t<meta name=\"twitter:label2\" content=\"Est. reading time\" \/>\n\t<meta name=\"twitter:data2\" content=\"3 minutes\" \/>\n<script type=\"application\/ld+json\" class=\"yoast-schema-graph\">{\"@context\":\"https:\/\/schema.org\",\"@graph\":[{\"@type\":\"Article\",\"@id\":\"https:\/\/www.minderheitensekretariat.de\/nf\/2024\/12\/20\/juel-rati-middewinterfaest-hody-jul-gody-wiehnachtsdaag\/#article\",\"isPartOf\":{\"@id\":\"https:\/\/www.minderheitensekretariat.de\/nf\/2024\/12\/20\/juel-rati-middewinterfaest-hody-jul-gody-wiehnachtsdaag\/\"},\"author\":{\"name\":\"Minderheitensekretariat\",\"@id\":\"https:\/\/www.minderheitensekretariat.de\/nf\/#\/schema\/person\/55df1c4c912f10debba5dfc9bc26c1cf\"},\"headline\":\"J\u00dcL \u2013 RATI \u2013 MIDDEWINTERF\u00c4ST \u2013 HODY \u2013 JUL \u2013 G\u00d3DY \u2013 WIEHNACHTSDAAG\",\"datePublished\":\"2024-12-20T14:15:21+00:00\",\"dateModified\":\"2024-12-20T15:02:09+00:00\",\"mainEntityOfPage\":{\"@id\":\"https:\/\/www.minderheitensekretariat.de\/nf\/2024\/12\/20\/juel-rati-middewinterfaest-hody-jul-gody-wiehnachtsdaag\/\"},\"wordCount\":303,\"publisher\":{\"@id\":\"https:\/\/www.minderheitensekretariat.de\/nf\/#organization\"},\"image\":{\"@id\":\"https:\/\/www.minderheitensekretariat.de\/nf\/2024\/12\/20\/juel-rati-middewinterfaest-hody-jul-gody-wiehnachtsdaag\/#primaryimage\"},\"thumbnailUrl\":\"https:\/\/www.minderheitensekretariat.de\/wp-content\/uploads\/2024\/05\/Minderheitensekretariat_Logo-scaled.jpg\",\"articleSection\":[\"Startseite\"],\"inLanguage\":\"nf-NF\"},{\"@type\":\"WebPage\",\"@id\":\"https:\/\/www.minderheitensekretariat.de\/nf\/2024\/12\/20\/juel-rati-middewinterfaest-hody-jul-gody-wiehnachtsdaag\/\",\"url\":\"https:\/\/www.minderheitensekretariat.de\/nf\/2024\/12\/20\/juel-rati-middewinterfaest-hody-jul-gody-wiehnachtsdaag\/\",\"name\":\"J\u00dcL \u2013 RATI \u2013 MIDDEWINTERF\u00c4ST \u2013 HODY \u2013 JUL \u2013 G\u00d3DY \u2013 WIEHNACHTSDAAG - Minderheitensekretariat\",\"isPartOf\":{\"@id\":\"https:\/\/www.minderheitensekretariat.de\/nf\/#website\"},\"primaryImageOfPage\":{\"@id\":\"https:\/\/www.minderheitensekretariat.de\/nf\/2024\/12\/20\/juel-rati-middewinterfaest-hody-jul-gody-wiehnachtsdaag\/#primaryimage\"},\"image\":{\"@id\":\"https:\/\/www.minderheitensekretariat.de\/nf\/2024\/12\/20\/juel-rati-middewinterfaest-hody-jul-gody-wiehnachtsdaag\/#primaryimage\"},\"thumbnailUrl\":\"https:\/\/www.minderheitensekretariat.de\/wp-content\/uploads\/2024\/05\/Minderheitensekretariat_Logo-scaled.jpg\",\"datePublished\":\"2024-12-20T14:15:21+00:00\",\"dateModified\":\"2024-12-20T15:02:09+00:00\",\"breadcrumb\":{\"@id\":\"https:\/\/www.minderheitensekretariat.de\/nf\/2024\/12\/20\/juel-rati-middewinterfaest-hody-jul-gody-wiehnachtsdaag\/#breadcrumb\"},\"inLanguage\":\"nf-NF\",\"potentialAction\":[{\"@type\":\"ReadAction\",\"target\":[\"https:\/\/www.minderheitensekretariat.de\/nf\/2024\/12\/20\/juel-rati-middewinterfaest-hody-jul-gody-wiehnachtsdaag\/\"]}]},{\"@type\":\"ImageObject\",\"inLanguage\":\"nf-NF\",\"@id\":\"https:\/\/www.minderheitensekretariat.de\/nf\/2024\/12\/20\/juel-rati-middewinterfaest-hody-jul-gody-wiehnachtsdaag\/#primaryimage\",\"url\":\"https:\/\/www.minderheitensekretariat.de\/wp-content\/uploads\/2024\/05\/Minderheitensekretariat_Logo-scaled.jpg\",\"contentUrl\":\"https:\/\/www.minderheitensekretariat.de\/wp-content\/uploads\/2024\/05\/Minderheitensekretariat_Logo-scaled.jpg\",\"width\":2560,\"height\":1460},{\"@type\":\"BreadcrumbList\",\"@id\":\"https:\/\/www.minderheitensekretariat.de\/nf\/2024\/12\/20\/juel-rati-middewinterfaest-hody-jul-gody-wiehnachtsdaag\/#breadcrumb\",\"itemListElement\":[{\"@type\":\"ListItem\",\"position\":1,\"name\":\"Startseite\",\"item\":\"https:\/\/www.minderheitensekretariat.de\/nf\/\"},{\"@type\":\"ListItem\",\"position\":2,\"name\":\"J\u00dcL \u2013 RATI \u2013 MIDDEWINTERF\u00c4ST \u2013 HODY \u2013 JUL \u2013 G\u00d3DY \u2013 WIEHNACHTSDAAG\"}]},{\"@type\":\"WebSite\",\"@id\":\"https:\/\/www.minderheitensekretariat.de\/nf\/#website\",\"url\":\"https:\/\/www.minderheitensekretariat.de\/nf\/\",\"name\":\"Minderheitensekretariat\",\"description\":\"\",\"publisher\":{\"@id\":\"https:\/\/www.minderheitensekretariat.de\/nf\/#organization\"},\"potentialAction\":[{\"@type\":\"SearchAction\",\"target\":{\"@type\":\"EntryPoint\",\"urlTemplate\":\"https:\/\/www.minderheitensekretariat.de\/nf\/?s={search_term_string}\"},\"query-input\":{\"@type\":\"PropertyValueSpecification\",\"valueRequired\":true,\"valueName\":\"search_term_string\"}}],\"inLanguage\":\"nf-NF\"},{\"@type\":\"Organization\",\"@id\":\"https:\/\/www.minderheitensekretariat.de\/nf\/#organization\",\"name\":\"Minderheitensekretariat\",\"url\":\"https:\/\/www.minderheitensekretariat.de\/nf\/\",\"logo\":{\"@type\":\"ImageObject\",\"inLanguage\":\"nf-NF\",\"@id\":\"https:\/\/www.minderheitensekretariat.de\/nf\/#\/schema\/logo\/image\/\",\"url\":\"https:\/\/www.minderheitensekretariat.de\/wp-content\/uploads\/2023\/03\/Min_sek_Logo_4c.jpg\",\"contentUrl\":\"https:\/\/www.minderheitensekretariat.de\/wp-content\/uploads\/2023\/03\/Min_sek_Logo_4c.jpg\",\"width\":984,\"height\":236,\"caption\":\"Minderheitensekretariat\"},\"image\":{\"@id\":\"https:\/\/www.minderheitensekretariat.de\/nf\/#\/schema\/logo\/image\/\"},\"sameAs\":[\"https:\/\/www.facebook.com\/minderheitensekretariat.de\"]},{\"@type\":\"Person\",\"@id\":\"https:\/\/www.minderheitensekretariat.de\/nf\/#\/schema\/person\/55df1c4c912f10debba5dfc9bc26c1cf\",\"name\":\"Minderheitensekretariat\",\"image\":{\"@type\":\"ImageObject\",\"inLanguage\":\"nf-NF\",\"@id\":\"https:\/\/www.minderheitensekretariat.de\/nf\/#\/schema\/person\/image\/\",\"url\":\"https:\/\/secure.gravatar.com\/avatar\/370caba7511c95d16d2d05ef3fa57095fae805fdb97d13f46df8534525f106da?s=96&d=mm&r=g\",\"contentUrl\":\"https:\/\/secure.gravatar.com\/avatar\/370caba7511c95d16d2d05ef3fa57095fae805fdb97d13f46df8534525f106da?s=96&d=mm&r=g\",\"caption\":\"Minderheitensekretariat\"},\"sameAs\":[\"https:\/\/www.minderheitensekretariat.de\"],\"url\":\"https:\/\/www.minderheitensekretariat.de\/nf\/author\/minderheitensekretariat\/\"}]}<\/script>\n<!-- \/ Yoast SEO plugin. -->","yoast_head_json":{"title":"J\u00dcL \u2013 RATI \u2013 MIDDEWINTERF\u00c4ST \u2013 HODY \u2013 JUL \u2013 G\u00d3DY \u2013 WIEHNACHTSDAAG - Minderheitensekretariat","robots":{"index":"index","follow":"follow","max-snippet":"max-snippet:-1","max-image-preview":"max-image-preview:large","max-video-preview":"max-video-preview:-1"},"canonical":"https:\/\/www.minderheitensekretariat.de\/nf\/2024\/12\/20\/juel-rati-middewinterfaest-hody-jul-gody-wiehnachtsdaag\/","og_locale":"en_US","og_type":"article","og_title":"J\u00dcL \u2013 RATI \u2013 MIDDEWINTERF\u00c4ST \u2013 HODY \u2013 JUL \u2013 G\u00d3DY \u2013 WIEHNACHTSDAAG - Minderheitensekretariat","og_description":"Das Minderheitensekretariat w\u00fcnscht frohe Weihnachten und einen guten Rutsch ins Jahr 2025.","og_url":"https:\/\/www.minderheitensekretariat.de\/nf\/2024\/12\/20\/juel-rati-middewinterfaest-hody-jul-gody-wiehnachtsdaag\/","og_site_name":"Minderheitensekretariat","article_publisher":"https:\/\/www.facebook.com\/minderheitensekretariat.de","article_published_time":"2024-12-20T14:15:21+00:00","article_modified_time":"2024-12-20T15:02:09+00:00","og_image":[{"width":2560,"height":1460,"url":"https:\/\/www.minderheitensekretariat.de\/wp-content\/uploads\/2024\/05\/Minderheitensekretariat_Logo-scaled.jpg","type":"image\/jpeg"}],"author":"Minderheitensekretariat","twitter_card":"summary_large_image","twitter_misc":{"Written by":"Minderheitensekretariat","Est. reading time":"3 minutes"},"schema":{"@context":"https:\/\/schema.org","@graph":[{"@type":"Article","@id":"https:\/\/www.minderheitensekretariat.de\/nf\/2024\/12\/20\/juel-rati-middewinterfaest-hody-jul-gody-wiehnachtsdaag\/#article","isPartOf":{"@id":"https:\/\/www.minderheitensekretariat.de\/nf\/2024\/12\/20\/juel-rati-middewinterfaest-hody-jul-gody-wiehnachtsdaag\/"},"author":{"name":"Minderheitensekretariat","@id":"https:\/\/www.minderheitensekretariat.de\/nf\/#\/schema\/person\/55df1c4c912f10debba5dfc9bc26c1cf"},"headline":"J\u00dcL \u2013 RATI \u2013 MIDDEWINTERF\u00c4ST \u2013 HODY \u2013 JUL \u2013 G\u00d3DY \u2013 WIEHNACHTSDAAG","datePublished":"2024-12-20T14:15:21+00:00","dateModified":"2024-12-20T15:02:09+00:00","mainEntityOfPage":{"@id":"https:\/\/www.minderheitensekretariat.de\/nf\/2024\/12\/20\/juel-rati-middewinterfaest-hody-jul-gody-wiehnachtsdaag\/"},"wordCount":303,"publisher":{"@id":"https:\/\/www.minderheitensekretariat.de\/nf\/#organization"},"image":{"@id":"https:\/\/www.minderheitensekretariat.de\/nf\/2024\/12\/20\/juel-rati-middewinterfaest-hody-jul-gody-wiehnachtsdaag\/#primaryimage"},"thumbnailUrl":"https:\/\/www.minderheitensekretariat.de\/wp-content\/uploads\/2024\/05\/Minderheitensekretariat_Logo-scaled.jpg","articleSection":["Startseite"],"inLanguage":"nf-NF"},{"@type":"WebPage","@id":"https:\/\/www.minderheitensekretariat.de\/nf\/2024\/12\/20\/juel-rati-middewinterfaest-hody-jul-gody-wiehnachtsdaag\/","url":"https:\/\/www.minderheitensekretariat.de\/nf\/2024\/12\/20\/juel-rati-middewinterfaest-hody-jul-gody-wiehnachtsdaag\/","name":"J\u00dcL \u2013 RATI \u2013 MIDDEWINTERF\u00c4ST \u2013 HODY \u2013 JUL \u2013 G\u00d3DY \u2013 WIEHNACHTSDAAG - Minderheitensekretariat","isPartOf":{"@id":"https:\/\/www.minderheitensekretariat.de\/nf\/#website"},"primaryImageOfPage":{"@id":"https:\/\/www.minderheitensekretariat.de\/nf\/2024\/12\/20\/juel-rati-middewinterfaest-hody-jul-gody-wiehnachtsdaag\/#primaryimage"},"image":{"@id":"https:\/\/www.minderheitensekretariat.de\/nf\/2024\/12\/20\/juel-rati-middewinterfaest-hody-jul-gody-wiehnachtsdaag\/#primaryimage"},"thumbnailUrl":"https:\/\/www.minderheitensekretariat.de\/wp-content\/uploads\/2024\/05\/Minderheitensekretariat_Logo-scaled.jpg","datePublished":"2024-12-20T14:15:21+00:00","dateModified":"2024-12-20T15:02:09+00:00","breadcrumb":{"@id":"https:\/\/www.minderheitensekretariat.de\/nf\/2024\/12\/20\/juel-rati-middewinterfaest-hody-jul-gody-wiehnachtsdaag\/#breadcrumb"},"inLanguage":"nf-NF","potentialAction":[{"@type":"ReadAction","target":["https:\/\/www.minderheitensekretariat.de\/nf\/2024\/12\/20\/juel-rati-middewinterfaest-hody-jul-gody-wiehnachtsdaag\/"]}]},{"@type":"ImageObject","inLanguage":"nf-NF","@id":"https:\/\/www.minderheitensekretariat.de\/nf\/2024\/12\/20\/juel-rati-middewinterfaest-hody-jul-gody-wiehnachtsdaag\/#primaryimage","url":"https:\/\/www.minderheitensekretariat.de\/wp-content\/uploads\/2024\/05\/Minderheitensekretariat_Logo-scaled.jpg","contentUrl":"https:\/\/www.minderheitensekretariat.de\/wp-content\/uploads\/2024\/05\/Minderheitensekretariat_Logo-scaled.jpg","width":2560,"height":1460},{"@type":"BreadcrumbList","@id":"https:\/\/www.minderheitensekretariat.de\/nf\/2024\/12\/20\/juel-rati-middewinterfaest-hody-jul-gody-wiehnachtsdaag\/#breadcrumb","itemListElement":[{"@type":"ListItem","position":1,"name":"Startseite","item":"https:\/\/www.minderheitensekretariat.de\/nf\/"},{"@type":"ListItem","position":2,"name":"J\u00dcL \u2013 RATI \u2013 MIDDEWINTERF\u00c4ST \u2013 HODY \u2013 JUL \u2013 G\u00d3DY \u2013 WIEHNACHTSDAAG"}]},{"@type":"WebSite","@id":"https:\/\/www.minderheitensekretariat.de\/nf\/#website","url":"https:\/\/www.minderheitensekretariat.de\/nf\/","name":"Minderheitensekretariat","description":"","publisher":{"@id":"https:\/\/www.minderheitensekretariat.de\/nf\/#organization"},"potentialAction":[{"@type":"SearchAction","target":{"@type":"EntryPoint","urlTemplate":"https:\/\/www.minderheitensekretariat.de\/nf\/?s={search_term_string}"},"query-input":{"@type":"PropertyValueSpecification","valueRequired":true,"valueName":"search_term_string"}}],"inLanguage":"nf-NF"},{"@type":"Organization","@id":"https:\/\/www.minderheitensekretariat.de\/nf\/#organization","name":"Minderheitensekretariat","url":"https:\/\/www.minderheitensekretariat.de\/nf\/","logo":{"@type":"ImageObject","inLanguage":"nf-NF","@id":"https:\/\/www.minderheitensekretariat.de\/nf\/#\/schema\/logo\/image\/","url":"https:\/\/www.minderheitensekretariat.de\/wp-content\/uploads\/2023\/03\/Min_sek_Logo_4c.jpg","contentUrl":"https:\/\/www.minderheitensekretariat.de\/wp-content\/uploads\/2023\/03\/Min_sek_Logo_4c.jpg","width":984,"height":236,"caption":"Minderheitensekretariat"},"image":{"@id":"https:\/\/www.minderheitensekretariat.de\/nf\/#\/schema\/logo\/image\/"},"sameAs":["https:\/\/www.facebook.com\/minderheitensekretariat.de"]},{"@type":"Person","@id":"https:\/\/www.minderheitensekretariat.de\/nf\/#\/schema\/person\/55df1c4c912f10debba5dfc9bc26c1cf","name":"Minderheitensekretariat","image":{"@type":"ImageObject","inLanguage":"nf-NF","@id":"https:\/\/www.minderheitensekretariat.de\/nf\/#\/schema\/person\/image\/","url":"https:\/\/secure.gravatar.com\/avatar\/370caba7511c95d16d2d05ef3fa57095fae805fdb97d13f46df8534525f106da?s=96&d=mm&r=g","contentUrl":"https:\/\/secure.gravatar.com\/avatar\/370caba7511c95d16d2d05ef3fa57095fae805fdb97d13f46df8534525f106da?s=96&d=mm&r=g","caption":"Minderheitensekretariat"},"sameAs":["https:\/\/www.minderheitensekretariat.de"],"url":"https:\/\/www.minderheitensekretariat.de\/nf\/author\/minderheitensekretariat\/"}]}},"_links":{"self":[{"href":"https:\/\/www.minderheitensekretariat.de\/nf\/wp-json\/wp\/v2\/posts\/18421","targetHints":{"allow":["GET"]}}],"collection":[{"href":"https:\/\/www.minderheitensekretariat.de\/nf\/wp-json\/wp\/v2\/posts"}],"about":[{"href":"https:\/\/www.minderheitensekretariat.de\/nf\/wp-json\/wp\/v2\/types\/post"}],"author":[{"embeddable":true,"href":"https:\/\/www.minderheitensekretariat.de\/nf\/wp-json\/wp\/v2\/users\/1"}],"replies":[{"embeddable":true,"href":"https:\/\/www.minderheitensekretariat.de\/nf\/wp-json\/wp\/v2\/comments?post=18421"}],"version-history":[{"count":10,"href":"https:\/\/www.minderheitensekretariat.de\/nf\/wp-json\/wp\/v2\/posts\/18421\/revisions"}],"predecessor-version":[{"id":18586,"href":"https:\/\/www.minderheitensekretariat.de\/nf\/wp-json\/wp\/v2\/posts\/18421\/revisions\/18586"}],"wp:featuredmedia":[{"embeddable":true,"href":"https:\/\/www.minderheitensekretariat.de\/nf\/wp-json\/wp\/v2\/media\/17470"}],"wp:attachment":[{"href":"https:\/\/www.minderheitensekretariat.de\/nf\/wp-json\/wp\/v2\/media?parent=18421"}],"wp:term":[{"taxonomy":"category","embeddable":true,"href":"https:\/\/www.minderheitensekretariat.de\/nf\/wp-json\/wp\/v2\/categories?post=18421"},{"taxonomy":"post_tag","embeddable":true,"href":"https:\/\/www.minderheitensekretariat.de\/nf\/wp-json\/wp\/v2\/tags?post=18421"}],"curies":[{"name":"wp","href":"https:\/\/api.w.org\/{rel}","templated":true}]}}