{"id":19109,"date":"2025-02-26T10:38:07","date_gmt":"2025-02-26T09:38:07","guid":{"rendered":"https:\/\/www.minderheitensekretariat.de\/?p=19109"},"modified":"2025-02-26T10:42:29","modified_gmt":"2025-02-26T09:42:29","slug":"veranstaltung-wir-entkamen-auf-eigene-faust","status":"publish","type":"post","link":"https:\/\/www.minderheitensekretariat.de\/nf\/2025\/02\/26\/veranstaltung-wir-entkamen-auf-eigene-faust\/","title":{"rendered":"Veranstaltung: \u201eWir entkamen auf eigene Faust!\u201c"},"content":{"rendered":"\t\t<div data-elementor-type=\"wp-post\" data-elementor-id=\"19109\" class=\"elementor elementor-19109\" data-elementor-post-type=\"post\">\n\t\t\t\t\t\t<section class=\"elementor-section elementor-top-section elementor-element elementor-element-7333b6f elementor-section-boxed elementor-section-height-default elementor-section-height-default\" data-id=\"7333b6f\" data-element_type=\"section\" data-settings=\"{&quot;background_background&quot;:&quot;gradient&quot;}\">\n\t\t\t\t\t\t\t<div class=\"elementor-background-overlay\"><\/div>\n\t\t\t\t\t\t\t<div class=\"elementor-container elementor-column-gap-default\">\n\t\t\t\t\t<div class=\"elementor-column elementor-col-100 elementor-top-column elementor-element elementor-element-1b921a3\" data-id=\"1b921a3\" data-element_type=\"column\">\n\t\t\t<div class=\"elementor-widget-wrap elementor-element-populated\">\n\t\t\t\t\t\t<section class=\"elementor-section elementor-inner-section elementor-element elementor-element-b0fb436 elementor-section-full_width elementor-section-height-default elementor-section-height-default\" data-id=\"b0fb436\" data-element_type=\"section\">\n\t\t\t\t\t\t<div class=\"elementor-container elementor-column-gap-default\">\n\t\t\t\t\t<div class=\"elementor-column elementor-col-50 elementor-inner-column elementor-element elementor-element-fa2d1aa\" data-id=\"fa2d1aa\" data-element_type=\"column\">\n\t\t\t<div class=\"elementor-widget-wrap elementor-element-populated\">\n\t\t\t\t\t\t<div class=\"elementor-element elementor-element-ea2fe1b elementor-widget elementor-widget-image\" data-id=\"ea2fe1b\" data-element_type=\"widget\" data-widget_type=\"image.default\">\n\t\t\t\t<div class=\"elementor-widget-container\">\n\t\t\t\t\t\t\t\t\t\t<figure class=\"wp-caption\">\n\t\t\t\t\t\t\t\t\t\t<img fetchpriority=\"high\" decoding=\"async\" width=\"800\" height=\"566\" src=\"https:\/\/www.minderheitensekretariat.de\/wp-content\/uploads\/2023\/02\/Logo_BiFo_Var1_4-zeilig_rgb_RZ_150dpi-1024x724.jpg\" class=\"attachment-large size-large wp-image-10358\" alt=\"\" srcset=\"https:\/\/www.minderheitensekretariat.de\/wp-content\/uploads\/2023\/02\/Logo_BiFo_Var1_4-zeilig_rgb_RZ_150dpi-1024x724.jpg 1024w, https:\/\/www.minderheitensekretariat.de\/wp-content\/uploads\/2023\/02\/Logo_BiFo_Var1_4-zeilig_rgb_RZ_150dpi-300x212.jpg 300w, https:\/\/www.minderheitensekretariat.de\/wp-content\/uploads\/2023\/02\/Logo_BiFo_Var1_4-zeilig_rgb_RZ_150dpi-768x543.jpg 768w, https:\/\/www.minderheitensekretariat.de\/wp-content\/uploads\/2023\/02\/Logo_BiFo_Var1_4-zeilig_rgb_RZ_150dpi-1536x1086.jpg 1536w, https:\/\/www.minderheitensekretariat.de\/wp-content\/uploads\/2023\/02\/Logo_BiFo_Var1_4-zeilig_rgb_RZ_150dpi.jpg 1754w\" sizes=\"(max-width: 800px) 100vw, 800px\" \/>\t\t\t\t\t\t\t\t\t\t\t<figcaption class=\"widget-image-caption wp-caption-text\"><\/figcaption>\n\t\t\t\t\t\t\t\t\t\t<\/figure>\n\t\t\t\t\t\t\t<\/div>\n\t\t\t\t<\/div>\n\t\t\t\t\t<\/div>\n\t\t<\/div>\n\t\t\t\t<div class=\"elementor-column elementor-col-50 elementor-inner-column elementor-element elementor-element-f592ef7\" data-id=\"f592ef7\" data-element_type=\"column\">\n\t\t\t<div class=\"elementor-widget-wrap elementor-element-populated\">\n\t\t\t\t\t\t<div class=\"elementor-element elementor-element-03b0f5e elementor-widget elementor-widget-text-editor\" data-id=\"03b0f5e\" data-element_type=\"widget\" data-widget_type=\"text-editor.default\">\n\t\t\t\t<div class=\"elementor-widget-container\">\n\t\t\t\t\t\t\t26\/02\/2025\t\t\t\t\t\t<\/div>\n\t\t\t\t<\/div>\n\t\t\t\t<div class=\"elementor-element elementor-element-1a51d24 elementor-widget elementor-widget-text-editor\" data-id=\"1a51d24\" data-element_type=\"widget\" data-widget_type=\"text-editor.default\">\n\t\t\t\t<div class=\"elementor-widget-container\">\n\t\t\t\t\t\t\tZeitzeuginnenberichte rum\u00e4nischer Romnja vom Pogrom in Rostock-Lichtenhagen 1992.\n27.03.2025 \/ 19:00 \u2013 20:30 Uhr\n\t\t\t\t\t\t<\/div>\n\t\t\t\t<\/div>\n\t\t\t\t<div class=\"elementor-element elementor-element-2aa7c17 elementor-widget-divider--view-line elementor-widget elementor-widget-divider\" data-id=\"2aa7c17\" data-element_type=\"widget\" data-widget_type=\"divider.default\">\n\t\t\t\t<div class=\"elementor-widget-container\">\n\t\t\t\t\t<div class=\"elementor-divider\">\n\t\t\t<span class=\"elementor-divider-separator\">\n\t\t\t\t\t\t<\/span>\n\t\t<\/div>\n\t\t\t\t<\/div>\n\t\t\t\t<\/div>\n\t\t\t\t\t<\/div>\n\t\t<\/div>\n\t\t\t\t\t<\/div>\n\t\t<\/section>\n\t\t\t\t<div class=\"elementor-element elementor-element-87b8590 elementor-hidden-mobile elementor-invisible elementor-widget elementor-widget-image\" data-id=\"87b8590\" data-element_type=\"widget\" data-settings=\"{&quot;_animation&quot;:&quot;fadeInDown&quot;,&quot;_animation_delay&quot;:1000}\" data-widget_type=\"image.default\">\n\t\t\t\t<div class=\"elementor-widget-container\">\n\t\t\t\t\t\t\t\t\t\t\t\t\t\t<a href=\"#mehr\">\n\t\t\t\t\t\t\t<img decoding=\"async\" width=\"27\" height=\"15\" src=\"https:\/\/www.minderheitensekretariat.de\/wp-content\/uploads\/2022\/07\/arrow_down.svg\" class=\"elementor-animation-shrink attachment-large size-large wp-image-657\" alt=\"\" \/>\t\t\t\t\t\t\t\t<\/a>\n\t\t\t\t\t\t\t\t\t\t\t\t\t<\/div>\n\t\t\t\t<\/div>\n\t\t\t\t<section class=\"elementor-section elementor-inner-section elementor-element elementor-element-8629abe elementor-section-boxed elementor-section-height-default elementor-section-height-default\" data-id=\"8629abe\" data-element_type=\"section\">\n\t\t\t\t\t\t<div class=\"elementor-container elementor-column-gap-default\">\n\t\t\t\t\t<div class=\"elementor-column elementor-col-100 elementor-inner-column elementor-element elementor-element-8fa23c1\" data-id=\"8fa23c1\" data-element_type=\"column\">\n\t\t\t<div class=\"elementor-widget-wrap elementor-element-populated\">\n\t\t\t\t\t\t<div class=\"elementor-element elementor-element-2440ca1 elementor-widget elementor-widget-heading\" data-id=\"2440ca1\" data-element_type=\"widget\" data-widget_type=\"heading.default\">\n\t\t\t\t<div class=\"elementor-widget-container\">\n\t\t\t<h2 class=\"elementor-heading-title elementor-size-default\">Veranstaltung: \u201eWir entkamen auf eigene Faust!\u201c \u2013Zeitzeug*innenberichte rum\u00e4nischer Rom*nja vom Pogrom in Rostock-Lichtenhagen 1992<\/h2>\t\t<\/div>\n\t\t\t\t<\/div>\n\t\t\t\t<div class=\"elementor-element elementor-element-c01359a elementor-widget elementor-widget-text-editor\" data-id=\"c01359a\" data-element_type=\"widget\" data-widget_type=\"text-editor.default\">\n\t\t\t\t<div class=\"elementor-widget-container\">\n\t\t\t\t\t\t\t<p>Im August 1992 ereignete sich in Rostock-Lichtenhagen eines der schwersten rassistischen Pogrome der deutschen Nachkriegsgeschichte. \u00dcber mehrere Tage hinweg wurden Gefl\u00fcchtete sowie ehemalige Vertragsarbeiter:innen aus Vietnam gewaltsam angegriffen, w\u00e4hrend die Beh\u00f6rden nicht eingriffen. Unter den Betroffenen waren auch Rom:nja, die im Sonnenblumenhaus untergebracht waren. Obwohl sie zentrale Zeug:innen des Pogroms sind, blieben ihre Stimmen in der \u00f6ffentlichen Erinnerung weitgehend ungeh\u00f6rt.<\/p><p>Um diese fehlende Perspektive sichtbar zu machen, f\u00fchrte Izabela Tiberiade im Juli 2022 eine Reihe von Interviews mit \u00dcberlebenden und Zeug:innen des Pogroms. Sie ist Menschenrechtsbildnerin und Teil der Roma Genocide Remembrance Initiative. In ihrer Forschung besch\u00e4ftigt sie sich mit der Migration von Rom:nja in Europa und den USA und engagiert sich seit Jahren f\u00fcr die Anerkennung von Genoziden, Bildungsprogramme zu Menschenrechten, Antiziganismus und Gedenken.<\/p><p>Datum: 27.03.2025<br \/>Zeit: 19:00 \u2013 20:30 Uhr<br \/>Ort: Bildungsforum gegen Antiziganismus, Prinzenstra\u00dfe 84.2, 10969 Berlin<br \/>Veranstalter: Dokumentationszentrum \u201eLichtenhagen im Ged\u00e4chtnis\u201c<\/p>\t\t\t\t\t\t<\/div>\n\t\t\t\t<\/div>\n\t\t\t\t<div class=\"elementor-element elementor-element-d42e008 elementor-widget elementor-widget-text-editor\" data-id=\"d42e008\" data-element_type=\"widget\" data-widget_type=\"text-editor.default\">\n\t\t\t\t<div class=\"elementor-widget-container\">\n\t\t\t\t\t\t\t<p><span style=\"color: var( --e-global-color-39532aa ); letter-spacing: 0px; background-color: transparent;\">(Quelle: <span style=\"text-decoration: underline;\"><a href=\"https:\/\/gegen-antiziganismus.de\/termin\/wir-entkamen-auf-eigene-faust-zeitzeuginnenberichte-rumaenischer-romnja-vom-pogrom-in-rostock-lichtenhagen-1992\/\">Bildungsforum gegen Antiziganismus<\/a><\/span><\/span><span style=\"color: var( --e-global-color-39532aa ); letter-spacing: 0px; background-color: transparent;\">)<\/span><\/p>\t\t\t\t\t\t<\/div>\n\t\t\t\t<\/div>\n\t\t\t\t\t<\/div>\n\t\t<\/div>\n\t\t\t\t\t<\/div>\n\t\t<\/section>\n\t\t\t\t<section class=\"elementor-section elementor-inner-section elementor-element elementor-element-79ac782 elementor-section-boxed elementor-section-height-default elementor-section-height-default\" data-id=\"79ac782\" data-element_type=\"section\">\n\t\t\t\t\t\t<div class=\"elementor-container elementor-column-gap-default\">\n\t\t\t\t\t<div class=\"elementor-column elementor-col-100 elementor-inner-column elementor-element elementor-element-535e876\" data-id=\"535e876\" data-element_type=\"column\">\n\t\t\t<div class=\"elementor-widget-wrap elementor-element-populated\">\n\t\t\t\t\t\t<div class=\"elementor-element elementor-element-96396bc elementor-align-center elementor-widget elementor-widget-button\" data-id=\"96396bc\" data-element_type=\"widget\" data-widget_type=\"button.default\">\n\t\t\t\t<div class=\"elementor-widget-container\">\n\t\t\t\t\t\t\t<div class=\"elementor-button-wrapper\">\n\t\t\t\t\t<a class=\"elementor-button elementor-button-link elementor-size-sm\" href=\"\/aktuelles\/\">\n\t\t\t\t\t\t<span class=\"elementor-button-content-wrapper\">\n\t\t\t\t\t\t\t\t\t<span class=\"elementor-button-text\">Zur\u00fcck zur \u00dcbersicht<\/span>\n\t\t\t\t\t<\/span>\n\t\t\t\t\t<\/a>\n\t\t\t\t<\/div>\n\t\t\t\t\t\t<\/div>\n\t\t\t\t<\/div>\n\t\t\t\t\t<\/div>\n\t\t<\/div>\n\t\t\t\t\t<\/div>\n\t\t<\/section>\n\t\t\t\t\t<\/div>\n\t\t<\/div>\n\t\t\t\t\t<\/div>\n\t\t<\/section>\n\t\t\t\t<\/div>\n\t\t","protected":false},"excerpt":{"rendered":"<p>Zeitzeuginnenberichte rum\u00e4nischer Romnja vom Pogrom in Rostock-Lichtenhagen 1992.<br \/>\n27.03.2025 \/ 19:00 \u2013 20:30 Uhr<\/p>\n","protected":false},"author":1,"featured_media":10358,"comment_status":"closed","ping_status":"closed","sticky":false,"template":"elementor_header_footer","format":"standard","meta":{"footnotes":""},"categories":[49],"tags":[],"class_list":["post-19109","post","type-post","status-publish","format-standard","has-post-thumbnail","hentry","category-startseite"],"yoast_head":"<!-- This site is optimized with the Yoast SEO plugin v23.8 - https:\/\/yoast.com\/wordpress\/plugins\/seo\/ -->\n<title>Veranstaltung: \u201eWir entkamen auf eigene Faust!\u201c - Minderheitensekretariat<\/title>\n<meta name=\"robots\" content=\"index, follow, max-snippet:-1, max-image-preview:large, max-video-preview:-1\" \/>\n<link rel=\"canonical\" href=\"https:\/\/www.minderheitensekretariat.de\/nf\/2025\/02\/26\/veranstaltung-wir-entkamen-auf-eigene-faust\/\" \/>\n<meta property=\"og:locale\" content=\"en_US\" \/>\n<meta property=\"og:type\" content=\"article\" \/>\n<meta property=\"og:title\" content=\"Veranstaltung: \u201eWir entkamen auf eigene Faust!\u201c - Minderheitensekretariat\" \/>\n<meta property=\"og:description\" content=\"Zeitzeuginnenberichte rum\u00e4nischer Romnja vom Pogrom in Rostock-Lichtenhagen 1992. 27.03.2025 \/ 19:00 \u2013 20:30 Uhr\" \/>\n<meta property=\"og:url\" content=\"https:\/\/www.minderheitensekretariat.de\/nf\/2025\/02\/26\/veranstaltung-wir-entkamen-auf-eigene-faust\/\" \/>\n<meta property=\"og:site_name\" content=\"Minderheitensekretariat\" \/>\n<meta property=\"article:publisher\" content=\"https:\/\/www.facebook.com\/minderheitensekretariat.de\" \/>\n<meta property=\"article:published_time\" content=\"2025-02-26T09:38:07+00:00\" \/>\n<meta property=\"article:modified_time\" content=\"2025-02-26T09:42:29+00:00\" \/>\n<meta property=\"og:image\" content=\"https:\/\/www.minderheitensekretariat.de\/wp-content\/uploads\/2023\/02\/Logo_BiFo_Var1_4-zeilig_rgb_RZ_150dpi.jpg\" \/>\n\t<meta property=\"og:image:width\" content=\"1754\" \/>\n\t<meta property=\"og:image:height\" content=\"1240\" \/>\n\t<meta property=\"og:image:type\" content=\"image\/jpeg\" \/>\n<meta name=\"author\" content=\"Minderheitensekretariat\" \/>\n<meta name=\"twitter:card\" content=\"summary_large_image\" \/>\n<meta name=\"twitter:label1\" content=\"Written by\" \/>\n\t<meta name=\"twitter:data1\" content=\"Minderheitensekretariat\" \/>\n\t<meta name=\"twitter:label2\" content=\"Est. reading time\" \/>\n\t<meta name=\"twitter:data2\" content=\"2 minutes\" \/>\n<script type=\"application\/ld+json\" class=\"yoast-schema-graph\">{\"@context\":\"https:\/\/schema.org\",\"@graph\":[{\"@type\":\"Article\",\"@id\":\"https:\/\/www.minderheitensekretariat.de\/nf\/2025\/02\/26\/veranstaltung-wir-entkamen-auf-eigene-faust\/#article\",\"isPartOf\":{\"@id\":\"https:\/\/www.minderheitensekretariat.de\/nf\/2025\/02\/26\/veranstaltung-wir-entkamen-auf-eigene-faust\/\"},\"author\":{\"name\":\"Minderheitensekretariat\",\"@id\":\"https:\/\/www.minderheitensekretariat.de\/nf\/#\/schema\/person\/55df1c4c912f10debba5dfc9bc26c1cf\"},\"headline\":\"Veranstaltung: \u201eWir entkamen auf eigene Faust!\u201c\",\"datePublished\":\"2025-02-26T09:38:07+00:00\",\"dateModified\":\"2025-02-26T09:42:29+00:00\",\"mainEntityOfPage\":{\"@id\":\"https:\/\/www.minderheitensekretariat.de\/nf\/2025\/02\/26\/veranstaltung-wir-entkamen-auf-eigene-faust\/\"},\"wordCount\":179,\"publisher\":{\"@id\":\"https:\/\/www.minderheitensekretariat.de\/nf\/#organization\"},\"image\":{\"@id\":\"https:\/\/www.minderheitensekretariat.de\/nf\/2025\/02\/26\/veranstaltung-wir-entkamen-auf-eigene-faust\/#primaryimage\"},\"thumbnailUrl\":\"https:\/\/www.minderheitensekretariat.de\/wp-content\/uploads\/2023\/02\/Logo_BiFo_Var1_4-zeilig_rgb_RZ_150dpi.jpg\",\"articleSection\":[\"Startseite\"],\"inLanguage\":\"nf-NF\"},{\"@type\":\"WebPage\",\"@id\":\"https:\/\/www.minderheitensekretariat.de\/nf\/2025\/02\/26\/veranstaltung-wir-entkamen-auf-eigene-faust\/\",\"url\":\"https:\/\/www.minderheitensekretariat.de\/nf\/2025\/02\/26\/veranstaltung-wir-entkamen-auf-eigene-faust\/\",\"name\":\"Veranstaltung: \u201eWir entkamen auf eigene Faust!\u201c - Minderheitensekretariat\",\"isPartOf\":{\"@id\":\"https:\/\/www.minderheitensekretariat.de\/nf\/#website\"},\"primaryImageOfPage\":{\"@id\":\"https:\/\/www.minderheitensekretariat.de\/nf\/2025\/02\/26\/veranstaltung-wir-entkamen-auf-eigene-faust\/#primaryimage\"},\"image\":{\"@id\":\"https:\/\/www.minderheitensekretariat.de\/nf\/2025\/02\/26\/veranstaltung-wir-entkamen-auf-eigene-faust\/#primaryimage\"},\"thumbnailUrl\":\"https:\/\/www.minderheitensekretariat.de\/wp-content\/uploads\/2023\/02\/Logo_BiFo_Var1_4-zeilig_rgb_RZ_150dpi.jpg\",\"datePublished\":\"2025-02-26T09:38:07+00:00\",\"dateModified\":\"2025-02-26T09:42:29+00:00\",\"breadcrumb\":{\"@id\":\"https:\/\/www.minderheitensekretariat.de\/nf\/2025\/02\/26\/veranstaltung-wir-entkamen-auf-eigene-faust\/#breadcrumb\"},\"inLanguage\":\"nf-NF\",\"potentialAction\":[{\"@type\":\"ReadAction\",\"target\":[\"https:\/\/www.minderheitensekretariat.de\/nf\/2025\/02\/26\/veranstaltung-wir-entkamen-auf-eigene-faust\/\"]}]},{\"@type\":\"ImageObject\",\"inLanguage\":\"nf-NF\",\"@id\":\"https:\/\/www.minderheitensekretariat.de\/nf\/2025\/02\/26\/veranstaltung-wir-entkamen-auf-eigene-faust\/#primaryimage\",\"url\":\"https:\/\/www.minderheitensekretariat.de\/wp-content\/uploads\/2023\/02\/Logo_BiFo_Var1_4-zeilig_rgb_RZ_150dpi.jpg\",\"contentUrl\":\"https:\/\/www.minderheitensekretariat.de\/wp-content\/uploads\/2023\/02\/Logo_BiFo_Var1_4-zeilig_rgb_RZ_150dpi.jpg\",\"width\":1754,\"height\":1240},{\"@type\":\"BreadcrumbList\",\"@id\":\"https:\/\/www.minderheitensekretariat.de\/nf\/2025\/02\/26\/veranstaltung-wir-entkamen-auf-eigene-faust\/#breadcrumb\",\"itemListElement\":[{\"@type\":\"ListItem\",\"position\":1,\"name\":\"Startseite\",\"item\":\"https:\/\/www.minderheitensekretariat.de\/nf\/\"},{\"@type\":\"ListItem\",\"position\":2,\"name\":\"Veranstaltung: \u201eWir entkamen auf eigene Faust!\u201c\"}]},{\"@type\":\"WebSite\",\"@id\":\"https:\/\/www.minderheitensekretariat.de\/nf\/#website\",\"url\":\"https:\/\/www.minderheitensekretariat.de\/nf\/\",\"name\":\"Minderheitensekretariat\",\"description\":\"\",\"publisher\":{\"@id\":\"https:\/\/www.minderheitensekretariat.de\/nf\/#organization\"},\"potentialAction\":[{\"@type\":\"SearchAction\",\"target\":{\"@type\":\"EntryPoint\",\"urlTemplate\":\"https:\/\/www.minderheitensekretariat.de\/nf\/?s={search_term_string}\"},\"query-input\":{\"@type\":\"PropertyValueSpecification\",\"valueRequired\":true,\"valueName\":\"search_term_string\"}}],\"inLanguage\":\"nf-NF\"},{\"@type\":\"Organization\",\"@id\":\"https:\/\/www.minderheitensekretariat.de\/nf\/#organization\",\"name\":\"Minderheitensekretariat\",\"url\":\"https:\/\/www.minderheitensekretariat.de\/nf\/\",\"logo\":{\"@type\":\"ImageObject\",\"inLanguage\":\"nf-NF\",\"@id\":\"https:\/\/www.minderheitensekretariat.de\/nf\/#\/schema\/logo\/image\/\",\"url\":\"https:\/\/www.minderheitensekretariat.de\/wp-content\/uploads\/2023\/03\/Min_sek_Logo_4c.jpg\",\"contentUrl\":\"https:\/\/www.minderheitensekretariat.de\/wp-content\/uploads\/2023\/03\/Min_sek_Logo_4c.jpg\",\"width\":984,\"height\":236,\"caption\":\"Minderheitensekretariat\"},\"image\":{\"@id\":\"https:\/\/www.minderheitensekretariat.de\/nf\/#\/schema\/logo\/image\/\"},\"sameAs\":[\"https:\/\/www.facebook.com\/minderheitensekretariat.de\"]},{\"@type\":\"Person\",\"@id\":\"https:\/\/www.minderheitensekretariat.de\/nf\/#\/schema\/person\/55df1c4c912f10debba5dfc9bc26c1cf\",\"name\":\"Minderheitensekretariat\",\"image\":{\"@type\":\"ImageObject\",\"inLanguage\":\"nf-NF\",\"@id\":\"https:\/\/www.minderheitensekretariat.de\/nf\/#\/schema\/person\/image\/\",\"url\":\"https:\/\/secure.gravatar.com\/avatar\/370caba7511c95d16d2d05ef3fa57095fae805fdb97d13f46df8534525f106da?s=96&d=mm&r=g\",\"contentUrl\":\"https:\/\/secure.gravatar.com\/avatar\/370caba7511c95d16d2d05ef3fa57095fae805fdb97d13f46df8534525f106da?s=96&d=mm&r=g\",\"caption\":\"Minderheitensekretariat\"},\"sameAs\":[\"https:\/\/www.minderheitensekretariat.de\"],\"url\":\"https:\/\/www.minderheitensekretariat.de\/nf\/author\/minderheitensekretariat\/\"}]}<\/script>\n<!-- \/ Yoast SEO plugin. -->","yoast_head_json":{"title":"Veranstaltung: \u201eWir entkamen auf eigene Faust!\u201c - Minderheitensekretariat","robots":{"index":"index","follow":"follow","max-snippet":"max-snippet:-1","max-image-preview":"max-image-preview:large","max-video-preview":"max-video-preview:-1"},"canonical":"https:\/\/www.minderheitensekretariat.de\/nf\/2025\/02\/26\/veranstaltung-wir-entkamen-auf-eigene-faust\/","og_locale":"en_US","og_type":"article","og_title":"Veranstaltung: \u201eWir entkamen auf eigene Faust!\u201c - Minderheitensekretariat","og_description":"Zeitzeuginnenberichte rum\u00e4nischer Romnja vom Pogrom in Rostock-Lichtenhagen 1992. 27.03.2025 \/ 19:00 \u2013 20:30 Uhr","og_url":"https:\/\/www.minderheitensekretariat.de\/nf\/2025\/02\/26\/veranstaltung-wir-entkamen-auf-eigene-faust\/","og_site_name":"Minderheitensekretariat","article_publisher":"https:\/\/www.facebook.com\/minderheitensekretariat.de","article_published_time":"2025-02-26T09:38:07+00:00","article_modified_time":"2025-02-26T09:42:29+00:00","og_image":[{"width":1754,"height":1240,"url":"https:\/\/www.minderheitensekretariat.de\/wp-content\/uploads\/2023\/02\/Logo_BiFo_Var1_4-zeilig_rgb_RZ_150dpi.jpg","type":"image\/jpeg"}],"author":"Minderheitensekretariat","twitter_card":"summary_large_image","twitter_misc":{"Written by":"Minderheitensekretariat","Est. reading time":"2 minutes"},"schema":{"@context":"https:\/\/schema.org","@graph":[{"@type":"Article","@id":"https:\/\/www.minderheitensekretariat.de\/nf\/2025\/02\/26\/veranstaltung-wir-entkamen-auf-eigene-faust\/#article","isPartOf":{"@id":"https:\/\/www.minderheitensekretariat.de\/nf\/2025\/02\/26\/veranstaltung-wir-entkamen-auf-eigene-faust\/"},"author":{"name":"Minderheitensekretariat","@id":"https:\/\/www.minderheitensekretariat.de\/nf\/#\/schema\/person\/55df1c4c912f10debba5dfc9bc26c1cf"},"headline":"Veranstaltung: \u201eWir entkamen auf eigene Faust!\u201c","datePublished":"2025-02-26T09:38:07+00:00","dateModified":"2025-02-26T09:42:29+00:00","mainEntityOfPage":{"@id":"https:\/\/www.minderheitensekretariat.de\/nf\/2025\/02\/26\/veranstaltung-wir-entkamen-auf-eigene-faust\/"},"wordCount":179,"publisher":{"@id":"https:\/\/www.minderheitensekretariat.de\/nf\/#organization"},"image":{"@id":"https:\/\/www.minderheitensekretariat.de\/nf\/2025\/02\/26\/veranstaltung-wir-entkamen-auf-eigene-faust\/#primaryimage"},"thumbnailUrl":"https:\/\/www.minderheitensekretariat.de\/wp-content\/uploads\/2023\/02\/Logo_BiFo_Var1_4-zeilig_rgb_RZ_150dpi.jpg","articleSection":["Startseite"],"inLanguage":"nf-NF"},{"@type":"WebPage","@id":"https:\/\/www.minderheitensekretariat.de\/nf\/2025\/02\/26\/veranstaltung-wir-entkamen-auf-eigene-faust\/","url":"https:\/\/www.minderheitensekretariat.de\/nf\/2025\/02\/26\/veranstaltung-wir-entkamen-auf-eigene-faust\/","name":"Veranstaltung: \u201eWir entkamen auf eigene Faust!\u201c - Minderheitensekretariat","isPartOf":{"@id":"https:\/\/www.minderheitensekretariat.de\/nf\/#website"},"primaryImageOfPage":{"@id":"https:\/\/www.minderheitensekretariat.de\/nf\/2025\/02\/26\/veranstaltung-wir-entkamen-auf-eigene-faust\/#primaryimage"},"image":{"@id":"https:\/\/www.minderheitensekretariat.de\/nf\/2025\/02\/26\/veranstaltung-wir-entkamen-auf-eigene-faust\/#primaryimage"},"thumbnailUrl":"https:\/\/www.minderheitensekretariat.de\/wp-content\/uploads\/2023\/02\/Logo_BiFo_Var1_4-zeilig_rgb_RZ_150dpi.jpg","datePublished":"2025-02-26T09:38:07+00:00","dateModified":"2025-02-26T09:42:29+00:00","breadcrumb":{"@id":"https:\/\/www.minderheitensekretariat.de\/nf\/2025\/02\/26\/veranstaltung-wir-entkamen-auf-eigene-faust\/#breadcrumb"},"inLanguage":"nf-NF","potentialAction":[{"@type":"ReadAction","target":["https:\/\/www.minderheitensekretariat.de\/nf\/2025\/02\/26\/veranstaltung-wir-entkamen-auf-eigene-faust\/"]}]},{"@type":"ImageObject","inLanguage":"nf-NF","@id":"https:\/\/www.minderheitensekretariat.de\/nf\/2025\/02\/26\/veranstaltung-wir-entkamen-auf-eigene-faust\/#primaryimage","url":"https:\/\/www.minderheitensekretariat.de\/wp-content\/uploads\/2023\/02\/Logo_BiFo_Var1_4-zeilig_rgb_RZ_150dpi.jpg","contentUrl":"https:\/\/www.minderheitensekretariat.de\/wp-content\/uploads\/2023\/02\/Logo_BiFo_Var1_4-zeilig_rgb_RZ_150dpi.jpg","width":1754,"height":1240},{"@type":"BreadcrumbList","@id":"https:\/\/www.minderheitensekretariat.de\/nf\/2025\/02\/26\/veranstaltung-wir-entkamen-auf-eigene-faust\/#breadcrumb","itemListElement":[{"@type":"ListItem","position":1,"name":"Startseite","item":"https:\/\/www.minderheitensekretariat.de\/nf\/"},{"@type":"ListItem","position":2,"name":"Veranstaltung: \u201eWir entkamen auf eigene Faust!\u201c"}]},{"@type":"WebSite","@id":"https:\/\/www.minderheitensekretariat.de\/nf\/#website","url":"https:\/\/www.minderheitensekretariat.de\/nf\/","name":"Minderheitensekretariat","description":"","publisher":{"@id":"https:\/\/www.minderheitensekretariat.de\/nf\/#organization"},"potentialAction":[{"@type":"SearchAction","target":{"@type":"EntryPoint","urlTemplate":"https:\/\/www.minderheitensekretariat.de\/nf\/?s={search_term_string}"},"query-input":{"@type":"PropertyValueSpecification","valueRequired":true,"valueName":"search_term_string"}}],"inLanguage":"nf-NF"},{"@type":"Organization","@id":"https:\/\/www.minderheitensekretariat.de\/nf\/#organization","name":"Minderheitensekretariat","url":"https:\/\/www.minderheitensekretariat.de\/nf\/","logo":{"@type":"ImageObject","inLanguage":"nf-NF","@id":"https:\/\/www.minderheitensekretariat.de\/nf\/#\/schema\/logo\/image\/","url":"https:\/\/www.minderheitensekretariat.de\/wp-content\/uploads\/2023\/03\/Min_sek_Logo_4c.jpg","contentUrl":"https:\/\/www.minderheitensekretariat.de\/wp-content\/uploads\/2023\/03\/Min_sek_Logo_4c.jpg","width":984,"height":236,"caption":"Minderheitensekretariat"},"image":{"@id":"https:\/\/www.minderheitensekretariat.de\/nf\/#\/schema\/logo\/image\/"},"sameAs":["https:\/\/www.facebook.com\/minderheitensekretariat.de"]},{"@type":"Person","@id":"https:\/\/www.minderheitensekretariat.de\/nf\/#\/schema\/person\/55df1c4c912f10debba5dfc9bc26c1cf","name":"Minderheitensekretariat","image":{"@type":"ImageObject","inLanguage":"nf-NF","@id":"https:\/\/www.minderheitensekretariat.de\/nf\/#\/schema\/person\/image\/","url":"https:\/\/secure.gravatar.com\/avatar\/370caba7511c95d16d2d05ef3fa57095fae805fdb97d13f46df8534525f106da?s=96&d=mm&r=g","contentUrl":"https:\/\/secure.gravatar.com\/avatar\/370caba7511c95d16d2d05ef3fa57095fae805fdb97d13f46df8534525f106da?s=96&d=mm&r=g","caption":"Minderheitensekretariat"},"sameAs":["https:\/\/www.minderheitensekretariat.de"],"url":"https:\/\/www.minderheitensekretariat.de\/nf\/author\/minderheitensekretariat\/"}]}},"_links":{"self":[{"href":"https:\/\/www.minderheitensekretariat.de\/nf\/wp-json\/wp\/v2\/posts\/19109","targetHints":{"allow":["GET"]}}],"collection":[{"href":"https:\/\/www.minderheitensekretariat.de\/nf\/wp-json\/wp\/v2\/posts"}],"about":[{"href":"https:\/\/www.minderheitensekretariat.de\/nf\/wp-json\/wp\/v2\/types\/post"}],"author":[{"embeddable":true,"href":"https:\/\/www.minderheitensekretariat.de\/nf\/wp-json\/wp\/v2\/users\/1"}],"replies":[{"embeddable":true,"href":"https:\/\/www.minderheitensekretariat.de\/nf\/wp-json\/wp\/v2\/comments?post=19109"}],"version-history":[{"count":7,"href":"https:\/\/www.minderheitensekretariat.de\/nf\/wp-json\/wp\/v2\/posts\/19109\/revisions"}],"predecessor-version":[{"id":19124,"href":"https:\/\/www.minderheitensekretariat.de\/nf\/wp-json\/wp\/v2\/posts\/19109\/revisions\/19124"}],"wp:featuredmedia":[{"embeddable":true,"href":"https:\/\/www.minderheitensekretariat.de\/nf\/wp-json\/wp\/v2\/media\/10358"}],"wp:attachment":[{"href":"https:\/\/www.minderheitensekretariat.de\/nf\/wp-json\/wp\/v2\/media?parent=19109"}],"wp:term":[{"taxonomy":"category","embeddable":true,"href":"https:\/\/www.minderheitensekretariat.de\/nf\/wp-json\/wp\/v2\/categories?post=19109"},{"taxonomy":"post_tag","embeddable":true,"href":"https:\/\/www.minderheitensekretariat.de\/nf\/wp-json\/wp\/v2\/tags?post=19109"}],"curies":[{"name":"wp","href":"https:\/\/api.w.org\/{rel}","templated":true}]}}