{"id":20316,"date":"2025-05-19T11:39:41","date_gmt":"2025-05-19T09:39:41","guid":{"rendered":"https:\/\/www.minderheitensekretariat.de\/?p=20316"},"modified":"2025-05-19T11:43:05","modified_gmt":"2025-05-19T09:43:05","slug":"lasse-rodewald-wird-neuer-ssf-generalsekretaer","status":"publish","type":"post","link":"https:\/\/www.minderheitensekretariat.de\/nf\/2025\/05\/19\/lasse-rodewald-wird-neuer-ssf-generalsekretaer\/","title":{"rendered":"Lasse Rodewald wird neuer SSF-Generalsekret\u00e4r"},"content":{"rendered":"\t\t<div data-elementor-type=\"wp-post\" data-elementor-id=\"20316\" class=\"elementor elementor-20316\" data-elementor-post-type=\"post\">\n\t\t\t\t\t\t<section class=\"elementor-section elementor-top-section elementor-element elementor-element-7333b6f elementor-section-boxed elementor-section-height-default elementor-section-height-default\" data-id=\"7333b6f\" data-element_type=\"section\" data-settings=\"{&quot;background_background&quot;:&quot;gradient&quot;}\">\n\t\t\t\t\t\t\t<div class=\"elementor-background-overlay\"><\/div>\n\t\t\t\t\t\t\t<div class=\"elementor-container elementor-column-gap-default\">\n\t\t\t\t\t<div class=\"elementor-column elementor-col-100 elementor-top-column elementor-element elementor-element-1b921a3\" data-id=\"1b921a3\" data-element_type=\"column\">\n\t\t\t<div class=\"elementor-widget-wrap elementor-element-populated\">\n\t\t\t\t\t\t<section class=\"elementor-section elementor-inner-section elementor-element elementor-element-b0fb436 elementor-section-full_width elementor-section-height-default elementor-section-height-default\" data-id=\"b0fb436\" data-element_type=\"section\">\n\t\t\t\t\t\t<div class=\"elementor-container elementor-column-gap-default\">\n\t\t\t\t\t<div class=\"elementor-column elementor-col-50 elementor-inner-column elementor-element elementor-element-fa2d1aa\" data-id=\"fa2d1aa\" data-element_type=\"column\">\n\t\t\t<div class=\"elementor-widget-wrap elementor-element-populated\">\n\t\t\t\t\t\t<div class=\"elementor-element elementor-element-ea2fe1b elementor-widget elementor-widget-image\" data-id=\"ea2fe1b\" data-element_type=\"widget\" data-widget_type=\"image.default\">\n\t\t\t\t<div class=\"elementor-widget-container\">\n\t\t\t\t\t\t\t\t\t\t<figure class=\"wp-caption\">\n\t\t\t\t\t\t\t\t\t\t<img fetchpriority=\"high\" decoding=\"async\" width=\"800\" height=\"300\" src=\"https:\/\/www.minderheitensekretariat.de\/wp-content\/uploads\/2022\/08\/SSF_Logo-3-1024x384.png\" class=\"attachment-large size-large wp-image-5257\" alt=\"\" srcset=\"https:\/\/www.minderheitensekretariat.de\/wp-content\/uploads\/2022\/08\/SSF_Logo-3-1024x384.png 1024w, https:\/\/www.minderheitensekretariat.de\/wp-content\/uploads\/2022\/08\/SSF_Logo-3-300x113.png 300w, https:\/\/www.minderheitensekretariat.de\/wp-content\/uploads\/2022\/08\/SSF_Logo-3-768x288.png 768w, https:\/\/www.minderheitensekretariat.de\/wp-content\/uploads\/2022\/08\/SSF_Logo-3.png 1200w\" sizes=\"(max-width: 800px) 100vw, 800px\" \/>\t\t\t\t\t\t\t\t\t\t\t<figcaption class=\"widget-image-caption wp-caption-text\"><\/figcaption>\n\t\t\t\t\t\t\t\t\t\t<\/figure>\n\t\t\t\t\t\t\t<\/div>\n\t\t\t\t<\/div>\n\t\t\t\t\t<\/div>\n\t\t<\/div>\n\t\t\t\t<div class=\"elementor-column elementor-col-50 elementor-inner-column elementor-element elementor-element-f592ef7\" data-id=\"f592ef7\" data-element_type=\"column\">\n\t\t\t<div class=\"elementor-widget-wrap elementor-element-populated\">\n\t\t\t\t\t\t<div class=\"elementor-element elementor-element-03b0f5e elementor-widget elementor-widget-text-editor\" data-id=\"03b0f5e\" data-element_type=\"widget\" data-widget_type=\"text-editor.default\">\n\t\t\t\t<div class=\"elementor-widget-container\">\n\t\t\t\t\t\t\t19\/05\/2025\t\t\t\t\t\t<\/div>\n\t\t\t\t<\/div>\n\t\t\t\t<div class=\"elementor-element elementor-element-1a51d24 elementor-widget elementor-widget-text-editor\" data-id=\"1a51d24\" data-element_type=\"widget\" data-widget_type=\"text-editor.default\">\n\t\t\t\t<div class=\"elementor-widget-container\">\n\t\t\t\t\t\t\tLasse Rodewald wird Nachfolger von Jens A. Christiansen, der am 30. September 2025 in den Ruhestand geht. \t\t\t\t\t\t<\/div>\n\t\t\t\t<\/div>\n\t\t\t\t<div class=\"elementor-element elementor-element-2aa7c17 elementor-widget-divider--view-line elementor-widget elementor-widget-divider\" data-id=\"2aa7c17\" data-element_type=\"widget\" data-widget_type=\"divider.default\">\n\t\t\t\t<div class=\"elementor-widget-container\">\n\t\t\t\t\t<div class=\"elementor-divider\">\n\t\t\t<span class=\"elementor-divider-separator\">\n\t\t\t\t\t\t<\/span>\n\t\t<\/div>\n\t\t\t\t<\/div>\n\t\t\t\t<\/div>\n\t\t\t\t\t<\/div>\n\t\t<\/div>\n\t\t\t\t\t<\/div>\n\t\t<\/section>\n\t\t\t\t<div class=\"elementor-element elementor-element-87b8590 elementor-hidden-mobile elementor-invisible elementor-widget elementor-widget-image\" data-id=\"87b8590\" data-element_type=\"widget\" data-settings=\"{&quot;_animation&quot;:&quot;fadeInDown&quot;,&quot;_animation_delay&quot;:1000}\" data-widget_type=\"image.default\">\n\t\t\t\t<div class=\"elementor-widget-container\">\n\t\t\t\t\t\t\t\t\t\t\t\t\t\t<a href=\"#mehr\">\n\t\t\t\t\t\t\t<img decoding=\"async\" width=\"27\" height=\"15\" src=\"https:\/\/www.minderheitensekretariat.de\/wp-content\/uploads\/2022\/07\/arrow_down.svg\" class=\"elementor-animation-shrink attachment-large size-large wp-image-657\" alt=\"\" \/>\t\t\t\t\t\t\t\t<\/a>\n\t\t\t\t\t\t\t\t\t\t\t\t\t<\/div>\n\t\t\t\t<\/div>\n\t\t\t\t<section class=\"elementor-section elementor-inner-section elementor-element elementor-element-8629abe elementor-section-boxed elementor-section-height-default elementor-section-height-default\" data-id=\"8629abe\" data-element_type=\"section\">\n\t\t\t\t\t\t<div class=\"elementor-container elementor-column-gap-default\">\n\t\t\t\t\t<div class=\"elementor-column elementor-col-100 elementor-inner-column elementor-element elementor-element-8fa23c1\" data-id=\"8fa23c1\" data-element_type=\"column\">\n\t\t\t<div class=\"elementor-widget-wrap elementor-element-populated\">\n\t\t\t\t\t\t<div class=\"elementor-element elementor-element-2440ca1 elementor-widget elementor-widget-heading\" data-id=\"2440ca1\" data-element_type=\"widget\" data-widget_type=\"heading.default\">\n\t\t\t\t<div class=\"elementor-widget-container\">\n\t\t\t<h2 class=\"elementor-heading-title elementor-size-default\">Lasse Rodewald wird neuer SSF-Generalsekret\u00e4r<\/h2>\t\t<\/div>\n\t\t\t\t<\/div>\n\t\t\t\t<div class=\"elementor-element elementor-element-c01359a elementor-widget elementor-widget-text-editor\" data-id=\"c01359a\" data-element_type=\"widget\" data-widget_type=\"text-editor.default\">\n\t\t\t\t<div class=\"elementor-widget-container\">\n\t\t\t\t\t\t\t<p>&#8211; &#8220;Es war ein spannender Prozess mit einem starken Bewerberfeld\u201c, sagt die SSF-Vorsitzende Gitte Hougaard-Werner.<\/p><p>&#8211; &#8220;Und mit Lasse Rodewald haben wir einen Generalsekret\u00e4r gefunden, der das ganze Paket hat&#8221;, f\u00fcgt sie hinzu.<\/p><p>Lasse Rodewald kommt von der Deutschen Botschaft in Kopenhagen, wo er bis zu seinem Wechsel zum SSF als Leiter der Abteilung Kultur und Presse t\u00e4tig ist. In dieser Funktion hat er sich mit Personalmanagement, politischer und strategischer Beratung, Entwicklung, Projektmanagement, Budgetmanagement, Vermittlung und Kommunikation besch\u00e4ftigt. Lasse Rodewald verf\u00fcgt \u00fcber mehrj\u00e4hrige Erfahrung in einem hochpolitischen Umfeld, wo er in engem Kontakt mit d\u00e4nischen und deutschen Entscheidungstr\u00e4gern gearbeitet hat. In diesem Zusammenhang hat er sich auch mit dem d\u00e4nisch-deutschen Grenzland und Minderheitenfragen besch\u00e4ftigt. Themen, die ihm nicht fremd sind, denn Lasse Rodewald ist in S\u00fcdschleswig geboren und aufgewachsen. Er besuchte zun\u00e4chst die Jens-Jessen-Skolen und machte dann sein Abitur an der Duborg-Skolen.<\/p><p>Anschlie\u00dfend zog er nach Kopenhagen, wo er am Saxo-Institut der Universit\u00e4t Kopenhagen Geschichte studierte. Aber Lasse Rodewald ist seinen s\u00fcdschleswigschen Wurzeln immer treu geblieben. So gr\u00fcndete er den S\u00fcdschleswigschen Fu\u00dfballverein \u201eFF Ejder Brigaden\u201c, f\u00fcr den er immer noch spielt.<\/p><p>&#8211; Lasse Rodewald ist ein erfahrener B\u00fcroleiter, der der d\u00e4nischen Minderheit in S\u00fcdschleswig entstammt. Er verf\u00fcgt \u00fcber ausgezeichnete diplomatische F\u00e4higkeiten, Geschichtskenntnisse und ein starkes Netzwerk. &#8220;Dar\u00fcber hinaus hat er Erfahrung mit Budget- und Projektmanagement und ist ein geschickter und fundierter Kommunikator&#8221;, sagt Gitte Hougaard-Werner.<\/p><p>Lasse Rodewald sagt:<br \/>&#8211; &#8220;Das gut gew\u00e4hlte Motto der Jahrestreffen (\u00c5rsm\u00f8der) \u201cLang lebe die Minderheit!\u201c ist auch ein wichtiger Auftrag f\u00fcr die Zukunft. Die Voraussetzung daf\u00fcr, dass die Minderheit lange lebt, ist ein gut gef\u00fchrter S\u00fcdschleswigscher Verein.&#8221; Mit seinem vielf\u00e4ltigen und unsch\u00e4tzbaren Einsatz f\u00fcr die d\u00e4nische Sprache, Kultur, Identit\u00e4t und Gemeinschaft ist der SSF eine S\u00e4ule der D\u00e4nischgesinnten s\u00fcdlich der Grenze, gerade weil die Organisation durch das bewundernswerte ehrenamtliche Engagement und seine Vereinsstruktur in ganz S\u00fcdschleswig verwurzelt ist. Mit meinen Erfahrungen in den Bereichen Management, Projektentwicklung und Innovation werde ich zur weiteren Entwicklung vom SSF beitragen.<\/p><p>Lasse Rodewald ist verheiratet und das Paar hat zwei Kinder. Die Familie wird vor Antritt der Stelle am 1. Oktober nach S\u00fcdschleswig umziehen.<\/p><p>Der SSF ist die kulturelle Hauptorganisation der d\u00e4nischen Minderheit und mit rund 16.000 Mitgliedern der gr\u00f6\u00dfte d\u00e4nische Verein in S\u00fcdschleswig.<\/p>\t\t\t\t\t\t<\/div>\n\t\t\t\t<\/div>\n\t\t\t\t<div class=\"elementor-element elementor-element-11cb160 elementor-widget elementor-widget-text-editor\" data-id=\"11cb160\" data-element_type=\"widget\" data-widget_type=\"text-editor.default\">\n\t\t\t\t<div class=\"elementor-widget-container\">\n\t\t\t\t\t\t\t<p><span style=\"color: var( --e-global-color-39532aa ); letter-spacing: 0px; background-color: transparent;\">(Quelle: SSF, 15.05.2025<\/span><span style=\"color: var( --e-global-color-39532aa ); letter-spacing: 0px; background-color: transparent;\">)<\/span><\/p>\t\t\t\t\t\t<\/div>\n\t\t\t\t<\/div>\n\t\t\t\t\t<\/div>\n\t\t<\/div>\n\t\t\t\t\t<\/div>\n\t\t<\/section>\n\t\t\t\t<section class=\"elementor-section elementor-inner-section elementor-element elementor-element-79ac782 elementor-section-boxed elementor-section-height-default elementor-section-height-default\" data-id=\"79ac782\" data-element_type=\"section\">\n\t\t\t\t\t\t<div class=\"elementor-container elementor-column-gap-default\">\n\t\t\t\t\t<div class=\"elementor-column elementor-col-100 elementor-inner-column elementor-element elementor-element-535e876\" data-id=\"535e876\" data-element_type=\"column\">\n\t\t\t<div class=\"elementor-widget-wrap elementor-element-populated\">\n\t\t\t\t\t\t<div class=\"elementor-element elementor-element-96396bc elementor-align-center elementor-widget elementor-widget-button\" data-id=\"96396bc\" data-element_type=\"widget\" data-widget_type=\"button.default\">\n\t\t\t\t<div class=\"elementor-widget-container\">\n\t\t\t\t\t\t\t<div class=\"elementor-button-wrapper\">\n\t\t\t\t\t<a class=\"elementor-button elementor-button-link elementor-size-sm\" href=\"\/aktuelles\/\">\n\t\t\t\t\t\t<span class=\"elementor-button-content-wrapper\">\n\t\t\t\t\t\t\t\t\t<span class=\"elementor-button-text\">Zur\u00fcck zur \u00dcbersicht<\/span>\n\t\t\t\t\t<\/span>\n\t\t\t\t\t<\/a>\n\t\t\t\t<\/div>\n\t\t\t\t\t\t<\/div>\n\t\t\t\t<\/div>\n\t\t\t\t\t<\/div>\n\t\t<\/div>\n\t\t\t\t\t<\/div>\n\t\t<\/section>\n\t\t\t\t\t<\/div>\n\t\t<\/div>\n\t\t\t\t\t<\/div>\n\t\t<\/section>\n\t\t\t\t<\/div>\n\t\t","protected":false},"excerpt":{"rendered":"<p>Lasse Rodewald wird Nachfolger von Jens A. Christiansen, der am 30. September 2025 in den Ruhestand geht. <\/p>\n","protected":false},"author":1,"featured_media":5257,"comment_status":"closed","ping_status":"closed","sticky":false,"template":"elementor_header_footer","format":"standard","meta":{"footnotes":""},"categories":[49],"tags":[],"class_list":["post-20316","post","type-post","status-publish","format-standard","has-post-thumbnail","hentry","category-startseite"],"yoast_head":"<!-- This site is optimized with the Yoast SEO plugin v23.8 - https:\/\/yoast.com\/wordpress\/plugins\/seo\/ -->\n<title>Lasse Rodewald wird neuer SSF-Generalsekret\u00e4r - Minderheitensekretariat<\/title>\n<meta name=\"robots\" content=\"index, follow, max-snippet:-1, max-image-preview:large, max-video-preview:-1\" \/>\n<link rel=\"canonical\" href=\"https:\/\/www.minderheitensekretariat.de\/nf\/2025\/05\/19\/lasse-rodewald-wird-neuer-ssf-generalsekretaer\/\" \/>\n<meta property=\"og:locale\" content=\"en_US\" \/>\n<meta property=\"og:type\" content=\"article\" \/>\n<meta property=\"og:title\" content=\"Lasse Rodewald wird neuer SSF-Generalsekret\u00e4r - Minderheitensekretariat\" \/>\n<meta property=\"og:description\" content=\"Lasse Rodewald wird Nachfolger von Jens A. Christiansen, der am 30. September 2025 in den Ruhestand geht.\" \/>\n<meta property=\"og:url\" content=\"https:\/\/www.minderheitensekretariat.de\/nf\/2025\/05\/19\/lasse-rodewald-wird-neuer-ssf-generalsekretaer\/\" \/>\n<meta property=\"og:site_name\" content=\"Minderheitensekretariat\" \/>\n<meta property=\"article:publisher\" content=\"https:\/\/www.facebook.com\/minderheitensekretariat.de\" \/>\n<meta property=\"article:published_time\" content=\"2025-05-19T09:39:41+00:00\" \/>\n<meta property=\"article:modified_time\" content=\"2025-05-19T09:43:05+00:00\" \/>\n<meta property=\"og:image\" content=\"https:\/\/www.minderheitensekretariat.de\/wp-content\/uploads\/2022\/08\/SSF_Logo-3.png\" \/>\n\t<meta property=\"og:image:width\" content=\"1200\" \/>\n\t<meta property=\"og:image:height\" content=\"450\" \/>\n\t<meta property=\"og:image:type\" content=\"image\/png\" \/>\n<meta name=\"author\" content=\"Minderheitensekretariat\" \/>\n<meta name=\"twitter:card\" content=\"summary_large_image\" \/>\n<meta name=\"twitter:label1\" content=\"Written by\" \/>\n\t<meta name=\"twitter:data1\" content=\"Minderheitensekretariat\" \/>\n\t<meta name=\"twitter:label2\" content=\"Est. reading time\" \/>\n\t<meta name=\"twitter:data2\" content=\"3 minutes\" \/>\n<script type=\"application\/ld+json\" class=\"yoast-schema-graph\">{\"@context\":\"https:\/\/schema.org\",\"@graph\":[{\"@type\":\"Article\",\"@id\":\"https:\/\/www.minderheitensekretariat.de\/nf\/2025\/05\/19\/lasse-rodewald-wird-neuer-ssf-generalsekretaer\/#article\",\"isPartOf\":{\"@id\":\"https:\/\/www.minderheitensekretariat.de\/nf\/2025\/05\/19\/lasse-rodewald-wird-neuer-ssf-generalsekretaer\/\"},\"author\":{\"name\":\"Minderheitensekretariat\",\"@id\":\"https:\/\/www.minderheitensekretariat.de\/nf\/#\/schema\/person\/55df1c4c912f10debba5dfc9bc26c1cf\"},\"headline\":\"Lasse Rodewald wird neuer SSF-Generalsekret\u00e4r\",\"datePublished\":\"2025-05-19T09:39:41+00:00\",\"dateModified\":\"2025-05-19T09:43:05+00:00\",\"mainEntityOfPage\":{\"@id\":\"https:\/\/www.minderheitensekretariat.de\/nf\/2025\/05\/19\/lasse-rodewald-wird-neuer-ssf-generalsekretaer\/\"},\"wordCount\":425,\"publisher\":{\"@id\":\"https:\/\/www.minderheitensekretariat.de\/nf\/#organization\"},\"image\":{\"@id\":\"https:\/\/www.minderheitensekretariat.de\/nf\/2025\/05\/19\/lasse-rodewald-wird-neuer-ssf-generalsekretaer\/#primaryimage\"},\"thumbnailUrl\":\"https:\/\/www.minderheitensekretariat.de\/wp-content\/uploads\/2022\/08\/SSF_Logo-3.png\",\"articleSection\":[\"Startseite\"],\"inLanguage\":\"nf-NF\"},{\"@type\":\"WebPage\",\"@id\":\"https:\/\/www.minderheitensekretariat.de\/nf\/2025\/05\/19\/lasse-rodewald-wird-neuer-ssf-generalsekretaer\/\",\"url\":\"https:\/\/www.minderheitensekretariat.de\/nf\/2025\/05\/19\/lasse-rodewald-wird-neuer-ssf-generalsekretaer\/\",\"name\":\"Lasse Rodewald wird neuer SSF-Generalsekret\u00e4r - Minderheitensekretariat\",\"isPartOf\":{\"@id\":\"https:\/\/www.minderheitensekretariat.de\/nf\/#website\"},\"primaryImageOfPage\":{\"@id\":\"https:\/\/www.minderheitensekretariat.de\/nf\/2025\/05\/19\/lasse-rodewald-wird-neuer-ssf-generalsekretaer\/#primaryimage\"},\"image\":{\"@id\":\"https:\/\/www.minderheitensekretariat.de\/nf\/2025\/05\/19\/lasse-rodewald-wird-neuer-ssf-generalsekretaer\/#primaryimage\"},\"thumbnailUrl\":\"https:\/\/www.minderheitensekretariat.de\/wp-content\/uploads\/2022\/08\/SSF_Logo-3.png\",\"datePublished\":\"2025-05-19T09:39:41+00:00\",\"dateModified\":\"2025-05-19T09:43:05+00:00\",\"breadcrumb\":{\"@id\":\"https:\/\/www.minderheitensekretariat.de\/nf\/2025\/05\/19\/lasse-rodewald-wird-neuer-ssf-generalsekretaer\/#breadcrumb\"},\"inLanguage\":\"nf-NF\",\"potentialAction\":[{\"@type\":\"ReadAction\",\"target\":[\"https:\/\/www.minderheitensekretariat.de\/nf\/2025\/05\/19\/lasse-rodewald-wird-neuer-ssf-generalsekretaer\/\"]}]},{\"@type\":\"ImageObject\",\"inLanguage\":\"nf-NF\",\"@id\":\"https:\/\/www.minderheitensekretariat.de\/nf\/2025\/05\/19\/lasse-rodewald-wird-neuer-ssf-generalsekretaer\/#primaryimage\",\"url\":\"https:\/\/www.minderheitensekretariat.de\/wp-content\/uploads\/2022\/08\/SSF_Logo-3.png\",\"contentUrl\":\"https:\/\/www.minderheitensekretariat.de\/wp-content\/uploads\/2022\/08\/SSF_Logo-3.png\",\"width\":1200,\"height\":450},{\"@type\":\"BreadcrumbList\",\"@id\":\"https:\/\/www.minderheitensekretariat.de\/nf\/2025\/05\/19\/lasse-rodewald-wird-neuer-ssf-generalsekretaer\/#breadcrumb\",\"itemListElement\":[{\"@type\":\"ListItem\",\"position\":1,\"name\":\"Startseite\",\"item\":\"https:\/\/www.minderheitensekretariat.de\/nf\/\"},{\"@type\":\"ListItem\",\"position\":2,\"name\":\"Lasse Rodewald wird neuer SSF-Generalsekret\u00e4r\"}]},{\"@type\":\"WebSite\",\"@id\":\"https:\/\/www.minderheitensekretariat.de\/nf\/#website\",\"url\":\"https:\/\/www.minderheitensekretariat.de\/nf\/\",\"name\":\"Minderheitensekretariat\",\"description\":\"\",\"publisher\":{\"@id\":\"https:\/\/www.minderheitensekretariat.de\/nf\/#organization\"},\"potentialAction\":[{\"@type\":\"SearchAction\",\"target\":{\"@type\":\"EntryPoint\",\"urlTemplate\":\"https:\/\/www.minderheitensekretariat.de\/nf\/?s={search_term_string}\"},\"query-input\":{\"@type\":\"PropertyValueSpecification\",\"valueRequired\":true,\"valueName\":\"search_term_string\"}}],\"inLanguage\":\"nf-NF\"},{\"@type\":\"Organization\",\"@id\":\"https:\/\/www.minderheitensekretariat.de\/nf\/#organization\",\"name\":\"Minderheitensekretariat\",\"url\":\"https:\/\/www.minderheitensekretariat.de\/nf\/\",\"logo\":{\"@type\":\"ImageObject\",\"inLanguage\":\"nf-NF\",\"@id\":\"https:\/\/www.minderheitensekretariat.de\/nf\/#\/schema\/logo\/image\/\",\"url\":\"https:\/\/www.minderheitensekretariat.de\/wp-content\/uploads\/2023\/03\/Min_sek_Logo_4c.jpg\",\"contentUrl\":\"https:\/\/www.minderheitensekretariat.de\/wp-content\/uploads\/2023\/03\/Min_sek_Logo_4c.jpg\",\"width\":984,\"height\":236,\"caption\":\"Minderheitensekretariat\"},\"image\":{\"@id\":\"https:\/\/www.minderheitensekretariat.de\/nf\/#\/schema\/logo\/image\/\"},\"sameAs\":[\"https:\/\/www.facebook.com\/minderheitensekretariat.de\"]},{\"@type\":\"Person\",\"@id\":\"https:\/\/www.minderheitensekretariat.de\/nf\/#\/schema\/person\/55df1c4c912f10debba5dfc9bc26c1cf\",\"name\":\"Minderheitensekretariat\",\"image\":{\"@type\":\"ImageObject\",\"inLanguage\":\"nf-NF\",\"@id\":\"https:\/\/www.minderheitensekretariat.de\/nf\/#\/schema\/person\/image\/\",\"url\":\"https:\/\/secure.gravatar.com\/avatar\/370caba7511c95d16d2d05ef3fa57095fae805fdb97d13f46df8534525f106da?s=96&d=mm&r=g\",\"contentUrl\":\"https:\/\/secure.gravatar.com\/avatar\/370caba7511c95d16d2d05ef3fa57095fae805fdb97d13f46df8534525f106da?s=96&d=mm&r=g\",\"caption\":\"Minderheitensekretariat\"},\"sameAs\":[\"https:\/\/www.minderheitensekretariat.de\"],\"url\":\"https:\/\/www.minderheitensekretariat.de\/nf\/author\/minderheitensekretariat\/\"}]}<\/script>\n<!-- \/ Yoast SEO plugin. -->","yoast_head_json":{"title":"Lasse Rodewald wird neuer SSF-Generalsekret\u00e4r - Minderheitensekretariat","robots":{"index":"index","follow":"follow","max-snippet":"max-snippet:-1","max-image-preview":"max-image-preview:large","max-video-preview":"max-video-preview:-1"},"canonical":"https:\/\/www.minderheitensekretariat.de\/nf\/2025\/05\/19\/lasse-rodewald-wird-neuer-ssf-generalsekretaer\/","og_locale":"en_US","og_type":"article","og_title":"Lasse Rodewald wird neuer SSF-Generalsekret\u00e4r - Minderheitensekretariat","og_description":"Lasse Rodewald wird Nachfolger von Jens A. Christiansen, der am 30. September 2025 in den Ruhestand geht.","og_url":"https:\/\/www.minderheitensekretariat.de\/nf\/2025\/05\/19\/lasse-rodewald-wird-neuer-ssf-generalsekretaer\/","og_site_name":"Minderheitensekretariat","article_publisher":"https:\/\/www.facebook.com\/minderheitensekretariat.de","article_published_time":"2025-05-19T09:39:41+00:00","article_modified_time":"2025-05-19T09:43:05+00:00","og_image":[{"width":1200,"height":450,"url":"https:\/\/www.minderheitensekretariat.de\/wp-content\/uploads\/2022\/08\/SSF_Logo-3.png","type":"image\/png"}],"author":"Minderheitensekretariat","twitter_card":"summary_large_image","twitter_misc":{"Written by":"Minderheitensekretariat","Est. reading time":"3 minutes"},"schema":{"@context":"https:\/\/schema.org","@graph":[{"@type":"Article","@id":"https:\/\/www.minderheitensekretariat.de\/nf\/2025\/05\/19\/lasse-rodewald-wird-neuer-ssf-generalsekretaer\/#article","isPartOf":{"@id":"https:\/\/www.minderheitensekretariat.de\/nf\/2025\/05\/19\/lasse-rodewald-wird-neuer-ssf-generalsekretaer\/"},"author":{"name":"Minderheitensekretariat","@id":"https:\/\/www.minderheitensekretariat.de\/nf\/#\/schema\/person\/55df1c4c912f10debba5dfc9bc26c1cf"},"headline":"Lasse Rodewald wird neuer SSF-Generalsekret\u00e4r","datePublished":"2025-05-19T09:39:41+00:00","dateModified":"2025-05-19T09:43:05+00:00","mainEntityOfPage":{"@id":"https:\/\/www.minderheitensekretariat.de\/nf\/2025\/05\/19\/lasse-rodewald-wird-neuer-ssf-generalsekretaer\/"},"wordCount":425,"publisher":{"@id":"https:\/\/www.minderheitensekretariat.de\/nf\/#organization"},"image":{"@id":"https:\/\/www.minderheitensekretariat.de\/nf\/2025\/05\/19\/lasse-rodewald-wird-neuer-ssf-generalsekretaer\/#primaryimage"},"thumbnailUrl":"https:\/\/www.minderheitensekretariat.de\/wp-content\/uploads\/2022\/08\/SSF_Logo-3.png","articleSection":["Startseite"],"inLanguage":"nf-NF"},{"@type":"WebPage","@id":"https:\/\/www.minderheitensekretariat.de\/nf\/2025\/05\/19\/lasse-rodewald-wird-neuer-ssf-generalsekretaer\/","url":"https:\/\/www.minderheitensekretariat.de\/nf\/2025\/05\/19\/lasse-rodewald-wird-neuer-ssf-generalsekretaer\/","name":"Lasse Rodewald wird neuer SSF-Generalsekret\u00e4r - Minderheitensekretariat","isPartOf":{"@id":"https:\/\/www.minderheitensekretariat.de\/nf\/#website"},"primaryImageOfPage":{"@id":"https:\/\/www.minderheitensekretariat.de\/nf\/2025\/05\/19\/lasse-rodewald-wird-neuer-ssf-generalsekretaer\/#primaryimage"},"image":{"@id":"https:\/\/www.minderheitensekretariat.de\/nf\/2025\/05\/19\/lasse-rodewald-wird-neuer-ssf-generalsekretaer\/#primaryimage"},"thumbnailUrl":"https:\/\/www.minderheitensekretariat.de\/wp-content\/uploads\/2022\/08\/SSF_Logo-3.png","datePublished":"2025-05-19T09:39:41+00:00","dateModified":"2025-05-19T09:43:05+00:00","breadcrumb":{"@id":"https:\/\/www.minderheitensekretariat.de\/nf\/2025\/05\/19\/lasse-rodewald-wird-neuer-ssf-generalsekretaer\/#breadcrumb"},"inLanguage":"nf-NF","potentialAction":[{"@type":"ReadAction","target":["https:\/\/www.minderheitensekretariat.de\/nf\/2025\/05\/19\/lasse-rodewald-wird-neuer-ssf-generalsekretaer\/"]}]},{"@type":"ImageObject","inLanguage":"nf-NF","@id":"https:\/\/www.minderheitensekretariat.de\/nf\/2025\/05\/19\/lasse-rodewald-wird-neuer-ssf-generalsekretaer\/#primaryimage","url":"https:\/\/www.minderheitensekretariat.de\/wp-content\/uploads\/2022\/08\/SSF_Logo-3.png","contentUrl":"https:\/\/www.minderheitensekretariat.de\/wp-content\/uploads\/2022\/08\/SSF_Logo-3.png","width":1200,"height":450},{"@type":"BreadcrumbList","@id":"https:\/\/www.minderheitensekretariat.de\/nf\/2025\/05\/19\/lasse-rodewald-wird-neuer-ssf-generalsekretaer\/#breadcrumb","itemListElement":[{"@type":"ListItem","position":1,"name":"Startseite","item":"https:\/\/www.minderheitensekretariat.de\/nf\/"},{"@type":"ListItem","position":2,"name":"Lasse Rodewald wird neuer SSF-Generalsekret\u00e4r"}]},{"@type":"WebSite","@id":"https:\/\/www.minderheitensekretariat.de\/nf\/#website","url":"https:\/\/www.minderheitensekretariat.de\/nf\/","name":"Minderheitensekretariat","description":"","publisher":{"@id":"https:\/\/www.minderheitensekretariat.de\/nf\/#organization"},"potentialAction":[{"@type":"SearchAction","target":{"@type":"EntryPoint","urlTemplate":"https:\/\/www.minderheitensekretariat.de\/nf\/?s={search_term_string}"},"query-input":{"@type":"PropertyValueSpecification","valueRequired":true,"valueName":"search_term_string"}}],"inLanguage":"nf-NF"},{"@type":"Organization","@id":"https:\/\/www.minderheitensekretariat.de\/nf\/#organization","name":"Minderheitensekretariat","url":"https:\/\/www.minderheitensekretariat.de\/nf\/","logo":{"@type":"ImageObject","inLanguage":"nf-NF","@id":"https:\/\/www.minderheitensekretariat.de\/nf\/#\/schema\/logo\/image\/","url":"https:\/\/www.minderheitensekretariat.de\/wp-content\/uploads\/2023\/03\/Min_sek_Logo_4c.jpg","contentUrl":"https:\/\/www.minderheitensekretariat.de\/wp-content\/uploads\/2023\/03\/Min_sek_Logo_4c.jpg","width":984,"height":236,"caption":"Minderheitensekretariat"},"image":{"@id":"https:\/\/www.minderheitensekretariat.de\/nf\/#\/schema\/logo\/image\/"},"sameAs":["https:\/\/www.facebook.com\/minderheitensekretariat.de"]},{"@type":"Person","@id":"https:\/\/www.minderheitensekretariat.de\/nf\/#\/schema\/person\/55df1c4c912f10debba5dfc9bc26c1cf","name":"Minderheitensekretariat","image":{"@type":"ImageObject","inLanguage":"nf-NF","@id":"https:\/\/www.minderheitensekretariat.de\/nf\/#\/schema\/person\/image\/","url":"https:\/\/secure.gravatar.com\/avatar\/370caba7511c95d16d2d05ef3fa57095fae805fdb97d13f46df8534525f106da?s=96&d=mm&r=g","contentUrl":"https:\/\/secure.gravatar.com\/avatar\/370caba7511c95d16d2d05ef3fa57095fae805fdb97d13f46df8534525f106da?s=96&d=mm&r=g","caption":"Minderheitensekretariat"},"sameAs":["https:\/\/www.minderheitensekretariat.de"],"url":"https:\/\/www.minderheitensekretariat.de\/nf\/author\/minderheitensekretariat\/"}]}},"_links":{"self":[{"href":"https:\/\/www.minderheitensekretariat.de\/nf\/wp-json\/wp\/v2\/posts\/20316","targetHints":{"allow":["GET"]}}],"collection":[{"href":"https:\/\/www.minderheitensekretariat.de\/nf\/wp-json\/wp\/v2\/posts"}],"about":[{"href":"https:\/\/www.minderheitensekretariat.de\/nf\/wp-json\/wp\/v2\/types\/post"}],"author":[{"embeddable":true,"href":"https:\/\/www.minderheitensekretariat.de\/nf\/wp-json\/wp\/v2\/users\/1"}],"replies":[{"embeddable":true,"href":"https:\/\/www.minderheitensekretariat.de\/nf\/wp-json\/wp\/v2\/comments?post=20316"}],"version-history":[{"count":5,"href":"https:\/\/www.minderheitensekretariat.de\/nf\/wp-json\/wp\/v2\/posts\/20316\/revisions"}],"predecessor-version":[{"id":20390,"href":"https:\/\/www.minderheitensekretariat.de\/nf\/wp-json\/wp\/v2\/posts\/20316\/revisions\/20390"}],"wp:featuredmedia":[{"embeddable":true,"href":"https:\/\/www.minderheitensekretariat.de\/nf\/wp-json\/wp\/v2\/media\/5257"}],"wp:attachment":[{"href":"https:\/\/www.minderheitensekretariat.de\/nf\/wp-json\/wp\/v2\/media?parent=20316"}],"wp:term":[{"taxonomy":"category","embeddable":true,"href":"https:\/\/www.minderheitensekretariat.de\/nf\/wp-json\/wp\/v2\/categories?post=20316"},{"taxonomy":"post_tag","embeddable":true,"href":"https:\/\/www.minderheitensekretariat.de\/nf\/wp-json\/wp\/v2\/tags?post=20316"}],"curies":[{"name":"wp","href":"https:\/\/api.w.org\/{rel}","templated":true}]}}