{"id":21899,"date":"2025-10-29T15:40:35","date_gmt":"2025-10-29T14:40:35","guid":{"rendered":"https:\/\/www.minderheitensekretariat.de\/?p=21899"},"modified":"2025-10-29T15:47:52","modified_gmt":"2025-10-29T14:47:52","slug":"neue-cd-fering-von-mattis-brodersen-erscheint-am-7-november","status":"publish","type":"post","link":"https:\/\/www.minderheitensekretariat.de\/nf\/2025\/10\/29\/neue-cd-fering-von-mattis-brodersen-erscheint-am-7-november\/","title":{"rendered":"Neue CD \u201eFering\u201c von Mattis Brodersen erscheint am 7. November"},"content":{"rendered":"\t\t<div data-elementor-type=\"wp-post\" data-elementor-id=\"21899\" class=\"elementor elementor-21899\" data-elementor-post-type=\"post\">\n\t\t\t\t\t\t<section class=\"elementor-section elementor-top-section elementor-element elementor-element-7333b6f elementor-section-boxed elementor-section-height-default elementor-section-height-default\" data-id=\"7333b6f\" data-element_type=\"section\" data-settings=\"{&quot;background_background&quot;:&quot;gradient&quot;}\">\n\t\t\t\t\t\t\t<div class=\"elementor-background-overlay\"><\/div>\n\t\t\t\t\t\t\t<div class=\"elementor-container elementor-column-gap-default\">\n\t\t\t\t\t<div class=\"elementor-column elementor-col-100 elementor-top-column elementor-element elementor-element-1b921a3\" data-id=\"1b921a3\" data-element_type=\"column\">\n\t\t\t<div class=\"elementor-widget-wrap elementor-element-populated\">\n\t\t\t\t\t\t<section class=\"elementor-section elementor-inner-section elementor-element elementor-element-b0fb436 elementor-section-full_width elementor-section-height-default elementor-section-height-default\" data-id=\"b0fb436\" data-element_type=\"section\">\n\t\t\t\t\t\t<div class=\"elementor-container elementor-column-gap-default\">\n\t\t\t\t\t<div class=\"elementor-column elementor-col-50 elementor-inner-column elementor-element elementor-element-fa2d1aa\" data-id=\"fa2d1aa\" data-element_type=\"column\">\n\t\t\t<div class=\"elementor-widget-wrap elementor-element-populated\">\n\t\t\t\t\t\t<div class=\"elementor-element elementor-element-ea2fe1b elementor-widget elementor-widget-image\" data-id=\"ea2fe1b\" data-element_type=\"widget\" data-widget_type=\"image.default\">\n\t\t\t\t<div class=\"elementor-widget-container\">\n\t\t\t\t\t\t\t\t\t\t<figure class=\"wp-caption\">\n\t\t\t\t\t\t\t\t\t\t<img fetchpriority=\"high\" decoding=\"async\" width=\"800\" height=\"520\" src=\"https:\/\/www.minderheitensekretariat.de\/wp-content\/uploads\/2025\/10\/ferring-stiftung-logo-komplett.png\" class=\"attachment-large size-large wp-image-22024\" alt=\"\" srcset=\"https:\/\/www.minderheitensekretariat.de\/wp-content\/uploads\/2025\/10\/ferring-stiftung-logo-komplett.png 800w, https:\/\/www.minderheitensekretariat.de\/wp-content\/uploads\/2025\/10\/ferring-stiftung-logo-komplett-300x195.png 300w, https:\/\/www.minderheitensekretariat.de\/wp-content\/uploads\/2025\/10\/ferring-stiftung-logo-komplett-768x499.png 768w\" sizes=\"(max-width: 800px) 100vw, 800px\" \/>\t\t\t\t\t\t\t\t\t\t\t<figcaption class=\"widget-image-caption wp-caption-text\"><\/figcaption>\n\t\t\t\t\t\t\t\t\t\t<\/figure>\n\t\t\t\t\t\t\t<\/div>\n\t\t\t\t<\/div>\n\t\t\t\t\t<\/div>\n\t\t<\/div>\n\t\t\t\t<div class=\"elementor-column elementor-col-50 elementor-inner-column elementor-element elementor-element-f592ef7\" data-id=\"f592ef7\" data-element_type=\"column\">\n\t\t\t<div class=\"elementor-widget-wrap elementor-element-populated\">\n\t\t\t\t\t\t<div class=\"elementor-element elementor-element-03b0f5e elementor-widget elementor-widget-text-editor\" data-id=\"03b0f5e\" data-element_type=\"widget\" data-widget_type=\"text-editor.default\">\n\t\t\t\t<div class=\"elementor-widget-container\">\n\t\t\t\t\t\t\t29\/10\/2025\t\t\t\t\t\t<\/div>\n\t\t\t\t<\/div>\n\t\t\t\t<div class=\"elementor-element elementor-element-1a51d24 elementor-widget elementor-widget-text-editor\" data-id=\"1a51d24\" data-element_type=\"widget\" data-widget_type=\"text-editor.default\">\n\t\t\t\t<div class=\"elementor-widget-container\">\n\t\t\t\t\t\t\tZwei Releasekonzerte auf F\u00f6hr und Amrum \u2013 Album ab 21. November auch digital verf\u00fcgbar.\t\t\t\t\t\t<\/div>\n\t\t\t\t<\/div>\n\t\t\t\t<div class=\"elementor-element elementor-element-2aa7c17 elementor-widget-divider--view-line elementor-widget elementor-widget-divider\" data-id=\"2aa7c17\" data-element_type=\"widget\" data-widget_type=\"divider.default\">\n\t\t\t\t<div class=\"elementor-widget-container\">\n\t\t\t\t\t<div class=\"elementor-divider\">\n\t\t\t<span class=\"elementor-divider-separator\">\n\t\t\t\t\t\t<\/span>\n\t\t<\/div>\n\t\t\t\t<\/div>\n\t\t\t\t<\/div>\n\t\t\t\t\t<\/div>\n\t\t<\/div>\n\t\t\t\t\t<\/div>\n\t\t<\/section>\n\t\t\t\t<div class=\"elementor-element elementor-element-87b8590 elementor-hidden-mobile elementor-invisible elementor-widget elementor-widget-image\" data-id=\"87b8590\" data-element_type=\"widget\" data-settings=\"{&quot;_animation&quot;:&quot;fadeInDown&quot;,&quot;_animation_delay&quot;:1000}\" data-widget_type=\"image.default\">\n\t\t\t\t<div class=\"elementor-widget-container\">\n\t\t\t\t\t\t\t\t\t\t\t\t\t\t<a href=\"#mehr\">\n\t\t\t\t\t\t\t<img decoding=\"async\" width=\"27\" height=\"15\" src=\"https:\/\/www.minderheitensekretariat.de\/wp-content\/uploads\/2022\/07\/arrow_down.svg\" class=\"elementor-animation-shrink attachment-large size-large wp-image-657\" alt=\"\" \/>\t\t\t\t\t\t\t\t<\/a>\n\t\t\t\t\t\t\t\t\t\t\t\t\t<\/div>\n\t\t\t\t<\/div>\n\t\t\t\t<section class=\"elementor-section elementor-inner-section elementor-element elementor-element-8629abe elementor-section-boxed elementor-section-height-default elementor-section-height-default\" data-id=\"8629abe\" data-element_type=\"section\">\n\t\t\t\t\t\t<div class=\"elementor-container elementor-column-gap-default\">\n\t\t\t\t\t<div class=\"elementor-column elementor-col-100 elementor-inner-column elementor-element elementor-element-8fa23c1\" data-id=\"8fa23c1\" data-element_type=\"column\">\n\t\t\t<div class=\"elementor-widget-wrap elementor-element-populated\">\n\t\t\t\t\t\t<div class=\"elementor-element elementor-element-2440ca1 elementor-widget elementor-widget-heading\" data-id=\"2440ca1\" data-element_type=\"widget\" data-widget_type=\"heading.default\">\n\t\t\t\t<div class=\"elementor-widget-container\">\n\t\t\t<h2 class=\"elementor-heading-title elementor-size-default\">Neue CD \u201eFering\u201c von Mattis Brodersen erscheint am 7. November<\/h2>\t\t<\/div>\n\t\t\t\t<\/div>\n\t\t\t\t<div class=\"elementor-element elementor-element-c01359a elementor-widget elementor-widget-text-editor\" data-id=\"c01359a\" data-element_type=\"widget\" data-widget_type=\"text-editor.default\">\n\t\t\t\t<div class=\"elementor-widget-container\">\n\t\t\t\t\t\t\t<p>Alkersum auf F\u00f6hr, Oktober 2025 \u2013 Der F\u00f6hrer Singer\/Songwriter <strong>Mattis Brodersen<\/strong> ver\u00f6ffentlicht am <strong>7. November 2025<\/strong> sein neues Album \u201e<em><strong>Fering<\/strong><\/em>\u201c, das von der Ferring Stiftung herausgegeben wird. Mit dem Werk setzt Brodersen der Sprache und Kultur seiner Heimat ein musikalisches Denkmal: Alle Lieder sind in Fering, dem F\u00f6hrer Friesisch, geschrieben und verbinden traditionelle Kl\u00e4nge mit modernen Einfl\u00fcssen.<br \/><br \/>Gemeinsam mit seiner <strong>Band<\/strong> hat Mattis Brodersen die neuen St\u00fccke eingespielt und dabei ein au\u00dfergew\u00f6hnlich <strong>breites musikalisches Spektrum<\/strong> geschaffen \u2013 von eing\u00e4ngigen Pop- und Rocksongs \u00fcber F\u00f6hrer Traditionals bis hin zu energiegeladenem <strong>Punk-Rock<\/strong> und sogar <strong>friesischem HipHop<\/strong>. So entsteht ein abwechslungsreiches Klangbild, das die Vielfalt und Lebendigkeit der nordfriesischen Kultur widerspiegelt.<br \/><br \/>Zur Ver\u00f6ffentlichung spielt Mattis Brodersen <strong>zwei Releasekonzerte<\/strong>: am <strong>7. November auf F\u00f6hr<\/strong> und am <strong>8. November auf Amrum<\/strong>. Der Eintritt ist frei.<br \/><br \/>Die CD \u201e<em><strong>Fering<\/strong><\/em>\u201c ist ab dem <strong>7. November<\/strong> im Handel sowie \u00fcber die <strong>Ferring Stiftung<\/strong> erh\u00e4ltlich. Ab dem <strong>21. November<\/strong> steht das Album au\u00dferdem auf allen g\u00e4ngigen Download- und Streaming-Plattformen zur Verf\u00fcgung.<br \/><br \/>Weitere Informationen unter:<br \/><br \/><strong>Ferring Stiftung<\/strong><br \/><span style=\"text-decoration: underline;\"><a href=\"https:\/\/ferring-stiftung.de\/\">https:\/\/ferring-stiftung.de\/<\/a><\/span><br \/><span style=\"text-decoration: underline;\"><a href=\"https:\/\/www.instagram.com\/ferring_stiftung\/\">https:\/\/www.instagram.com\/ferring_stiftung\/<\/a><\/span><br \/><span style=\"text-decoration: underline;\"><a href=\"https:\/\/www.facebook.com\/ferringstiftung\">https:\/\/www.facebook.com\/ferringstiftung<\/a><\/span><br \/><br \/><strong>Mattis Brodersen<\/strong><br \/><span style=\"text-decoration: underline;\"><a href=\"http:\/\/www.mattisbrodersen.com\/\">http:\/\/www.mattisbrodersen.com\/<\/a><\/span><br \/><span style=\"text-decoration: underline;\"><a href=\"https:\/\/www.instagram.com\/mattis.brodersen_music\/\">https:\/\/www.instagram.com\/mattis.brodersen_music\/<\/a><\/span><br \/><span style=\"text-decoration: underline;\"><a href=\"https:\/\/www.facebook.com\/mattis.brodersen\">https:\/\/www.facebook.com\/mattis.brodersen<\/a><\/span><\/p>\t\t\t\t\t\t<\/div>\n\t\t\t\t<\/div>\n\t\t\t\t<div class=\"elementor-element elementor-element-76eb198 elementor-widget elementor-widget-image\" data-id=\"76eb198\" data-element_type=\"widget\" data-widget_type=\"image.default\">\n\t\t\t\t<div class=\"elementor-widget-container\">\n\t\t\t\t\t\t\t\t\t\t\t\t\t<img decoding=\"async\" width=\"212\" height=\"300\" src=\"https:\/\/www.minderheitensekretariat.de\/wp-content\/uploads\/2025\/10\/Poster_Matttis-Brodersen-212x300.jpg\" class=\"attachment-medium size-medium wp-image-22034\" alt=\"\" srcset=\"https:\/\/www.minderheitensekretariat.de\/wp-content\/uploads\/2025\/10\/Poster_Matttis-Brodersen-212x300.jpg 212w, https:\/\/www.minderheitensekretariat.de\/wp-content\/uploads\/2025\/10\/Poster_Matttis-Brodersen-724x1024.jpg 724w, https:\/\/www.minderheitensekretariat.de\/wp-content\/uploads\/2025\/10\/Poster_Matttis-Brodersen-768x1086.jpg 768w, https:\/\/www.minderheitensekretariat.de\/wp-content\/uploads\/2025\/10\/Poster_Matttis-Brodersen-1086x1536.jpg 1086w, https:\/\/www.minderheitensekretariat.de\/wp-content\/uploads\/2025\/10\/Poster_Matttis-Brodersen-1448x2048.jpg 1448w, https:\/\/www.minderheitensekretariat.de\/wp-content\/uploads\/2025\/10\/Poster_Matttis-Brodersen-scaled.jpg 1810w\" sizes=\"(max-width: 212px) 100vw, 212px\" \/>\t\t\t\t\t\t\t\t\t\t\t\t\t<\/div>\n\t\t\t\t<\/div>\n\t\t\t\t<div class=\"elementor-element elementor-element-dd184a3 elementor-widget elementor-widget-text-editor\" data-id=\"dd184a3\" data-element_type=\"widget\" data-widget_type=\"text-editor.default\">\n\t\t\t\t<div class=\"elementor-widget-container\">\n\t\t\t\t\t\t\t<p><span style=\"color: var( --e-global-color-39532aa ); letter-spacing: 0px; background-color: transparent;\">(Quelle: Ferring Stiftung, 29.10.2025<\/span><span style=\"color: var( --e-global-color-39532aa ); letter-spacing: 0px; background-color: transparent;\">)<\/span><\/p>\t\t\t\t\t\t<\/div>\n\t\t\t\t<\/div>\n\t\t\t\t\t<\/div>\n\t\t<\/div>\n\t\t\t\t\t<\/div>\n\t\t<\/section>\n\t\t\t\t<section class=\"elementor-section elementor-inner-section elementor-element elementor-element-79ac782 elementor-section-boxed elementor-section-height-default elementor-section-height-default\" data-id=\"79ac782\" data-element_type=\"section\">\n\t\t\t\t\t\t<div class=\"elementor-container elementor-column-gap-default\">\n\t\t\t\t\t<div class=\"elementor-column elementor-col-100 elementor-inner-column elementor-element elementor-element-535e876\" data-id=\"535e876\" data-element_type=\"column\">\n\t\t\t<div class=\"elementor-widget-wrap elementor-element-populated\">\n\t\t\t\t\t\t<div class=\"elementor-element elementor-element-96396bc elementor-align-center elementor-widget elementor-widget-button\" data-id=\"96396bc\" data-element_type=\"widget\" data-widget_type=\"button.default\">\n\t\t\t\t<div class=\"elementor-widget-container\">\n\t\t\t\t\t\t\t<div class=\"elementor-button-wrapper\">\n\t\t\t\t\t<a class=\"elementor-button elementor-button-link elementor-size-sm\" href=\"\/aktuelles\/\">\n\t\t\t\t\t\t<span class=\"elementor-button-content-wrapper\">\n\t\t\t\t\t\t\t\t\t<span class=\"elementor-button-text\">Zur\u00fcck zur \u00dcbersicht<\/span>\n\t\t\t\t\t<\/span>\n\t\t\t\t\t<\/a>\n\t\t\t\t<\/div>\n\t\t\t\t\t\t<\/div>\n\t\t\t\t<\/div>\n\t\t\t\t\t<\/div>\n\t\t<\/div>\n\t\t\t\t\t<\/div>\n\t\t<\/section>\n\t\t\t\t\t<\/div>\n\t\t<\/div>\n\t\t\t\t\t<\/div>\n\t\t<\/section>\n\t\t\t\t<\/div>\n\t\t","protected":false},"excerpt":{"rendered":"<p>Zwei Releasekonzerte auf F\u00f6hr und Amrum \u2013 Album ab 21. November auch digital verf\u00fcgbar.<\/p>\n","protected":false},"author":1,"featured_media":22024,"comment_status":"closed","ping_status":"closed","sticky":false,"template":"elementor_header_footer","format":"standard","meta":{"footnotes":""},"categories":[49],"tags":[],"class_list":["post-21899","post","type-post","status-publish","format-standard","has-post-thumbnail","hentry","category-startseite"],"yoast_head":"<!-- This site is optimized with the Yoast SEO plugin v23.8 - https:\/\/yoast.com\/wordpress\/plugins\/seo\/ -->\n<title>Neue CD \u201eFering\u201c von Mattis Brodersen erscheint am 7. November - Minderheitensekretariat<\/title>\n<meta name=\"robots\" content=\"index, follow, max-snippet:-1, max-image-preview:large, max-video-preview:-1\" \/>\n<link rel=\"canonical\" href=\"https:\/\/www.minderheitensekretariat.de\/nf\/2025\/10\/29\/neue-cd-fering-von-mattis-brodersen-erscheint-am-7-november\/\" \/>\n<meta property=\"og:locale\" content=\"en_US\" \/>\n<meta property=\"og:type\" content=\"article\" \/>\n<meta property=\"og:title\" content=\"Neue CD \u201eFering\u201c von Mattis Brodersen erscheint am 7. November - Minderheitensekretariat\" \/>\n<meta property=\"og:description\" content=\"Zwei Releasekonzerte auf F\u00f6hr und Amrum \u2013 Album ab 21. November auch digital verf\u00fcgbar.\" \/>\n<meta property=\"og:url\" content=\"https:\/\/www.minderheitensekretariat.de\/nf\/2025\/10\/29\/neue-cd-fering-von-mattis-brodersen-erscheint-am-7-november\/\" \/>\n<meta property=\"og:site_name\" content=\"Minderheitensekretariat\" \/>\n<meta property=\"article:publisher\" content=\"https:\/\/www.facebook.com\/minderheitensekretariat.de\" \/>\n<meta property=\"article:published_time\" content=\"2025-10-29T14:40:35+00:00\" \/>\n<meta property=\"article:modified_time\" content=\"2025-10-29T14:47:52+00:00\" \/>\n<meta property=\"og:image\" content=\"https:\/\/www.minderheitensekretariat.de\/wp-content\/uploads\/2025\/10\/ferring-stiftung-logo-komplett.png\" \/>\n\t<meta property=\"og:image:width\" content=\"800\" \/>\n\t<meta property=\"og:image:height\" content=\"520\" \/>\n\t<meta property=\"og:image:type\" content=\"image\/png\" \/>\n<meta name=\"author\" content=\"Minderheitensekretariat\" \/>\n<meta name=\"twitter:card\" content=\"summary_large_image\" \/>\n<meta name=\"twitter:label1\" content=\"Written by\" \/>\n\t<meta name=\"twitter:data1\" content=\"Minderheitensekretariat\" \/>\n\t<meta name=\"twitter:label2\" content=\"Est. reading time\" \/>\n\t<meta name=\"twitter:data2\" content=\"2 minutes\" \/>\n<script type=\"application\/ld+json\" class=\"yoast-schema-graph\">{\"@context\":\"https:\/\/schema.org\",\"@graph\":[{\"@type\":\"Article\",\"@id\":\"https:\/\/www.minderheitensekretariat.de\/nf\/2025\/10\/29\/neue-cd-fering-von-mattis-brodersen-erscheint-am-7-november\/#article\",\"isPartOf\":{\"@id\":\"https:\/\/www.minderheitensekretariat.de\/nf\/2025\/10\/29\/neue-cd-fering-von-mattis-brodersen-erscheint-am-7-november\/\"},\"author\":{\"name\":\"Minderheitensekretariat\",\"@id\":\"https:\/\/www.minderheitensekretariat.de\/nf\/#\/schema\/person\/55df1c4c912f10debba5dfc9bc26c1cf\"},\"headline\":\"Neue CD \u201eFering\u201c von Mattis Brodersen erscheint am 7. November\",\"datePublished\":\"2025-10-29T14:40:35+00:00\",\"dateModified\":\"2025-10-29T14:47:52+00:00\",\"mainEntityOfPage\":{\"@id\":\"https:\/\/www.minderheitensekretariat.de\/nf\/2025\/10\/29\/neue-cd-fering-von-mattis-brodersen-erscheint-am-7-november\/\"},\"wordCount\":225,\"publisher\":{\"@id\":\"https:\/\/www.minderheitensekretariat.de\/nf\/#organization\"},\"image\":{\"@id\":\"https:\/\/www.minderheitensekretariat.de\/nf\/2025\/10\/29\/neue-cd-fering-von-mattis-brodersen-erscheint-am-7-november\/#primaryimage\"},\"thumbnailUrl\":\"https:\/\/www.minderheitensekretariat.de\/wp-content\/uploads\/2025\/10\/ferring-stiftung-logo-komplett.png\",\"articleSection\":[\"Startseite\"],\"inLanguage\":\"nf-NF\"},{\"@type\":\"WebPage\",\"@id\":\"https:\/\/www.minderheitensekretariat.de\/nf\/2025\/10\/29\/neue-cd-fering-von-mattis-brodersen-erscheint-am-7-november\/\",\"url\":\"https:\/\/www.minderheitensekretariat.de\/nf\/2025\/10\/29\/neue-cd-fering-von-mattis-brodersen-erscheint-am-7-november\/\",\"name\":\"Neue CD \u201eFering\u201c von Mattis Brodersen erscheint am 7. November - Minderheitensekretariat\",\"isPartOf\":{\"@id\":\"https:\/\/www.minderheitensekretariat.de\/nf\/#website\"},\"primaryImageOfPage\":{\"@id\":\"https:\/\/www.minderheitensekretariat.de\/nf\/2025\/10\/29\/neue-cd-fering-von-mattis-brodersen-erscheint-am-7-november\/#primaryimage\"},\"image\":{\"@id\":\"https:\/\/www.minderheitensekretariat.de\/nf\/2025\/10\/29\/neue-cd-fering-von-mattis-brodersen-erscheint-am-7-november\/#primaryimage\"},\"thumbnailUrl\":\"https:\/\/www.minderheitensekretariat.de\/wp-content\/uploads\/2025\/10\/ferring-stiftung-logo-komplett.png\",\"datePublished\":\"2025-10-29T14:40:35+00:00\",\"dateModified\":\"2025-10-29T14:47:52+00:00\",\"breadcrumb\":{\"@id\":\"https:\/\/www.minderheitensekretariat.de\/nf\/2025\/10\/29\/neue-cd-fering-von-mattis-brodersen-erscheint-am-7-november\/#breadcrumb\"},\"inLanguage\":\"nf-NF\",\"potentialAction\":[{\"@type\":\"ReadAction\",\"target\":[\"https:\/\/www.minderheitensekretariat.de\/nf\/2025\/10\/29\/neue-cd-fering-von-mattis-brodersen-erscheint-am-7-november\/\"]}]},{\"@type\":\"ImageObject\",\"inLanguage\":\"nf-NF\",\"@id\":\"https:\/\/www.minderheitensekretariat.de\/nf\/2025\/10\/29\/neue-cd-fering-von-mattis-brodersen-erscheint-am-7-november\/#primaryimage\",\"url\":\"https:\/\/www.minderheitensekretariat.de\/wp-content\/uploads\/2025\/10\/ferring-stiftung-logo-komplett.png\",\"contentUrl\":\"https:\/\/www.minderheitensekretariat.de\/wp-content\/uploads\/2025\/10\/ferring-stiftung-logo-komplett.png\",\"width\":800,\"height\":520},{\"@type\":\"BreadcrumbList\",\"@id\":\"https:\/\/www.minderheitensekretariat.de\/nf\/2025\/10\/29\/neue-cd-fering-von-mattis-brodersen-erscheint-am-7-november\/#breadcrumb\",\"itemListElement\":[{\"@type\":\"ListItem\",\"position\":1,\"name\":\"Startseite\",\"item\":\"https:\/\/www.minderheitensekretariat.de\/nf\/\"},{\"@type\":\"ListItem\",\"position\":2,\"name\":\"Neue CD \u201eFering\u201c von Mattis Brodersen erscheint am 7. November\"}]},{\"@type\":\"WebSite\",\"@id\":\"https:\/\/www.minderheitensekretariat.de\/nf\/#website\",\"url\":\"https:\/\/www.minderheitensekretariat.de\/nf\/\",\"name\":\"Minderheitensekretariat\",\"description\":\"\",\"publisher\":{\"@id\":\"https:\/\/www.minderheitensekretariat.de\/nf\/#organization\"},\"potentialAction\":[{\"@type\":\"SearchAction\",\"target\":{\"@type\":\"EntryPoint\",\"urlTemplate\":\"https:\/\/www.minderheitensekretariat.de\/nf\/?s={search_term_string}\"},\"query-input\":{\"@type\":\"PropertyValueSpecification\",\"valueRequired\":true,\"valueName\":\"search_term_string\"}}],\"inLanguage\":\"nf-NF\"},{\"@type\":\"Organization\",\"@id\":\"https:\/\/www.minderheitensekretariat.de\/nf\/#organization\",\"name\":\"Minderheitensekretariat\",\"url\":\"https:\/\/www.minderheitensekretariat.de\/nf\/\",\"logo\":{\"@type\":\"ImageObject\",\"inLanguage\":\"nf-NF\",\"@id\":\"https:\/\/www.minderheitensekretariat.de\/nf\/#\/schema\/logo\/image\/\",\"url\":\"https:\/\/www.minderheitensekretariat.de\/wp-content\/uploads\/2023\/03\/Min_sek_Logo_4c.jpg\",\"contentUrl\":\"https:\/\/www.minderheitensekretariat.de\/wp-content\/uploads\/2023\/03\/Min_sek_Logo_4c.jpg\",\"width\":984,\"height\":236,\"caption\":\"Minderheitensekretariat\"},\"image\":{\"@id\":\"https:\/\/www.minderheitensekretariat.de\/nf\/#\/schema\/logo\/image\/\"},\"sameAs\":[\"https:\/\/www.facebook.com\/minderheitensekretariat.de\"]},{\"@type\":\"Person\",\"@id\":\"https:\/\/www.minderheitensekretariat.de\/nf\/#\/schema\/person\/55df1c4c912f10debba5dfc9bc26c1cf\",\"name\":\"Minderheitensekretariat\",\"image\":{\"@type\":\"ImageObject\",\"inLanguage\":\"nf-NF\",\"@id\":\"https:\/\/www.minderheitensekretariat.de\/nf\/#\/schema\/person\/image\/\",\"url\":\"https:\/\/secure.gravatar.com\/avatar\/370caba7511c95d16d2d05ef3fa57095fae805fdb97d13f46df8534525f106da?s=96&d=mm&r=g\",\"contentUrl\":\"https:\/\/secure.gravatar.com\/avatar\/370caba7511c95d16d2d05ef3fa57095fae805fdb97d13f46df8534525f106da?s=96&d=mm&r=g\",\"caption\":\"Minderheitensekretariat\"},\"sameAs\":[\"https:\/\/www.minderheitensekretariat.de\"],\"url\":\"https:\/\/www.minderheitensekretariat.de\/nf\/author\/minderheitensekretariat\/\"}]}<\/script>\n<!-- \/ Yoast SEO plugin. -->","yoast_head_json":{"title":"Neue CD \u201eFering\u201c von Mattis Brodersen erscheint am 7. November - Minderheitensekretariat","robots":{"index":"index","follow":"follow","max-snippet":"max-snippet:-1","max-image-preview":"max-image-preview:large","max-video-preview":"max-video-preview:-1"},"canonical":"https:\/\/www.minderheitensekretariat.de\/nf\/2025\/10\/29\/neue-cd-fering-von-mattis-brodersen-erscheint-am-7-november\/","og_locale":"en_US","og_type":"article","og_title":"Neue CD \u201eFering\u201c von Mattis Brodersen erscheint am 7. November - Minderheitensekretariat","og_description":"Zwei Releasekonzerte auf F\u00f6hr und Amrum \u2013 Album ab 21. November auch digital verf\u00fcgbar.","og_url":"https:\/\/www.minderheitensekretariat.de\/nf\/2025\/10\/29\/neue-cd-fering-von-mattis-brodersen-erscheint-am-7-november\/","og_site_name":"Minderheitensekretariat","article_publisher":"https:\/\/www.facebook.com\/minderheitensekretariat.de","article_published_time":"2025-10-29T14:40:35+00:00","article_modified_time":"2025-10-29T14:47:52+00:00","og_image":[{"width":800,"height":520,"url":"https:\/\/www.minderheitensekretariat.de\/wp-content\/uploads\/2025\/10\/ferring-stiftung-logo-komplett.png","type":"image\/png"}],"author":"Minderheitensekretariat","twitter_card":"summary_large_image","twitter_misc":{"Written by":"Minderheitensekretariat","Est. reading time":"2 minutes"},"schema":{"@context":"https:\/\/schema.org","@graph":[{"@type":"Article","@id":"https:\/\/www.minderheitensekretariat.de\/nf\/2025\/10\/29\/neue-cd-fering-von-mattis-brodersen-erscheint-am-7-november\/#article","isPartOf":{"@id":"https:\/\/www.minderheitensekretariat.de\/nf\/2025\/10\/29\/neue-cd-fering-von-mattis-brodersen-erscheint-am-7-november\/"},"author":{"name":"Minderheitensekretariat","@id":"https:\/\/www.minderheitensekretariat.de\/nf\/#\/schema\/person\/55df1c4c912f10debba5dfc9bc26c1cf"},"headline":"Neue CD \u201eFering\u201c von Mattis Brodersen erscheint am 7. November","datePublished":"2025-10-29T14:40:35+00:00","dateModified":"2025-10-29T14:47:52+00:00","mainEntityOfPage":{"@id":"https:\/\/www.minderheitensekretariat.de\/nf\/2025\/10\/29\/neue-cd-fering-von-mattis-brodersen-erscheint-am-7-november\/"},"wordCount":225,"publisher":{"@id":"https:\/\/www.minderheitensekretariat.de\/nf\/#organization"},"image":{"@id":"https:\/\/www.minderheitensekretariat.de\/nf\/2025\/10\/29\/neue-cd-fering-von-mattis-brodersen-erscheint-am-7-november\/#primaryimage"},"thumbnailUrl":"https:\/\/www.minderheitensekretariat.de\/wp-content\/uploads\/2025\/10\/ferring-stiftung-logo-komplett.png","articleSection":["Startseite"],"inLanguage":"nf-NF"},{"@type":"WebPage","@id":"https:\/\/www.minderheitensekretariat.de\/nf\/2025\/10\/29\/neue-cd-fering-von-mattis-brodersen-erscheint-am-7-november\/","url":"https:\/\/www.minderheitensekretariat.de\/nf\/2025\/10\/29\/neue-cd-fering-von-mattis-brodersen-erscheint-am-7-november\/","name":"Neue CD \u201eFering\u201c von Mattis Brodersen erscheint am 7. November - Minderheitensekretariat","isPartOf":{"@id":"https:\/\/www.minderheitensekretariat.de\/nf\/#website"},"primaryImageOfPage":{"@id":"https:\/\/www.minderheitensekretariat.de\/nf\/2025\/10\/29\/neue-cd-fering-von-mattis-brodersen-erscheint-am-7-november\/#primaryimage"},"image":{"@id":"https:\/\/www.minderheitensekretariat.de\/nf\/2025\/10\/29\/neue-cd-fering-von-mattis-brodersen-erscheint-am-7-november\/#primaryimage"},"thumbnailUrl":"https:\/\/www.minderheitensekretariat.de\/wp-content\/uploads\/2025\/10\/ferring-stiftung-logo-komplett.png","datePublished":"2025-10-29T14:40:35+00:00","dateModified":"2025-10-29T14:47:52+00:00","breadcrumb":{"@id":"https:\/\/www.minderheitensekretariat.de\/nf\/2025\/10\/29\/neue-cd-fering-von-mattis-brodersen-erscheint-am-7-november\/#breadcrumb"},"inLanguage":"nf-NF","potentialAction":[{"@type":"ReadAction","target":["https:\/\/www.minderheitensekretariat.de\/nf\/2025\/10\/29\/neue-cd-fering-von-mattis-brodersen-erscheint-am-7-november\/"]}]},{"@type":"ImageObject","inLanguage":"nf-NF","@id":"https:\/\/www.minderheitensekretariat.de\/nf\/2025\/10\/29\/neue-cd-fering-von-mattis-brodersen-erscheint-am-7-november\/#primaryimage","url":"https:\/\/www.minderheitensekretariat.de\/wp-content\/uploads\/2025\/10\/ferring-stiftung-logo-komplett.png","contentUrl":"https:\/\/www.minderheitensekretariat.de\/wp-content\/uploads\/2025\/10\/ferring-stiftung-logo-komplett.png","width":800,"height":520},{"@type":"BreadcrumbList","@id":"https:\/\/www.minderheitensekretariat.de\/nf\/2025\/10\/29\/neue-cd-fering-von-mattis-brodersen-erscheint-am-7-november\/#breadcrumb","itemListElement":[{"@type":"ListItem","position":1,"name":"Startseite","item":"https:\/\/www.minderheitensekretariat.de\/nf\/"},{"@type":"ListItem","position":2,"name":"Neue CD \u201eFering\u201c von Mattis Brodersen erscheint am 7. November"}]},{"@type":"WebSite","@id":"https:\/\/www.minderheitensekretariat.de\/nf\/#website","url":"https:\/\/www.minderheitensekretariat.de\/nf\/","name":"Minderheitensekretariat","description":"","publisher":{"@id":"https:\/\/www.minderheitensekretariat.de\/nf\/#organization"},"potentialAction":[{"@type":"SearchAction","target":{"@type":"EntryPoint","urlTemplate":"https:\/\/www.minderheitensekretariat.de\/nf\/?s={search_term_string}"},"query-input":{"@type":"PropertyValueSpecification","valueRequired":true,"valueName":"search_term_string"}}],"inLanguage":"nf-NF"},{"@type":"Organization","@id":"https:\/\/www.minderheitensekretariat.de\/nf\/#organization","name":"Minderheitensekretariat","url":"https:\/\/www.minderheitensekretariat.de\/nf\/","logo":{"@type":"ImageObject","inLanguage":"nf-NF","@id":"https:\/\/www.minderheitensekretariat.de\/nf\/#\/schema\/logo\/image\/","url":"https:\/\/www.minderheitensekretariat.de\/wp-content\/uploads\/2023\/03\/Min_sek_Logo_4c.jpg","contentUrl":"https:\/\/www.minderheitensekretariat.de\/wp-content\/uploads\/2023\/03\/Min_sek_Logo_4c.jpg","width":984,"height":236,"caption":"Minderheitensekretariat"},"image":{"@id":"https:\/\/www.minderheitensekretariat.de\/nf\/#\/schema\/logo\/image\/"},"sameAs":["https:\/\/www.facebook.com\/minderheitensekretariat.de"]},{"@type":"Person","@id":"https:\/\/www.minderheitensekretariat.de\/nf\/#\/schema\/person\/55df1c4c912f10debba5dfc9bc26c1cf","name":"Minderheitensekretariat","image":{"@type":"ImageObject","inLanguage":"nf-NF","@id":"https:\/\/www.minderheitensekretariat.de\/nf\/#\/schema\/person\/image\/","url":"https:\/\/secure.gravatar.com\/avatar\/370caba7511c95d16d2d05ef3fa57095fae805fdb97d13f46df8534525f106da?s=96&d=mm&r=g","contentUrl":"https:\/\/secure.gravatar.com\/avatar\/370caba7511c95d16d2d05ef3fa57095fae805fdb97d13f46df8534525f106da?s=96&d=mm&r=g","caption":"Minderheitensekretariat"},"sameAs":["https:\/\/www.minderheitensekretariat.de"],"url":"https:\/\/www.minderheitensekretariat.de\/nf\/author\/minderheitensekretariat\/"}]}},"_links":{"self":[{"href":"https:\/\/www.minderheitensekretariat.de\/nf\/wp-json\/wp\/v2\/posts\/21899","targetHints":{"allow":["GET"]}}],"collection":[{"href":"https:\/\/www.minderheitensekretariat.de\/nf\/wp-json\/wp\/v2\/posts"}],"about":[{"href":"https:\/\/www.minderheitensekretariat.de\/nf\/wp-json\/wp\/v2\/types\/post"}],"author":[{"embeddable":true,"href":"https:\/\/www.minderheitensekretariat.de\/nf\/wp-json\/wp\/v2\/users\/1"}],"replies":[{"embeddable":true,"href":"https:\/\/www.minderheitensekretariat.de\/nf\/wp-json\/wp\/v2\/comments?post=21899"}],"version-history":[{"count":4,"href":"https:\/\/www.minderheitensekretariat.de\/nf\/wp-json\/wp\/v2\/posts\/21899\/revisions"}],"predecessor-version":[{"id":22045,"href":"https:\/\/www.minderheitensekretariat.de\/nf\/wp-json\/wp\/v2\/posts\/21899\/revisions\/22045"}],"wp:featuredmedia":[{"embeddable":true,"href":"https:\/\/www.minderheitensekretariat.de\/nf\/wp-json\/wp\/v2\/media\/22024"}],"wp:attachment":[{"href":"https:\/\/www.minderheitensekretariat.de\/nf\/wp-json\/wp\/v2\/media?parent=21899"}],"wp:term":[{"taxonomy":"category","embeddable":true,"href":"https:\/\/www.minderheitensekretariat.de\/nf\/wp-json\/wp\/v2\/categories?post=21899"},{"taxonomy":"post_tag","embeddable":true,"href":"https:\/\/www.minderheitensekretariat.de\/nf\/wp-json\/wp\/v2\/tags?post=21899"}],"curies":[{"name":"wp","href":"https:\/\/api.w.org\/{rel}","templated":true}]}}