{"id":11327,"date":"2023-04-18T10:01:28","date_gmt":"2023-04-18T08:01:28","guid":{"rendered":"https:\/\/www.minderheitensekretariat.de\/?p=11327"},"modified":"2023-04-18T10:18:05","modified_gmt":"2023-04-18T08:18:05","slug":"das-saterfriesische-substanziell-starken-und-sichtbarer-machen","status":"publish","type":"post","link":"https:\/\/www.minderheitensekretariat.de\/os\/2023\/04\/18\/das-saterfriesische-substanziell-starken-und-sichtbarer-machen\/","title":{"rendered":"Das Saterfriesische substanziell st\u00e4rken und sichtbarer machen"},"content":{"rendered":"\t\t<div data-elementor-type=\"wp-post\" data-elementor-id=\"11327\" class=\"elementor elementor-11327\" data-elementor-post-type=\"post\">\n\t\t\t\t\t\t<section class=\"elementor-section elementor-top-section elementor-element elementor-element-7333b6f elementor-section-boxed elementor-section-height-default elementor-section-height-default\" data-id=\"7333b6f\" data-element_type=\"section\" data-settings=\"{&quot;background_background&quot;:&quot;gradient&quot;}\">\n\t\t\t\t\t\t\t<div class=\"elementor-background-overlay\"><\/div>\n\t\t\t\t\t\t\t<div class=\"elementor-container elementor-column-gap-default\">\n\t\t\t\t\t<div class=\"elementor-column elementor-col-100 elementor-top-column elementor-element elementor-element-1b921a3\" data-id=\"1b921a3\" data-element_type=\"column\">\n\t\t\t<div class=\"elementor-widget-wrap elementor-element-populated\">\n\t\t\t\t\t\t<section class=\"elementor-section elementor-inner-section elementor-element elementor-element-b0fb436 elementor-section-full_width elementor-section-height-default elementor-section-height-default\" data-id=\"b0fb436\" data-element_type=\"section\">\n\t\t\t\t\t\t<div class=\"elementor-container elementor-column-gap-default\">\n\t\t\t\t\t<div class=\"elementor-column elementor-col-50 elementor-inner-column elementor-element elementor-element-fa2d1aa\" data-id=\"fa2d1aa\" data-element_type=\"column\">\n\t\t\t<div class=\"elementor-widget-wrap elementor-element-populated\">\n\t\t\t\t\t\t<div class=\"elementor-element elementor-element-ea2fe1b elementor-widget elementor-widget-image\" data-id=\"ea2fe1b\" data-element_type=\"widget\" data-widget_type=\"image.default\">\n\t\t\t\t<div class=\"elementor-widget-container\">\n\t\t\t\t\t\t\t\t\t\t<figure class=\"wp-caption\">\n\t\t\t\t\t\t\t\t\t\t<img fetchpriority=\"high\" decoding=\"async\" width=\"265\" height=\"300\" src=\"https:\/\/www.minderheitensekretariat.de\/wp-content\/uploads\/2023\/04\/Saterfriesisch-Litje-Skoule-Skaeddel_Seeltersk-Kontoor-1-265x300.jpg\" class=\"attachment-medium size-medium wp-image-11378\" alt=\"\" srcset=\"https:\/\/www.minderheitensekretariat.de\/wp-content\/uploads\/2023\/04\/Saterfriesisch-Litje-Skoule-Skaeddel_Seeltersk-Kontoor-1-265x300.jpg 265w, https:\/\/www.minderheitensekretariat.de\/wp-content\/uploads\/2023\/04\/Saterfriesisch-Litje-Skoule-Skaeddel_Seeltersk-Kontoor-1-906x1024.jpg 906w, https:\/\/www.minderheitensekretariat.de\/wp-content\/uploads\/2023\/04\/Saterfriesisch-Litje-Skoule-Skaeddel_Seeltersk-Kontoor-1-768x868.jpg 768w, https:\/\/www.minderheitensekretariat.de\/wp-content\/uploads\/2023\/04\/Saterfriesisch-Litje-Skoule-Skaeddel_Seeltersk-Kontoor-1-1358x1536.jpg 1358w, https:\/\/www.minderheitensekretariat.de\/wp-content\/uploads\/2023\/04\/Saterfriesisch-Litje-Skoule-Skaeddel_Seeltersk-Kontoor-1-1811x2048.jpg 1811w\" sizes=\"(max-width: 265px) 100vw, 265px\" \/>\t\t\t\t\t\t\t\t\t\t\t<figcaption class=\"widget-image-caption wp-caption-text\">Saterfriesische Beschriftung in der Litje Skoule Sk\u00e4ddel in Scharrel. (Foto: Seeltersk-Kontoor)<\/figcaption>\n\t\t\t\t\t\t\t\t\t\t<\/figure>\n\t\t\t\t\t\t\t<\/div>\n\t\t\t\t<\/div>\n\t\t\t\t\t<\/div>\n\t\t<\/div>\n\t\t\t\t<div class=\"elementor-column elementor-col-50 elementor-inner-column elementor-element elementor-element-f592ef7\" data-id=\"f592ef7\" data-element_type=\"column\">\n\t\t\t<div class=\"elementor-widget-wrap elementor-element-populated\">\n\t\t\t\t\t\t<div class=\"elementor-element elementor-element-03b0f5e elementor-widget elementor-widget-text-editor\" data-id=\"03b0f5e\" data-element_type=\"widget\" data-widget_type=\"text-editor.default\">\n\t\t\t\t<div class=\"elementor-widget-container\">\n\t\t\t\t\t\t\t18\/04\/2023\t\t\t\t\t\t<\/div>\n\t\t\t\t<\/div>\n\t\t\t\t<div class=\"elementor-element elementor-element-a21e5c4 elementor-widget elementor-widget-heading\" data-id=\"a21e5c4\" data-element_type=\"widget\" data-widget_type=\"heading.default\">\n\t\t\t\t<div class=\"elementor-widget-container\">\n\t\t\t<h2 class=\"elementor-heading-title elementor-size-default\">Das Saterfriesische substanziell st\u00e4rken und sichtbarer machen<\/h2>\t\t<\/div>\n\t\t\t\t<\/div>\n\t\t\t\t<div class=\"elementor-element elementor-element-1a51d24 elementor-widget elementor-widget-text-editor\" data-id=\"1a51d24\" data-element_type=\"widget\" data-widget_type=\"text-editor.default\">\n\t\t\t\t<div class=\"elementor-widget-container\">\n\t\t\t\t\t\t\tDas Saterfriesische sichtbarer zu machen und dessen Verwendung zu st\u00e4rken, das sind die Ziele der Litje Skoule Sk\u00e4ddel. Auch der Jahresbericht des Seeltersk-Kontoor zeugt davon.\t\t\t\t\t\t<\/div>\n\t\t\t\t<\/div>\n\t\t\t\t<div class=\"elementor-element elementor-element-2aa7c17 elementor-widget-divider--view-line elementor-widget elementor-widget-divider\" data-id=\"2aa7c17\" data-element_type=\"widget\" data-widget_type=\"divider.default\">\n\t\t\t\t<div class=\"elementor-widget-container\">\n\t\t\t\t\t<div class=\"elementor-divider\">\n\t\t\t<span class=\"elementor-divider-separator\">\n\t\t\t\t\t\t<\/span>\n\t\t<\/div>\n\t\t\t\t<\/div>\n\t\t\t\t<\/div>\n\t\t\t\t\t<\/div>\n\t\t<\/div>\n\t\t\t\t\t<\/div>\n\t\t<\/section>\n\t\t\t\t<div class=\"elementor-element elementor-element-87b8590 elementor-hidden-mobile elementor-invisible elementor-widget elementor-widget-image\" data-id=\"87b8590\" data-element_type=\"widget\" data-settings=\"{&quot;_animation&quot;:&quot;fadeInDown&quot;,&quot;_animation_delay&quot;:1000}\" data-widget_type=\"image.default\">\n\t\t\t\t<div class=\"elementor-widget-container\">\n\t\t\t\t\t\t\t\t\t\t\t\t\t\t<a href=\"#mehr\">\n\t\t\t\t\t\t\t<img decoding=\"async\" width=\"27\" height=\"15\" src=\"https:\/\/www.minderheitensekretariat.de\/wp-content\/uploads\/2022\/07\/arrow_down.svg\" class=\"elementor-animation-shrink attachment-large size-large wp-image-657\" alt=\"\" \/>\t\t\t\t\t\t\t\t<\/a>\n\t\t\t\t\t\t\t\t\t\t\t\t\t<\/div>\n\t\t\t\t<\/div>\n\t\t\t\t<section class=\"elementor-section elementor-inner-section elementor-element elementor-element-2b19a64 elementor-hidden-mobile elementor-section-boxed elementor-section-height-default elementor-section-height-default\" data-id=\"2b19a64\" data-element_type=\"section\">\n\t\t\t\t\t\t<div class=\"elementor-container elementor-column-gap-default\">\n\t\t\t\t\t<div class=\"elementor-column elementor-col-100 elementor-inner-column elementor-element elementor-element-e1b551d\" data-id=\"e1b551d\" data-element_type=\"column\">\n\t\t\t<div class=\"elementor-widget-wrap elementor-element-populated\">\n\t\t\t\t\t\t<div class=\"elementor-element elementor-element-5723f99 elementor-widget elementor-widget-menu-anchor\" data-id=\"5723f99\" data-element_type=\"widget\" data-widget_type=\"menu-anchor.default\">\n\t\t\t\t<div class=\"elementor-widget-container\">\n\t\t\t\t\t<div class=\"elementor-menu-anchor\" id=\"mehr\"><\/div>\n\t\t\t\t<\/div>\n\t\t\t\t<\/div>\n\t\t\t\t\t<\/div>\n\t\t<\/div>\n\t\t\t\t\t<\/div>\n\t\t<\/section>\n\t\t\t\t<section class=\"elementor-section elementor-inner-section elementor-element elementor-element-8629abe elementor-section-boxed elementor-section-height-default elementor-section-height-default\" data-id=\"8629abe\" data-element_type=\"section\">\n\t\t\t\t\t\t<div class=\"elementor-container elementor-column-gap-default\">\n\t\t\t\t\t<div class=\"elementor-column elementor-col-100 elementor-inner-column elementor-element elementor-element-8fa23c1\" data-id=\"8fa23c1\" data-element_type=\"column\">\n\t\t\t<div class=\"elementor-widget-wrap elementor-element-populated\">\n\t\t\t\t\t\t<div class=\"elementor-element elementor-element-c01359a elementor-widget elementor-widget-text-editor\" data-id=\"c01359a\" data-element_type=\"widget\" data-widget_type=\"text-editor.default\">\n\t\t\t\t<div class=\"elementor-widget-container\">\n\t\t\t\t\t\t\t<p>Die Sichtbarmachung des Saterfriesischen schreitet voran. Diesen Monat wurde die deutschsprachige Beschilderung im Rathaus bereits durch eine zweisprachige Beschilderung Deutsch\/Saterfriesisch ersetzt. Jetzt hat die Litje Skoule Sk\u00e4ddel den n\u00e4chsten Schritt gemacht: Dort sind nun alle T\u00fcren einsprachig Saterfriesisch beschriftet. Die Klassenzimmer hatten bereits alle einen saterfriesischen Ortsnamen, der jetzt gro\u00df auf den T\u00fcren steht. Auch die anderen Zimmer wurden mit saterfriesischen Texten versehen.<\/p><p>Die saterfriesischen Beschriftungen sind eine Initiative der Lehrerin Ingeborg Remmers, die sich schon sehr lange f\u00fcr das Saterfriesische in den Schulen einsetzt. Sie ist Autorin des neuen Lehrwerks &#8220;Seeltersk lopt&#8221;, unterrichtet Saterfriesisch und verwendet es in der zweisprachigen Klasse auch als Unterrichtssprache bei anderen F\u00e4chern. Die saterfriesischen Texte wurden durch eine F\u00f6rderung vom nieders\u00e4chsischen Kultusministerium erm\u00f6glicht.<\/p><p>Der Oarbaidskring Seeltersk, in dem unter anderem die Gemeinde Saterland und die saterl\u00e4ndischen Schulen vertreten sind, strebt danach, die saterfriesische Sprache im Alltag sichtbarer zu machen.<\/p><p>Das Seeltersk-Kontoor hat inzwischen seinen endg\u00fcltigen Jahresbericht 2022 ver\u00f6ffentlicht. Auf 38 illustrierten Seiten wird beschrieben, an welchen Aktivit\u00e4ten das Seeltersk-Kontoor letztes Jahr beteiligt war, welchen Strategien verfolgt wurden, welche Probleme noch zu l\u00f6sen sind und welche W\u00fcnsche f\u00fcr die Folgejahre bestehen. Den Jahresbericht finden Sie <span style=\"text-decoration: underline;\"><a href=\"https:\/\/www.seeltersk.de\/wp-content\/uploads\/Jahresbericht2022_2023_04_13.pdf\" target=\"_blank\" rel=\"noopener\">HIER<\/a><\/span>.<\/p><p><span style=\"color: var( --e-global-color-39532aa ); letter-spacing: 0px; background-color: transparent;\">(Quelle: Pressemitteilung Seeltersk-Kontoor<\/span><span style=\"color: var( --e-global-color-39532aa ); letter-spacing: 0px; background-color: transparent;\">, 13. und 17.04.2023)<\/span><\/p>\t\t\t\t\t\t<\/div>\n\t\t\t\t<\/div>\n\t\t\t\t\t<\/div>\n\t\t<\/div>\n\t\t\t\t\t<\/div>\n\t\t<\/section>\n\t\t\t\t<section class=\"elementor-section elementor-inner-section elementor-element elementor-element-79ac782 elementor-section-boxed elementor-section-height-default elementor-section-height-default\" data-id=\"79ac782\" data-element_type=\"section\">\n\t\t\t\t\t\t<div class=\"elementor-container elementor-column-gap-default\">\n\t\t\t\t\t<div class=\"elementor-column elementor-col-100 elementor-inner-column elementor-element elementor-element-535e876\" data-id=\"535e876\" data-element_type=\"column\">\n\t\t\t<div class=\"elementor-widget-wrap elementor-element-populated\">\n\t\t\t\t\t\t<div class=\"elementor-element elementor-element-96396bc elementor-align-center elementor-widget elementor-widget-button\" data-id=\"96396bc\" data-element_type=\"widget\" data-widget_type=\"button.default\">\n\t\t\t\t<div class=\"elementor-widget-container\">\n\t\t\t\t\t\t\t<div class=\"elementor-button-wrapper\">\n\t\t\t\t\t<a class=\"elementor-button elementor-button-link elementor-size-sm\" href=\"\/aktuelles\/\">\n\t\t\t\t\t\t<span class=\"elementor-button-content-wrapper\">\n\t\t\t\t\t\t\t\t\t<span class=\"elementor-button-text\">Zur\u00fcck zur \u00dcbersicht<\/span>\n\t\t\t\t\t<\/span>\n\t\t\t\t\t<\/a>\n\t\t\t\t<\/div>\n\t\t\t\t\t\t<\/div>\n\t\t\t\t<\/div>\n\t\t\t\t\t<\/div>\n\t\t<\/div>\n\t\t\t\t\t<\/div>\n\t\t<\/section>\n\t\t\t\t\t<\/div>\n\t\t<\/div>\n\t\t\t\t\t<\/div>\n\t\t<\/section>\n\t\t\t\t<\/div>\n\t\t","protected":false},"excerpt":{"rendered":"<p>Das Saterfriesische sichtbarer zu machen und dessen Verwendung zu st\u00e4rken, das sind die Ziele der Litje Skoule Sk\u00e4ddel. Auch der Jahresbericht des Seeltersk-Kontoor zeugt davon.<\/p>\n","protected":false},"author":1,"featured_media":11378,"comment_status":"closed","ping_status":"closed","sticky":false,"template":"elementor_header_footer","format":"standard","meta":{"footnotes":""},"categories":[49],"tags":[],"class_list":["post-11327","post","type-post","status-publish","format-standard","has-post-thumbnail","hentry","category-startseite"],"yoast_head":"<!-- This site is optimized with the Yoast SEO plugin v23.8 - https:\/\/yoast.com\/wordpress\/plugins\/seo\/ -->\n<title>Das Saterfriesische substanziell st\u00e4rken und sichtbarer machen - Minderheitensekretariat<\/title>\n<meta name=\"robots\" content=\"index, follow, max-snippet:-1, max-image-preview:large, max-video-preview:-1\" \/>\n<link rel=\"canonical\" href=\"https:\/\/www.minderheitensekretariat.de\/os\/2023\/04\/18\/das-saterfriesische-substanziell-starken-und-sichtbarer-machen\/\" \/>\n<meta property=\"og:locale\" content=\"en_US\" \/>\n<meta property=\"og:type\" content=\"article\" \/>\n<meta property=\"og:title\" content=\"Das Saterfriesische substanziell st\u00e4rken und sichtbarer machen - Minderheitensekretariat\" \/>\n<meta property=\"og:description\" content=\"Das Saterfriesische sichtbarer zu machen und dessen Verwendung zu st\u00e4rken, das sind die Ziele der Litje Skoule Sk\u00e4ddel. Auch der Jahresbericht des Seeltersk-Kontoor zeugt davon.\" \/>\n<meta property=\"og:url\" content=\"https:\/\/www.minderheitensekretariat.de\/os\/2023\/04\/18\/das-saterfriesische-substanziell-starken-und-sichtbarer-machen\/\" \/>\n<meta property=\"og:site_name\" content=\"Minderheitensekretariat\" \/>\n<meta property=\"article:publisher\" content=\"https:\/\/www.facebook.com\/minderheitensekretariat.de\" \/>\n<meta property=\"article:published_time\" content=\"2023-04-18T08:01:28+00:00\" \/>\n<meta property=\"article:modified_time\" content=\"2023-04-18T08:18:05+00:00\" \/>\n<meta property=\"og:image\" content=\"https:\/\/www.minderheitensekretariat.de\/wp-content\/uploads\/2023\/04\/Saterfriesisch-Litje-Skoule-Skaeddel_Seeltersk-Kontoor-1-scaled.jpg\" \/>\n\t<meta property=\"og:image:width\" content=\"2264\" \/>\n\t<meta property=\"og:image:height\" content=\"2560\" \/>\n\t<meta property=\"og:image:type\" content=\"image\/jpeg\" \/>\n<meta name=\"author\" content=\"Minderheitensekretariat\" \/>\n<meta name=\"twitter:card\" content=\"summary_large_image\" \/>\n<meta name=\"twitter:label1\" content=\"Written by\" \/>\n\t<meta name=\"twitter:data1\" content=\"Minderheitensekretariat\" \/>\n\t<meta name=\"twitter:label2\" content=\"Est. reading time\" \/>\n\t<meta name=\"twitter:data2\" content=\"2 minutes\" \/>\n<script type=\"application\/ld+json\" class=\"yoast-schema-graph\">{\"@context\":\"https:\/\/schema.org\",\"@graph\":[{\"@type\":\"Article\",\"@id\":\"https:\/\/www.minderheitensekretariat.de\/os\/2023\/04\/18\/das-saterfriesische-substanziell-starken-und-sichtbarer-machen\/#article\",\"isPartOf\":{\"@id\":\"https:\/\/www.minderheitensekretariat.de\/os\/2023\/04\/18\/das-saterfriesische-substanziell-starken-und-sichtbarer-machen\/\"},\"author\":{\"name\":\"Minderheitensekretariat\",\"@id\":\"https:\/\/www.minderheitensekretariat.de\/os\/#\/schema\/person\/55df1c4c912f10debba5dfc9bc26c1cf\"},\"headline\":\"Das Saterfriesische substanziell st\u00e4rken und sichtbarer machen\",\"datePublished\":\"2023-04-18T08:01:28+00:00\",\"dateModified\":\"2023-04-18T08:18:05+00:00\",\"mainEntityOfPage\":{\"@id\":\"https:\/\/www.minderheitensekretariat.de\/os\/2023\/04\/18\/das-saterfriesische-substanziell-starken-und-sichtbarer-machen\/\"},\"wordCount\":222,\"publisher\":{\"@id\":\"https:\/\/www.minderheitensekretariat.de\/os\/#organization\"},\"image\":{\"@id\":\"https:\/\/www.minderheitensekretariat.de\/os\/2023\/04\/18\/das-saterfriesische-substanziell-starken-und-sichtbarer-machen\/#primaryimage\"},\"thumbnailUrl\":\"https:\/\/www.minderheitensekretariat.de\/wp-content\/uploads\/2023\/04\/Saterfriesisch-Litje-Skoule-Skaeddel_Seeltersk-Kontoor-1-scaled.jpg\",\"articleSection\":[\"Startseite\"],\"inLanguage\":\"os-OS\"},{\"@type\":\"WebPage\",\"@id\":\"https:\/\/www.minderheitensekretariat.de\/os\/2023\/04\/18\/das-saterfriesische-substanziell-starken-und-sichtbarer-machen\/\",\"url\":\"https:\/\/www.minderheitensekretariat.de\/os\/2023\/04\/18\/das-saterfriesische-substanziell-starken-und-sichtbarer-machen\/\",\"name\":\"Das Saterfriesische substanziell st\u00e4rken und sichtbarer machen - Minderheitensekretariat\",\"isPartOf\":{\"@id\":\"https:\/\/www.minderheitensekretariat.de\/os\/#website\"},\"primaryImageOfPage\":{\"@id\":\"https:\/\/www.minderheitensekretariat.de\/os\/2023\/04\/18\/das-saterfriesische-substanziell-starken-und-sichtbarer-machen\/#primaryimage\"},\"image\":{\"@id\":\"https:\/\/www.minderheitensekretariat.de\/os\/2023\/04\/18\/das-saterfriesische-substanziell-starken-und-sichtbarer-machen\/#primaryimage\"},\"thumbnailUrl\":\"https:\/\/www.minderheitensekretariat.de\/wp-content\/uploads\/2023\/04\/Saterfriesisch-Litje-Skoule-Skaeddel_Seeltersk-Kontoor-1-scaled.jpg\",\"datePublished\":\"2023-04-18T08:01:28+00:00\",\"dateModified\":\"2023-04-18T08:18:05+00:00\",\"breadcrumb\":{\"@id\":\"https:\/\/www.minderheitensekretariat.de\/os\/2023\/04\/18\/das-saterfriesische-substanziell-starken-und-sichtbarer-machen\/#breadcrumb\"},\"inLanguage\":\"os-OS\",\"potentialAction\":[{\"@type\":\"ReadAction\",\"target\":[\"https:\/\/www.minderheitensekretariat.de\/os\/2023\/04\/18\/das-saterfriesische-substanziell-starken-und-sichtbarer-machen\/\"]}]},{\"@type\":\"ImageObject\",\"inLanguage\":\"os-OS\",\"@id\":\"https:\/\/www.minderheitensekretariat.de\/os\/2023\/04\/18\/das-saterfriesische-substanziell-starken-und-sichtbarer-machen\/#primaryimage\",\"url\":\"https:\/\/www.minderheitensekretariat.de\/wp-content\/uploads\/2023\/04\/Saterfriesisch-Litje-Skoule-Skaeddel_Seeltersk-Kontoor-1-scaled.jpg\",\"contentUrl\":\"https:\/\/www.minderheitensekretariat.de\/wp-content\/uploads\/2023\/04\/Saterfriesisch-Litje-Skoule-Skaeddel_Seeltersk-Kontoor-1-scaled.jpg\",\"width\":2264,\"height\":2560,\"caption\":\"Saterfriesische Beschriftung in der Litje Skoule Sk\u00e4ddel in Scharrel. (Foto: Seeltersk-Kontoor)\"},{\"@type\":\"BreadcrumbList\",\"@id\":\"https:\/\/www.minderheitensekretariat.de\/os\/2023\/04\/18\/das-saterfriesische-substanziell-starken-und-sichtbarer-machen\/#breadcrumb\",\"itemListElement\":[{\"@type\":\"ListItem\",\"position\":1,\"name\":\"Startseite\",\"item\":\"https:\/\/www.minderheitensekretariat.de\/os\/\"},{\"@type\":\"ListItem\",\"position\":2,\"name\":\"Das Saterfriesische substanziell st\u00e4rken und sichtbarer machen\"}]},{\"@type\":\"WebSite\",\"@id\":\"https:\/\/www.minderheitensekretariat.de\/os\/#website\",\"url\":\"https:\/\/www.minderheitensekretariat.de\/os\/\",\"name\":\"Minderheitensekretariat\",\"description\":\"\",\"publisher\":{\"@id\":\"https:\/\/www.minderheitensekretariat.de\/os\/#organization\"},\"potentialAction\":[{\"@type\":\"SearchAction\",\"target\":{\"@type\":\"EntryPoint\",\"urlTemplate\":\"https:\/\/www.minderheitensekretariat.de\/os\/?s={search_term_string}\"},\"query-input\":{\"@type\":\"PropertyValueSpecification\",\"valueRequired\":true,\"valueName\":\"search_term_string\"}}],\"inLanguage\":\"os-OS\"},{\"@type\":\"Organization\",\"@id\":\"https:\/\/www.minderheitensekretariat.de\/os\/#organization\",\"name\":\"Minderheitensekretariat\",\"url\":\"https:\/\/www.minderheitensekretariat.de\/os\/\",\"logo\":{\"@type\":\"ImageObject\",\"inLanguage\":\"os-OS\",\"@id\":\"https:\/\/www.minderheitensekretariat.de\/os\/#\/schema\/logo\/image\/\",\"url\":\"https:\/\/www.minderheitensekretariat.de\/wp-content\/uploads\/2023\/03\/Min_sek_Logo_4c.jpg\",\"contentUrl\":\"https:\/\/www.minderheitensekretariat.de\/wp-content\/uploads\/2023\/03\/Min_sek_Logo_4c.jpg\",\"width\":984,\"height\":236,\"caption\":\"Minderheitensekretariat\"},\"image\":{\"@id\":\"https:\/\/www.minderheitensekretariat.de\/os\/#\/schema\/logo\/image\/\"},\"sameAs\":[\"https:\/\/www.facebook.com\/minderheitensekretariat.de\"]},{\"@type\":\"Person\",\"@id\":\"https:\/\/www.minderheitensekretariat.de\/os\/#\/schema\/person\/55df1c4c912f10debba5dfc9bc26c1cf\",\"name\":\"Minderheitensekretariat\",\"image\":{\"@type\":\"ImageObject\",\"inLanguage\":\"os-OS\",\"@id\":\"https:\/\/www.minderheitensekretariat.de\/os\/#\/schema\/person\/image\/\",\"url\":\"https:\/\/secure.gravatar.com\/avatar\/370caba7511c95d16d2d05ef3fa57095fae805fdb97d13f46df8534525f106da?s=96&d=mm&r=g\",\"contentUrl\":\"https:\/\/secure.gravatar.com\/avatar\/370caba7511c95d16d2d05ef3fa57095fae805fdb97d13f46df8534525f106da?s=96&d=mm&r=g\",\"caption\":\"Minderheitensekretariat\"},\"sameAs\":[\"https:\/\/www.minderheitensekretariat.de\"],\"url\":\"https:\/\/www.minderheitensekretariat.de\/os\/author\/minderheitensekretariat\/\"}]}<\/script>\n<!-- \/ Yoast SEO plugin. -->","yoast_head_json":{"title":"Das Saterfriesische substanziell st\u00e4rken und sichtbarer machen - Minderheitensekretariat","robots":{"index":"index","follow":"follow","max-snippet":"max-snippet:-1","max-image-preview":"max-image-preview:large","max-video-preview":"max-video-preview:-1"},"canonical":"https:\/\/www.minderheitensekretariat.de\/os\/2023\/04\/18\/das-saterfriesische-substanziell-starken-und-sichtbarer-machen\/","og_locale":"en_US","og_type":"article","og_title":"Das Saterfriesische substanziell st\u00e4rken und sichtbarer machen - Minderheitensekretariat","og_description":"Das Saterfriesische sichtbarer zu machen und dessen Verwendung zu st\u00e4rken, das sind die Ziele der Litje Skoule Sk\u00e4ddel. Auch der Jahresbericht des Seeltersk-Kontoor zeugt davon.","og_url":"https:\/\/www.minderheitensekretariat.de\/os\/2023\/04\/18\/das-saterfriesische-substanziell-starken-und-sichtbarer-machen\/","og_site_name":"Minderheitensekretariat","article_publisher":"https:\/\/www.facebook.com\/minderheitensekretariat.de","article_published_time":"2023-04-18T08:01:28+00:00","article_modified_time":"2023-04-18T08:18:05+00:00","og_image":[{"width":2264,"height":2560,"url":"https:\/\/www.minderheitensekretariat.de\/wp-content\/uploads\/2023\/04\/Saterfriesisch-Litje-Skoule-Skaeddel_Seeltersk-Kontoor-1-scaled.jpg","type":"image\/jpeg"}],"author":"Minderheitensekretariat","twitter_card":"summary_large_image","twitter_misc":{"Written by":"Minderheitensekretariat","Est. reading time":"2 minutes"},"schema":{"@context":"https:\/\/schema.org","@graph":[{"@type":"Article","@id":"https:\/\/www.minderheitensekretariat.de\/os\/2023\/04\/18\/das-saterfriesische-substanziell-starken-und-sichtbarer-machen\/#article","isPartOf":{"@id":"https:\/\/www.minderheitensekretariat.de\/os\/2023\/04\/18\/das-saterfriesische-substanziell-starken-und-sichtbarer-machen\/"},"author":{"name":"Minderheitensekretariat","@id":"https:\/\/www.minderheitensekretariat.de\/os\/#\/schema\/person\/55df1c4c912f10debba5dfc9bc26c1cf"},"headline":"Das Saterfriesische substanziell st\u00e4rken und sichtbarer machen","datePublished":"2023-04-18T08:01:28+00:00","dateModified":"2023-04-18T08:18:05+00:00","mainEntityOfPage":{"@id":"https:\/\/www.minderheitensekretariat.de\/os\/2023\/04\/18\/das-saterfriesische-substanziell-starken-und-sichtbarer-machen\/"},"wordCount":222,"publisher":{"@id":"https:\/\/www.minderheitensekretariat.de\/os\/#organization"},"image":{"@id":"https:\/\/www.minderheitensekretariat.de\/os\/2023\/04\/18\/das-saterfriesische-substanziell-starken-und-sichtbarer-machen\/#primaryimage"},"thumbnailUrl":"https:\/\/www.minderheitensekretariat.de\/wp-content\/uploads\/2023\/04\/Saterfriesisch-Litje-Skoule-Skaeddel_Seeltersk-Kontoor-1-scaled.jpg","articleSection":["Startseite"],"inLanguage":"os-OS"},{"@type":"WebPage","@id":"https:\/\/www.minderheitensekretariat.de\/os\/2023\/04\/18\/das-saterfriesische-substanziell-starken-und-sichtbarer-machen\/","url":"https:\/\/www.minderheitensekretariat.de\/os\/2023\/04\/18\/das-saterfriesische-substanziell-starken-und-sichtbarer-machen\/","name":"Das Saterfriesische substanziell st\u00e4rken und sichtbarer machen - Minderheitensekretariat","isPartOf":{"@id":"https:\/\/www.minderheitensekretariat.de\/os\/#website"},"primaryImageOfPage":{"@id":"https:\/\/www.minderheitensekretariat.de\/os\/2023\/04\/18\/das-saterfriesische-substanziell-starken-und-sichtbarer-machen\/#primaryimage"},"image":{"@id":"https:\/\/www.minderheitensekretariat.de\/os\/2023\/04\/18\/das-saterfriesische-substanziell-starken-und-sichtbarer-machen\/#primaryimage"},"thumbnailUrl":"https:\/\/www.minderheitensekretariat.de\/wp-content\/uploads\/2023\/04\/Saterfriesisch-Litje-Skoule-Skaeddel_Seeltersk-Kontoor-1-scaled.jpg","datePublished":"2023-04-18T08:01:28+00:00","dateModified":"2023-04-18T08:18:05+00:00","breadcrumb":{"@id":"https:\/\/www.minderheitensekretariat.de\/os\/2023\/04\/18\/das-saterfriesische-substanziell-starken-und-sichtbarer-machen\/#breadcrumb"},"inLanguage":"os-OS","potentialAction":[{"@type":"ReadAction","target":["https:\/\/www.minderheitensekretariat.de\/os\/2023\/04\/18\/das-saterfriesische-substanziell-starken-und-sichtbarer-machen\/"]}]},{"@type":"ImageObject","inLanguage":"os-OS","@id":"https:\/\/www.minderheitensekretariat.de\/os\/2023\/04\/18\/das-saterfriesische-substanziell-starken-und-sichtbarer-machen\/#primaryimage","url":"https:\/\/www.minderheitensekretariat.de\/wp-content\/uploads\/2023\/04\/Saterfriesisch-Litje-Skoule-Skaeddel_Seeltersk-Kontoor-1-scaled.jpg","contentUrl":"https:\/\/www.minderheitensekretariat.de\/wp-content\/uploads\/2023\/04\/Saterfriesisch-Litje-Skoule-Skaeddel_Seeltersk-Kontoor-1-scaled.jpg","width":2264,"height":2560,"caption":"Saterfriesische Beschriftung in der Litje Skoule Sk\u00e4ddel in Scharrel. (Foto: Seeltersk-Kontoor)"},{"@type":"BreadcrumbList","@id":"https:\/\/www.minderheitensekretariat.de\/os\/2023\/04\/18\/das-saterfriesische-substanziell-starken-und-sichtbarer-machen\/#breadcrumb","itemListElement":[{"@type":"ListItem","position":1,"name":"Startseite","item":"https:\/\/www.minderheitensekretariat.de\/os\/"},{"@type":"ListItem","position":2,"name":"Das Saterfriesische substanziell st\u00e4rken und sichtbarer machen"}]},{"@type":"WebSite","@id":"https:\/\/www.minderheitensekretariat.de\/os\/#website","url":"https:\/\/www.minderheitensekretariat.de\/os\/","name":"Minderheitensekretariat","description":"","publisher":{"@id":"https:\/\/www.minderheitensekretariat.de\/os\/#organization"},"potentialAction":[{"@type":"SearchAction","target":{"@type":"EntryPoint","urlTemplate":"https:\/\/www.minderheitensekretariat.de\/os\/?s={search_term_string}"},"query-input":{"@type":"PropertyValueSpecification","valueRequired":true,"valueName":"search_term_string"}}],"inLanguage":"os-OS"},{"@type":"Organization","@id":"https:\/\/www.minderheitensekretariat.de\/os\/#organization","name":"Minderheitensekretariat","url":"https:\/\/www.minderheitensekretariat.de\/os\/","logo":{"@type":"ImageObject","inLanguage":"os-OS","@id":"https:\/\/www.minderheitensekretariat.de\/os\/#\/schema\/logo\/image\/","url":"https:\/\/www.minderheitensekretariat.de\/wp-content\/uploads\/2023\/03\/Min_sek_Logo_4c.jpg","contentUrl":"https:\/\/www.minderheitensekretariat.de\/wp-content\/uploads\/2023\/03\/Min_sek_Logo_4c.jpg","width":984,"height":236,"caption":"Minderheitensekretariat"},"image":{"@id":"https:\/\/www.minderheitensekretariat.de\/os\/#\/schema\/logo\/image\/"},"sameAs":["https:\/\/www.facebook.com\/minderheitensekretariat.de"]},{"@type":"Person","@id":"https:\/\/www.minderheitensekretariat.de\/os\/#\/schema\/person\/55df1c4c912f10debba5dfc9bc26c1cf","name":"Minderheitensekretariat","image":{"@type":"ImageObject","inLanguage":"os-OS","@id":"https:\/\/www.minderheitensekretariat.de\/os\/#\/schema\/person\/image\/","url":"https:\/\/secure.gravatar.com\/avatar\/370caba7511c95d16d2d05ef3fa57095fae805fdb97d13f46df8534525f106da?s=96&d=mm&r=g","contentUrl":"https:\/\/secure.gravatar.com\/avatar\/370caba7511c95d16d2d05ef3fa57095fae805fdb97d13f46df8534525f106da?s=96&d=mm&r=g","caption":"Minderheitensekretariat"},"sameAs":["https:\/\/www.minderheitensekretariat.de"],"url":"https:\/\/www.minderheitensekretariat.de\/os\/author\/minderheitensekretariat\/"}]}},"_links":{"self":[{"href":"https:\/\/www.minderheitensekretariat.de\/os\/wp-json\/wp\/v2\/posts\/11327","targetHints":{"allow":["GET"]}}],"collection":[{"href":"https:\/\/www.minderheitensekretariat.de\/os\/wp-json\/wp\/v2\/posts"}],"about":[{"href":"https:\/\/www.minderheitensekretariat.de\/os\/wp-json\/wp\/v2\/types\/post"}],"author":[{"embeddable":true,"href":"https:\/\/www.minderheitensekretariat.de\/os\/wp-json\/wp\/v2\/users\/1"}],"replies":[{"embeddable":true,"href":"https:\/\/www.minderheitensekretariat.de\/os\/wp-json\/wp\/v2\/comments?post=11327"}],"version-history":[{"count":8,"href":"https:\/\/www.minderheitensekretariat.de\/os\/wp-json\/wp\/v2\/posts\/11327\/revisions"}],"predecessor-version":[{"id":11400,"href":"https:\/\/www.minderheitensekretariat.de\/os\/wp-json\/wp\/v2\/posts\/11327\/revisions\/11400"}],"wp:featuredmedia":[{"embeddable":true,"href":"https:\/\/www.minderheitensekretariat.de\/os\/wp-json\/wp\/v2\/media\/11378"}],"wp:attachment":[{"href":"https:\/\/www.minderheitensekretariat.de\/os\/wp-json\/wp\/v2\/media?parent=11327"}],"wp:term":[{"taxonomy":"category","embeddable":true,"href":"https:\/\/www.minderheitensekretariat.de\/os\/wp-json\/wp\/v2\/categories?post=11327"},{"taxonomy":"post_tag","embeddable":true,"href":"https:\/\/www.minderheitensekretariat.de\/os\/wp-json\/wp\/v2\/tags?post=11327"}],"curies":[{"name":"wp","href":"https:\/\/api.w.org\/{rel}","templated":true}]}}