{"id":20439,"date":"2025-05-22T17:42:11","date_gmt":"2025-05-22T15:42:11","guid":{"rendered":"https:\/\/www.minderheitensekretariat.de\/?p=20439"},"modified":"2025-05-23T12:04:15","modified_gmt":"2025-05-23T10:04:15","slug":"austausch-des-minderheitensekretariats-mit-bundestagsabgeordneten-stefan-seidler-und-denise-loop-parlamentskreis-minderheiten-und-gerichtssprachen-im-fokus","status":"publish","type":"post","link":"https:\/\/www.minderheitensekretariat.de\/os\/2025\/05\/22\/austausch-des-minderheitensekretariats-mit-bundestagsabgeordneten-stefan-seidler-und-denise-loop-parlamentskreis-minderheiten-und-gerichtssprachen-im-fokus\/","title":{"rendered":"Das Minderheitensekretariat traf die Abgeordneten Denise Loop und Stefan Seidler zum Austausch"},"content":{"rendered":"\t\t<div data-elementor-type=\"wp-post\" data-elementor-id=\"20439\" class=\"elementor elementor-20439\" data-elementor-post-type=\"post\">\n\t\t\t\t\t\t<section class=\"elementor-section elementor-top-section elementor-element elementor-element-7333b6f elementor-section-boxed elementor-section-height-default elementor-section-height-default\" data-id=\"7333b6f\" data-element_type=\"section\" data-settings=\"{&quot;background_background&quot;:&quot;gradient&quot;}\">\n\t\t\t\t\t\t\t<div class=\"elementor-background-overlay\"><\/div>\n\t\t\t\t\t\t\t<div class=\"elementor-container elementor-column-gap-default\">\n\t\t\t\t\t<div class=\"elementor-column elementor-col-100 elementor-top-column elementor-element elementor-element-1b921a3\" data-id=\"1b921a3\" data-element_type=\"column\">\n\t\t\t<div class=\"elementor-widget-wrap elementor-element-populated\">\n\t\t\t\t\t\t<section class=\"elementor-section elementor-inner-section elementor-element elementor-element-b0fb436 elementor-section-full_width elementor-section-height-default elementor-section-height-default\" data-id=\"b0fb436\" data-element_type=\"section\">\n\t\t\t\t\t\t<div class=\"elementor-container elementor-column-gap-default\">\n\t\t\t\t\t<div class=\"elementor-column elementor-col-50 elementor-inner-column elementor-element elementor-element-fa2d1aa\" data-id=\"fa2d1aa\" data-element_type=\"column\">\n\t\t\t<div class=\"elementor-widget-wrap elementor-element-populated\">\n\t\t\t\t\t\t<div class=\"elementor-element elementor-element-ea2fe1b elementor-widget elementor-widget-image\" data-id=\"ea2fe1b\" data-element_type=\"widget\" data-widget_type=\"image.default\">\n\t\t\t\t<div class=\"elementor-widget-container\">\n\t\t\t\t\t\t\t\t\t\t<figure class=\"wp-caption\">\n\t\t\t\t\t\t\t\t\t\t<img fetchpriority=\"high\" decoding=\"async\" width=\"800\" height=\"538\" src=\"https:\/\/www.minderheitensekretariat.de\/wp-content\/uploads\/2025\/05\/WhatsApp-Image-2025-05-22-at-17.00.09.jpeg\" class=\"attachment-large size-large wp-image-20466\" alt=\"\" srcset=\"https:\/\/www.minderheitensekretariat.de\/wp-content\/uploads\/2025\/05\/WhatsApp-Image-2025-05-22-at-17.00.09.jpeg 1009w, https:\/\/www.minderheitensekretariat.de\/wp-content\/uploads\/2025\/05\/WhatsApp-Image-2025-05-22-at-17.00.09-300x202.jpeg 300w, https:\/\/www.minderheitensekretariat.de\/wp-content\/uploads\/2025\/05\/WhatsApp-Image-2025-05-22-at-17.00.09-768x517.jpeg 768w\" sizes=\"(max-width: 800px) 100vw, 800px\" \/>\t\t\t\t\t\t\t\t\t\t\t<figcaption class=\"widget-image-caption wp-caption-text\">v.l.n.r.: Roman K\u00fchn, Carolin Renner, Denise Loop, Nele Feuring<\/figcaption>\n\t\t\t\t\t\t\t\t\t\t<\/figure>\n\t\t\t\t\t\t\t<\/div>\n\t\t\t\t<\/div>\n\t\t\t\t\t<\/div>\n\t\t<\/div>\n\t\t\t\t<div class=\"elementor-column elementor-col-50 elementor-inner-column elementor-element elementor-element-f592ef7\" data-id=\"f592ef7\" data-element_type=\"column\">\n\t\t\t<div class=\"elementor-widget-wrap elementor-element-populated\">\n\t\t\t\t\t\t<div class=\"elementor-element elementor-element-03b0f5e elementor-widget elementor-widget-text-editor\" data-id=\"03b0f5e\" data-element_type=\"widget\" data-widget_type=\"text-editor.default\">\n\t\t\t\t<div class=\"elementor-widget-container\">\n\t\t\t\t\t\t\t22\/05\/2025\t\t\t\t\t\t<\/div>\n\t\t\t\t<\/div>\n\t\t\t\t<div class=\"elementor-element elementor-element-1a51d24 elementor-widget elementor-widget-text-editor\" data-id=\"1a51d24\" data-element_type=\"widget\" data-widget_type=\"text-editor.default\">\n\t\t\t\t<div class=\"elementor-widget-container\">\n\t\t\t\t\t\t\tDas Minderheitensekretariat startet mit ersten Abgeordnetengespr\u00e4chen in die neue Legislatur.\t\t\t\t\t\t<\/div>\n\t\t\t\t<\/div>\n\t\t\t\t<div class=\"elementor-element elementor-element-2aa7c17 elementor-widget-divider--view-line elementor-widget elementor-widget-divider\" data-id=\"2aa7c17\" data-element_type=\"widget\" data-widget_type=\"divider.default\">\n\t\t\t\t<div class=\"elementor-widget-container\">\n\t\t\t\t\t<div class=\"elementor-divider\">\n\t\t\t<span class=\"elementor-divider-separator\">\n\t\t\t\t\t\t<\/span>\n\t\t<\/div>\n\t\t\t\t<\/div>\n\t\t\t\t<\/div>\n\t\t\t\t\t<\/div>\n\t\t<\/div>\n\t\t\t\t\t<\/div>\n\t\t<\/section>\n\t\t\t\t<div class=\"elementor-element elementor-element-87b8590 elementor-hidden-mobile elementor-invisible elementor-widget elementor-widget-image\" data-id=\"87b8590\" data-element_type=\"widget\" data-settings=\"{&quot;_animation&quot;:&quot;fadeInDown&quot;,&quot;_animation_delay&quot;:1000}\" data-widget_type=\"image.default\">\n\t\t\t\t<div class=\"elementor-widget-container\">\n\t\t\t\t\t\t\t\t\t\t\t\t\t\t<a href=\"#mehr\">\n\t\t\t\t\t\t\t<img decoding=\"async\" width=\"27\" height=\"15\" src=\"https:\/\/www.minderheitensekretariat.de\/wp-content\/uploads\/2022\/07\/arrow_down.svg\" class=\"elementor-animation-shrink attachment-large size-large wp-image-657\" alt=\"\" \/>\t\t\t\t\t\t\t\t<\/a>\n\t\t\t\t\t\t\t\t\t\t\t\t\t<\/div>\n\t\t\t\t<\/div>\n\t\t\t\t<section class=\"elementor-section elementor-inner-section elementor-element elementor-element-8629abe elementor-section-boxed elementor-section-height-default elementor-section-height-default\" data-id=\"8629abe\" data-element_type=\"section\">\n\t\t\t\t\t\t<div class=\"elementor-container elementor-column-gap-default\">\n\t\t\t\t\t<div class=\"elementor-column elementor-col-100 elementor-inner-column elementor-element elementor-element-8fa23c1\" data-id=\"8fa23c1\" data-element_type=\"column\">\n\t\t\t<div class=\"elementor-widget-wrap elementor-element-populated\">\n\t\t\t\t\t\t<div class=\"elementor-element elementor-element-2440ca1 elementor-widget elementor-widget-heading\" data-id=\"2440ca1\" data-element_type=\"widget\" data-widget_type=\"heading.default\">\n\t\t\t\t<div class=\"elementor-widget-container\">\n\t\t\t<h2 class=\"elementor-heading-title elementor-size-default\">Das Minderheitensekretariat traf die Abgeordneten Denise Loop und Stefan Seidler zum Austausch<\/h2>\t\t<\/div>\n\t\t\t\t<\/div>\n\t\t\t\t<div class=\"elementor-element elementor-element-c01359a elementor-widget elementor-widget-text-editor\" data-id=\"c01359a\" data-element_type=\"widget\" data-widget_type=\"text-editor.default\">\n\t\t\t\t<div class=\"elementor-widget-container\">\n\t\t\t\t\t\t\t<p><span data-contrast=\"auto\">Das Team des Minderheitensekretariats, Roman K\u00fchn, Nele Feuring und Carolin Renner, trafen sich am 22. Mai zu einem Gespr\u00e4ch mit der Bundestagsabgeordneten Denise Loop (B\u00fcndnis 90\/Die Gr\u00fcnen), um die Zusammenarbeit in der laufenden Legislaturperiode zu intensivieren und zentrale Anliegen der nationalen Minderheiten zu er\u00f6rtern. Am 15. Mai hatte es zudem ein Gespr\u00e4ch zwischen dem Bundestagsabgeordneten Stefan Seidler (SSW) und dem Minderheitensekretariat gegeben. <\/span><span data-ccp-props=\"{}\">\u00a0<\/span><\/p><p><span data-contrast=\"auto\">Thema in den Gespr\u00e4chen war unter anderem die Rolle des Parlamentskreises Minderheiten, der wie in der letzten Legislaturperiode auf Initiative von Denise Loop und Stefan Seidler als partei\u00fcbergreifendes Forum f\u00fcr den regelm\u00e4\u00dfigen minderheitenpolitischen Dialog im Deutschen Bundestag etabliert werden soll. Der Parlamentskreis dient dem Austausch zwischen Abgeordneten aller demokratischen Fraktionen zu den nationalen Minderheiten. Ziel ist es, die Sichtbarkeit und die Anliegen der Minderheiten kontinuierlich im parlamentarischen Raum zu verankern. Das Minderheitensekretariat und der Minderheitenrat begr\u00fc\u00dfen die Fortsetzung des Parlamentskreises und hoffen auf rege Teilnahme von Abgeordneten sowie einen stetigen Austausch zwischen den Minderheitenselbstorganisationen und dem Parlamentskreis Minderheiten. <\/span><span data-ccp-props=\"{}\">\u00a0<\/span><\/p><p><span data-contrast=\"auto\">Weiterhin wurde zudem die Aufnahme der anerkannten Minderheitensprachen als Gerichtssprachen in den jeweiligen Siedlungsgebieten besprochen. Das Minderheitensekretariat warb f\u00fcr eine entsprechende Novellierung des Gerichtsverfassungsgesetzes (GVG), um D\u00e4nisch, Nordfriesisch, Saterfriesisch und Niederdeutsch in den Regionen, in denen diese Sprachen traditionell gesprochen werden, als gleichberechtigte Gerichtssprachen zuzulassen. Den Lausitzer Sorben ist dies bereits in Brandenburg und Sachsen m\u00f6glich. Diese Ma\u00dfnahme w\u00fcrde die sprachlichen Rechte der Minderheiten st\u00e4rken und einen wichtigen Beitrag zur praktischen Gleichstellung leisten.<\/span><span data-ccp-props=\"{}\">\u00a0<\/span><\/p><p><span data-contrast=\"auto\">Das Minderheitensekretariat bedankt sich bei Denise Loop und Stefan Seidler f\u00fcr die vertrauensvollen und konstruktiven Gespr\u00e4chen. F\u00fcr die n\u00e4chsten Wochen organisiert das Minderheitensekretariat derzeit weitere Gespr\u00e4ch mit Abgeordneten der Regierungsparteien und der Fraktion Die Linke. <\/span><span data-ccp-props=\"{}\">\u00a0<\/span><\/p><p><b><span data-contrast=\"auto\">Kontakt:\u202f<\/span><\/b>\u00a0<br \/><span data-contrast=\"auto\">Minderheitenrat der vier autochthonen nationalen Minderheiten und Volksgruppen Deutschlands\u202f<\/span>\u00a0<br \/><span data-contrast=\"auto\">c\/o Minderheitensekretariat\u202f<\/span>\u00a0<br \/><a href=\"https:\/\/t3caee165.emailsys1a.net\/c\/4\/8362059\/5731\/0\/14376987\/1\/607056\/ecc65b88f3.html\"><span data-contrast=\"none\"><span style=\"text-decoration: underline;\">www.minderheitensekretariat.de<\/span>\u202f<\/span><\/a>\u00a0<br \/><span data-contrast=\"auto\">Roman K\u00fchn (Leitung) \u202f<\/span>\u00a0<br \/><span data-contrast=\"auto\">Mobil: 01732173758\u202f<\/span>\u00a0<br \/><a href=\"https:\/\/t3caee165.emailsys1a.net\/c\/4\/8362059\/5731\/0\/14376987\/1\/607067\/732cf5f318.html\"><span data-contrast=\"none\"><span style=\"text-decoration: underline;\">r.kuehn@minderheitensekretariat.de<\/span><\/span><\/a><span data-ccp-props=\"{}\">\u00a0<\/span><\/p>\t\t\t\t\t\t<\/div>\n\t\t\t\t<\/div>\n\t\t\t\t<div class=\"elementor-element elementor-element-e54eae4 elementor-widget elementor-widget-image\" data-id=\"e54eae4\" data-element_type=\"widget\" data-widget_type=\"image.default\">\n\t\t\t\t<div class=\"elementor-widget-container\">\n\t\t\t\t\t\t\t\t\t\t<figure class=\"wp-caption\">\n\t\t\t\t\t\t\t\t\t\t<img decoding=\"async\" width=\"800\" height=\"530\" src=\"https:\/\/www.minderheitensekretariat.de\/wp-content\/uploads\/2025\/05\/WhatsApp-Image-2025-05-15-at-18.58.23-1024x678.jpeg\" class=\"attachment-large size-large wp-image-20457\" alt=\"\" srcset=\"https:\/\/www.minderheitensekretariat.de\/wp-content\/uploads\/2025\/05\/WhatsApp-Image-2025-05-15-at-18.58.23-1024x678.jpeg 1024w, https:\/\/www.minderheitensekretariat.de\/wp-content\/uploads\/2025\/05\/WhatsApp-Image-2025-05-15-at-18.58.23-300x199.jpeg 300w, https:\/\/www.minderheitensekretariat.de\/wp-content\/uploads\/2025\/05\/WhatsApp-Image-2025-05-15-at-18.58.23-768x509.jpeg 768w, https:\/\/www.minderheitensekretariat.de\/wp-content\/uploads\/2025\/05\/WhatsApp-Image-2025-05-15-at-18.58.23.jpeg 1200w\" sizes=\"(max-width: 800px) 100vw, 800px\" \/>\t\t\t\t\t\t\t\t\t\t\t<figcaption class=\"widget-image-caption wp-caption-text\">v.l.n.r.: Carolin Renner, Roman K\u00fchn, Stefan Seidler, Nele Feuring<\/figcaption>\n\t\t\t\t\t\t\t\t\t\t<\/figure>\n\t\t\t\t\t\t\t<\/div>\n\t\t\t\t<\/div>\n\t\t\t\t<div class=\"elementor-element elementor-element-52b1e24 elementor-widget elementor-widget-text-editor\" data-id=\"52b1e24\" data-element_type=\"widget\" data-widget_type=\"text-editor.default\">\n\t\t\t\t<div class=\"elementor-widget-container\">\n\t\t\t\t\t\t\t<p>(Pressemitteilung des Minderheitensekretariats vom 22.05.2025)<\/p>\t\t\t\t\t\t<\/div>\n\t\t\t\t<\/div>\n\t\t\t\t\t<\/div>\n\t\t<\/div>\n\t\t\t\t\t<\/div>\n\t\t<\/section>\n\t\t\t\t<section class=\"elementor-section elementor-inner-section elementor-element elementor-element-79ac782 elementor-section-boxed elementor-section-height-default elementor-section-height-default\" data-id=\"79ac782\" data-element_type=\"section\">\n\t\t\t\t\t\t<div class=\"elementor-container elementor-column-gap-default\">\n\t\t\t\t\t<div class=\"elementor-column elementor-col-100 elementor-inner-column elementor-element elementor-element-535e876\" data-id=\"535e876\" data-element_type=\"column\">\n\t\t\t<div class=\"elementor-widget-wrap elementor-element-populated\">\n\t\t\t\t\t\t<div class=\"elementor-element elementor-element-96396bc elementor-align-center elementor-widget elementor-widget-button\" data-id=\"96396bc\" data-element_type=\"widget\" data-widget_type=\"button.default\">\n\t\t\t\t<div class=\"elementor-widget-container\">\n\t\t\t\t\t\t\t<div class=\"elementor-button-wrapper\">\n\t\t\t\t\t<a class=\"elementor-button elementor-button-link elementor-size-sm\" href=\"\/aktuelles\/\">\n\t\t\t\t\t\t<span class=\"elementor-button-content-wrapper\">\n\t\t\t\t\t\t\t\t\t<span class=\"elementor-button-text\">Zur\u00fcck zur \u00dcbersicht<\/span>\n\t\t\t\t\t<\/span>\n\t\t\t\t\t<\/a>\n\t\t\t\t<\/div>\n\t\t\t\t\t\t<\/div>\n\t\t\t\t<\/div>\n\t\t\t\t\t<\/div>\n\t\t<\/div>\n\t\t\t\t\t<\/div>\n\t\t<\/section>\n\t\t\t\t\t<\/div>\n\t\t<\/div>\n\t\t\t\t\t<\/div>\n\t\t<\/section>\n\t\t\t\t<\/div>\n\t\t","protected":false},"excerpt":{"rendered":"<p>Das Minderheitensekretariat startet mit ersten Abgeordnetengespr\u00e4chen in die neue Legislatur.<\/p>\n","protected":false},"author":1,"featured_media":20466,"comment_status":"closed","ping_status":"closed","sticky":false,"template":"elementor_header_footer","format":"standard","meta":{"footnotes":""},"categories":[49],"tags":[],"class_list":["post-20439","post","type-post","status-publish","format-standard","has-post-thumbnail","hentry","category-startseite"],"yoast_head":"<!-- This site is optimized with the Yoast SEO plugin v23.8 - https:\/\/yoast.com\/wordpress\/plugins\/seo\/ -->\n<title>Das Minderheitensekretariat traf die Abgeordneten Denise Loop und Stefan Seidler zum Austausch - Minderheitensekretariat<\/title>\n<meta name=\"robots\" content=\"index, follow, max-snippet:-1, max-image-preview:large, max-video-preview:-1\" \/>\n<link rel=\"canonical\" href=\"https:\/\/www.minderheitensekretariat.de\/os\/2025\/05\/22\/austausch-des-minderheitensekretariats-mit-bundestagsabgeordneten-stefan-seidler-und-denise-loop-parlamentskreis-minderheiten-und-gerichtssprachen-im-fokus\/\" \/>\n<meta property=\"og:locale\" content=\"en_US\" \/>\n<meta property=\"og:type\" content=\"article\" \/>\n<meta property=\"og:title\" content=\"Das Minderheitensekretariat traf die Abgeordneten Denise Loop und Stefan Seidler zum Austausch - Minderheitensekretariat\" \/>\n<meta property=\"og:description\" content=\"Das Minderheitensekretariat startet mit ersten Abgeordnetengespr\u00e4chen in die neue Legislatur.\" \/>\n<meta property=\"og:url\" content=\"https:\/\/www.minderheitensekretariat.de\/os\/2025\/05\/22\/austausch-des-minderheitensekretariats-mit-bundestagsabgeordneten-stefan-seidler-und-denise-loop-parlamentskreis-minderheiten-und-gerichtssprachen-im-fokus\/\" \/>\n<meta property=\"og:site_name\" content=\"Minderheitensekretariat\" \/>\n<meta property=\"article:publisher\" content=\"https:\/\/www.facebook.com\/minderheitensekretariat.de\" \/>\n<meta property=\"article:published_time\" content=\"2025-05-22T15:42:11+00:00\" \/>\n<meta property=\"article:modified_time\" content=\"2025-05-23T10:04:15+00:00\" \/>\n<meta property=\"og:image\" content=\"https:\/\/www.minderheitensekretariat.de\/wp-content\/uploads\/2025\/05\/WhatsApp-Image-2025-05-22-at-17.00.09.jpeg\" \/>\n\t<meta property=\"og:image:width\" content=\"1009\" \/>\n\t<meta property=\"og:image:height\" content=\"679\" \/>\n\t<meta property=\"og:image:type\" content=\"image\/jpeg\" \/>\n<meta name=\"author\" content=\"Minderheitensekretariat\" \/>\n<meta name=\"twitter:card\" content=\"summary_large_image\" \/>\n<meta name=\"twitter:label1\" content=\"Written by\" \/>\n\t<meta name=\"twitter:data1\" content=\"Minderheitensekretariat\" \/>\n\t<meta name=\"twitter:label2\" content=\"Est. reading time\" \/>\n\t<meta name=\"twitter:data2\" content=\"3 minutes\" \/>\n<script type=\"application\/ld+json\" class=\"yoast-schema-graph\">{\"@context\":\"https:\/\/schema.org\",\"@graph\":[{\"@type\":\"Article\",\"@id\":\"https:\/\/www.minderheitensekretariat.de\/os\/2025\/05\/22\/austausch-des-minderheitensekretariats-mit-bundestagsabgeordneten-stefan-seidler-und-denise-loop-parlamentskreis-minderheiten-und-gerichtssprachen-im-fokus\/#article\",\"isPartOf\":{\"@id\":\"https:\/\/www.minderheitensekretariat.de\/os\/2025\/05\/22\/austausch-des-minderheitensekretariats-mit-bundestagsabgeordneten-stefan-seidler-und-denise-loop-parlamentskreis-minderheiten-und-gerichtssprachen-im-fokus\/\"},\"author\":{\"name\":\"Minderheitensekretariat\",\"@id\":\"https:\/\/www.minderheitensekretariat.de\/os\/#\/schema\/person\/55df1c4c912f10debba5dfc9bc26c1cf\"},\"headline\":\"Das Minderheitensekretariat traf die Abgeordneten Denise Loop und Stefan Seidler zum Austausch\",\"datePublished\":\"2025-05-22T15:42:11+00:00\",\"dateModified\":\"2025-05-23T10:04:15+00:00\",\"mainEntityOfPage\":{\"@id\":\"https:\/\/www.minderheitensekretariat.de\/os\/2025\/05\/22\/austausch-des-minderheitensekretariats-mit-bundestagsabgeordneten-stefan-seidler-und-denise-loop-parlamentskreis-minderheiten-und-gerichtssprachen-im-fokus\/\"},\"wordCount\":349,\"publisher\":{\"@id\":\"https:\/\/www.minderheitensekretariat.de\/os\/#organization\"},\"image\":{\"@id\":\"https:\/\/www.minderheitensekretariat.de\/os\/2025\/05\/22\/austausch-des-minderheitensekretariats-mit-bundestagsabgeordneten-stefan-seidler-und-denise-loop-parlamentskreis-minderheiten-und-gerichtssprachen-im-fokus\/#primaryimage\"},\"thumbnailUrl\":\"https:\/\/www.minderheitensekretariat.de\/wp-content\/uploads\/2025\/05\/WhatsApp-Image-2025-05-22-at-17.00.09.jpeg\",\"articleSection\":[\"Startseite\"],\"inLanguage\":\"os-OS\"},{\"@type\":\"WebPage\",\"@id\":\"https:\/\/www.minderheitensekretariat.de\/os\/2025\/05\/22\/austausch-des-minderheitensekretariats-mit-bundestagsabgeordneten-stefan-seidler-und-denise-loop-parlamentskreis-minderheiten-und-gerichtssprachen-im-fokus\/\",\"url\":\"https:\/\/www.minderheitensekretariat.de\/os\/2025\/05\/22\/austausch-des-minderheitensekretariats-mit-bundestagsabgeordneten-stefan-seidler-und-denise-loop-parlamentskreis-minderheiten-und-gerichtssprachen-im-fokus\/\",\"name\":\"Das Minderheitensekretariat traf die Abgeordneten Denise Loop und Stefan Seidler zum Austausch - Minderheitensekretariat\",\"isPartOf\":{\"@id\":\"https:\/\/www.minderheitensekretariat.de\/os\/#website\"},\"primaryImageOfPage\":{\"@id\":\"https:\/\/www.minderheitensekretariat.de\/os\/2025\/05\/22\/austausch-des-minderheitensekretariats-mit-bundestagsabgeordneten-stefan-seidler-und-denise-loop-parlamentskreis-minderheiten-und-gerichtssprachen-im-fokus\/#primaryimage\"},\"image\":{\"@id\":\"https:\/\/www.minderheitensekretariat.de\/os\/2025\/05\/22\/austausch-des-minderheitensekretariats-mit-bundestagsabgeordneten-stefan-seidler-und-denise-loop-parlamentskreis-minderheiten-und-gerichtssprachen-im-fokus\/#primaryimage\"},\"thumbnailUrl\":\"https:\/\/www.minderheitensekretariat.de\/wp-content\/uploads\/2025\/05\/WhatsApp-Image-2025-05-22-at-17.00.09.jpeg\",\"datePublished\":\"2025-05-22T15:42:11+00:00\",\"dateModified\":\"2025-05-23T10:04:15+00:00\",\"breadcrumb\":{\"@id\":\"https:\/\/www.minderheitensekretariat.de\/os\/2025\/05\/22\/austausch-des-minderheitensekretariats-mit-bundestagsabgeordneten-stefan-seidler-und-denise-loop-parlamentskreis-minderheiten-und-gerichtssprachen-im-fokus\/#breadcrumb\"},\"inLanguage\":\"os-OS\",\"potentialAction\":[{\"@type\":\"ReadAction\",\"target\":[\"https:\/\/www.minderheitensekretariat.de\/os\/2025\/05\/22\/austausch-des-minderheitensekretariats-mit-bundestagsabgeordneten-stefan-seidler-und-denise-loop-parlamentskreis-minderheiten-und-gerichtssprachen-im-fokus\/\"]}]},{\"@type\":\"ImageObject\",\"inLanguage\":\"os-OS\",\"@id\":\"https:\/\/www.minderheitensekretariat.de\/os\/2025\/05\/22\/austausch-des-minderheitensekretariats-mit-bundestagsabgeordneten-stefan-seidler-und-denise-loop-parlamentskreis-minderheiten-und-gerichtssprachen-im-fokus\/#primaryimage\",\"url\":\"https:\/\/www.minderheitensekretariat.de\/wp-content\/uploads\/2025\/05\/WhatsApp-Image-2025-05-22-at-17.00.09.jpeg\",\"contentUrl\":\"https:\/\/www.minderheitensekretariat.de\/wp-content\/uploads\/2025\/05\/WhatsApp-Image-2025-05-22-at-17.00.09.jpeg\",\"width\":1009,\"height\":679,\"caption\":\"v.l.n.r.: Roman K\u00fchn, Carolin Renner, Denise Loop, Nele Feuring\"},{\"@type\":\"BreadcrumbList\",\"@id\":\"https:\/\/www.minderheitensekretariat.de\/os\/2025\/05\/22\/austausch-des-minderheitensekretariats-mit-bundestagsabgeordneten-stefan-seidler-und-denise-loop-parlamentskreis-minderheiten-und-gerichtssprachen-im-fokus\/#breadcrumb\",\"itemListElement\":[{\"@type\":\"ListItem\",\"position\":1,\"name\":\"Startseite\",\"item\":\"https:\/\/www.minderheitensekretariat.de\/os\/\"},{\"@type\":\"ListItem\",\"position\":2,\"name\":\"Das Minderheitensekretariat traf die Abgeordneten Denise Loop und Stefan Seidler zum Austausch\"}]},{\"@type\":\"WebSite\",\"@id\":\"https:\/\/www.minderheitensekretariat.de\/os\/#website\",\"url\":\"https:\/\/www.minderheitensekretariat.de\/os\/\",\"name\":\"Minderheitensekretariat\",\"description\":\"\",\"publisher\":{\"@id\":\"https:\/\/www.minderheitensekretariat.de\/os\/#organization\"},\"potentialAction\":[{\"@type\":\"SearchAction\",\"target\":{\"@type\":\"EntryPoint\",\"urlTemplate\":\"https:\/\/www.minderheitensekretariat.de\/os\/?s={search_term_string}\"},\"query-input\":{\"@type\":\"PropertyValueSpecification\",\"valueRequired\":true,\"valueName\":\"search_term_string\"}}],\"inLanguage\":\"os-OS\"},{\"@type\":\"Organization\",\"@id\":\"https:\/\/www.minderheitensekretariat.de\/os\/#organization\",\"name\":\"Minderheitensekretariat\",\"url\":\"https:\/\/www.minderheitensekretariat.de\/os\/\",\"logo\":{\"@type\":\"ImageObject\",\"inLanguage\":\"os-OS\",\"@id\":\"https:\/\/www.minderheitensekretariat.de\/os\/#\/schema\/logo\/image\/\",\"url\":\"https:\/\/www.minderheitensekretariat.de\/wp-content\/uploads\/2023\/03\/Min_sek_Logo_4c.jpg\",\"contentUrl\":\"https:\/\/www.minderheitensekretariat.de\/wp-content\/uploads\/2023\/03\/Min_sek_Logo_4c.jpg\",\"width\":984,\"height\":236,\"caption\":\"Minderheitensekretariat\"},\"image\":{\"@id\":\"https:\/\/www.minderheitensekretariat.de\/os\/#\/schema\/logo\/image\/\"},\"sameAs\":[\"https:\/\/www.facebook.com\/minderheitensekretariat.de\"]},{\"@type\":\"Person\",\"@id\":\"https:\/\/www.minderheitensekretariat.de\/os\/#\/schema\/person\/55df1c4c912f10debba5dfc9bc26c1cf\",\"name\":\"Minderheitensekretariat\",\"image\":{\"@type\":\"ImageObject\",\"inLanguage\":\"os-OS\",\"@id\":\"https:\/\/www.minderheitensekretariat.de\/os\/#\/schema\/person\/image\/\",\"url\":\"https:\/\/secure.gravatar.com\/avatar\/370caba7511c95d16d2d05ef3fa57095fae805fdb97d13f46df8534525f106da?s=96&d=mm&r=g\",\"contentUrl\":\"https:\/\/secure.gravatar.com\/avatar\/370caba7511c95d16d2d05ef3fa57095fae805fdb97d13f46df8534525f106da?s=96&d=mm&r=g\",\"caption\":\"Minderheitensekretariat\"},\"sameAs\":[\"https:\/\/www.minderheitensekretariat.de\"],\"url\":\"https:\/\/www.minderheitensekretariat.de\/os\/author\/minderheitensekretariat\/\"}]}<\/script>\n<!-- \/ Yoast SEO plugin. -->","yoast_head_json":{"title":"Das Minderheitensekretariat traf die Abgeordneten Denise Loop und Stefan Seidler zum Austausch - Minderheitensekretariat","robots":{"index":"index","follow":"follow","max-snippet":"max-snippet:-1","max-image-preview":"max-image-preview:large","max-video-preview":"max-video-preview:-1"},"canonical":"https:\/\/www.minderheitensekretariat.de\/os\/2025\/05\/22\/austausch-des-minderheitensekretariats-mit-bundestagsabgeordneten-stefan-seidler-und-denise-loop-parlamentskreis-minderheiten-und-gerichtssprachen-im-fokus\/","og_locale":"en_US","og_type":"article","og_title":"Das Minderheitensekretariat traf die Abgeordneten Denise Loop und Stefan Seidler zum Austausch - Minderheitensekretariat","og_description":"Das Minderheitensekretariat startet mit ersten Abgeordnetengespr\u00e4chen in die neue Legislatur.","og_url":"https:\/\/www.minderheitensekretariat.de\/os\/2025\/05\/22\/austausch-des-minderheitensekretariats-mit-bundestagsabgeordneten-stefan-seidler-und-denise-loop-parlamentskreis-minderheiten-und-gerichtssprachen-im-fokus\/","og_site_name":"Minderheitensekretariat","article_publisher":"https:\/\/www.facebook.com\/minderheitensekretariat.de","article_published_time":"2025-05-22T15:42:11+00:00","article_modified_time":"2025-05-23T10:04:15+00:00","og_image":[{"width":1009,"height":679,"url":"https:\/\/www.minderheitensekretariat.de\/wp-content\/uploads\/2025\/05\/WhatsApp-Image-2025-05-22-at-17.00.09.jpeg","type":"image\/jpeg"}],"author":"Minderheitensekretariat","twitter_card":"summary_large_image","twitter_misc":{"Written by":"Minderheitensekretariat","Est. reading time":"3 minutes"},"schema":{"@context":"https:\/\/schema.org","@graph":[{"@type":"Article","@id":"https:\/\/www.minderheitensekretariat.de\/os\/2025\/05\/22\/austausch-des-minderheitensekretariats-mit-bundestagsabgeordneten-stefan-seidler-und-denise-loop-parlamentskreis-minderheiten-und-gerichtssprachen-im-fokus\/#article","isPartOf":{"@id":"https:\/\/www.minderheitensekretariat.de\/os\/2025\/05\/22\/austausch-des-minderheitensekretariats-mit-bundestagsabgeordneten-stefan-seidler-und-denise-loop-parlamentskreis-minderheiten-und-gerichtssprachen-im-fokus\/"},"author":{"name":"Minderheitensekretariat","@id":"https:\/\/www.minderheitensekretariat.de\/os\/#\/schema\/person\/55df1c4c912f10debba5dfc9bc26c1cf"},"headline":"Das Minderheitensekretariat traf die Abgeordneten Denise Loop und Stefan Seidler zum Austausch","datePublished":"2025-05-22T15:42:11+00:00","dateModified":"2025-05-23T10:04:15+00:00","mainEntityOfPage":{"@id":"https:\/\/www.minderheitensekretariat.de\/os\/2025\/05\/22\/austausch-des-minderheitensekretariats-mit-bundestagsabgeordneten-stefan-seidler-und-denise-loop-parlamentskreis-minderheiten-und-gerichtssprachen-im-fokus\/"},"wordCount":349,"publisher":{"@id":"https:\/\/www.minderheitensekretariat.de\/os\/#organization"},"image":{"@id":"https:\/\/www.minderheitensekretariat.de\/os\/2025\/05\/22\/austausch-des-minderheitensekretariats-mit-bundestagsabgeordneten-stefan-seidler-und-denise-loop-parlamentskreis-minderheiten-und-gerichtssprachen-im-fokus\/#primaryimage"},"thumbnailUrl":"https:\/\/www.minderheitensekretariat.de\/wp-content\/uploads\/2025\/05\/WhatsApp-Image-2025-05-22-at-17.00.09.jpeg","articleSection":["Startseite"],"inLanguage":"os-OS"},{"@type":"WebPage","@id":"https:\/\/www.minderheitensekretariat.de\/os\/2025\/05\/22\/austausch-des-minderheitensekretariats-mit-bundestagsabgeordneten-stefan-seidler-und-denise-loop-parlamentskreis-minderheiten-und-gerichtssprachen-im-fokus\/","url":"https:\/\/www.minderheitensekretariat.de\/os\/2025\/05\/22\/austausch-des-minderheitensekretariats-mit-bundestagsabgeordneten-stefan-seidler-und-denise-loop-parlamentskreis-minderheiten-und-gerichtssprachen-im-fokus\/","name":"Das Minderheitensekretariat traf die Abgeordneten Denise Loop und Stefan Seidler zum Austausch - Minderheitensekretariat","isPartOf":{"@id":"https:\/\/www.minderheitensekretariat.de\/os\/#website"},"primaryImageOfPage":{"@id":"https:\/\/www.minderheitensekretariat.de\/os\/2025\/05\/22\/austausch-des-minderheitensekretariats-mit-bundestagsabgeordneten-stefan-seidler-und-denise-loop-parlamentskreis-minderheiten-und-gerichtssprachen-im-fokus\/#primaryimage"},"image":{"@id":"https:\/\/www.minderheitensekretariat.de\/os\/2025\/05\/22\/austausch-des-minderheitensekretariats-mit-bundestagsabgeordneten-stefan-seidler-und-denise-loop-parlamentskreis-minderheiten-und-gerichtssprachen-im-fokus\/#primaryimage"},"thumbnailUrl":"https:\/\/www.minderheitensekretariat.de\/wp-content\/uploads\/2025\/05\/WhatsApp-Image-2025-05-22-at-17.00.09.jpeg","datePublished":"2025-05-22T15:42:11+00:00","dateModified":"2025-05-23T10:04:15+00:00","breadcrumb":{"@id":"https:\/\/www.minderheitensekretariat.de\/os\/2025\/05\/22\/austausch-des-minderheitensekretariats-mit-bundestagsabgeordneten-stefan-seidler-und-denise-loop-parlamentskreis-minderheiten-und-gerichtssprachen-im-fokus\/#breadcrumb"},"inLanguage":"os-OS","potentialAction":[{"@type":"ReadAction","target":["https:\/\/www.minderheitensekretariat.de\/os\/2025\/05\/22\/austausch-des-minderheitensekretariats-mit-bundestagsabgeordneten-stefan-seidler-und-denise-loop-parlamentskreis-minderheiten-und-gerichtssprachen-im-fokus\/"]}]},{"@type":"ImageObject","inLanguage":"os-OS","@id":"https:\/\/www.minderheitensekretariat.de\/os\/2025\/05\/22\/austausch-des-minderheitensekretariats-mit-bundestagsabgeordneten-stefan-seidler-und-denise-loop-parlamentskreis-minderheiten-und-gerichtssprachen-im-fokus\/#primaryimage","url":"https:\/\/www.minderheitensekretariat.de\/wp-content\/uploads\/2025\/05\/WhatsApp-Image-2025-05-22-at-17.00.09.jpeg","contentUrl":"https:\/\/www.minderheitensekretariat.de\/wp-content\/uploads\/2025\/05\/WhatsApp-Image-2025-05-22-at-17.00.09.jpeg","width":1009,"height":679,"caption":"v.l.n.r.: Roman K\u00fchn, Carolin Renner, Denise Loop, Nele Feuring"},{"@type":"BreadcrumbList","@id":"https:\/\/www.minderheitensekretariat.de\/os\/2025\/05\/22\/austausch-des-minderheitensekretariats-mit-bundestagsabgeordneten-stefan-seidler-und-denise-loop-parlamentskreis-minderheiten-und-gerichtssprachen-im-fokus\/#breadcrumb","itemListElement":[{"@type":"ListItem","position":1,"name":"Startseite","item":"https:\/\/www.minderheitensekretariat.de\/os\/"},{"@type":"ListItem","position":2,"name":"Das Minderheitensekretariat traf die Abgeordneten Denise Loop und Stefan Seidler zum Austausch"}]},{"@type":"WebSite","@id":"https:\/\/www.minderheitensekretariat.de\/os\/#website","url":"https:\/\/www.minderheitensekretariat.de\/os\/","name":"Minderheitensekretariat","description":"","publisher":{"@id":"https:\/\/www.minderheitensekretariat.de\/os\/#organization"},"potentialAction":[{"@type":"SearchAction","target":{"@type":"EntryPoint","urlTemplate":"https:\/\/www.minderheitensekretariat.de\/os\/?s={search_term_string}"},"query-input":{"@type":"PropertyValueSpecification","valueRequired":true,"valueName":"search_term_string"}}],"inLanguage":"os-OS"},{"@type":"Organization","@id":"https:\/\/www.minderheitensekretariat.de\/os\/#organization","name":"Minderheitensekretariat","url":"https:\/\/www.minderheitensekretariat.de\/os\/","logo":{"@type":"ImageObject","inLanguage":"os-OS","@id":"https:\/\/www.minderheitensekretariat.de\/os\/#\/schema\/logo\/image\/","url":"https:\/\/www.minderheitensekretariat.de\/wp-content\/uploads\/2023\/03\/Min_sek_Logo_4c.jpg","contentUrl":"https:\/\/www.minderheitensekretariat.de\/wp-content\/uploads\/2023\/03\/Min_sek_Logo_4c.jpg","width":984,"height":236,"caption":"Minderheitensekretariat"},"image":{"@id":"https:\/\/www.minderheitensekretariat.de\/os\/#\/schema\/logo\/image\/"},"sameAs":["https:\/\/www.facebook.com\/minderheitensekretariat.de"]},{"@type":"Person","@id":"https:\/\/www.minderheitensekretariat.de\/os\/#\/schema\/person\/55df1c4c912f10debba5dfc9bc26c1cf","name":"Minderheitensekretariat","image":{"@type":"ImageObject","inLanguage":"os-OS","@id":"https:\/\/www.minderheitensekretariat.de\/os\/#\/schema\/person\/image\/","url":"https:\/\/secure.gravatar.com\/avatar\/370caba7511c95d16d2d05ef3fa57095fae805fdb97d13f46df8534525f106da?s=96&d=mm&r=g","contentUrl":"https:\/\/secure.gravatar.com\/avatar\/370caba7511c95d16d2d05ef3fa57095fae805fdb97d13f46df8534525f106da?s=96&d=mm&r=g","caption":"Minderheitensekretariat"},"sameAs":["https:\/\/www.minderheitensekretariat.de"],"url":"https:\/\/www.minderheitensekretariat.de\/os\/author\/minderheitensekretariat\/"}]}},"_links":{"self":[{"href":"https:\/\/www.minderheitensekretariat.de\/os\/wp-json\/wp\/v2\/posts\/20439","targetHints":{"allow":["GET"]}}],"collection":[{"href":"https:\/\/www.minderheitensekretariat.de\/os\/wp-json\/wp\/v2\/posts"}],"about":[{"href":"https:\/\/www.minderheitensekretariat.de\/os\/wp-json\/wp\/v2\/types\/post"}],"author":[{"embeddable":true,"href":"https:\/\/www.minderheitensekretariat.de\/os\/wp-json\/wp\/v2\/users\/1"}],"replies":[{"embeddable":true,"href":"https:\/\/www.minderheitensekretariat.de\/os\/wp-json\/wp\/v2\/comments?post=20439"}],"version-history":[{"count":31,"href":"https:\/\/www.minderheitensekretariat.de\/os\/wp-json\/wp\/v2\/posts\/20439\/revisions"}],"predecessor-version":[{"id":20504,"href":"https:\/\/www.minderheitensekretariat.de\/os\/wp-json\/wp\/v2\/posts\/20439\/revisions\/20504"}],"wp:featuredmedia":[{"embeddable":true,"href":"https:\/\/www.minderheitensekretariat.de\/os\/wp-json\/wp\/v2\/media\/20466"}],"wp:attachment":[{"href":"https:\/\/www.minderheitensekretariat.de\/os\/wp-json\/wp\/v2\/media?parent=20439"}],"wp:term":[{"taxonomy":"category","embeddable":true,"href":"https:\/\/www.minderheitensekretariat.de\/os\/wp-json\/wp\/v2\/categories?post=20439"},{"taxonomy":"post_tag","embeddable":true,"href":"https:\/\/www.minderheitensekretariat.de\/os\/wp-json\/wp\/v2\/tags?post=20439"}],"curies":[{"name":"wp","href":"https:\/\/api.w.org\/{rel}","templated":true}]}}