{"id":10183,"date":"2023-02-08T14:29:36","date_gmt":"2023-02-08T13:29:36","guid":{"rendered":"https:\/\/www.minderheitensekretariat.de\/?p=10183"},"modified":"2023-02-08T14:33:56","modified_gmt":"2023-02-08T13:33:56","slug":"zentralrat-begruesst-wegweisendes-urteil-des-berliner-amtsgerichts-wegen-volksverhetzung-mit-antiziganistischen-motiven","status":"publish","type":"post","link":"https:\/\/www.minderheitensekretariat.de\/sat\/2023\/02\/08\/zentralrat-begruesst-wegweisendes-urteil-des-berliner-amtsgerichts-wegen-volksverhetzung-mit-antiziganistischen-motiven\/","title":{"rendered":"Zentralrat begr\u00fc\u00dft wegweisendes Urteil des Berliner Amtsgerichts wegen Volksverhetzung mit antiziganistischen Motiven"},"content":{"rendered":"\t\t<div data-elementor-type=\"wp-post\" data-elementor-id=\"10183\" class=\"elementor elementor-10183\" data-elementor-post-type=\"post\">\n\t\t\t\t\t\t<section class=\"elementor-section elementor-top-section elementor-element elementor-element-7333b6f elementor-section-boxed elementor-section-height-default elementor-section-height-default\" data-id=\"7333b6f\" data-element_type=\"section\" data-settings=\"{&quot;background_background&quot;:&quot;gradient&quot;}\">\n\t\t\t\t\t\t\t<div class=\"elementor-background-overlay\"><\/div>\n\t\t\t\t\t\t\t<div class=\"elementor-container elementor-column-gap-default\">\n\t\t\t\t\t<div class=\"elementor-column elementor-col-100 elementor-top-column elementor-element elementor-element-1b921a3\" data-id=\"1b921a3\" data-element_type=\"column\">\n\t\t\t<div class=\"elementor-widget-wrap elementor-element-populated\">\n\t\t\t\t\t\t<section class=\"elementor-section elementor-inner-section elementor-element elementor-element-b0fb436 elementor-section-full_width elementor-section-height-default elementor-section-height-default\" data-id=\"b0fb436\" data-element_type=\"section\">\n\t\t\t\t\t\t<div class=\"elementor-container elementor-column-gap-default\">\n\t\t\t\t\t<div class=\"elementor-column elementor-col-50 elementor-inner-column elementor-element elementor-element-fa2d1aa\" data-id=\"fa2d1aa\" data-element_type=\"column\">\n\t\t\t<div class=\"elementor-widget-wrap elementor-element-populated\">\n\t\t\t\t\t\t<div class=\"elementor-element elementor-element-ea2fe1b elementor-widget elementor-widget-image\" data-id=\"ea2fe1b\" data-element_type=\"widget\" data-widget_type=\"image.default\">\n\t\t\t\t<div class=\"elementor-widget-container\">\n\t\t\t\t\t\t\t\t\t\t<figure class=\"wp-caption\">\n\t\t\t\t\t\t\t\t\t\t<img fetchpriority=\"high\" decoding=\"async\" width=\"670\" height=\"382\" src=\"https:\/\/www.minderheitensekretariat.de\/wp-content\/uploads\/2022\/08\/Zentralrat-Deutscher-Sinti-und-Roma_logo-copy.jpg\" class=\"attachment-large size-large wp-image-3823\" alt=\"\" srcset=\"https:\/\/www.minderheitensekretariat.de\/wp-content\/uploads\/2022\/08\/Zentralrat-Deutscher-Sinti-und-Roma_logo-copy.jpg 670w, https:\/\/www.minderheitensekretariat.de\/wp-content\/uploads\/2022\/08\/Zentralrat-Deutscher-Sinti-und-Roma_logo-copy-300x171.jpg 300w\" sizes=\"(max-width: 670px) 100vw, 670px\" \/>\t\t\t\t\t\t\t\t\t\t\t<figcaption class=\"widget-image-caption wp-caption-text\"><\/figcaption>\n\t\t\t\t\t\t\t\t\t\t<\/figure>\n\t\t\t\t\t\t\t<\/div>\n\t\t\t\t<\/div>\n\t\t\t\t\t<\/div>\n\t\t<\/div>\n\t\t\t\t<div class=\"elementor-column elementor-col-50 elementor-inner-column elementor-element elementor-element-f592ef7\" data-id=\"f592ef7\" data-element_type=\"column\">\n\t\t\t<div class=\"elementor-widget-wrap elementor-element-populated\">\n\t\t\t\t\t\t<div class=\"elementor-element elementor-element-03b0f5e elementor-widget elementor-widget-text-editor\" data-id=\"03b0f5e\" data-element_type=\"widget\" data-widget_type=\"text-editor.default\">\n\t\t\t\t<div class=\"elementor-widget-container\">\n\t\t\t\t\t\t\t08\/02\/2023\t\t\t\t\t\t<\/div>\n\t\t\t\t<\/div>\n\t\t\t\t<div class=\"elementor-element elementor-element-a21e5c4 elementor-widget elementor-widget-heading\" data-id=\"a21e5c4\" data-element_type=\"widget\" data-widget_type=\"heading.default\">\n\t\t\t\t<div class=\"elementor-widget-container\">\n\t\t\t<h2 class=\"elementor-heading-title elementor-size-default\">Zentralrat begr\u00fc\u00dft wegweisendes Urteil des Berliner Amtsgerichts wegen Volksverhetzung mit antiziganistischen Motiven<\/h2>\t\t<\/div>\n\t\t\t\t<\/div>\n\t\t\t\t<div class=\"elementor-element elementor-element-1a51d24 elementor-widget elementor-widget-text-editor\" data-id=\"1a51d24\" data-element_type=\"widget\" data-widget_type=\"text-editor.default\">\n\t\t\t\t<div class=\"elementor-widget-container\">\n\t\t\t\t\t\t\tEin Berliner Amtsgericht hat die rassistische Hassrede konsequent verfolgt und die antiziganistische Motivation des T\u00e4ters in der Urteilsverk\u00fcndung ausdr\u00fccklich benannt.\t\t\t\t\t\t<\/div>\n\t\t\t\t<\/div>\n\t\t\t\t<div class=\"elementor-element elementor-element-2aa7c17 elementor-widget-divider--view-line elementor-widget elementor-widget-divider\" data-id=\"2aa7c17\" data-element_type=\"widget\" data-widget_type=\"divider.default\">\n\t\t\t\t<div class=\"elementor-widget-container\">\n\t\t\t\t\t<div class=\"elementor-divider\">\n\t\t\t<span class=\"elementor-divider-separator\">\n\t\t\t\t\t\t<\/span>\n\t\t<\/div>\n\t\t\t\t<\/div>\n\t\t\t\t<\/div>\n\t\t\t\t\t<\/div>\n\t\t<\/div>\n\t\t\t\t\t<\/div>\n\t\t<\/section>\n\t\t\t\t<div class=\"elementor-element elementor-element-87b8590 elementor-hidden-mobile elementor-invisible elementor-widget elementor-widget-image\" data-id=\"87b8590\" data-element_type=\"widget\" data-settings=\"{&quot;_animation&quot;:&quot;fadeInDown&quot;,&quot;_animation_delay&quot;:1000}\" data-widget_type=\"image.default\">\n\t\t\t\t<div class=\"elementor-widget-container\">\n\t\t\t\t\t\t\t\t\t\t\t\t\t\t<a href=\"#mehr\">\n\t\t\t\t\t\t\t<img decoding=\"async\" width=\"27\" height=\"15\" src=\"https:\/\/www.minderheitensekretariat.de\/wp-content\/uploads\/2022\/07\/arrow_down.svg\" class=\"elementor-animation-shrink attachment-large size-large wp-image-657\" alt=\"\" \/>\t\t\t\t\t\t\t\t<\/a>\n\t\t\t\t\t\t\t\t\t\t\t\t\t<\/div>\n\t\t\t\t<\/div>\n\t\t\t\t<section class=\"elementor-section elementor-inner-section elementor-element elementor-element-2b19a64 elementor-hidden-mobile elementor-section-boxed elementor-section-height-default elementor-section-height-default\" data-id=\"2b19a64\" data-element_type=\"section\">\n\t\t\t\t\t\t<div class=\"elementor-container elementor-column-gap-default\">\n\t\t\t\t\t<div class=\"elementor-column elementor-col-100 elementor-inner-column elementor-element elementor-element-e1b551d\" data-id=\"e1b551d\" data-element_type=\"column\">\n\t\t\t<div class=\"elementor-widget-wrap elementor-element-populated\">\n\t\t\t\t\t\t<div class=\"elementor-element elementor-element-5723f99 elementor-widget elementor-widget-menu-anchor\" data-id=\"5723f99\" data-element_type=\"widget\" data-widget_type=\"menu-anchor.default\">\n\t\t\t\t<div class=\"elementor-widget-container\">\n\t\t\t\t\t<div class=\"elementor-menu-anchor\" id=\"mehr\"><\/div>\n\t\t\t\t<\/div>\n\t\t\t\t<\/div>\n\t\t\t\t\t<\/div>\n\t\t<\/div>\n\t\t\t\t\t<\/div>\n\t\t<\/section>\n\t\t\t\t<section class=\"elementor-section elementor-inner-section elementor-element elementor-element-8629abe elementor-section-boxed elementor-section-height-default elementor-section-height-default\" data-id=\"8629abe\" data-element_type=\"section\">\n\t\t\t\t\t\t<div class=\"elementor-container elementor-column-gap-default\">\n\t\t\t\t\t<div class=\"elementor-column elementor-col-100 elementor-inner-column elementor-element elementor-element-8fa23c1\" data-id=\"8fa23c1\" data-element_type=\"column\">\n\t\t\t<div class=\"elementor-widget-wrap elementor-element-populated\">\n\t\t\t\t\t\t<div class=\"elementor-element elementor-element-c01359a elementor-widget elementor-widget-text-editor\" data-id=\"c01359a\" data-element_type=\"widget\" data-widget_type=\"text-editor.default\">\n\t\t\t\t<div class=\"elementor-widget-container\">\n\t\t\t\t\t\t\t<p>Der Zentralrat Deutscher Sinti und Roma begr\u00fc\u00dft, dass das Amtsgericht Berlin-Tiergarten die rassistische Hassrede eines 56-j\u00e4hrigen Mannes konsequent verfolgt und die antiziganistische Motivation des T\u00e4ters in der Urteilsverk\u00fcndung ausdr\u00fccklich benannt hat.\u00a0 Der Zentralrat sieht in der Urteilsentscheidung ein deutliches Signal, dass der Rechtsstaat die Bedrohung des gewaltbereiten Antiziganismus ernst nimmt und jede Form von Hassrede konsequent verfolgt.<\/p><p>Der 56-J\u00e4hrige hatte zwischen Oktober 2020 und Juli 2021 mehrere Hassnachrichten an den Zentralrat Deutscher Sinti und Roma geschickt. Darin habe er u.a. geschrieben, dass er \u201edie Verfolgung der Sinti und Roma in der Zeit des Nationalsozialismus f\u00fcr legitim und angemessen erachte und eine solche auch f\u00fcr die Gegenwart bef\u00fcrworten w\u00fcrde\u201c.<\/p><p>Nun wurde er vom Amtsgericht Tiergarten der Volksverhetzung f\u00fcr schuldig befunden und zu zehn Monaten Freiheitsstrafe verurteilt. Zudem muss er 4.000 Euro an die Beratungsstelle f\u00fcr Betroffene digitaler Gewalt \u201eHateAid\u201c zahlen. Bei der Strafe floss laut Staatsanwaltschaft eine fr\u00fchere Geldstrafe wegen Beleidigung, Volksverhetzung und Verwendens von Kennzeichen verfassungswidriger Organisationen mit ein.<\/p><p>Angesichts der zunehmenden Hasskriminalit\u00e4t im Internet, auch und vor allem in Verbindung mit rassistischen und rechtsextremen Motivationen, warnt der Zentralrat Deutscher Sinti und Roma davor das gewaltsame Ph\u00e4nomen der Hassrede im Netz in Verbindung mit gruppenbezogener Menschenfeindlichkeit zu untersch\u00e4tzen. Sicherheitsbeh\u00f6rden und Justiz tragen f\u00fcr den Zusammenhalt der Gesellschaft und f\u00fcr das Vertrauen in den demokratischen Rechtsstaat eine gro\u00dfe Verantwortung, um jeglichen Ausdruck von Antiziganismus und Rassismus zu \u00e4chten.<\/p><p>Dieses Urteil kann den gemeinsamen Kampf gegen Antiziganismus und Rassismus voranbringen, kann aber noch lange nicht die als Meinungsfreiheit verkleidete Hetze beseitigen. Der Zentralrat verbindet mit der Urteilsentscheidung gegen den 56-j\u00e4hrigen die Erwartung, dass der antiziganistisch motivierte (digitale) Hass in Zukunft umfassender als bisher anerkannt und mit ad\u00e4quaten Gegenma\u00dfnahmen bek\u00e4mpft wird.<\/p><p><span style=\"color: var( --e-global-color-39532aa ); letter-spacing: 0px; background-color: transparent;\">(Quelle: Pressemitteilung <a href=\"https:\/\/zentralrat.sintiundroma.de\/zentralrat-begruesst-wegweisendes-urteil-des-berliner-amtsgerichts-wegen-volksverhetzung-mit-antiziganistischen-motiven\/\">Zentralrat Deutscher Sinti und Roma<\/a><\/span><span style=\"color: var( --e-global-color-39532aa ); letter-spacing: 0px; background-color: transparent;\">, 08.02.2023)<\/span><\/p>\t\t\t\t\t\t<\/div>\n\t\t\t\t<\/div>\n\t\t\t\t\t<\/div>\n\t\t<\/div>\n\t\t\t\t\t<\/div>\n\t\t<\/section>\n\t\t\t\t<section class=\"elementor-section elementor-inner-section elementor-element elementor-element-79ac782 elementor-section-boxed elementor-section-height-default elementor-section-height-default\" data-id=\"79ac782\" data-element_type=\"section\">\n\t\t\t\t\t\t<div class=\"elementor-container elementor-column-gap-default\">\n\t\t\t\t\t<div class=\"elementor-column elementor-col-100 elementor-inner-column elementor-element elementor-element-535e876\" data-id=\"535e876\" data-element_type=\"column\">\n\t\t\t<div class=\"elementor-widget-wrap elementor-element-populated\">\n\t\t\t\t\t\t<div class=\"elementor-element elementor-element-96396bc elementor-align-center elementor-widget elementor-widget-button\" data-id=\"96396bc\" data-element_type=\"widget\" data-widget_type=\"button.default\">\n\t\t\t\t<div class=\"elementor-widget-container\">\n\t\t\t\t\t\t\t<div class=\"elementor-button-wrapper\">\n\t\t\t\t\t<a class=\"elementor-button elementor-button-link elementor-size-sm\" href=\"\/aktuelles\/\">\n\t\t\t\t\t\t<span class=\"elementor-button-content-wrapper\">\n\t\t\t\t\t\t\t\t\t<span class=\"elementor-button-text\">Zur\u00fcck zur \u00dcbersicht<\/span>\n\t\t\t\t\t<\/span>\n\t\t\t\t\t<\/a>\n\t\t\t\t<\/div>\n\t\t\t\t\t\t<\/div>\n\t\t\t\t<\/div>\n\t\t\t\t\t<\/div>\n\t\t<\/div>\n\t\t\t\t\t<\/div>\n\t\t<\/section>\n\t\t\t\t\t<\/div>\n\t\t<\/div>\n\t\t\t\t\t<\/div>\n\t\t<\/section>\n\t\t\t\t<\/div>\n\t\t","protected":false},"excerpt":{"rendered":"<p>Ein Berliner Amtsgericht hat die rassistische Hassrede konsequent verfolgt und die antiziganistische Motivation des T\u00e4ters in der Urteilsverk\u00fcndung ausdr\u00fccklich benannt.<\/p>\n","protected":false},"author":1,"featured_media":3823,"comment_status":"closed","ping_status":"closed","sticky":false,"template":"elementor_header_footer","format":"standard","meta":{"footnotes":""},"categories":[49],"tags":[],"class_list":["post-10183","post","type-post","status-publish","format-standard","has-post-thumbnail","hentry","category-startseite"],"yoast_head":"<!-- This site is optimized with the Yoast SEO plugin v23.8 - https:\/\/yoast.com\/wordpress\/plugins\/seo\/ -->\n<title>Zentralrat begr\u00fc\u00dft wegweisendes Urteil des Berliner Amtsgerichts wegen Volksverhetzung mit antiziganistischen Motiven - Minderheitensekretariat<\/title>\n<meta name=\"robots\" content=\"index, follow, max-snippet:-1, max-image-preview:large, max-video-preview:-1\" \/>\n<link rel=\"canonical\" href=\"https:\/\/www.minderheitensekretariat.de\/sat\/2023\/02\/08\/zentralrat-begruesst-wegweisendes-urteil-des-berliner-amtsgerichts-wegen-volksverhetzung-mit-antiziganistischen-motiven\/\" \/>\n<meta property=\"og:locale\" content=\"en_US\" \/>\n<meta property=\"og:type\" content=\"article\" \/>\n<meta property=\"og:title\" content=\"Zentralrat begr\u00fc\u00dft wegweisendes Urteil des Berliner Amtsgerichts wegen Volksverhetzung mit antiziganistischen Motiven - Minderheitensekretariat\" \/>\n<meta property=\"og:description\" content=\"Ein Berliner Amtsgericht hat die rassistische Hassrede konsequent verfolgt und die antiziganistische Motivation des T\u00e4ters in der Urteilsverk\u00fcndung ausdr\u00fccklich benannt.\" \/>\n<meta property=\"og:url\" content=\"https:\/\/www.minderheitensekretariat.de\/sat\/2023\/02\/08\/zentralrat-begruesst-wegweisendes-urteil-des-berliner-amtsgerichts-wegen-volksverhetzung-mit-antiziganistischen-motiven\/\" \/>\n<meta property=\"og:site_name\" content=\"Minderheitensekretariat\" \/>\n<meta property=\"article:publisher\" content=\"https:\/\/www.facebook.com\/minderheitensekretariat.de\" \/>\n<meta property=\"article:published_time\" content=\"2023-02-08T13:29:36+00:00\" \/>\n<meta property=\"article:modified_time\" content=\"2023-02-08T13:33:56+00:00\" \/>\n<meta property=\"og:image\" content=\"https:\/\/www.minderheitensekretariat.de\/wp-content\/uploads\/2022\/08\/Zentralrat-Deutscher-Sinti-und-Roma_logo-copy.jpg\" \/>\n\t<meta property=\"og:image:width\" content=\"670\" \/>\n\t<meta property=\"og:image:height\" content=\"382\" \/>\n\t<meta property=\"og:image:type\" content=\"image\/jpeg\" \/>\n<meta name=\"author\" content=\"Minderheitensekretariat\" \/>\n<meta name=\"twitter:card\" content=\"summary_large_image\" \/>\n<meta name=\"twitter:label1\" content=\"Written by\" \/>\n\t<meta name=\"twitter:data1\" content=\"Minderheitensekretariat\" \/>\n\t<meta name=\"twitter:label2\" content=\"Est. reading time\" \/>\n\t<meta name=\"twitter:data2\" content=\"2 minutes\" \/>\n<script type=\"application\/ld+json\" class=\"yoast-schema-graph\">{\"@context\":\"https:\/\/schema.org\",\"@graph\":[{\"@type\":\"Article\",\"@id\":\"https:\/\/www.minderheitensekretariat.de\/sat\/2023\/02\/08\/zentralrat-begruesst-wegweisendes-urteil-des-berliner-amtsgerichts-wegen-volksverhetzung-mit-antiziganistischen-motiven\/#article\",\"isPartOf\":{\"@id\":\"https:\/\/www.minderheitensekretariat.de\/sat\/2023\/02\/08\/zentralrat-begruesst-wegweisendes-urteil-des-berliner-amtsgerichts-wegen-volksverhetzung-mit-antiziganistischen-motiven\/\"},\"author\":{\"name\":\"Minderheitensekretariat\",\"@id\":\"https:\/\/www.minderheitensekretariat.de\/sat\/#\/schema\/person\/55df1c4c912f10debba5dfc9bc26c1cf\"},\"headline\":\"Zentralrat begr\u00fc\u00dft wegweisendes Urteil des Berliner Amtsgerichts wegen Volksverhetzung mit antiziganistischen Motiven\",\"datePublished\":\"2023-02-08T13:29:36+00:00\",\"dateModified\":\"2023-02-08T13:33:56+00:00\",\"mainEntityOfPage\":{\"@id\":\"https:\/\/www.minderheitensekretariat.de\/sat\/2023\/02\/08\/zentralrat-begruesst-wegweisendes-urteil-des-berliner-amtsgerichts-wegen-volksverhetzung-mit-antiziganistischen-motiven\/\"},\"wordCount\":325,\"publisher\":{\"@id\":\"https:\/\/www.minderheitensekretariat.de\/sat\/#organization\"},\"image\":{\"@id\":\"https:\/\/www.minderheitensekretariat.de\/sat\/2023\/02\/08\/zentralrat-begruesst-wegweisendes-urteil-des-berliner-amtsgerichts-wegen-volksverhetzung-mit-antiziganistischen-motiven\/#primaryimage\"},\"thumbnailUrl\":\"https:\/\/www.minderheitensekretariat.de\/wp-content\/uploads\/2022\/08\/Zentralrat-Deutscher-Sinti-und-Roma_logo-copy.jpg\",\"articleSection\":[\"Startseite\"],\"inLanguage\":\"sat-SAT\"},{\"@type\":\"WebPage\",\"@id\":\"https:\/\/www.minderheitensekretariat.de\/sat\/2023\/02\/08\/zentralrat-begruesst-wegweisendes-urteil-des-berliner-amtsgerichts-wegen-volksverhetzung-mit-antiziganistischen-motiven\/\",\"url\":\"https:\/\/www.minderheitensekretariat.de\/sat\/2023\/02\/08\/zentralrat-begruesst-wegweisendes-urteil-des-berliner-amtsgerichts-wegen-volksverhetzung-mit-antiziganistischen-motiven\/\",\"name\":\"Zentralrat begr\u00fc\u00dft wegweisendes Urteil des Berliner Amtsgerichts wegen Volksverhetzung mit antiziganistischen Motiven - Minderheitensekretariat\",\"isPartOf\":{\"@id\":\"https:\/\/www.minderheitensekretariat.de\/sat\/#website\"},\"primaryImageOfPage\":{\"@id\":\"https:\/\/www.minderheitensekretariat.de\/sat\/2023\/02\/08\/zentralrat-begruesst-wegweisendes-urteil-des-berliner-amtsgerichts-wegen-volksverhetzung-mit-antiziganistischen-motiven\/#primaryimage\"},\"image\":{\"@id\":\"https:\/\/www.minderheitensekretariat.de\/sat\/2023\/02\/08\/zentralrat-begruesst-wegweisendes-urteil-des-berliner-amtsgerichts-wegen-volksverhetzung-mit-antiziganistischen-motiven\/#primaryimage\"},\"thumbnailUrl\":\"https:\/\/www.minderheitensekretariat.de\/wp-content\/uploads\/2022\/08\/Zentralrat-Deutscher-Sinti-und-Roma_logo-copy.jpg\",\"datePublished\":\"2023-02-08T13:29:36+00:00\",\"dateModified\":\"2023-02-08T13:33:56+00:00\",\"breadcrumb\":{\"@id\":\"https:\/\/www.minderheitensekretariat.de\/sat\/2023\/02\/08\/zentralrat-begruesst-wegweisendes-urteil-des-berliner-amtsgerichts-wegen-volksverhetzung-mit-antiziganistischen-motiven\/#breadcrumb\"},\"inLanguage\":\"sat-SAT\",\"potentialAction\":[{\"@type\":\"ReadAction\",\"target\":[\"https:\/\/www.minderheitensekretariat.de\/sat\/2023\/02\/08\/zentralrat-begruesst-wegweisendes-urteil-des-berliner-amtsgerichts-wegen-volksverhetzung-mit-antiziganistischen-motiven\/\"]}]},{\"@type\":\"ImageObject\",\"inLanguage\":\"sat-SAT\",\"@id\":\"https:\/\/www.minderheitensekretariat.de\/sat\/2023\/02\/08\/zentralrat-begruesst-wegweisendes-urteil-des-berliner-amtsgerichts-wegen-volksverhetzung-mit-antiziganistischen-motiven\/#primaryimage\",\"url\":\"https:\/\/www.minderheitensekretariat.de\/wp-content\/uploads\/2022\/08\/Zentralrat-Deutscher-Sinti-und-Roma_logo-copy.jpg\",\"contentUrl\":\"https:\/\/www.minderheitensekretariat.de\/wp-content\/uploads\/2022\/08\/Zentralrat-Deutscher-Sinti-und-Roma_logo-copy.jpg\",\"width\":670,\"height\":382},{\"@type\":\"BreadcrumbList\",\"@id\":\"https:\/\/www.minderheitensekretariat.de\/sat\/2023\/02\/08\/zentralrat-begruesst-wegweisendes-urteil-des-berliner-amtsgerichts-wegen-volksverhetzung-mit-antiziganistischen-motiven\/#breadcrumb\",\"itemListElement\":[{\"@type\":\"ListItem\",\"position\":1,\"name\":\"Startseite\",\"item\":\"https:\/\/www.minderheitensekretariat.de\/sat\/\"},{\"@type\":\"ListItem\",\"position\":2,\"name\":\"Zentralrat begr\u00fc\u00dft wegweisendes Urteil des Berliner Amtsgerichts wegen Volksverhetzung mit antiziganistischen Motiven\"}]},{\"@type\":\"WebSite\",\"@id\":\"https:\/\/www.minderheitensekretariat.de\/sat\/#website\",\"url\":\"https:\/\/www.minderheitensekretariat.de\/sat\/\",\"name\":\"Minderheitensekretariat\",\"description\":\"\",\"publisher\":{\"@id\":\"https:\/\/www.minderheitensekretariat.de\/sat\/#organization\"},\"potentialAction\":[{\"@type\":\"SearchAction\",\"target\":{\"@type\":\"EntryPoint\",\"urlTemplate\":\"https:\/\/www.minderheitensekretariat.de\/sat\/?s={search_term_string}\"},\"query-input\":{\"@type\":\"PropertyValueSpecification\",\"valueRequired\":true,\"valueName\":\"search_term_string\"}}],\"inLanguage\":\"sat-SAT\"},{\"@type\":\"Organization\",\"@id\":\"https:\/\/www.minderheitensekretariat.de\/sat\/#organization\",\"name\":\"Minderheitensekretariat\",\"url\":\"https:\/\/www.minderheitensekretariat.de\/sat\/\",\"logo\":{\"@type\":\"ImageObject\",\"inLanguage\":\"sat-SAT\",\"@id\":\"https:\/\/www.minderheitensekretariat.de\/sat\/#\/schema\/logo\/image\/\",\"url\":\"https:\/\/www.minderheitensekretariat.de\/wp-content\/uploads\/2023\/03\/Min_sek_Logo_4c.jpg\",\"contentUrl\":\"https:\/\/www.minderheitensekretariat.de\/wp-content\/uploads\/2023\/03\/Min_sek_Logo_4c.jpg\",\"width\":984,\"height\":236,\"caption\":\"Minderheitensekretariat\"},\"image\":{\"@id\":\"https:\/\/www.minderheitensekretariat.de\/sat\/#\/schema\/logo\/image\/\"},\"sameAs\":[\"https:\/\/www.facebook.com\/minderheitensekretariat.de\"]},{\"@type\":\"Person\",\"@id\":\"https:\/\/www.minderheitensekretariat.de\/sat\/#\/schema\/person\/55df1c4c912f10debba5dfc9bc26c1cf\",\"name\":\"Minderheitensekretariat\",\"image\":{\"@type\":\"ImageObject\",\"inLanguage\":\"sat-SAT\",\"@id\":\"https:\/\/www.minderheitensekretariat.de\/sat\/#\/schema\/person\/image\/\",\"url\":\"https:\/\/secure.gravatar.com\/avatar\/370caba7511c95d16d2d05ef3fa57095fae805fdb97d13f46df8534525f106da?s=96&d=mm&r=g\",\"contentUrl\":\"https:\/\/secure.gravatar.com\/avatar\/370caba7511c95d16d2d05ef3fa57095fae805fdb97d13f46df8534525f106da?s=96&d=mm&r=g\",\"caption\":\"Minderheitensekretariat\"},\"sameAs\":[\"https:\/\/www.minderheitensekretariat.de\"],\"url\":\"https:\/\/www.minderheitensekretariat.de\/sat\/author\/minderheitensekretariat\/\"}]}<\/script>\n<!-- \/ Yoast SEO plugin. -->","yoast_head_json":{"title":"Zentralrat begr\u00fc\u00dft wegweisendes Urteil des Berliner Amtsgerichts wegen Volksverhetzung mit antiziganistischen Motiven - Minderheitensekretariat","robots":{"index":"index","follow":"follow","max-snippet":"max-snippet:-1","max-image-preview":"max-image-preview:large","max-video-preview":"max-video-preview:-1"},"canonical":"https:\/\/www.minderheitensekretariat.de\/sat\/2023\/02\/08\/zentralrat-begruesst-wegweisendes-urteil-des-berliner-amtsgerichts-wegen-volksverhetzung-mit-antiziganistischen-motiven\/","og_locale":"en_US","og_type":"article","og_title":"Zentralrat begr\u00fc\u00dft wegweisendes Urteil des Berliner Amtsgerichts wegen Volksverhetzung mit antiziganistischen Motiven - Minderheitensekretariat","og_description":"Ein Berliner Amtsgericht hat die rassistische Hassrede konsequent verfolgt und die antiziganistische Motivation des T\u00e4ters in der Urteilsverk\u00fcndung ausdr\u00fccklich benannt.","og_url":"https:\/\/www.minderheitensekretariat.de\/sat\/2023\/02\/08\/zentralrat-begruesst-wegweisendes-urteil-des-berliner-amtsgerichts-wegen-volksverhetzung-mit-antiziganistischen-motiven\/","og_site_name":"Minderheitensekretariat","article_publisher":"https:\/\/www.facebook.com\/minderheitensekretariat.de","article_published_time":"2023-02-08T13:29:36+00:00","article_modified_time":"2023-02-08T13:33:56+00:00","og_image":[{"width":670,"height":382,"url":"https:\/\/www.minderheitensekretariat.de\/wp-content\/uploads\/2022\/08\/Zentralrat-Deutscher-Sinti-und-Roma_logo-copy.jpg","type":"image\/jpeg"}],"author":"Minderheitensekretariat","twitter_card":"summary_large_image","twitter_misc":{"Written by":"Minderheitensekretariat","Est. reading time":"2 minutes"},"schema":{"@context":"https:\/\/schema.org","@graph":[{"@type":"Article","@id":"https:\/\/www.minderheitensekretariat.de\/sat\/2023\/02\/08\/zentralrat-begruesst-wegweisendes-urteil-des-berliner-amtsgerichts-wegen-volksverhetzung-mit-antiziganistischen-motiven\/#article","isPartOf":{"@id":"https:\/\/www.minderheitensekretariat.de\/sat\/2023\/02\/08\/zentralrat-begruesst-wegweisendes-urteil-des-berliner-amtsgerichts-wegen-volksverhetzung-mit-antiziganistischen-motiven\/"},"author":{"name":"Minderheitensekretariat","@id":"https:\/\/www.minderheitensekretariat.de\/sat\/#\/schema\/person\/55df1c4c912f10debba5dfc9bc26c1cf"},"headline":"Zentralrat begr\u00fc\u00dft wegweisendes Urteil des Berliner Amtsgerichts wegen Volksverhetzung mit antiziganistischen Motiven","datePublished":"2023-02-08T13:29:36+00:00","dateModified":"2023-02-08T13:33:56+00:00","mainEntityOfPage":{"@id":"https:\/\/www.minderheitensekretariat.de\/sat\/2023\/02\/08\/zentralrat-begruesst-wegweisendes-urteil-des-berliner-amtsgerichts-wegen-volksverhetzung-mit-antiziganistischen-motiven\/"},"wordCount":325,"publisher":{"@id":"https:\/\/www.minderheitensekretariat.de\/sat\/#organization"},"image":{"@id":"https:\/\/www.minderheitensekretariat.de\/sat\/2023\/02\/08\/zentralrat-begruesst-wegweisendes-urteil-des-berliner-amtsgerichts-wegen-volksverhetzung-mit-antiziganistischen-motiven\/#primaryimage"},"thumbnailUrl":"https:\/\/www.minderheitensekretariat.de\/wp-content\/uploads\/2022\/08\/Zentralrat-Deutscher-Sinti-und-Roma_logo-copy.jpg","articleSection":["Startseite"],"inLanguage":"sat-SAT"},{"@type":"WebPage","@id":"https:\/\/www.minderheitensekretariat.de\/sat\/2023\/02\/08\/zentralrat-begruesst-wegweisendes-urteil-des-berliner-amtsgerichts-wegen-volksverhetzung-mit-antiziganistischen-motiven\/","url":"https:\/\/www.minderheitensekretariat.de\/sat\/2023\/02\/08\/zentralrat-begruesst-wegweisendes-urteil-des-berliner-amtsgerichts-wegen-volksverhetzung-mit-antiziganistischen-motiven\/","name":"Zentralrat begr\u00fc\u00dft wegweisendes Urteil des Berliner Amtsgerichts wegen Volksverhetzung mit antiziganistischen Motiven - Minderheitensekretariat","isPartOf":{"@id":"https:\/\/www.minderheitensekretariat.de\/sat\/#website"},"primaryImageOfPage":{"@id":"https:\/\/www.minderheitensekretariat.de\/sat\/2023\/02\/08\/zentralrat-begruesst-wegweisendes-urteil-des-berliner-amtsgerichts-wegen-volksverhetzung-mit-antiziganistischen-motiven\/#primaryimage"},"image":{"@id":"https:\/\/www.minderheitensekretariat.de\/sat\/2023\/02\/08\/zentralrat-begruesst-wegweisendes-urteil-des-berliner-amtsgerichts-wegen-volksverhetzung-mit-antiziganistischen-motiven\/#primaryimage"},"thumbnailUrl":"https:\/\/www.minderheitensekretariat.de\/wp-content\/uploads\/2022\/08\/Zentralrat-Deutscher-Sinti-und-Roma_logo-copy.jpg","datePublished":"2023-02-08T13:29:36+00:00","dateModified":"2023-02-08T13:33:56+00:00","breadcrumb":{"@id":"https:\/\/www.minderheitensekretariat.de\/sat\/2023\/02\/08\/zentralrat-begruesst-wegweisendes-urteil-des-berliner-amtsgerichts-wegen-volksverhetzung-mit-antiziganistischen-motiven\/#breadcrumb"},"inLanguage":"sat-SAT","potentialAction":[{"@type":"ReadAction","target":["https:\/\/www.minderheitensekretariat.de\/sat\/2023\/02\/08\/zentralrat-begruesst-wegweisendes-urteil-des-berliner-amtsgerichts-wegen-volksverhetzung-mit-antiziganistischen-motiven\/"]}]},{"@type":"ImageObject","inLanguage":"sat-SAT","@id":"https:\/\/www.minderheitensekretariat.de\/sat\/2023\/02\/08\/zentralrat-begruesst-wegweisendes-urteil-des-berliner-amtsgerichts-wegen-volksverhetzung-mit-antiziganistischen-motiven\/#primaryimage","url":"https:\/\/www.minderheitensekretariat.de\/wp-content\/uploads\/2022\/08\/Zentralrat-Deutscher-Sinti-und-Roma_logo-copy.jpg","contentUrl":"https:\/\/www.minderheitensekretariat.de\/wp-content\/uploads\/2022\/08\/Zentralrat-Deutscher-Sinti-und-Roma_logo-copy.jpg","width":670,"height":382},{"@type":"BreadcrumbList","@id":"https:\/\/www.minderheitensekretariat.de\/sat\/2023\/02\/08\/zentralrat-begruesst-wegweisendes-urteil-des-berliner-amtsgerichts-wegen-volksverhetzung-mit-antiziganistischen-motiven\/#breadcrumb","itemListElement":[{"@type":"ListItem","position":1,"name":"Startseite","item":"https:\/\/www.minderheitensekretariat.de\/sat\/"},{"@type":"ListItem","position":2,"name":"Zentralrat begr\u00fc\u00dft wegweisendes Urteil des Berliner Amtsgerichts wegen Volksverhetzung mit antiziganistischen Motiven"}]},{"@type":"WebSite","@id":"https:\/\/www.minderheitensekretariat.de\/sat\/#website","url":"https:\/\/www.minderheitensekretariat.de\/sat\/","name":"Minderheitensekretariat","description":"","publisher":{"@id":"https:\/\/www.minderheitensekretariat.de\/sat\/#organization"},"potentialAction":[{"@type":"SearchAction","target":{"@type":"EntryPoint","urlTemplate":"https:\/\/www.minderheitensekretariat.de\/sat\/?s={search_term_string}"},"query-input":{"@type":"PropertyValueSpecification","valueRequired":true,"valueName":"search_term_string"}}],"inLanguage":"sat-SAT"},{"@type":"Organization","@id":"https:\/\/www.minderheitensekretariat.de\/sat\/#organization","name":"Minderheitensekretariat","url":"https:\/\/www.minderheitensekretariat.de\/sat\/","logo":{"@type":"ImageObject","inLanguage":"sat-SAT","@id":"https:\/\/www.minderheitensekretariat.de\/sat\/#\/schema\/logo\/image\/","url":"https:\/\/www.minderheitensekretariat.de\/wp-content\/uploads\/2023\/03\/Min_sek_Logo_4c.jpg","contentUrl":"https:\/\/www.minderheitensekretariat.de\/wp-content\/uploads\/2023\/03\/Min_sek_Logo_4c.jpg","width":984,"height":236,"caption":"Minderheitensekretariat"},"image":{"@id":"https:\/\/www.minderheitensekretariat.de\/sat\/#\/schema\/logo\/image\/"},"sameAs":["https:\/\/www.facebook.com\/minderheitensekretariat.de"]},{"@type":"Person","@id":"https:\/\/www.minderheitensekretariat.de\/sat\/#\/schema\/person\/55df1c4c912f10debba5dfc9bc26c1cf","name":"Minderheitensekretariat","image":{"@type":"ImageObject","inLanguage":"sat-SAT","@id":"https:\/\/www.minderheitensekretariat.de\/sat\/#\/schema\/person\/image\/","url":"https:\/\/secure.gravatar.com\/avatar\/370caba7511c95d16d2d05ef3fa57095fae805fdb97d13f46df8534525f106da?s=96&d=mm&r=g","contentUrl":"https:\/\/secure.gravatar.com\/avatar\/370caba7511c95d16d2d05ef3fa57095fae805fdb97d13f46df8534525f106da?s=96&d=mm&r=g","caption":"Minderheitensekretariat"},"sameAs":["https:\/\/www.minderheitensekretariat.de"],"url":"https:\/\/www.minderheitensekretariat.de\/sat\/author\/minderheitensekretariat\/"}]}},"_links":{"self":[{"href":"https:\/\/www.minderheitensekretariat.de\/sat\/wp-json\/wp\/v2\/posts\/10183","targetHints":{"allow":["GET"]}}],"collection":[{"href":"https:\/\/www.minderheitensekretariat.de\/sat\/wp-json\/wp\/v2\/posts"}],"about":[{"href":"https:\/\/www.minderheitensekretariat.de\/sat\/wp-json\/wp\/v2\/types\/post"}],"author":[{"embeddable":true,"href":"https:\/\/www.minderheitensekretariat.de\/sat\/wp-json\/wp\/v2\/users\/1"}],"replies":[{"embeddable":true,"href":"https:\/\/www.minderheitensekretariat.de\/sat\/wp-json\/wp\/v2\/comments?post=10183"}],"version-history":[{"count":5,"href":"https:\/\/www.minderheitensekretariat.de\/sat\/wp-json\/wp\/v2\/posts\/10183\/revisions"}],"predecessor-version":[{"id":10216,"href":"https:\/\/www.minderheitensekretariat.de\/sat\/wp-json\/wp\/v2\/posts\/10183\/revisions\/10216"}],"wp:featuredmedia":[{"embeddable":true,"href":"https:\/\/www.minderheitensekretariat.de\/sat\/wp-json\/wp\/v2\/media\/3823"}],"wp:attachment":[{"href":"https:\/\/www.minderheitensekretariat.de\/sat\/wp-json\/wp\/v2\/media?parent=10183"}],"wp:term":[{"taxonomy":"category","embeddable":true,"href":"https:\/\/www.minderheitensekretariat.de\/sat\/wp-json\/wp\/v2\/categories?post=10183"},{"taxonomy":"post_tag","embeddable":true,"href":"https:\/\/www.minderheitensekretariat.de\/sat\/wp-json\/wp\/v2\/tags?post=10183"}],"curies":[{"name":"wp","href":"https:\/\/api.w.org\/{rel}","templated":true}]}}