{"id":19110,"date":"2025-02-24T11:51:52","date_gmt":"2025-02-24T10:51:52","guid":{"rendered":"https:\/\/www.minderheitensekretariat.de\/?p=19110"},"modified":"2025-02-27T11:58:27","modified_gmt":"2025-02-27T10:58:27","slug":"ssw-feiert-historisches-wahlergebnis-bei-der-bundestagswahl-2025","status":"publish","type":"post","link":"https:\/\/www.minderheitensekretariat.de\/sat\/2025\/02\/24\/ssw-feiert-historisches-wahlergebnis-bei-der-bundestagswahl-2025\/","title":{"rendered":"SSW feiert historisches Wahlergebnis bei der Bundestagswahl 2025"},"content":{"rendered":"\t\t<div data-elementor-type=\"wp-post\" data-elementor-id=\"19110\" class=\"elementor elementor-19110\" data-elementor-post-type=\"post\">\n\t\t\t\t\t\t<section class=\"elementor-section elementor-top-section elementor-element elementor-element-7333b6f elementor-section-boxed elementor-section-height-default elementor-section-height-default\" data-id=\"7333b6f\" data-element_type=\"section\" data-settings=\"{&quot;background_background&quot;:&quot;gradient&quot;}\">\n\t\t\t\t\t\t\t<div class=\"elementor-background-overlay\"><\/div>\n\t\t\t\t\t\t\t<div class=\"elementor-container elementor-column-gap-default\">\n\t\t\t\t\t<div class=\"elementor-column elementor-col-100 elementor-top-column elementor-element elementor-element-1b921a3\" data-id=\"1b921a3\" data-element_type=\"column\">\n\t\t\t<div class=\"elementor-widget-wrap elementor-element-populated\">\n\t\t\t\t\t\t<section class=\"elementor-section elementor-inner-section elementor-element elementor-element-b0fb436 elementor-section-full_width elementor-section-height-default elementor-section-height-default\" data-id=\"b0fb436\" data-element_type=\"section\">\n\t\t\t\t\t\t<div class=\"elementor-container elementor-column-gap-default\">\n\t\t\t\t\t<div class=\"elementor-column elementor-col-50 elementor-inner-column elementor-element elementor-element-fa2d1aa\" data-id=\"fa2d1aa\" data-element_type=\"column\">\n\t\t\t<div class=\"elementor-widget-wrap elementor-element-populated\">\n\t\t\t\t\t\t<div class=\"elementor-element elementor-element-ea2fe1b elementor-widget elementor-widget-image\" data-id=\"ea2fe1b\" data-element_type=\"widget\" data-widget_type=\"image.default\">\n\t\t\t\t<div class=\"elementor-widget-container\">\n\t\t\t\t\t\t\t\t\t\t<figure class=\"wp-caption\">\n\t\t\t\t\t\t\t\t\t\t<img fetchpriority=\"high\" decoding=\"async\" width=\"670\" height=\"382\" src=\"https:\/\/www.minderheitensekretariat.de\/wp-content\/uploads\/2022\/08\/SSW_logo.jpg\" class=\"attachment-large size-large wp-image-3779\" alt=\"\" srcset=\"https:\/\/www.minderheitensekretariat.de\/wp-content\/uploads\/2022\/08\/SSW_logo.jpg 670w, https:\/\/www.minderheitensekretariat.de\/wp-content\/uploads\/2022\/08\/SSW_logo-300x171.jpg 300w\" sizes=\"(max-width: 670px) 100vw, 670px\" \/>\t\t\t\t\t\t\t\t\t\t\t<figcaption class=\"widget-image-caption wp-caption-text\"><\/figcaption>\n\t\t\t\t\t\t\t\t\t\t<\/figure>\n\t\t\t\t\t\t\t<\/div>\n\t\t\t\t<\/div>\n\t\t\t\t\t<\/div>\n\t\t<\/div>\n\t\t\t\t<div class=\"elementor-column elementor-col-50 elementor-inner-column elementor-element elementor-element-f592ef7\" data-id=\"f592ef7\" data-element_type=\"column\">\n\t\t\t<div class=\"elementor-widget-wrap elementor-element-populated\">\n\t\t\t\t\t\t<div class=\"elementor-element elementor-element-03b0f5e elementor-widget elementor-widget-text-editor\" data-id=\"03b0f5e\" data-element_type=\"widget\" data-widget_type=\"text-editor.default\">\n\t\t\t\t<div class=\"elementor-widget-container\">\n\t\t\t\t\t\t\t24\/02\/2025\t\t\t\t\t\t<\/div>\n\t\t\t\t<\/div>\n\t\t\t\t<div class=\"elementor-element elementor-element-1a51d24 elementor-widget elementor-widget-text-editor\" data-id=\"1a51d24\" data-element_type=\"widget\" data-widget_type=\"text-editor.default\">\n\t\t\t\t<div class=\"elementor-widget-container\">\n\t\t\t\t\t\t\tDer SSW erreichte bei der Bundestagswahl das beste Wahlergebnis seit 1949. Ein klarer Auftrag, die Interessen der Minderheiten in Berlin weiter zu st\u00e4rken.\t\t\t\t\t\t<\/div>\n\t\t\t\t<\/div>\n\t\t\t\t<div class=\"elementor-element elementor-element-2aa7c17 elementor-widget-divider--view-line elementor-widget elementor-widget-divider\" data-id=\"2aa7c17\" data-element_type=\"widget\" data-widget_type=\"divider.default\">\n\t\t\t\t<div class=\"elementor-widget-container\">\n\t\t\t\t\t<div class=\"elementor-divider\">\n\t\t\t<span class=\"elementor-divider-separator\">\n\t\t\t\t\t\t<\/span>\n\t\t<\/div>\n\t\t\t\t<\/div>\n\t\t\t\t<\/div>\n\t\t\t\t\t<\/div>\n\t\t<\/div>\n\t\t\t\t\t<\/div>\n\t\t<\/section>\n\t\t\t\t<div class=\"elementor-element elementor-element-87b8590 elementor-hidden-mobile elementor-invisible elementor-widget elementor-widget-image\" data-id=\"87b8590\" data-element_type=\"widget\" data-settings=\"{&quot;_animation&quot;:&quot;fadeInDown&quot;,&quot;_animation_delay&quot;:1000}\" data-widget_type=\"image.default\">\n\t\t\t\t<div class=\"elementor-widget-container\">\n\t\t\t\t\t\t\t\t\t\t\t\t\t\t<a href=\"#mehr\">\n\t\t\t\t\t\t\t<img decoding=\"async\" width=\"27\" height=\"15\" src=\"https:\/\/www.minderheitensekretariat.de\/wp-content\/uploads\/2022\/07\/arrow_down.svg\" class=\"elementor-animation-shrink attachment-large size-large wp-image-657\" alt=\"\" \/>\t\t\t\t\t\t\t\t<\/a>\n\t\t\t\t\t\t\t\t\t\t\t\t\t<\/div>\n\t\t\t\t<\/div>\n\t\t\t\t<section class=\"elementor-section elementor-inner-section elementor-element elementor-element-8629abe elementor-section-boxed elementor-section-height-default elementor-section-height-default\" data-id=\"8629abe\" data-element_type=\"section\">\n\t\t\t\t\t\t<div class=\"elementor-container elementor-column-gap-default\">\n\t\t\t\t\t<div class=\"elementor-column elementor-col-100 elementor-inner-column elementor-element elementor-element-8fa23c1\" data-id=\"8fa23c1\" data-element_type=\"column\">\n\t\t\t<div class=\"elementor-widget-wrap elementor-element-populated\">\n\t\t\t\t\t\t<div class=\"elementor-element elementor-element-2440ca1 elementor-widget elementor-widget-heading\" data-id=\"2440ca1\" data-element_type=\"widget\" data-widget_type=\"heading.default\">\n\t\t\t\t<div class=\"elementor-widget-container\">\n\t\t\t<h2 class=\"elementor-heading-title elementor-size-default\"><span style=\"font-family: OpenSans, arial;font-size: 32px;font-weight: 400;text-align: start;background-color: transparent\">SSW feiert historisches Wahlergebnis bei der Bundestagswahl 2025<\/span><\/h2>\t\t<\/div>\n\t\t\t\t<\/div>\n\t\t\t\t<div class=\"elementor-element elementor-element-c01359a elementor-widget elementor-widget-text-editor\" data-id=\"c01359a\" data-element_type=\"widget\" data-widget_type=\"text-editor.default\">\n\t\t\t\t<div class=\"elementor-widget-container\">\n\t\t\t\t\t\t\t<p>Der S\u00fcdschleswigsche W\u00e4hlerverband (SSW) blickt mit Freude und Dankbarkeit auf das Ergebnis der gestrigen Bundestagswahl.<br \/><br \/><\/p><p>Mit 4,0 Prozent der Zweitstimmen in Schleswig-Holstein konnte der SSW nicht nur sein Bundestagsmandat erfolgreich verteidigen, sondern auch das beste Wahlergebnis seit 1949 erzielen.<br \/><br \/><\/p><p>Damals war der SSW mit 75.388 Stimmen in den Bundestag eingezogen; diesmal waren es beeindruckende 76.126 Zweitstimmen. Das entspricht einem Stimmenzuwachs von 40 Prozent im Verh\u00e4ltnis zur Bundestagswahl 2021.<br \/><br \/><\/p><p>Hervorzuheben ist, dass der SSW den Gro\u00dfteil seiner Stimmen \u2013 fast zwei Drittel \u2013 im Landesteil Schleswig und in Kiel gewinnen konnte, wo die Partei mit eigenen Direktkandidatinnen und -kandidaten antrat. Dieses Ergebnis unterstreicht die tiefe Verwurzelung des SSW in der Region und das Vertrauen, das die W\u00e4hlerinnen und W\u00e4hler in unsere Politik setzen.<br \/><br \/><\/p><p>Christian Dirschauer, Landesvorsitzender des SSW, erkl\u00e4rt:<br \/>&#8220;Dieses historische Ergebnis zeigt, dass unser klarer Fokus auf Sachthemen und echte Zukunftsperspektiven von den Menschen honoriert wird. Wir haben bewiesen, dass es m\u00f6glich ist, auch ohne politische Schreckgespenster und Personenkult erfolgreich zu sein.&#8221;<br \/><br \/><\/p><p>Stefan Seidler, erneut gew\u00e4hlter Bundestagsabgeordneter des SSW, erg\u00e4nzt:<br \/>&#8220;Ich danke allen W\u00e4hlerinnen und W\u00e4hlern f\u00fcr ihr Vertrauen. Dieses Ergebnis motiviert uns, uns weiterhin mit voller Kraft f\u00fcr die Belange der Minderheiten und der Region einzusetzen. Es ist ein klarer Auftrag, unsere Arbeit in Berlin fortzusetzen und die Interessen Schleswig-Holsteins und seiner Menschen zu vertreten.&#8221;<br \/><br \/><\/p><p>Der SSW f\u00fchrte einen engagierten Wahlkampf mit dem Schwerpunkt auf konstruktiven L\u00f6sungen und einer positiven Vision f\u00fcr die Zukunft. Dieses Ergebnis best\u00e4tigt den eingeschlagenen Kurs und best\u00e4rkt die Partei darin, weiterhin eine Politik zu verfolgen, die auf Dialog, Respekt und konkreten Ma\u00dfnahmen basiert.<br \/><br \/><\/p><p>Der SSW bedankt sich herzlich bei allen Unterst\u00fctzerinnen und Unterst\u00fctzern sowie bei den zahlreichen Helferinnen und Helfern, die diesen Erfolg m\u00f6glich gemacht haben. Gemeinsam werden wir auch in Zukunft f\u00fcr ein starkes, vielf\u00e4ltiges und gerechtes Schleswig-Holstein arbeiten.<\/p>\t\t\t\t\t\t<\/div>\n\t\t\t\t<\/div>\n\t\t\t\t<div class=\"elementor-element elementor-element-3a6c895 elementor-widget elementor-widget-text-editor\" data-id=\"3a6c895\" data-element_type=\"widget\" data-widget_type=\"text-editor.default\">\n\t\t\t\t<div class=\"elementor-widget-container\">\n\t\t\t\t\t\t\t<p><span style=\"color: var( --e-global-color-39532aa ); letter-spacing: 0px; background-color: transparent;\">(Quelle: <span style=\"text-decoration: underline;\"><a href=\"https:\/\/www.ssw-sh.de\/themen\/ssw-feiert-historisches-wahlergebnis-bei-der-bundestagswahl-2025\">S\u00fcdschleswigscher W\u00e4hlerverband<\/a><\/span>, 24.02.2025<\/span><span style=\"color: var( --e-global-color-39532aa ); letter-spacing: 0px; background-color: transparent;\">)<\/span><\/p>\t\t\t\t\t\t<\/div>\n\t\t\t\t<\/div>\n\t\t\t\t\t<\/div>\n\t\t<\/div>\n\t\t\t\t\t<\/div>\n\t\t<\/section>\n\t\t\t\t<section class=\"elementor-section elementor-inner-section elementor-element elementor-element-79ac782 elementor-section-boxed elementor-section-height-default elementor-section-height-default\" data-id=\"79ac782\" data-element_type=\"section\">\n\t\t\t\t\t\t<div class=\"elementor-container elementor-column-gap-default\">\n\t\t\t\t\t<div class=\"elementor-column elementor-col-100 elementor-inner-column elementor-element elementor-element-535e876\" data-id=\"535e876\" data-element_type=\"column\">\n\t\t\t<div class=\"elementor-widget-wrap elementor-element-populated\">\n\t\t\t\t\t\t<div class=\"elementor-element elementor-element-96396bc elementor-align-center elementor-widget elementor-widget-button\" data-id=\"96396bc\" data-element_type=\"widget\" data-widget_type=\"button.default\">\n\t\t\t\t<div class=\"elementor-widget-container\">\n\t\t\t\t\t\t\t<div class=\"elementor-button-wrapper\">\n\t\t\t\t\t<a class=\"elementor-button elementor-button-link elementor-size-sm\" href=\"\/aktuelles\/\">\n\t\t\t\t\t\t<span class=\"elementor-button-content-wrapper\">\n\t\t\t\t\t\t\t\t\t<span class=\"elementor-button-text\">Zur\u00fcck zur \u00dcbersicht<\/span>\n\t\t\t\t\t<\/span>\n\t\t\t\t\t<\/a>\n\t\t\t\t<\/div>\n\t\t\t\t\t\t<\/div>\n\t\t\t\t<\/div>\n\t\t\t\t\t<\/div>\n\t\t<\/div>\n\t\t\t\t\t<\/div>\n\t\t<\/section>\n\t\t\t\t\t<\/div>\n\t\t<\/div>\n\t\t\t\t\t<\/div>\n\t\t<\/section>\n\t\t\t\t<\/div>\n\t\t","protected":false},"excerpt":{"rendered":"<p>Der SSW erreichte bei der Bundestagswahl das beste Wahlergebnis seit 1949. Ein klarer Auftrag, die Interessen der Minderheiten in Berlin weiter zu st\u00e4rken.<\/p>\n","protected":false},"author":1,"featured_media":3779,"comment_status":"closed","ping_status":"closed","sticky":false,"template":"elementor_header_footer","format":"standard","meta":{"footnotes":""},"categories":[49],"tags":[],"class_list":["post-19110","post","type-post","status-publish","format-standard","has-post-thumbnail","hentry","category-startseite"],"yoast_head":"<!-- This site is optimized with the Yoast SEO plugin v23.8 - https:\/\/yoast.com\/wordpress\/plugins\/seo\/ -->\n<title>SSW feiert historisches Wahlergebnis bei der Bundestagswahl 2025 - Minderheitensekretariat<\/title>\n<meta name=\"robots\" content=\"index, follow, max-snippet:-1, max-image-preview:large, max-video-preview:-1\" \/>\n<link rel=\"canonical\" href=\"https:\/\/www.minderheitensekretariat.de\/sat\/2025\/02\/24\/ssw-feiert-historisches-wahlergebnis-bei-der-bundestagswahl-2025\/\" \/>\n<meta property=\"og:locale\" content=\"en_US\" \/>\n<meta property=\"og:type\" content=\"article\" \/>\n<meta property=\"og:title\" content=\"SSW feiert historisches Wahlergebnis bei der Bundestagswahl 2025 - Minderheitensekretariat\" \/>\n<meta property=\"og:description\" content=\"Der SSW erreichte bei der Bundestagswahl das beste Wahlergebnis seit 1949. Ein klarer Auftrag, die Interessen der Minderheiten in Berlin weiter zu st\u00e4rken.\" \/>\n<meta property=\"og:url\" content=\"https:\/\/www.minderheitensekretariat.de\/sat\/2025\/02\/24\/ssw-feiert-historisches-wahlergebnis-bei-der-bundestagswahl-2025\/\" \/>\n<meta property=\"og:site_name\" content=\"Minderheitensekretariat\" \/>\n<meta property=\"article:publisher\" content=\"https:\/\/www.facebook.com\/minderheitensekretariat.de\" \/>\n<meta property=\"article:published_time\" content=\"2025-02-24T10:51:52+00:00\" \/>\n<meta property=\"article:modified_time\" content=\"2025-02-27T10:58:27+00:00\" \/>\n<meta property=\"og:image\" content=\"https:\/\/www.minderheitensekretariat.de\/wp-content\/uploads\/2022\/08\/SSW_logo.jpg\" \/>\n\t<meta property=\"og:image:width\" content=\"670\" \/>\n\t<meta property=\"og:image:height\" content=\"382\" \/>\n\t<meta property=\"og:image:type\" content=\"image\/jpeg\" \/>\n<meta name=\"author\" content=\"Minderheitensekretariat\" \/>\n<meta name=\"twitter:card\" content=\"summary_large_image\" \/>\n<meta name=\"twitter:label1\" content=\"Written by\" \/>\n\t<meta name=\"twitter:data1\" content=\"Minderheitensekretariat\" \/>\n\t<meta name=\"twitter:label2\" content=\"Est. reading time\" \/>\n\t<meta name=\"twitter:data2\" content=\"3 minutes\" \/>\n<script type=\"application\/ld+json\" class=\"yoast-schema-graph\">{\"@context\":\"https:\/\/schema.org\",\"@graph\":[{\"@type\":\"Article\",\"@id\":\"https:\/\/www.minderheitensekretariat.de\/sat\/2025\/02\/24\/ssw-feiert-historisches-wahlergebnis-bei-der-bundestagswahl-2025\/#article\",\"isPartOf\":{\"@id\":\"https:\/\/www.minderheitensekretariat.de\/sat\/2025\/02\/24\/ssw-feiert-historisches-wahlergebnis-bei-der-bundestagswahl-2025\/\"},\"author\":{\"name\":\"Minderheitensekretariat\",\"@id\":\"https:\/\/www.minderheitensekretariat.de\/sat\/#\/schema\/person\/55df1c4c912f10debba5dfc9bc26c1cf\"},\"headline\":\"SSW feiert historisches Wahlergebnis bei der Bundestagswahl 2025\",\"datePublished\":\"2025-02-24T10:51:52+00:00\",\"dateModified\":\"2025-02-27T10:58:27+00:00\",\"mainEntityOfPage\":{\"@id\":\"https:\/\/www.minderheitensekretariat.de\/sat\/2025\/02\/24\/ssw-feiert-historisches-wahlergebnis-bei-der-bundestagswahl-2025\/\"},\"wordCount\":336,\"publisher\":{\"@id\":\"https:\/\/www.minderheitensekretariat.de\/sat\/#organization\"},\"image\":{\"@id\":\"https:\/\/www.minderheitensekretariat.de\/sat\/2025\/02\/24\/ssw-feiert-historisches-wahlergebnis-bei-der-bundestagswahl-2025\/#primaryimage\"},\"thumbnailUrl\":\"https:\/\/www.minderheitensekretariat.de\/wp-content\/uploads\/2022\/08\/SSW_logo.jpg\",\"articleSection\":[\"Startseite\"],\"inLanguage\":\"sat-SAT\"},{\"@type\":\"WebPage\",\"@id\":\"https:\/\/www.minderheitensekretariat.de\/sat\/2025\/02\/24\/ssw-feiert-historisches-wahlergebnis-bei-der-bundestagswahl-2025\/\",\"url\":\"https:\/\/www.minderheitensekretariat.de\/sat\/2025\/02\/24\/ssw-feiert-historisches-wahlergebnis-bei-der-bundestagswahl-2025\/\",\"name\":\"SSW feiert historisches Wahlergebnis bei der Bundestagswahl 2025 - Minderheitensekretariat\",\"isPartOf\":{\"@id\":\"https:\/\/www.minderheitensekretariat.de\/sat\/#website\"},\"primaryImageOfPage\":{\"@id\":\"https:\/\/www.minderheitensekretariat.de\/sat\/2025\/02\/24\/ssw-feiert-historisches-wahlergebnis-bei-der-bundestagswahl-2025\/#primaryimage\"},\"image\":{\"@id\":\"https:\/\/www.minderheitensekretariat.de\/sat\/2025\/02\/24\/ssw-feiert-historisches-wahlergebnis-bei-der-bundestagswahl-2025\/#primaryimage\"},\"thumbnailUrl\":\"https:\/\/www.minderheitensekretariat.de\/wp-content\/uploads\/2022\/08\/SSW_logo.jpg\",\"datePublished\":\"2025-02-24T10:51:52+00:00\",\"dateModified\":\"2025-02-27T10:58:27+00:00\",\"breadcrumb\":{\"@id\":\"https:\/\/www.minderheitensekretariat.de\/sat\/2025\/02\/24\/ssw-feiert-historisches-wahlergebnis-bei-der-bundestagswahl-2025\/#breadcrumb\"},\"inLanguage\":\"sat-SAT\",\"potentialAction\":[{\"@type\":\"ReadAction\",\"target\":[\"https:\/\/www.minderheitensekretariat.de\/sat\/2025\/02\/24\/ssw-feiert-historisches-wahlergebnis-bei-der-bundestagswahl-2025\/\"]}]},{\"@type\":\"ImageObject\",\"inLanguage\":\"sat-SAT\",\"@id\":\"https:\/\/www.minderheitensekretariat.de\/sat\/2025\/02\/24\/ssw-feiert-historisches-wahlergebnis-bei-der-bundestagswahl-2025\/#primaryimage\",\"url\":\"https:\/\/www.minderheitensekretariat.de\/wp-content\/uploads\/2022\/08\/SSW_logo.jpg\",\"contentUrl\":\"https:\/\/www.minderheitensekretariat.de\/wp-content\/uploads\/2022\/08\/SSW_logo.jpg\",\"width\":670,\"height\":382},{\"@type\":\"BreadcrumbList\",\"@id\":\"https:\/\/www.minderheitensekretariat.de\/sat\/2025\/02\/24\/ssw-feiert-historisches-wahlergebnis-bei-der-bundestagswahl-2025\/#breadcrumb\",\"itemListElement\":[{\"@type\":\"ListItem\",\"position\":1,\"name\":\"Startseite\",\"item\":\"https:\/\/www.minderheitensekretariat.de\/sat\/\"},{\"@type\":\"ListItem\",\"position\":2,\"name\":\"SSW feiert historisches Wahlergebnis bei der Bundestagswahl 2025\"}]},{\"@type\":\"WebSite\",\"@id\":\"https:\/\/www.minderheitensekretariat.de\/sat\/#website\",\"url\":\"https:\/\/www.minderheitensekretariat.de\/sat\/\",\"name\":\"Minderheitensekretariat\",\"description\":\"\",\"publisher\":{\"@id\":\"https:\/\/www.minderheitensekretariat.de\/sat\/#organization\"},\"potentialAction\":[{\"@type\":\"SearchAction\",\"target\":{\"@type\":\"EntryPoint\",\"urlTemplate\":\"https:\/\/www.minderheitensekretariat.de\/sat\/?s={search_term_string}\"},\"query-input\":{\"@type\":\"PropertyValueSpecification\",\"valueRequired\":true,\"valueName\":\"search_term_string\"}}],\"inLanguage\":\"sat-SAT\"},{\"@type\":\"Organization\",\"@id\":\"https:\/\/www.minderheitensekretariat.de\/sat\/#organization\",\"name\":\"Minderheitensekretariat\",\"url\":\"https:\/\/www.minderheitensekretariat.de\/sat\/\",\"logo\":{\"@type\":\"ImageObject\",\"inLanguage\":\"sat-SAT\",\"@id\":\"https:\/\/www.minderheitensekretariat.de\/sat\/#\/schema\/logo\/image\/\",\"url\":\"https:\/\/www.minderheitensekretariat.de\/wp-content\/uploads\/2023\/03\/Min_sek_Logo_4c.jpg\",\"contentUrl\":\"https:\/\/www.minderheitensekretariat.de\/wp-content\/uploads\/2023\/03\/Min_sek_Logo_4c.jpg\",\"width\":984,\"height\":236,\"caption\":\"Minderheitensekretariat\"},\"image\":{\"@id\":\"https:\/\/www.minderheitensekretariat.de\/sat\/#\/schema\/logo\/image\/\"},\"sameAs\":[\"https:\/\/www.facebook.com\/minderheitensekretariat.de\"]},{\"@type\":\"Person\",\"@id\":\"https:\/\/www.minderheitensekretariat.de\/sat\/#\/schema\/person\/55df1c4c912f10debba5dfc9bc26c1cf\",\"name\":\"Minderheitensekretariat\",\"image\":{\"@type\":\"ImageObject\",\"inLanguage\":\"sat-SAT\",\"@id\":\"https:\/\/www.minderheitensekretariat.de\/sat\/#\/schema\/person\/image\/\",\"url\":\"https:\/\/secure.gravatar.com\/avatar\/370caba7511c95d16d2d05ef3fa57095fae805fdb97d13f46df8534525f106da?s=96&d=mm&r=g\",\"contentUrl\":\"https:\/\/secure.gravatar.com\/avatar\/370caba7511c95d16d2d05ef3fa57095fae805fdb97d13f46df8534525f106da?s=96&d=mm&r=g\",\"caption\":\"Minderheitensekretariat\"},\"sameAs\":[\"https:\/\/www.minderheitensekretariat.de\"],\"url\":\"https:\/\/www.minderheitensekretariat.de\/sat\/author\/minderheitensekretariat\/\"}]}<\/script>\n<!-- \/ Yoast SEO plugin. -->","yoast_head_json":{"title":"SSW feiert historisches Wahlergebnis bei der Bundestagswahl 2025 - Minderheitensekretariat","robots":{"index":"index","follow":"follow","max-snippet":"max-snippet:-1","max-image-preview":"max-image-preview:large","max-video-preview":"max-video-preview:-1"},"canonical":"https:\/\/www.minderheitensekretariat.de\/sat\/2025\/02\/24\/ssw-feiert-historisches-wahlergebnis-bei-der-bundestagswahl-2025\/","og_locale":"en_US","og_type":"article","og_title":"SSW feiert historisches Wahlergebnis bei der Bundestagswahl 2025 - Minderheitensekretariat","og_description":"Der SSW erreichte bei der Bundestagswahl das beste Wahlergebnis seit 1949. Ein klarer Auftrag, die Interessen der Minderheiten in Berlin weiter zu st\u00e4rken.","og_url":"https:\/\/www.minderheitensekretariat.de\/sat\/2025\/02\/24\/ssw-feiert-historisches-wahlergebnis-bei-der-bundestagswahl-2025\/","og_site_name":"Minderheitensekretariat","article_publisher":"https:\/\/www.facebook.com\/minderheitensekretariat.de","article_published_time":"2025-02-24T10:51:52+00:00","article_modified_time":"2025-02-27T10:58:27+00:00","og_image":[{"width":670,"height":382,"url":"https:\/\/www.minderheitensekretariat.de\/wp-content\/uploads\/2022\/08\/SSW_logo.jpg","type":"image\/jpeg"}],"author":"Minderheitensekretariat","twitter_card":"summary_large_image","twitter_misc":{"Written by":"Minderheitensekretariat","Est. reading time":"3 minutes"},"schema":{"@context":"https:\/\/schema.org","@graph":[{"@type":"Article","@id":"https:\/\/www.minderheitensekretariat.de\/sat\/2025\/02\/24\/ssw-feiert-historisches-wahlergebnis-bei-der-bundestagswahl-2025\/#article","isPartOf":{"@id":"https:\/\/www.minderheitensekretariat.de\/sat\/2025\/02\/24\/ssw-feiert-historisches-wahlergebnis-bei-der-bundestagswahl-2025\/"},"author":{"name":"Minderheitensekretariat","@id":"https:\/\/www.minderheitensekretariat.de\/sat\/#\/schema\/person\/55df1c4c912f10debba5dfc9bc26c1cf"},"headline":"SSW feiert historisches Wahlergebnis bei der Bundestagswahl 2025","datePublished":"2025-02-24T10:51:52+00:00","dateModified":"2025-02-27T10:58:27+00:00","mainEntityOfPage":{"@id":"https:\/\/www.minderheitensekretariat.de\/sat\/2025\/02\/24\/ssw-feiert-historisches-wahlergebnis-bei-der-bundestagswahl-2025\/"},"wordCount":336,"publisher":{"@id":"https:\/\/www.minderheitensekretariat.de\/sat\/#organization"},"image":{"@id":"https:\/\/www.minderheitensekretariat.de\/sat\/2025\/02\/24\/ssw-feiert-historisches-wahlergebnis-bei-der-bundestagswahl-2025\/#primaryimage"},"thumbnailUrl":"https:\/\/www.minderheitensekretariat.de\/wp-content\/uploads\/2022\/08\/SSW_logo.jpg","articleSection":["Startseite"],"inLanguage":"sat-SAT"},{"@type":"WebPage","@id":"https:\/\/www.minderheitensekretariat.de\/sat\/2025\/02\/24\/ssw-feiert-historisches-wahlergebnis-bei-der-bundestagswahl-2025\/","url":"https:\/\/www.minderheitensekretariat.de\/sat\/2025\/02\/24\/ssw-feiert-historisches-wahlergebnis-bei-der-bundestagswahl-2025\/","name":"SSW feiert historisches Wahlergebnis bei der Bundestagswahl 2025 - Minderheitensekretariat","isPartOf":{"@id":"https:\/\/www.minderheitensekretariat.de\/sat\/#website"},"primaryImageOfPage":{"@id":"https:\/\/www.minderheitensekretariat.de\/sat\/2025\/02\/24\/ssw-feiert-historisches-wahlergebnis-bei-der-bundestagswahl-2025\/#primaryimage"},"image":{"@id":"https:\/\/www.minderheitensekretariat.de\/sat\/2025\/02\/24\/ssw-feiert-historisches-wahlergebnis-bei-der-bundestagswahl-2025\/#primaryimage"},"thumbnailUrl":"https:\/\/www.minderheitensekretariat.de\/wp-content\/uploads\/2022\/08\/SSW_logo.jpg","datePublished":"2025-02-24T10:51:52+00:00","dateModified":"2025-02-27T10:58:27+00:00","breadcrumb":{"@id":"https:\/\/www.minderheitensekretariat.de\/sat\/2025\/02\/24\/ssw-feiert-historisches-wahlergebnis-bei-der-bundestagswahl-2025\/#breadcrumb"},"inLanguage":"sat-SAT","potentialAction":[{"@type":"ReadAction","target":["https:\/\/www.minderheitensekretariat.de\/sat\/2025\/02\/24\/ssw-feiert-historisches-wahlergebnis-bei-der-bundestagswahl-2025\/"]}]},{"@type":"ImageObject","inLanguage":"sat-SAT","@id":"https:\/\/www.minderheitensekretariat.de\/sat\/2025\/02\/24\/ssw-feiert-historisches-wahlergebnis-bei-der-bundestagswahl-2025\/#primaryimage","url":"https:\/\/www.minderheitensekretariat.de\/wp-content\/uploads\/2022\/08\/SSW_logo.jpg","contentUrl":"https:\/\/www.minderheitensekretariat.de\/wp-content\/uploads\/2022\/08\/SSW_logo.jpg","width":670,"height":382},{"@type":"BreadcrumbList","@id":"https:\/\/www.minderheitensekretariat.de\/sat\/2025\/02\/24\/ssw-feiert-historisches-wahlergebnis-bei-der-bundestagswahl-2025\/#breadcrumb","itemListElement":[{"@type":"ListItem","position":1,"name":"Startseite","item":"https:\/\/www.minderheitensekretariat.de\/sat\/"},{"@type":"ListItem","position":2,"name":"SSW feiert historisches Wahlergebnis bei der Bundestagswahl 2025"}]},{"@type":"WebSite","@id":"https:\/\/www.minderheitensekretariat.de\/sat\/#website","url":"https:\/\/www.minderheitensekretariat.de\/sat\/","name":"Minderheitensekretariat","description":"","publisher":{"@id":"https:\/\/www.minderheitensekretariat.de\/sat\/#organization"},"potentialAction":[{"@type":"SearchAction","target":{"@type":"EntryPoint","urlTemplate":"https:\/\/www.minderheitensekretariat.de\/sat\/?s={search_term_string}"},"query-input":{"@type":"PropertyValueSpecification","valueRequired":true,"valueName":"search_term_string"}}],"inLanguage":"sat-SAT"},{"@type":"Organization","@id":"https:\/\/www.minderheitensekretariat.de\/sat\/#organization","name":"Minderheitensekretariat","url":"https:\/\/www.minderheitensekretariat.de\/sat\/","logo":{"@type":"ImageObject","inLanguage":"sat-SAT","@id":"https:\/\/www.minderheitensekretariat.de\/sat\/#\/schema\/logo\/image\/","url":"https:\/\/www.minderheitensekretariat.de\/wp-content\/uploads\/2023\/03\/Min_sek_Logo_4c.jpg","contentUrl":"https:\/\/www.minderheitensekretariat.de\/wp-content\/uploads\/2023\/03\/Min_sek_Logo_4c.jpg","width":984,"height":236,"caption":"Minderheitensekretariat"},"image":{"@id":"https:\/\/www.minderheitensekretariat.de\/sat\/#\/schema\/logo\/image\/"},"sameAs":["https:\/\/www.facebook.com\/minderheitensekretariat.de"]},{"@type":"Person","@id":"https:\/\/www.minderheitensekretariat.de\/sat\/#\/schema\/person\/55df1c4c912f10debba5dfc9bc26c1cf","name":"Minderheitensekretariat","image":{"@type":"ImageObject","inLanguage":"sat-SAT","@id":"https:\/\/www.minderheitensekretariat.de\/sat\/#\/schema\/person\/image\/","url":"https:\/\/secure.gravatar.com\/avatar\/370caba7511c95d16d2d05ef3fa57095fae805fdb97d13f46df8534525f106da?s=96&d=mm&r=g","contentUrl":"https:\/\/secure.gravatar.com\/avatar\/370caba7511c95d16d2d05ef3fa57095fae805fdb97d13f46df8534525f106da?s=96&d=mm&r=g","caption":"Minderheitensekretariat"},"sameAs":["https:\/\/www.minderheitensekretariat.de"],"url":"https:\/\/www.minderheitensekretariat.de\/sat\/author\/minderheitensekretariat\/"}]}},"_links":{"self":[{"href":"https:\/\/www.minderheitensekretariat.de\/sat\/wp-json\/wp\/v2\/posts\/19110","targetHints":{"allow":["GET"]}}],"collection":[{"href":"https:\/\/www.minderheitensekretariat.de\/sat\/wp-json\/wp\/v2\/posts"}],"about":[{"href":"https:\/\/www.minderheitensekretariat.de\/sat\/wp-json\/wp\/v2\/types\/post"}],"author":[{"embeddable":true,"href":"https:\/\/www.minderheitensekretariat.de\/sat\/wp-json\/wp\/v2\/users\/1"}],"replies":[{"embeddable":true,"href":"https:\/\/www.minderheitensekretariat.de\/sat\/wp-json\/wp\/v2\/comments?post=19110"}],"version-history":[{"count":7,"href":"https:\/\/www.minderheitensekretariat.de\/sat\/wp-json\/wp\/v2\/posts\/19110\/revisions"}],"predecessor-version":[{"id":19194,"href":"https:\/\/www.minderheitensekretariat.de\/sat\/wp-json\/wp\/v2\/posts\/19110\/revisions\/19194"}],"wp:featuredmedia":[{"embeddable":true,"href":"https:\/\/www.minderheitensekretariat.de\/sat\/wp-json\/wp\/v2\/media\/3779"}],"wp:attachment":[{"href":"https:\/\/www.minderheitensekretariat.de\/sat\/wp-json\/wp\/v2\/media?parent=19110"}],"wp:term":[{"taxonomy":"category","embeddable":true,"href":"https:\/\/www.minderheitensekretariat.de\/sat\/wp-json\/wp\/v2\/categories?post=19110"},{"taxonomy":"post_tag","embeddable":true,"href":"https:\/\/www.minderheitensekretariat.de\/sat\/wp-json\/wp\/v2\/tags?post=19110"}],"curies":[{"name":"wp","href":"https:\/\/api.w.org\/{rel}","templated":true}]}}